{"id":23299,"date":"2021-07-05T08:25:50","date_gmt":"2021-07-05T11:25:50","guid":{"rendered":"https:\/\/p31noticias.com.br\/?p=23299"},"modified":"2021-07-05T08:38:42","modified_gmt":"2021-07-05T11:38:42","slug":"cinco-cidades-do-df-ficam-sem-energia-nesta-segunda-feira","status":"publish","type":"post","link":"https:\/\/www.p31noticias.com.br\/?p=23299","title":{"rendered":"Cinco cidades do DF ficam sem energia nesta segunda-feira ."},"content":{"rendered":"<p><em><strong>No Guar\u00e1, interrup\u00e7\u00e3o come\u00e7a \u00e0s 7h40. Os desligamentos programados s\u00e3o necess\u00e1rios para manuten\u00e7\u00f5es e podas de \u00e1rvores.<\/strong><\/em><\/p>\n<p style=\"text-align: justify;\">Cinco regi\u00f5es do Distrito Federal ficar\u00e3o sem energia, temporariamente, nesta segunda-feira (5). Os motivos s\u00e3o trocas de poste, podas de \u00e1rvores e manuten\u00e7\u00f5es preventivas. O desligamento programado \u00e9 necess\u00e1rio para evitar acidentes.<\/p>\n<p style=\"text-align: justify;\">A primeira cidade a receber os servi\u00e7os ser\u00e1 o Guar\u00e1, a partir das 7h40. Ficar\u00e3o sem energia, at\u00e9 13h, as ch\u00e1caras 25, 25-A, 25-B, 27 e 28 da Col\u00f4nia Agr\u00edcola \u00c1guas Claras. A partir das 12h40 at\u00e9 18h, ser\u00e3o os conjuntos C, D e E da QE 54 a passarem pelo desligamento.<\/p>\n<p style=\"text-align: justify;\">Na Fercal, a interrup\u00e7\u00e3o est\u00e1 prevista para o per\u00edodo entre 8h40 e 16h30, na Fercal 1 e 2, na Comunidade Engenho Velho, na Ch\u00e1cara S\u00e3o Paulo, na Fazenda Santa Rita de C\u00e1ssia, na F\u00e1brica de Tintas Colina e na regi\u00e3o da Boa Vista.<\/p>\n<p style=\"text-align: justify;\">A troca de poste em Samambaia deixar\u00e1 sem energia os conjuntos D, F, G e H da QS 408, das 8h40 \u00e0s 13h30. E manuten\u00e7\u00f5es preventivas for\u00e7am a interrup\u00e7\u00e3o do fornecimento em S\u00e3o Sebasti\u00e3o nos seguintes locais: DF- 140 ( ch\u00e1caras 255, 256, 285 e 268), das 8h40 \u00e0s 14h; e na Col\u00f4nia Agr\u00edcola Vereda da Cruz, em Arniqueira, ch\u00e1caras 2, 11, 13 ,14 ,17 ,18, 26 a 36, 515, 525 e 536 a 539, das 9h \u00e0s 15h.<\/p>\n<p style=\"text-align: justify;\"><strong>Antecipa\u00e7\u00e3o<\/strong><\/p>\n<p style=\"text-align: justify;\">Caso os servi\u00e7os sejam conclu\u00eddos antes do hor\u00e1rio previsto, a rede ser\u00e1 energizada sem aviso pr\u00e9vio, reduzindo o tempo em que os consumidores permanecer\u00e3o sem energia el\u00e9trica.<\/p>\n<p style=\"text-align: justify;\">Para qualquer regi\u00e3o do DF, em caso de falta de energia, a popula\u00e7\u00e3o pode registrar ocorr\u00eancia na\u00a0<a href=\"https:\/\/agenciavirtual.ceb.com.br\/\" target=\"_blank\" rel=\"noopener noreferrer\">Ag\u00eancia Virtual<\/a>. Em caso de urg\u00eancia, basta ligar para o 116 e, estando fora de Bras\u00edlia, para o 0800 061 0196. Clientes portadores de defici\u00eancia auditiva e de fala podem acessar o atendimento pelo 0800 701 01 55 (liga\u00e7\u00e3o gratuita), desde que utilizem aparelho telef\u00f4nico adaptado para essa finalidade.<\/p>\n<p>Ag\u00eancia Brasilia.<\/p>\n","protected":false},"excerpt":{"rendered":"<p>No Guar\u00e1, interrup\u00e7\u00e3o come\u00e7a \u00e0s 7h40. Os desligamentos programados s\u00e3o necess\u00e1rios para manuten\u00e7\u00f5es e podas de \u00e1rvores. Cinco regi\u00f5es do Distrito Federal ficar\u00e3o sem energia, temporariamente, nesta segunda-feira (5). Os motivos s\u00e3o trocas de poste, podas de \u00e1rvores e manuten\u00e7\u00f5es preventivas. O desligamento programado \u00e9 necess\u00e1rio para evitar acidentes. A primeira cidade a receber os [&hellip;]<\/p>\n","protected":false},"author":2,"featured_media":23300,"comment_status":"open","ping_status":"open","sticky":false,"template":"","format":"standard","meta":{"footnotes":""},"categories":[21],"tags":[],"class_list":{"0":"post-23299","1":"post","2":"type-post","3":"status-publish","4":"format-standard","5":"has-post-thumbnail","7":"category-brasilia"},"yoast_head":"<!-- This site is optimized with the Yoast SEO Premium plugin v24.5 (Yoast SEO v27.5) - https:\/\/yoast.com\/product\/yoast-seo-premium-wordpress\/ -->\n<title>Cinco cidades do DF ficam sem energia nesta segunda-feira . - P31<\/title>\n<meta name=\"robots\" content=\"index, follow, max-snippet:-1, max-image-preview:large, max-video-preview:-1\" \/>\n<link rel=\"canonical\" href=\"https:\/\/www.p31noticias.com.br\/?p=23299\" \/>\n<meta property=\"og:locale\" content=\"pt_BR\" \/>\n<meta property=\"og:type\" content=\"article\" \/>\n<meta property=\"og:title\" content=\"Cinco cidades do DF ficam sem energia nesta segunda-feira .\" \/>\n<meta property=\"og:description\" content=\"No Guar\u00e1, interrup\u00e7\u00e3o come\u00e7a \u00e0s 7h40. Os desligamentos programados s\u00e3o necess\u00e1rios para manuten\u00e7\u00f5es e podas de \u00e1rvores. Cinco regi\u00f5es do Distrito Federal ficar\u00e3o sem energia, temporariamente, nesta segunda-feira (5). Os motivos s\u00e3o trocas de poste, podas de \u00e1rvores e manuten\u00e7\u00f5es preventivas. O desligamento programado \u00e9 necess\u00e1rio para evitar acidentes. A primeira cidade a receber os [&hellip;]\" \/>\n<meta property=\"og:url\" content=\"https:\/\/www.p31noticias.com.br\/?p=23299\" \/>\n<meta property=\"og:site_name\" content=\"P31\" \/>\n<meta property=\"article:published_time\" content=\"2021-07-05T11:25:50+00:00\" \/>\n<meta property=\"article:modified_time\" content=\"2021-07-05T11:38:42+00:00\" \/>\n<meta property=\"og:image\" content=\"https:\/\/www.p31noticias.com.br\/wp-content\/uploads\/2021\/07\/energia-Solar-quando-falta-luz.jpg\" \/>\n\t<meta property=\"og:image:width\" content=\"1280\" \/>\n\t<meta property=\"og:image:height\" content=\"720\" \/>\n\t<meta property=\"og:image:type\" content=\"image\/jpeg\" \/>\n<meta name=\"author\" content=\"Gon\u00e7alves Junior\" \/>\n<meta name=\"twitter:card\" content=\"summary_large_image\" \/>\n<meta name=\"twitter:label1\" content=\"Escrito por\" \/>\n\t<meta name=\"twitter:data1\" content=\"Gon\u00e7alves Junior\" \/>\n\t<meta name=\"twitter:label2\" content=\"Est. tempo de leitura\" \/>\n\t<meta name=\"twitter:data2\" content=\"2 minutos\" \/>\n<script type=\"application\/ld+json\" class=\"yoast-schema-graph\">{\"@context\":\"https:\\\/\\\/schema.org\",\"@graph\":[{\"@type\":\"Article\",\"@id\":\"https:\\\/\\\/www.p31noticias.com.br\\\/?p=23299#article\",\"isPartOf\":{\"@id\":\"https:\\\/\\\/www.p31noticias.com.br\\\/?p=23299\"},\"author\":{\"name\":\"Gon\u00e7alves Junior\",\"@id\":\"https:\\\/\\\/www.p31noticias.com.br\\\/#\\\/schema\\\/person\\\/95f2ece30e3b4132065b915150cd0f94\"},\"headline\":\"Cinco cidades do DF ficam sem energia nesta segunda-feira .\",\"datePublished\":\"2021-07-05T11:25:50+00:00\",\"dateModified\":\"2021-07-05T11:38:42+00:00\",\"mainEntityOfPage\":{\"@id\":\"https:\\\/\\\/www.p31noticias.com.br\\\/?p=23299\"},\"wordCount\":342,\"commentCount\":0,\"image\":{\"@id\":\"https:\\\/\\\/www.p31noticias.com.br\\\/?p=23299#primaryimage\"},\"thumbnailUrl\":\"https:\\\/\\\/www.p31noticias.com.br\\\/wp-content\\\/uploads\\\/2021\\\/07\\\/energia-Solar-quando-falta-luz.jpg\",\"articleSection\":[\"Bras\u00edlia\"],\"inLanguage\":\"pt-BR\",\"potentialAction\":[{\"@type\":\"CommentAction\",\"name\":\"Comment\",\"target\":[\"https:\\\/\\\/www.p31noticias.com.br\\\/?p=23299#respond\"]}],\"copyrightYear\":\"2021\",\"copyrightHolder\":{\"@id\":\"https:\\\/\\\/www.p31noticias.com.br\\\/#organization\"}},{\"@type\":\"WebPage\",\"@id\":\"https:\\\/\\\/www.p31noticias.com.br\\\/?p=23299\",\"url\":\"https:\\\/\\\/www.p31noticias.com.br\\\/?p=23299\",\"name\":\"Cinco cidades do DF ficam sem energia nesta segunda-feira . - P31\",\"isPartOf\":{\"@id\":\"https:\\\/\\\/www.p31noticias.com.br\\\/#website\"},\"primaryImageOfPage\":{\"@id\":\"https:\\\/\\\/www.p31noticias.com.br\\\/?p=23299#primaryimage\"},\"image\":{\"@id\":\"https:\\\/\\\/www.p31noticias.com.br\\\/?p=23299#primaryimage\"},\"thumbnailUrl\":\"https:\\\/\\\/www.p31noticias.com.br\\\/wp-content\\\/uploads\\\/2021\\\/07\\\/energia-Solar-quando-falta-luz.jpg\",\"datePublished\":\"2021-07-05T11:25:50+00:00\",\"dateModified\":\"2021-07-05T11:38:42+00:00\",\"author\":{\"@id\":\"https:\\\/\\\/www.p31noticias.com.br\\\/#\\\/schema\\\/person\\\/95f2ece30e3b4132065b915150cd0f94\"},\"breadcrumb\":{\"@id\":\"https:\\\/\\\/www.p31noticias.com.br\\\/?p=23299#breadcrumb\"},\"inLanguage\":\"pt-BR\",\"potentialAction\":[{\"@type\":\"ReadAction\",\"target\":[\"https:\\\/\\\/www.p31noticias.com.br\\\/?p=23299\"]}]},{\"@type\":\"ImageObject\",\"inLanguage\":\"pt-BR\",\"@id\":\"https:\\\/\\\/www.p31noticias.com.br\\\/?p=23299#primaryimage\",\"url\":\"https:\\\/\\\/www.p31noticias.com.br\\\/wp-content\\\/uploads\\\/2021\\\/07\\\/energia-Solar-quando-falta-luz.jpg\",\"contentUrl\":\"https:\\\/\\\/www.p31noticias.com.br\\\/wp-content\\\/uploads\\\/2021\\\/07\\\/energia-Solar-quando-falta-luz.jpg\",\"width\":1280,\"height\":720},{\"@type\":\"BreadcrumbList\",\"@id\":\"https:\\\/\\\/www.p31noticias.com.br\\\/?p=23299#breadcrumb\",\"itemListElement\":[{\"@type\":\"ListItem\",\"position\":1,\"name\":\"In\u00edcio\",\"item\":\"https:\\\/\\\/www.p31noticias.com.br\\\/\"},{\"@type\":\"ListItem\",\"position\":2,\"name\":\"Cinco cidades do DF ficam sem energia nesta segunda-feira .\"}]},{\"@type\":\"WebSite\",\"@id\":\"https:\\\/\\\/www.p31noticias.com.br\\\/#website\",\"url\":\"https:\\\/\\\/www.p31noticias.com.br\\\/\",\"name\":\"P31\",\"description\":\"NOT\u00cdCIAS\",\"potentialAction\":[{\"@type\":\"SearchAction\",\"target\":{\"@type\":\"EntryPoint\",\"urlTemplate\":\"https:\\\/\\\/www.p31noticias.com.br\\\/?s={search_term_string}\"},\"query-input\":{\"@type\":\"PropertyValueSpecification\",\"valueRequired\":true,\"valueName\":\"search_term_string\"}}],\"inLanguage\":\"pt-BR\"},{\"@type\":\"Person\",\"@id\":\"https:\\\/\\\/www.p31noticias.com.br\\\/#\\\/schema\\\/person\\\/95f2ece30e3b4132065b915150cd0f94\",\"name\":\"Gon\u00e7alves Junior\",\"image\":{\"@type\":\"ImageObject\",\"inLanguage\":\"pt-BR\",\"@id\":\"https:\\\/\\\/secure.gravatar.com\\\/avatar\\\/6711f350116a89762687a48d66f723c799e5438a5b7578508d4294cd7a5d0800?s=96&d=mm&r=g\",\"url\":\"https:\\\/\\\/secure.gravatar.com\\\/avatar\\\/6711f350116a89762687a48d66f723c799e5438a5b7578508d4294cd7a5d0800?s=96&d=mm&r=g\",\"contentUrl\":\"https:\\\/\\\/secure.gravatar.com\\\/avatar\\\/6711f350116a89762687a48d66f723c799e5438a5b7578508d4294cd7a5d0800?s=96&d=mm&r=g\",\"caption\":\"Gon\u00e7alves Junior\"},\"url\":\"https:\\\/\\\/www.p31noticias.com.br\\\/?author=2\"}]}<\/script>\n<!-- \/ Yoast SEO Premium plugin. -->","yoast_head_json":{"title":"Cinco cidades do DF ficam sem energia nesta segunda-feira . - P31","robots":{"index":"index","follow":"follow","max-snippet":"max-snippet:-1","max-image-preview":"max-image-preview:large","max-video-preview":"max-video-preview:-1"},"canonical":"https:\/\/www.p31noticias.com.br\/?p=23299","og_locale":"pt_BR","og_type":"article","og_title":"Cinco cidades do DF ficam sem energia nesta segunda-feira .","og_description":"No Guar\u00e1, interrup\u00e7\u00e3o come\u00e7a \u00e0s 7h40. Os desligamentos programados s\u00e3o necess\u00e1rios para manuten\u00e7\u00f5es e podas de \u00e1rvores. Cinco regi\u00f5es do Distrito Federal ficar\u00e3o sem energia, temporariamente, nesta segunda-feira (5). Os motivos s\u00e3o trocas de poste, podas de \u00e1rvores e manuten\u00e7\u00f5es preventivas. O desligamento programado \u00e9 necess\u00e1rio para evitar acidentes. A primeira cidade a receber os [&hellip;]","og_url":"https:\/\/www.p31noticias.com.br\/?p=23299","og_site_name":"P31","article_published_time":"2021-07-05T11:25:50+00:00","article_modified_time":"2021-07-05T11:38:42+00:00","og_image":[{"width":1280,"height":720,"url":"https:\/\/www.p31noticias.com.br\/wp-content\/uploads\/2021\/07\/energia-Solar-quando-falta-luz.jpg","type":"image\/jpeg"}],"author":"Gon\u00e7alves Junior","twitter_card":"summary_large_image","twitter_misc":{"Escrito por":"Gon\u00e7alves Junior","Est. tempo de leitura":"2 minutos"},"schema":{"@context":"https:\/\/schema.org","@graph":[{"@type":"Article","@id":"https:\/\/www.p31noticias.com.br\/?p=23299#article","isPartOf":{"@id":"https:\/\/www.p31noticias.com.br\/?p=23299"},"author":{"name":"Gon\u00e7alves Junior","@id":"https:\/\/www.p31noticias.com.br\/#\/schema\/person\/95f2ece30e3b4132065b915150cd0f94"},"headline":"Cinco cidades do DF ficam sem energia nesta segunda-feira .","datePublished":"2021-07-05T11:25:50+00:00","dateModified":"2021-07-05T11:38:42+00:00","mainEntityOfPage":{"@id":"https:\/\/www.p31noticias.com.br\/?p=23299"},"wordCount":342,"commentCount":0,"image":{"@id":"https:\/\/www.p31noticias.com.br\/?p=23299#primaryimage"},"thumbnailUrl":"https:\/\/www.p31noticias.com.br\/wp-content\/uploads\/2021\/07\/energia-Solar-quando-falta-luz.jpg","articleSection":["Bras\u00edlia"],"inLanguage":"pt-BR","potentialAction":[{"@type":"CommentAction","name":"Comment","target":["https:\/\/www.p31noticias.com.br\/?p=23299#respond"]}],"copyrightYear":"2021","copyrightHolder":{"@id":"https:\/\/www.p31noticias.com.br\/#organization"}},{"@type":"WebPage","@id":"https:\/\/www.p31noticias.com.br\/?p=23299","url":"https:\/\/www.p31noticias.com.br\/?p=23299","name":"Cinco cidades do DF ficam sem energia nesta segunda-feira . - P31","isPartOf":{"@id":"https:\/\/www.p31noticias.com.br\/#website"},"primaryImageOfPage":{"@id":"https:\/\/www.p31noticias.com.br\/?p=23299#primaryimage"},"image":{"@id":"https:\/\/www.p31noticias.com.br\/?p=23299#primaryimage"},"thumbnailUrl":"https:\/\/www.p31noticias.com.br\/wp-content\/uploads\/2021\/07\/energia-Solar-quando-falta-luz.jpg","datePublished":"2021-07-05T11:25:50+00:00","dateModified":"2021-07-05T11:38:42+00:00","author":{"@id":"https:\/\/www.p31noticias.com.br\/#\/schema\/person\/95f2ece30e3b4132065b915150cd0f94"},"breadcrumb":{"@id":"https:\/\/www.p31noticias.com.br\/?p=23299#breadcrumb"},"inLanguage":"pt-BR","potentialAction":[{"@type":"ReadAction","target":["https:\/\/www.p31noticias.com.br\/?p=23299"]}]},{"@type":"ImageObject","inLanguage":"pt-BR","@id":"https:\/\/www.p31noticias.com.br\/?p=23299#primaryimage","url":"https:\/\/www.p31noticias.com.br\/wp-content\/uploads\/2021\/07\/energia-Solar-quando-falta-luz.jpg","contentUrl":"https:\/\/www.p31noticias.com.br\/wp-content\/uploads\/2021\/07\/energia-Solar-quando-falta-luz.jpg","width":1280,"height":720},{"@type":"BreadcrumbList","@id":"https:\/\/www.p31noticias.com.br\/?p=23299#breadcrumb","itemListElement":[{"@type":"ListItem","position":1,"name":"In\u00edcio","item":"https:\/\/www.p31noticias.com.br\/"},{"@type":"ListItem","position":2,"name":"Cinco cidades do DF ficam sem energia nesta segunda-feira ."}]},{"@type":"WebSite","@id":"https:\/\/www.p31noticias.com.br\/#website","url":"https:\/\/www.p31noticias.com.br\/","name":"P31","description":"NOT\u00cdCIAS","potentialAction":[{"@type":"SearchAction","target":{"@type":"EntryPoint","urlTemplate":"https:\/\/www.p31noticias.com.br\/?s={search_term_string}"},"query-input":{"@type":"PropertyValueSpecification","valueRequired":true,"valueName":"search_term_string"}}],"inLanguage":"pt-BR"},{"@type":"Person","@id":"https:\/\/www.p31noticias.com.br\/#\/schema\/person\/95f2ece30e3b4132065b915150cd0f94","name":"Gon\u00e7alves Junior","image":{"@type":"ImageObject","inLanguage":"pt-BR","@id":"https:\/\/secure.gravatar.com\/avatar\/6711f350116a89762687a48d66f723c799e5438a5b7578508d4294cd7a5d0800?s=96&d=mm&r=g","url":"https:\/\/secure.gravatar.com\/avatar\/6711f350116a89762687a48d66f723c799e5438a5b7578508d4294cd7a5d0800?s=96&d=mm&r=g","contentUrl":"https:\/\/secure.gravatar.com\/avatar\/6711f350116a89762687a48d66f723c799e5438a5b7578508d4294cd7a5d0800?s=96&d=mm&r=g","caption":"Gon\u00e7alves Junior"},"url":"https:\/\/www.p31noticias.com.br\/?author=2"}]}},"amp_enabled":true,"_links":{"self":[{"href":"https:\/\/www.p31noticias.com.br\/index.php?rest_route=\/wp\/v2\/posts\/23299","targetHints":{"allow":["GET"]}}],"collection":[{"href":"https:\/\/www.p31noticias.com.br\/index.php?rest_route=\/wp\/v2\/posts"}],"about":[{"href":"https:\/\/www.p31noticias.com.br\/index.php?rest_route=\/wp\/v2\/types\/post"}],"author":[{"embeddable":true,"href":"https:\/\/www.p31noticias.com.br\/index.php?rest_route=\/wp\/v2\/users\/2"}],"replies":[{"embeddable":true,"href":"https:\/\/www.p31noticias.com.br\/index.php?rest_route=%2Fwp%2Fv2%2Fcomments&post=23299"}],"version-history":[{"count":1,"href":"https:\/\/www.p31noticias.com.br\/index.php?rest_route=\/wp\/v2\/posts\/23299\/revisions"}],"predecessor-version":[{"id":23301,"href":"https:\/\/www.p31noticias.com.br\/index.php?rest_route=\/wp\/v2\/posts\/23299\/revisions\/23301"}],"wp:featuredmedia":[{"embeddable":true,"href":"https:\/\/www.p31noticias.com.br\/index.php?rest_route=\/wp\/v2\/media\/23300"}],"wp:attachment":[{"href":"https:\/\/www.p31noticias.com.br\/index.php?rest_route=%2Fwp%2Fv2%2Fmedia&parent=23299"}],"wp:term":[{"taxonomy":"category","embeddable":true,"href":"https:\/\/www.p31noticias.com.br\/index.php?rest_route=%2Fwp%2Fv2%2Fcategories&post=23299"},{"taxonomy":"post_tag","embeddable":true,"href":"https:\/\/www.p31noticias.com.br\/index.php?rest_route=%2Fwp%2Fv2%2Ftags&post=23299"}],"curies":[{"name":"wp","href":"https:\/\/api.w.org\/{rel}","templated":true}]}}