{"id":23290,"date":"2021-07-04T09:43:04","date_gmt":"2021-07-04T12:43:04","guid":{"rendered":"https:\/\/p31noticias.com.br\/?p=23290"},"modified":"2021-07-04T09:43:04","modified_gmt":"2021-07-04T12:43:04","slug":"canola-e-mais-uma-alternativa-para-produtores-do-distrito-federal","status":"publish","type":"post","link":"https:\/\/www.p31noticias.com.br\/?p=23290","title":{"rendered":"Canola \u00e9 mais uma alternativa para produtores do Distrito Federal."},"content":{"rendered":"<p style=\"text-align: justify;\"><em><strong>GDF capacita t\u00e9cnicos para auxiliar no preparo do plantio e oferece cr\u00e9dito rural. Produ\u00e7\u00e3o alcan\u00e7ou 2 toneladas por hectare.<\/strong><\/em><\/p>\n<p style=\"text-align: justify;\">A produ\u00e7\u00e3o da canola come\u00e7a a ser testada no DF em um trabalho conjunto da Empresa Brasileira de Pesquisa Agropecu\u00e1ria (Embrapa) com a Secretaria de Agricultura, Abastecimento e Desenvolvimento Rural (Seagri) e cooperativas locais. O plantio \u00e9 uma nova alternativa para o aumento de renda dos produtores rurais do Distrito Federal.<\/p>\n<figure id=\"attachment_312294\" class=\"wp-caption alignnone\" style=\"text-align: justify;\" aria-describedby=\"caption-attachment-312294\"><img loading=\"lazy\" decoding=\"async\" class=\"wp-image-312294 size-large\" src=\"http:\/\/www.agenciabrasilia.df.gov.br\/wp-conteudo\/uploads\/2021\/07\/WhatsApp-Image-2021-06-17-at-15.38.01-1024x768.jpeg\" sizes=\"auto, (max-width: 1024px) 100vw, 1024px\" srcset=\"https:\/\/www.agenciabrasilia.df.gov.br\/wp-conteudo\/uploads\/2021\/07\/WhatsApp-Image-2021-06-17-at-15.38.01-1024x768.jpeg 1024w, https:\/\/www.agenciabrasilia.df.gov.br\/wp-conteudo\/uploads\/2021\/07\/WhatsApp-Image-2021-06-17-at-15.38.01-300x225.jpeg 300w, https:\/\/www.agenciabrasilia.df.gov.br\/wp-conteudo\/uploads\/2021\/07\/WhatsApp-Image-2021-06-17-at-15.38.01-768x576.jpeg 768w, https:\/\/www.agenciabrasilia.df.gov.br\/wp-conteudo\/uploads\/2021\/07\/WhatsApp-Image-2021-06-17-at-15.38.01-132x99.jpeg 132w, https:\/\/www.agenciabrasilia.df.gov.br\/wp-conteudo\/uploads\/2021\/07\/WhatsApp-Image-2021-06-17-at-15.38.01-160x120.jpeg 160w, https:\/\/www.agenciabrasilia.df.gov.br\/wp-conteudo\/uploads\/2021\/07\/WhatsApp-Image-2021-06-17-at-15.38.01-256x192.jpeg 256w, https:\/\/www.agenciabrasilia.df.gov.br\/wp-conteudo\/uploads\/2021\/07\/WhatsApp-Image-2021-06-17-at-15.38.01-1200x900.jpeg 1200w, https:\/\/www.agenciabrasilia.df.gov.br\/wp-conteudo\/uploads\/2021\/07\/WhatsApp-Image-2021-06-17-at-15.38.01.jpeg 1280w\" alt=\"\" width=\"1024\" height=\"768\" \/><figcaption id=\"caption-attachment-312294\" class=\"wp-caption-text\">Oito produtores de Planaltina j\u00e1 est\u00e3o cultivando a canola em 100 hectares | Fotos: Divulga\u00e7\u00e3o\/Coarp<\/figcaption><\/figure>\n<p style=\"text-align: justify;\">Usada principalmente na produ\u00e7\u00e3o de \u00f3leo, a canola \u00e9 uma variante do tradicional \u00f3leo de soja \u2013 o mais consumido no Brasil. No in\u00edcio deste ano, chegou ao cerrado por meio do projeto \u201cPr\u00f3-Canola\u201d da Embrapa, que oferece orienta\u00e7\u00f5es t\u00e9cnicas e assist\u00eancia para o cultivo na capital.<\/p>\n<p style=\"text-align: justify;\">Segundo a empresa, o gr\u00e3o j\u00e1 est\u00e1 sendo plantado e colhido por oito produtores do N\u00facleo Rural Rio Preto, em Planaltina. \u201c\u00c9 uma op\u00e7\u00e3o muito interessante para a \u2018safrinha\u2019. O agricultor cultiva a soja ou milho, e depois destes vem a canola em uma segunda etapa\u201d, explica o pesquisador da Embrapa Agroenergia, Bruno Laviola.<\/p>\n<blockquote class=\"olho direita\"><p><span class=\"olho__texto h2 clearfix\">\u201cA nossa canola ainda vai passar por alguns melhoramentos, mas em um primeiro momento j\u00e1 surpreendeu. \u00c9 mais uma op\u00e7\u00e3o de ganho para n\u00f3s que vivemos disso\u201d<\/span><span class=\"olho__assinatura block\">Valter Baron, agricultor e presidenta da Coarp<\/span><\/p><\/blockquote>\n<p style=\"text-align: justify;\">\u201cA ideia \u00e9 que o DF seja um projeto-piloto para depois expandirmos para outras regi\u00f5es de cerrado\u201d, complementa. Nesse primeiro momento, o gr\u00e3o foi plantado em 100 hectares de terra.<\/p>\n<p style=\"text-align: justify;\"><strong>Primeira colheita aprovada<\/strong><\/p>\n<p style=\"text-align: justify;\">Entre os que j\u00e1 adotaram o novo gr\u00e3o, est\u00e1 o agricultor Valter Baron. Presidente da Cooperativa Agr\u00edcola do Rio Preto (Coarp), ele est\u00e1 animado com o resultado. \u201cEstamos produzindo em canteiros experimentais. Rendeu uma m\u00e9dia de 2 toneladas por hectare na primeira colheita\u201d, revela Baron.<\/p>\n<p style=\"text-align: justify;\">\u201cA nossa canola ainda vai passar por alguns melhoramentos, mas em um primeiro momento j\u00e1 surpreendeu. \u00c9 mais uma op\u00e7\u00e3o de ganho para n\u00f3s que vivemos disso\u201d, diz. A cooperativa, lembra Baron, existe desde a d\u00e9cada de 90 e trabalha principalmente com soja, trigo e feij\u00e3o. \u00c9 composta por 56 produtores rurais.<\/p>\n<figure id=\"attachment_312295\" class=\"wp-caption alignnone\" style=\"text-align: justify;\" aria-describedby=\"caption-attachment-312295\"><img loading=\"lazy\" decoding=\"async\" class=\"wp-image-312295 size-large\" src=\"http:\/\/www.agenciabrasilia.df.gov.br\/wp-conteudo\/uploads\/2021\/07\/WhatsApp-Image-2021-06-17-at-15.37.58-1024x766.jpeg\" sizes=\"auto, (max-width: 1024px) 100vw, 1024px\" srcset=\"https:\/\/www.agenciabrasilia.df.gov.br\/wp-conteudo\/uploads\/2021\/07\/WhatsApp-Image-2021-06-17-at-15.37.58-1024x766.jpeg 1024w, https:\/\/www.agenciabrasilia.df.gov.br\/wp-conteudo\/uploads\/2021\/07\/WhatsApp-Image-2021-06-17-at-15.37.58-300x225.jpeg 300w, https:\/\/www.agenciabrasilia.df.gov.br\/wp-conteudo\/uploads\/2021\/07\/WhatsApp-Image-2021-06-17-at-15.37.58-768x575.jpeg 768w, https:\/\/www.agenciabrasilia.df.gov.br\/wp-conteudo\/uploads\/2021\/07\/WhatsApp-Image-2021-06-17-at-15.37.58-132x99.jpeg 132w, https:\/\/www.agenciabrasilia.df.gov.br\/wp-conteudo\/uploads\/2021\/07\/WhatsApp-Image-2021-06-17-at-15.37.58-160x120.jpeg 160w, https:\/\/www.agenciabrasilia.df.gov.br\/wp-conteudo\/uploads\/2021\/07\/WhatsApp-Image-2021-06-17-at-15.37.58-256x192.jpeg 256w, https:\/\/www.agenciabrasilia.df.gov.br\/wp-conteudo\/uploads\/2021\/07\/WhatsApp-Image-2021-06-17-at-15.37.58.jpeg 1129w\" alt=\"\" width=\"1024\" height=\"766\" \/><figcaption id=\"caption-attachment-312295\" class=\"wp-caption-text\">Agricultores que queiram investir na canola podem obter cr\u00e9dito com o Fundo de Desenvolvimento Rural (FDR) e BRB<\/figcaption><\/figure>\n<p style=\"text-align: justify;\">A Seagri v\u00ea potencial para o desenvolvimento da cadeia produtiva da canola no DF e avalia que ela come\u00e7a a cair no gosto dos agricultores.<\/p>\n<p style=\"text-align: justify;\">T\u00e9cnicos da Empresa de Assist\u00eancia T\u00e9cnica e Extens\u00e3o Rural do Distrito Federal (Emater) est\u00e3o sendo capacitados para auxiliar os produtores que se interessarem pela commodity.<\/p>\n<p style=\"text-align: justify;\">\u201cEstivemos nos campos em Planaltina e observamos um produtor que est\u00e1 testando cinco modalidades diferentes\u201d, revela o extensionista do \u00f3rg\u00e3o, Mateus Castro. \u201c\u00c9 um momento de muito aprendizado e nivelamento de informa\u00e7\u00f5es com a Embrapa. A partir do m\u00eas que vem, vamos come\u00e7ar a soltar boletins informativos e outros materiais direcionados aos produtores\u201d, emenda.<\/p>\n<p style=\"text-align: justify;\"><strong>Incentivo financeiro<\/strong><\/p>\n<p style=\"text-align: justify;\">Segundo o secret\u00e1rio executivo da Seagri, Luciano Mendes, h\u00e1 tamb\u00e9m a disponibilidade de incentivo financeiro para investir na canola. A Secretaria conta com o Fundo de Desenvolvimento Rural (FDR) que oferece empr\u00e9stimos de at\u00e9 R$ 200 mil, a depender da atividade. Al\u00e9m de outras linhas de cr\u00e9dito geridas pelo Banco de Bras\u00edlia (BRB).<\/p>\n<p style=\"text-align: justify;\">\u201cCr\u00e9dito n\u00e3o \u00e9 dificuldade para os agricultores que querem partir para essa nova cultura. O FDR pode financiar diversos tipos de lavoura com uma taxa de juros de 3% ao ano\u201d, informa Mendes. \u201cNossa avalia\u00e7\u00e3o \u00e9 que temos a\u00ed um futuro promissor na canola. \u00c9 mais uma atividade que veio para ficar no DF\u201d, conclui.<\/p>\n<p style=\"text-align: justify;\"><strong>Sobre a canola<\/strong><\/p>\n<p style=\"text-align: justify;\">A canola \u00e9 uma planta da fam\u00edlia das cruc\u00edferas (como o repolho e as couves). Os gr\u00e3os da planta produzidos no Brasil possuem em torno de 24% a 27% de prote\u00edna e de 34% a 40% de \u00f3leo.<\/p>\n<p style=\"text-align: justify;\">O \u00f3leo de canola \u00e9 um dos mais saud\u00e1veis, pois possui elevada quantidade de \u00f4mega-3, vitamina \u2018E\u2019 e o menor teor de gordura saturada entre os outros \u00f3leos vegetais. Composi\u00e7\u00e3o, que segundo pesquisadores, contribui para o controle do colesterol. Seu farelo pode ser usado em ra\u00e7\u00f5es animais e h\u00e1 estudos para que ela seja usada na produ\u00e7\u00e3o de biocombust\u00edvel.<\/p>\n<p style=\"text-align: justify;\">Segundo informa\u00e7\u00f5es da Embrapa, o ciclo do plantio \u00e0 colheita varia de 100 a 130 dias.<\/p>\n<p style=\"text-align: justify;\">Ag\u00eancia Brasilia.<\/p>\n","protected":false},"excerpt":{"rendered":"<p>GDF capacita t\u00e9cnicos para auxiliar no preparo do plantio e oferece cr\u00e9dito rural. Produ\u00e7\u00e3o alcan\u00e7ou 2 toneladas por hectare. A produ\u00e7\u00e3o da canola come\u00e7a a ser testada no DF em um trabalho conjunto da Empresa Brasileira de Pesquisa Agropecu\u00e1ria (Embrapa) com a Secretaria de Agricultura, Abastecimento e Desenvolvimento Rural (Seagri) e cooperativas locais. O plantio [&hellip;]<\/p>\n","protected":false},"author":2,"featured_media":23291,"comment_status":"open","ping_status":"open","sticky":false,"template":"","format":"standard","meta":{"footnotes":""},"categories":[1],"tags":[],"class_list":{"0":"post-23290","1":"post","2":"type-post","3":"status-publish","4":"format-standard","5":"has-post-thumbnail","7":"category-outros"},"yoast_head":"<!-- This site is optimized with the Yoast SEO Premium plugin v24.5 (Yoast SEO v27.5) - https:\/\/yoast.com\/product\/yoast-seo-premium-wordpress\/ -->\n<title>Canola \u00e9 mais uma alternativa para produtores do Distrito Federal. - P31<\/title>\n<meta name=\"robots\" content=\"index, follow, max-snippet:-1, max-image-preview:large, max-video-preview:-1\" \/>\n<link rel=\"canonical\" href=\"https:\/\/www.p31noticias.com.br\/?p=23290\" \/>\n<meta property=\"og:locale\" content=\"pt_BR\" \/>\n<meta property=\"og:type\" content=\"article\" \/>\n<meta property=\"og:title\" content=\"Canola \u00e9 mais uma alternativa para produtores do Distrito Federal.\" \/>\n<meta property=\"og:description\" content=\"GDF capacita t\u00e9cnicos para auxiliar no preparo do plantio e oferece cr\u00e9dito rural. Produ\u00e7\u00e3o alcan\u00e7ou 2 toneladas por hectare. A produ\u00e7\u00e3o da canola come\u00e7a a ser testada no DF em um trabalho conjunto da Empresa Brasileira de Pesquisa Agropecu\u00e1ria (Embrapa) com a Secretaria de Agricultura, Abastecimento e Desenvolvimento Rural (Seagri) e cooperativas locais. O plantio [&hellip;]\" \/>\n<meta property=\"og:url\" content=\"https:\/\/www.p31noticias.com.br\/?p=23290\" \/>\n<meta property=\"og:site_name\" content=\"P31\" \/>\n<meta property=\"article:published_time\" content=\"2021-07-04T12:43:04+00:00\" \/>\n<meta property=\"og:image\" content=\"https:\/\/www.p31noticias.com.br\/wp-content\/uploads\/2021\/07\/images-21.jpg\" \/>\n\t<meta property=\"og:image:width\" content=\"275\" \/>\n\t<meta property=\"og:image:height\" content=\"183\" \/>\n\t<meta property=\"og:image:type\" content=\"image\/jpeg\" \/>\n<meta name=\"author\" content=\"Gon\u00e7alves Junior\" \/>\n<meta name=\"twitter:card\" content=\"summary_large_image\" \/>\n<meta name=\"twitter:label1\" content=\"Escrito por\" \/>\n\t<meta name=\"twitter:data1\" content=\"Gon\u00e7alves Junior\" \/>\n\t<meta name=\"twitter:label2\" content=\"Est. tempo de leitura\" \/>\n\t<meta name=\"twitter:data2\" content=\"4 minutos\" \/>\n<script type=\"application\/ld+json\" class=\"yoast-schema-graph\">{\"@context\":\"https:\\\/\\\/schema.org\",\"@graph\":[{\"@type\":\"Article\",\"@id\":\"https:\\\/\\\/www.p31noticias.com.br\\\/?p=23290#article\",\"isPartOf\":{\"@id\":\"https:\\\/\\\/www.p31noticias.com.br\\\/?p=23290\"},\"author\":{\"name\":\"Gon\u00e7alves Junior\",\"@id\":\"https:\\\/\\\/www.p31noticias.com.br\\\/#\\\/schema\\\/person\\\/95f2ece30e3b4132065b915150cd0f94\"},\"headline\":\"Canola \u00e9 mais uma alternativa para produtores do Distrito Federal.\",\"datePublished\":\"2021-07-04T12:43:04+00:00\",\"mainEntityOfPage\":{\"@id\":\"https:\\\/\\\/www.p31noticias.com.br\\\/?p=23290\"},\"wordCount\":740,\"commentCount\":0,\"image\":{\"@id\":\"https:\\\/\\\/www.p31noticias.com.br\\\/?p=23290#primaryimage\"},\"thumbnailUrl\":\"https:\\\/\\\/www.p31noticias.com.br\\\/wp-content\\\/uploads\\\/2021\\\/07\\\/images-21.jpg\",\"articleSection\":[\"Outros\"],\"inLanguage\":\"pt-BR\",\"potentialAction\":[{\"@type\":\"CommentAction\",\"name\":\"Comment\",\"target\":[\"https:\\\/\\\/www.p31noticias.com.br\\\/?p=23290#respond\"]}],\"copyrightYear\":\"2021\",\"copyrightHolder\":{\"@id\":\"https:\\\/\\\/www.p31noticias.com.br\\\/#organization\"}},{\"@type\":\"WebPage\",\"@id\":\"https:\\\/\\\/www.p31noticias.com.br\\\/?p=23290\",\"url\":\"https:\\\/\\\/www.p31noticias.com.br\\\/?p=23290\",\"name\":\"Canola \u00e9 mais uma alternativa para produtores do Distrito Federal. - P31\",\"isPartOf\":{\"@id\":\"https:\\\/\\\/www.p31noticias.com.br\\\/#website\"},\"primaryImageOfPage\":{\"@id\":\"https:\\\/\\\/www.p31noticias.com.br\\\/?p=23290#primaryimage\"},\"image\":{\"@id\":\"https:\\\/\\\/www.p31noticias.com.br\\\/?p=23290#primaryimage\"},\"thumbnailUrl\":\"https:\\\/\\\/www.p31noticias.com.br\\\/wp-content\\\/uploads\\\/2021\\\/07\\\/images-21.jpg\",\"datePublished\":\"2021-07-04T12:43:04+00:00\",\"author\":{\"@id\":\"https:\\\/\\\/www.p31noticias.com.br\\\/#\\\/schema\\\/person\\\/95f2ece30e3b4132065b915150cd0f94\"},\"breadcrumb\":{\"@id\":\"https:\\\/\\\/www.p31noticias.com.br\\\/?p=23290#breadcrumb\"},\"inLanguage\":\"pt-BR\",\"potentialAction\":[{\"@type\":\"ReadAction\",\"target\":[\"https:\\\/\\\/www.p31noticias.com.br\\\/?p=23290\"]}]},{\"@type\":\"ImageObject\",\"inLanguage\":\"pt-BR\",\"@id\":\"https:\\\/\\\/www.p31noticias.com.br\\\/?p=23290#primaryimage\",\"url\":\"https:\\\/\\\/www.p31noticias.com.br\\\/wp-content\\\/uploads\\\/2021\\\/07\\\/images-21.jpg\",\"contentUrl\":\"https:\\\/\\\/www.p31noticias.com.br\\\/wp-content\\\/uploads\\\/2021\\\/07\\\/images-21.jpg\",\"width\":275,\"height\":183},{\"@type\":\"BreadcrumbList\",\"@id\":\"https:\\\/\\\/www.p31noticias.com.br\\\/?p=23290#breadcrumb\",\"itemListElement\":[{\"@type\":\"ListItem\",\"position\":1,\"name\":\"In\u00edcio\",\"item\":\"https:\\\/\\\/www.p31noticias.com.br\\\/\"},{\"@type\":\"ListItem\",\"position\":2,\"name\":\"Canola \u00e9 mais uma alternativa para produtores do Distrito Federal.\"}]},{\"@type\":\"WebSite\",\"@id\":\"https:\\\/\\\/www.p31noticias.com.br\\\/#website\",\"url\":\"https:\\\/\\\/www.p31noticias.com.br\\\/\",\"name\":\"P31\",\"description\":\"NOT\u00cdCIAS\",\"potentialAction\":[{\"@type\":\"SearchAction\",\"target\":{\"@type\":\"EntryPoint\",\"urlTemplate\":\"https:\\\/\\\/www.p31noticias.com.br\\\/?s={search_term_string}\"},\"query-input\":{\"@type\":\"PropertyValueSpecification\",\"valueRequired\":true,\"valueName\":\"search_term_string\"}}],\"inLanguage\":\"pt-BR\"},{\"@type\":\"Person\",\"@id\":\"https:\\\/\\\/www.p31noticias.com.br\\\/#\\\/schema\\\/person\\\/95f2ece30e3b4132065b915150cd0f94\",\"name\":\"Gon\u00e7alves Junior\",\"image\":{\"@type\":\"ImageObject\",\"inLanguage\":\"pt-BR\",\"@id\":\"https:\\\/\\\/secure.gravatar.com\\\/avatar\\\/6711f350116a89762687a48d66f723c799e5438a5b7578508d4294cd7a5d0800?s=96&d=mm&r=g\",\"url\":\"https:\\\/\\\/secure.gravatar.com\\\/avatar\\\/6711f350116a89762687a48d66f723c799e5438a5b7578508d4294cd7a5d0800?s=96&d=mm&r=g\",\"contentUrl\":\"https:\\\/\\\/secure.gravatar.com\\\/avatar\\\/6711f350116a89762687a48d66f723c799e5438a5b7578508d4294cd7a5d0800?s=96&d=mm&r=g\",\"caption\":\"Gon\u00e7alves Junior\"},\"url\":\"https:\\\/\\\/www.p31noticias.com.br\\\/?author=2\"}]}<\/script>\n<!-- \/ Yoast SEO Premium plugin. -->","yoast_head_json":{"title":"Canola \u00e9 mais uma alternativa para produtores do Distrito Federal. - P31","robots":{"index":"index","follow":"follow","max-snippet":"max-snippet:-1","max-image-preview":"max-image-preview:large","max-video-preview":"max-video-preview:-1"},"canonical":"https:\/\/www.p31noticias.com.br\/?p=23290","og_locale":"pt_BR","og_type":"article","og_title":"Canola \u00e9 mais uma alternativa para produtores do Distrito Federal.","og_description":"GDF capacita t\u00e9cnicos para auxiliar no preparo do plantio e oferece cr\u00e9dito rural. Produ\u00e7\u00e3o alcan\u00e7ou 2 toneladas por hectare. A produ\u00e7\u00e3o da canola come\u00e7a a ser testada no DF em um trabalho conjunto da Empresa Brasileira de Pesquisa Agropecu\u00e1ria (Embrapa) com a Secretaria de Agricultura, Abastecimento e Desenvolvimento Rural (Seagri) e cooperativas locais. O plantio [&hellip;]","og_url":"https:\/\/www.p31noticias.com.br\/?p=23290","og_site_name":"P31","article_published_time":"2021-07-04T12:43:04+00:00","og_image":[{"width":275,"height":183,"url":"https:\/\/www.p31noticias.com.br\/wp-content\/uploads\/2021\/07\/images-21.jpg","type":"image\/jpeg"}],"author":"Gon\u00e7alves Junior","twitter_card":"summary_large_image","twitter_misc":{"Escrito por":"Gon\u00e7alves Junior","Est. tempo de leitura":"4 minutos"},"schema":{"@context":"https:\/\/schema.org","@graph":[{"@type":"Article","@id":"https:\/\/www.p31noticias.com.br\/?p=23290#article","isPartOf":{"@id":"https:\/\/www.p31noticias.com.br\/?p=23290"},"author":{"name":"Gon\u00e7alves Junior","@id":"https:\/\/www.p31noticias.com.br\/#\/schema\/person\/95f2ece30e3b4132065b915150cd0f94"},"headline":"Canola \u00e9 mais uma alternativa para produtores do Distrito Federal.","datePublished":"2021-07-04T12:43:04+00:00","mainEntityOfPage":{"@id":"https:\/\/www.p31noticias.com.br\/?p=23290"},"wordCount":740,"commentCount":0,"image":{"@id":"https:\/\/www.p31noticias.com.br\/?p=23290#primaryimage"},"thumbnailUrl":"https:\/\/www.p31noticias.com.br\/wp-content\/uploads\/2021\/07\/images-21.jpg","articleSection":["Outros"],"inLanguage":"pt-BR","potentialAction":[{"@type":"CommentAction","name":"Comment","target":["https:\/\/www.p31noticias.com.br\/?p=23290#respond"]}],"copyrightYear":"2021","copyrightHolder":{"@id":"https:\/\/www.p31noticias.com.br\/#organization"}},{"@type":"WebPage","@id":"https:\/\/www.p31noticias.com.br\/?p=23290","url":"https:\/\/www.p31noticias.com.br\/?p=23290","name":"Canola \u00e9 mais uma alternativa para produtores do Distrito Federal. - P31","isPartOf":{"@id":"https:\/\/www.p31noticias.com.br\/#website"},"primaryImageOfPage":{"@id":"https:\/\/www.p31noticias.com.br\/?p=23290#primaryimage"},"image":{"@id":"https:\/\/www.p31noticias.com.br\/?p=23290#primaryimage"},"thumbnailUrl":"https:\/\/www.p31noticias.com.br\/wp-content\/uploads\/2021\/07\/images-21.jpg","datePublished":"2021-07-04T12:43:04+00:00","author":{"@id":"https:\/\/www.p31noticias.com.br\/#\/schema\/person\/95f2ece30e3b4132065b915150cd0f94"},"breadcrumb":{"@id":"https:\/\/www.p31noticias.com.br\/?p=23290#breadcrumb"},"inLanguage":"pt-BR","potentialAction":[{"@type":"ReadAction","target":["https:\/\/www.p31noticias.com.br\/?p=23290"]}]},{"@type":"ImageObject","inLanguage":"pt-BR","@id":"https:\/\/www.p31noticias.com.br\/?p=23290#primaryimage","url":"https:\/\/www.p31noticias.com.br\/wp-content\/uploads\/2021\/07\/images-21.jpg","contentUrl":"https:\/\/www.p31noticias.com.br\/wp-content\/uploads\/2021\/07\/images-21.jpg","width":275,"height":183},{"@type":"BreadcrumbList","@id":"https:\/\/www.p31noticias.com.br\/?p=23290#breadcrumb","itemListElement":[{"@type":"ListItem","position":1,"name":"In\u00edcio","item":"https:\/\/www.p31noticias.com.br\/"},{"@type":"ListItem","position":2,"name":"Canola \u00e9 mais uma alternativa para produtores do Distrito Federal."}]},{"@type":"WebSite","@id":"https:\/\/www.p31noticias.com.br\/#website","url":"https:\/\/www.p31noticias.com.br\/","name":"P31","description":"NOT\u00cdCIAS","potentialAction":[{"@type":"SearchAction","target":{"@type":"EntryPoint","urlTemplate":"https:\/\/www.p31noticias.com.br\/?s={search_term_string}"},"query-input":{"@type":"PropertyValueSpecification","valueRequired":true,"valueName":"search_term_string"}}],"inLanguage":"pt-BR"},{"@type":"Person","@id":"https:\/\/www.p31noticias.com.br\/#\/schema\/person\/95f2ece30e3b4132065b915150cd0f94","name":"Gon\u00e7alves Junior","image":{"@type":"ImageObject","inLanguage":"pt-BR","@id":"https:\/\/secure.gravatar.com\/avatar\/6711f350116a89762687a48d66f723c799e5438a5b7578508d4294cd7a5d0800?s=96&d=mm&r=g","url":"https:\/\/secure.gravatar.com\/avatar\/6711f350116a89762687a48d66f723c799e5438a5b7578508d4294cd7a5d0800?s=96&d=mm&r=g","contentUrl":"https:\/\/secure.gravatar.com\/avatar\/6711f350116a89762687a48d66f723c799e5438a5b7578508d4294cd7a5d0800?s=96&d=mm&r=g","caption":"Gon\u00e7alves Junior"},"url":"https:\/\/www.p31noticias.com.br\/?author=2"}]}},"amp_enabled":true,"_links":{"self":[{"href":"https:\/\/www.p31noticias.com.br\/index.php?rest_route=\/wp\/v2\/posts\/23290","targetHints":{"allow":["GET"]}}],"collection":[{"href":"https:\/\/www.p31noticias.com.br\/index.php?rest_route=\/wp\/v2\/posts"}],"about":[{"href":"https:\/\/www.p31noticias.com.br\/index.php?rest_route=\/wp\/v2\/types\/post"}],"author":[{"embeddable":true,"href":"https:\/\/www.p31noticias.com.br\/index.php?rest_route=\/wp\/v2\/users\/2"}],"replies":[{"embeddable":true,"href":"https:\/\/www.p31noticias.com.br\/index.php?rest_route=%2Fwp%2Fv2%2Fcomments&post=23290"}],"version-history":[{"count":1,"href":"https:\/\/www.p31noticias.com.br\/index.php?rest_route=\/wp\/v2\/posts\/23290\/revisions"}],"predecessor-version":[{"id":23292,"href":"https:\/\/www.p31noticias.com.br\/index.php?rest_route=\/wp\/v2\/posts\/23290\/revisions\/23292"}],"wp:featuredmedia":[{"embeddable":true,"href":"https:\/\/www.p31noticias.com.br\/index.php?rest_route=\/wp\/v2\/media\/23291"}],"wp:attachment":[{"href":"https:\/\/www.p31noticias.com.br\/index.php?rest_route=%2Fwp%2Fv2%2Fmedia&parent=23290"}],"wp:term":[{"taxonomy":"category","embeddable":true,"href":"https:\/\/www.p31noticias.com.br\/index.php?rest_route=%2Fwp%2Fv2%2Fcategories&post=23290"},{"taxonomy":"post_tag","embeddable":true,"href":"https:\/\/www.p31noticias.com.br\/index.php?rest_route=%2Fwp%2Fv2%2Ftags&post=23290"}],"curies":[{"name":"wp","href":"https:\/\/api.w.org\/{rel}","templated":true}]}}