{"id":23287,"date":"2021-07-04T09:21:09","date_gmt":"2021-07-04T12:21:09","guid":{"rendered":"https:\/\/p31noticias.com.br\/?p=23287"},"modified":"2021-07-04T09:21:09","modified_gmt":"2021-07-04T12:21:09","slug":"bndes-e-fundo-internacional-lancam-projeto-de-r-1-bi-para-semiarido","status":"publish","type":"post","link":"https:\/\/www.p31noticias.com.br\/?p=23287","title":{"rendered":"BNDES e fundo internacional lan\u00e7am projeto de R$ 1 bi para semi\u00e1rido."},"content":{"rendered":"<div class=\"row\">\n<h3 class=\"col-10 offset-1 animated fadeInDown dealy-900 display-8 display-md-8 alt-font font-italic my-1 text-center\"><em><strong>Minist\u00e9rio da Economia tamb\u00e9m participa de ajuda a produtores.<\/strong><\/em><\/h3>\n<p style=\"text-align: justify;\">Um projeto de R$ 1 bilh\u00e3o com apoio internacional pretende capacitar produtores rurais e aumentar a seguran\u00e7a alimentar no semi\u00e1rido do Nordeste. Lan\u00e7ado nesta semana pelo Fundo Internacional para Desenvolvimento Agr\u00edcola (Fida), em parceria com o Banco Nacional de Desenvolvimento Econ\u00f4mico e Social (BNDES) e o Minist\u00e9rio da Economia, o projeto Semeando Resili\u00eancia Clim\u00e1tica em Comunidades Rurais do Nordeste (PCRP) tem o objetivo de promover o desenvolvimento sustent\u00e1vel do sert\u00e3o nordestino e amenizar os efeitos das mudan\u00e7as clim\u00e1ticas na regi\u00e3o.<img decoding=\"async\" src=\"https:\/\/agenciabrasil.ebc.com.br\/ebc.png?id=1414600&amp;o=node\" \/><img decoding=\"async\" src=\"https:\/\/agenciabrasil.ebc.com.br\/ebc.gif?id=1414600&amp;o=node\" \/><\/p>\n<p style=\"text-align: justify;\">O projeto pretende beneficiar 250 mil fam\u00edlias (1 milh\u00e3o de pessoas) em at\u00e9 quatro estados do Nordeste, que ainda ser\u00e3o escolhidos. Ao somar os aportes do Fida, do BNDES e a contrapartida dos governos estaduais, os investimentos podem chegar a US$ 202,5 milh\u00f5es (cerca de R$ 1 bilh\u00e3o na cota\u00e7\u00e3o atual).<\/p>\n<p style=\"text-align: justify;\">As negocia\u00e7\u00f5es para a capta\u00e7\u00e3o de recursos foram conclu\u00eddas nesta semana. Em dezembro, a diretoria-executiva do\u00a0<a href=\"https:\/\/agenciabrasil.ebc.com.br\/economia\/noticia\/2020-12\/fundo-internacional-aprova-r-12-bi-para-combate-seca-no-nordeste\" target=\"_blank\" rel=\"noopener noreferrer\">Fida havia aprovado<\/a>, por unanimidade, a destina\u00e7\u00e3o dos recursos.<\/p>\n<p style=\"text-align: justify;\">O projeto financiar\u00e1 a\u00e7\u00f5es de manejo sustent\u00e1vel da \u00e1gua e de enfrentamento da seca e das mudan\u00e7as clim\u00e1ticas. Entre as principais a\u00e7\u00f5es, est\u00e3o a introdu\u00e7\u00e3o de tecnologias de coleta, armazenamento e reciclagem da \u00e1gua e a ado\u00e7\u00e3o de estrat\u00e9gias de diversifica\u00e7\u00e3o produtiva no sert\u00e3o. O programa pretende alcan\u00e7ar uma \u00e1rea de 84 mil hectares, restaurando ecossistemas degradados para prestarem servi\u00e7os na \u00e1rea ambiental. Uma das metas consiste em evitar a emiss\u00e3o de mais de 11 milh\u00f5es de toneladas de g\u00e1s carb\u00f4nico em 20 anos.<\/p>\n<p style=\"text-align: justify;\">Iniciativa da Organiza\u00e7\u00e3o das Na\u00e7\u00f5es Unidas que destina recursos para projetos de adapta\u00e7\u00e3o \u00e0s mudan\u00e7as clim\u00e1ticas nos pa\u00edses em desenvolvimento, o Green Climate Fund (GCF) aportar\u00e1, por meio do Fida, US$ 100 milh\u00f5es. Desse total, US$ 34,5 milh\u00f5es entrar\u00e3o como doa\u00e7\u00e3o e US$ 65 milh\u00f5es vir\u00e3o por meio de opera\u00e7\u00f5es de cr\u00e9dito.<\/p>\n<p style=\"text-align: justify;\">Dos recursos nacionais, o BNDES conceder\u00e1 US$ 73 milh\u00f5es em financiamentos, como entidade executora do GCF. Os US$ 29,5 milh\u00f5es restantes ser\u00e3o investidos como contrapartida dos estados.<\/p>\n<h2 style=\"text-align: justify;\">Pr\u00f3ximos passos<\/h2>\n<p style=\"text-align: justify;\">Ap\u00f3s a aprova\u00e7\u00e3o pelo GCF e pelo Fida no fim de 2020, o BNDES, o Minist\u00e9rio da Economia e o fundo internacional conclu\u00edram as negocia\u00e7\u00f5es do contrato de empr\u00e9stimo na \u00faltima quarta-feira (30). Os pr\u00f3ximos passos s\u00e3o a conclus\u00e3o dos arranjos de implementa\u00e7\u00e3o do projeto e sua vota\u00e7\u00e3o pela Diretoria do BNDES. O Senado precisar\u00e1 aprovar a concess\u00e3o de garantias da Uni\u00e3o. A expectativa \u00e9 que os primeiros financiamentos comecem a ser concedidos em 2022.<\/p>\n<p style=\"text-align: justify;\">As discuss\u00f5es come\u00e7aram em 2018, quando o governo federal indicou o BNDES como potencial parceiro do Fida no financiamento e desenvolvimento de projetos de desenvolvimento rural sustent\u00e1vel. Em 2019, a Secretaria de Assuntos Internacionais do Minist\u00e9rio da Economia e a Comiss\u00e3o de Financiamento Externo da pasta deram aval \u00e0 opera\u00e7\u00e3o.<\/p>\n<p style=\"text-align: justify;\">Com a miss\u00e3o espec\u00edfica de combate \u00e0 fome e \u00e0 pobreza rural, o Fida recebe apoio do governo brasileiro h\u00e1 mais de 40 anos. A institui\u00e7\u00e3o financeira internacional est\u00e1 baseada em Roma, onde fica o Fundo de Agricultura e de Alimentos das Na\u00e7\u00f5es Unidas.<\/p>\n<p>Ag\u00eancia Brasil.<\/p>\n<\/div>\n","protected":false},"excerpt":{"rendered":"<p>Minist\u00e9rio da Economia tamb\u00e9m participa de ajuda a produtores. Um projeto de R$ 1 bilh\u00e3o com apoio internacional pretende capacitar produtores rurais e aumentar a seguran\u00e7a alimentar no semi\u00e1rido do Nordeste. Lan\u00e7ado nesta semana pelo Fundo Internacional para Desenvolvimento Agr\u00edcola (Fida), em parceria com o Banco Nacional de Desenvolvimento Econ\u00f4mico e Social (BNDES) e o [&hellip;]<\/p>\n","protected":false},"author":2,"featured_media":23288,"comment_status":"open","ping_status":"open","sticky":false,"template":"","format":"standard","meta":{"footnotes":""},"categories":[68],"tags":[],"class_list":{"0":"post-23287","1":"post","2":"type-post","3":"status-publish","4":"format-standard","5":"has-post-thumbnail","7":"category-brasil"},"yoast_head":"<!-- This site is optimized with the Yoast SEO Premium plugin v24.5 (Yoast SEO v27.5) - https:\/\/yoast.com\/product\/yoast-seo-premium-wordpress\/ -->\n<title>BNDES e fundo internacional lan\u00e7am projeto de R$ 1 bi para semi\u00e1rido. - P31<\/title>\n<meta name=\"robots\" content=\"index, follow, max-snippet:-1, max-image-preview:large, max-video-preview:-1\" \/>\n<link rel=\"canonical\" href=\"https:\/\/www.p31noticias.com.br\/?p=23287\" \/>\n<meta property=\"og:locale\" content=\"pt_BR\" \/>\n<meta property=\"og:type\" content=\"article\" \/>\n<meta property=\"og:title\" content=\"BNDES e fundo internacional lan\u00e7am projeto de R$ 1 bi para semi\u00e1rido.\" \/>\n<meta property=\"og:description\" content=\"Minist\u00e9rio da Economia tamb\u00e9m participa de ajuda a produtores. Um projeto de R$ 1 bilh\u00e3o com apoio internacional pretende capacitar produtores rurais e aumentar a seguran\u00e7a alimentar no semi\u00e1rido do Nordeste. Lan\u00e7ado nesta semana pelo Fundo Internacional para Desenvolvimento Agr\u00edcola (Fida), em parceria com o Banco Nacional de Desenvolvimento Econ\u00f4mico e Social (BNDES) e o [&hellip;]\" \/>\n<meta property=\"og:url\" content=\"https:\/\/www.p31noticias.com.br\/?p=23287\" \/>\n<meta property=\"og:site_name\" content=\"P31\" \/>\n<meta property=\"article:published_time\" content=\"2021-07-04T12:21:09+00:00\" \/>\n<meta property=\"og:image\" content=\"https:\/\/www.p31noticias.com.br\/wp-content\/uploads\/2021\/07\/produtor_rural_no_semiarido.jpg\" \/>\n\t<meta property=\"og:image:width\" content=\"1170\" \/>\n\t<meta property=\"og:image:height\" content=\"700\" \/>\n\t<meta property=\"og:image:type\" content=\"image\/jpeg\" \/>\n<meta name=\"author\" content=\"Gon\u00e7alves Junior\" \/>\n<meta name=\"twitter:card\" content=\"summary_large_image\" \/>\n<meta name=\"twitter:label1\" content=\"Escrito por\" \/>\n\t<meta name=\"twitter:data1\" content=\"Gon\u00e7alves Junior\" \/>\n\t<meta name=\"twitter:label2\" content=\"Est. tempo de leitura\" \/>\n\t<meta name=\"twitter:data2\" content=\"3 minutos\" \/>\n<script type=\"application\/ld+json\" class=\"yoast-schema-graph\">{\"@context\":\"https:\\\/\\\/schema.org\",\"@graph\":[{\"@type\":\"Article\",\"@id\":\"https:\\\/\\\/www.p31noticias.com.br\\\/?p=23287#article\",\"isPartOf\":{\"@id\":\"https:\\\/\\\/www.p31noticias.com.br\\\/?p=23287\"},\"author\":{\"name\":\"Gon\u00e7alves Junior\",\"@id\":\"https:\\\/\\\/www.p31noticias.com.br\\\/#\\\/schema\\\/person\\\/95f2ece30e3b4132065b915150cd0f94\"},\"headline\":\"BNDES e fundo internacional lan\u00e7am projeto de R$ 1 bi para semi\u00e1rido.\",\"datePublished\":\"2021-07-04T12:21:09+00:00\",\"mainEntityOfPage\":{\"@id\":\"https:\\\/\\\/www.p31noticias.com.br\\\/?p=23287\"},\"wordCount\":576,\"commentCount\":0,\"image\":{\"@id\":\"https:\\\/\\\/www.p31noticias.com.br\\\/?p=23287#primaryimage\"},\"thumbnailUrl\":\"https:\\\/\\\/www.p31noticias.com.br\\\/wp-content\\\/uploads\\\/2021\\\/07\\\/produtor_rural_no_semiarido.jpg\",\"articleSection\":[\"Brasil\"],\"inLanguage\":\"pt-BR\",\"potentialAction\":[{\"@type\":\"CommentAction\",\"name\":\"Comment\",\"target\":[\"https:\\\/\\\/www.p31noticias.com.br\\\/?p=23287#respond\"]}],\"copyrightYear\":\"2021\",\"copyrightHolder\":{\"@id\":\"https:\\\/\\\/www.p31noticias.com.br\\\/#organization\"}},{\"@type\":\"WebPage\",\"@id\":\"https:\\\/\\\/www.p31noticias.com.br\\\/?p=23287\",\"url\":\"https:\\\/\\\/www.p31noticias.com.br\\\/?p=23287\",\"name\":\"BNDES e fundo internacional lan\u00e7am projeto de R$ 1 bi para semi\u00e1rido. - P31\",\"isPartOf\":{\"@id\":\"https:\\\/\\\/www.p31noticias.com.br\\\/#website\"},\"primaryImageOfPage\":{\"@id\":\"https:\\\/\\\/www.p31noticias.com.br\\\/?p=23287#primaryimage\"},\"image\":{\"@id\":\"https:\\\/\\\/www.p31noticias.com.br\\\/?p=23287#primaryimage\"},\"thumbnailUrl\":\"https:\\\/\\\/www.p31noticias.com.br\\\/wp-content\\\/uploads\\\/2021\\\/07\\\/produtor_rural_no_semiarido.jpg\",\"datePublished\":\"2021-07-04T12:21:09+00:00\",\"author\":{\"@id\":\"https:\\\/\\\/www.p31noticias.com.br\\\/#\\\/schema\\\/person\\\/95f2ece30e3b4132065b915150cd0f94\"},\"breadcrumb\":{\"@id\":\"https:\\\/\\\/www.p31noticias.com.br\\\/?p=23287#breadcrumb\"},\"inLanguage\":\"pt-BR\",\"potentialAction\":[{\"@type\":\"ReadAction\",\"target\":[\"https:\\\/\\\/www.p31noticias.com.br\\\/?p=23287\"]}]},{\"@type\":\"ImageObject\",\"inLanguage\":\"pt-BR\",\"@id\":\"https:\\\/\\\/www.p31noticias.com.br\\\/?p=23287#primaryimage\",\"url\":\"https:\\\/\\\/www.p31noticias.com.br\\\/wp-content\\\/uploads\\\/2021\\\/07\\\/produtor_rural_no_semiarido.jpg\",\"contentUrl\":\"https:\\\/\\\/www.p31noticias.com.br\\\/wp-content\\\/uploads\\\/2021\\\/07\\\/produtor_rural_no_semiarido.jpg\",\"width\":1170,\"height\":700},{\"@type\":\"BreadcrumbList\",\"@id\":\"https:\\\/\\\/www.p31noticias.com.br\\\/?p=23287#breadcrumb\",\"itemListElement\":[{\"@type\":\"ListItem\",\"position\":1,\"name\":\"In\u00edcio\",\"item\":\"https:\\\/\\\/www.p31noticias.com.br\\\/\"},{\"@type\":\"ListItem\",\"position\":2,\"name\":\"BNDES e fundo internacional lan\u00e7am projeto de R$ 1 bi para semi\u00e1rido.\"}]},{\"@type\":\"WebSite\",\"@id\":\"https:\\\/\\\/www.p31noticias.com.br\\\/#website\",\"url\":\"https:\\\/\\\/www.p31noticias.com.br\\\/\",\"name\":\"P31\",\"description\":\"NOT\u00cdCIAS\",\"potentialAction\":[{\"@type\":\"SearchAction\",\"target\":{\"@type\":\"EntryPoint\",\"urlTemplate\":\"https:\\\/\\\/www.p31noticias.com.br\\\/?s={search_term_string}\"},\"query-input\":{\"@type\":\"PropertyValueSpecification\",\"valueRequired\":true,\"valueName\":\"search_term_string\"}}],\"inLanguage\":\"pt-BR\"},{\"@type\":\"Person\",\"@id\":\"https:\\\/\\\/www.p31noticias.com.br\\\/#\\\/schema\\\/person\\\/95f2ece30e3b4132065b915150cd0f94\",\"name\":\"Gon\u00e7alves Junior\",\"image\":{\"@type\":\"ImageObject\",\"inLanguage\":\"pt-BR\",\"@id\":\"https:\\\/\\\/secure.gravatar.com\\\/avatar\\\/6711f350116a89762687a48d66f723c799e5438a5b7578508d4294cd7a5d0800?s=96&d=mm&r=g\",\"url\":\"https:\\\/\\\/secure.gravatar.com\\\/avatar\\\/6711f350116a89762687a48d66f723c799e5438a5b7578508d4294cd7a5d0800?s=96&d=mm&r=g\",\"contentUrl\":\"https:\\\/\\\/secure.gravatar.com\\\/avatar\\\/6711f350116a89762687a48d66f723c799e5438a5b7578508d4294cd7a5d0800?s=96&d=mm&r=g\",\"caption\":\"Gon\u00e7alves Junior\"},\"url\":\"https:\\\/\\\/www.p31noticias.com.br\\\/?author=2\"}]}<\/script>\n<!-- \/ Yoast SEO Premium plugin. -->","yoast_head_json":{"title":"BNDES e fundo internacional lan\u00e7am projeto de R$ 1 bi para semi\u00e1rido. - P31","robots":{"index":"index","follow":"follow","max-snippet":"max-snippet:-1","max-image-preview":"max-image-preview:large","max-video-preview":"max-video-preview:-1"},"canonical":"https:\/\/www.p31noticias.com.br\/?p=23287","og_locale":"pt_BR","og_type":"article","og_title":"BNDES e fundo internacional lan\u00e7am projeto de R$ 1 bi para semi\u00e1rido.","og_description":"Minist\u00e9rio da Economia tamb\u00e9m participa de ajuda a produtores. Um projeto de R$ 1 bilh\u00e3o com apoio internacional pretende capacitar produtores rurais e aumentar a seguran\u00e7a alimentar no semi\u00e1rido do Nordeste. Lan\u00e7ado nesta semana pelo Fundo Internacional para Desenvolvimento Agr\u00edcola (Fida), em parceria com o Banco Nacional de Desenvolvimento Econ\u00f4mico e Social (BNDES) e o [&hellip;]","og_url":"https:\/\/www.p31noticias.com.br\/?p=23287","og_site_name":"P31","article_published_time":"2021-07-04T12:21:09+00:00","og_image":[{"width":1170,"height":700,"url":"https:\/\/www.p31noticias.com.br\/wp-content\/uploads\/2021\/07\/produtor_rural_no_semiarido.jpg","type":"image\/jpeg"}],"author":"Gon\u00e7alves Junior","twitter_card":"summary_large_image","twitter_misc":{"Escrito por":"Gon\u00e7alves Junior","Est. tempo de leitura":"3 minutos"},"schema":{"@context":"https:\/\/schema.org","@graph":[{"@type":"Article","@id":"https:\/\/www.p31noticias.com.br\/?p=23287#article","isPartOf":{"@id":"https:\/\/www.p31noticias.com.br\/?p=23287"},"author":{"name":"Gon\u00e7alves Junior","@id":"https:\/\/www.p31noticias.com.br\/#\/schema\/person\/95f2ece30e3b4132065b915150cd0f94"},"headline":"BNDES e fundo internacional lan\u00e7am projeto de R$ 1 bi para semi\u00e1rido.","datePublished":"2021-07-04T12:21:09+00:00","mainEntityOfPage":{"@id":"https:\/\/www.p31noticias.com.br\/?p=23287"},"wordCount":576,"commentCount":0,"image":{"@id":"https:\/\/www.p31noticias.com.br\/?p=23287#primaryimage"},"thumbnailUrl":"https:\/\/www.p31noticias.com.br\/wp-content\/uploads\/2021\/07\/produtor_rural_no_semiarido.jpg","articleSection":["Brasil"],"inLanguage":"pt-BR","potentialAction":[{"@type":"CommentAction","name":"Comment","target":["https:\/\/www.p31noticias.com.br\/?p=23287#respond"]}],"copyrightYear":"2021","copyrightHolder":{"@id":"https:\/\/www.p31noticias.com.br\/#organization"}},{"@type":"WebPage","@id":"https:\/\/www.p31noticias.com.br\/?p=23287","url":"https:\/\/www.p31noticias.com.br\/?p=23287","name":"BNDES e fundo internacional lan\u00e7am projeto de R$ 1 bi para semi\u00e1rido. - P31","isPartOf":{"@id":"https:\/\/www.p31noticias.com.br\/#website"},"primaryImageOfPage":{"@id":"https:\/\/www.p31noticias.com.br\/?p=23287#primaryimage"},"image":{"@id":"https:\/\/www.p31noticias.com.br\/?p=23287#primaryimage"},"thumbnailUrl":"https:\/\/www.p31noticias.com.br\/wp-content\/uploads\/2021\/07\/produtor_rural_no_semiarido.jpg","datePublished":"2021-07-04T12:21:09+00:00","author":{"@id":"https:\/\/www.p31noticias.com.br\/#\/schema\/person\/95f2ece30e3b4132065b915150cd0f94"},"breadcrumb":{"@id":"https:\/\/www.p31noticias.com.br\/?p=23287#breadcrumb"},"inLanguage":"pt-BR","potentialAction":[{"@type":"ReadAction","target":["https:\/\/www.p31noticias.com.br\/?p=23287"]}]},{"@type":"ImageObject","inLanguage":"pt-BR","@id":"https:\/\/www.p31noticias.com.br\/?p=23287#primaryimage","url":"https:\/\/www.p31noticias.com.br\/wp-content\/uploads\/2021\/07\/produtor_rural_no_semiarido.jpg","contentUrl":"https:\/\/www.p31noticias.com.br\/wp-content\/uploads\/2021\/07\/produtor_rural_no_semiarido.jpg","width":1170,"height":700},{"@type":"BreadcrumbList","@id":"https:\/\/www.p31noticias.com.br\/?p=23287#breadcrumb","itemListElement":[{"@type":"ListItem","position":1,"name":"In\u00edcio","item":"https:\/\/www.p31noticias.com.br\/"},{"@type":"ListItem","position":2,"name":"BNDES e fundo internacional lan\u00e7am projeto de R$ 1 bi para semi\u00e1rido."}]},{"@type":"WebSite","@id":"https:\/\/www.p31noticias.com.br\/#website","url":"https:\/\/www.p31noticias.com.br\/","name":"P31","description":"NOT\u00cdCIAS","potentialAction":[{"@type":"SearchAction","target":{"@type":"EntryPoint","urlTemplate":"https:\/\/www.p31noticias.com.br\/?s={search_term_string}"},"query-input":{"@type":"PropertyValueSpecification","valueRequired":true,"valueName":"search_term_string"}}],"inLanguage":"pt-BR"},{"@type":"Person","@id":"https:\/\/www.p31noticias.com.br\/#\/schema\/person\/95f2ece30e3b4132065b915150cd0f94","name":"Gon\u00e7alves Junior","image":{"@type":"ImageObject","inLanguage":"pt-BR","@id":"https:\/\/secure.gravatar.com\/avatar\/6711f350116a89762687a48d66f723c799e5438a5b7578508d4294cd7a5d0800?s=96&d=mm&r=g","url":"https:\/\/secure.gravatar.com\/avatar\/6711f350116a89762687a48d66f723c799e5438a5b7578508d4294cd7a5d0800?s=96&d=mm&r=g","contentUrl":"https:\/\/secure.gravatar.com\/avatar\/6711f350116a89762687a48d66f723c799e5438a5b7578508d4294cd7a5d0800?s=96&d=mm&r=g","caption":"Gon\u00e7alves Junior"},"url":"https:\/\/www.p31noticias.com.br\/?author=2"}]}},"amp_enabled":true,"_links":{"self":[{"href":"https:\/\/www.p31noticias.com.br\/index.php?rest_route=\/wp\/v2\/posts\/23287","targetHints":{"allow":["GET"]}}],"collection":[{"href":"https:\/\/www.p31noticias.com.br\/index.php?rest_route=\/wp\/v2\/posts"}],"about":[{"href":"https:\/\/www.p31noticias.com.br\/index.php?rest_route=\/wp\/v2\/types\/post"}],"author":[{"embeddable":true,"href":"https:\/\/www.p31noticias.com.br\/index.php?rest_route=\/wp\/v2\/users\/2"}],"replies":[{"embeddable":true,"href":"https:\/\/www.p31noticias.com.br\/index.php?rest_route=%2Fwp%2Fv2%2Fcomments&post=23287"}],"version-history":[{"count":1,"href":"https:\/\/www.p31noticias.com.br\/index.php?rest_route=\/wp\/v2\/posts\/23287\/revisions"}],"predecessor-version":[{"id":23289,"href":"https:\/\/www.p31noticias.com.br\/index.php?rest_route=\/wp\/v2\/posts\/23287\/revisions\/23289"}],"wp:featuredmedia":[{"embeddable":true,"href":"https:\/\/www.p31noticias.com.br\/index.php?rest_route=\/wp\/v2\/media\/23288"}],"wp:attachment":[{"href":"https:\/\/www.p31noticias.com.br\/index.php?rest_route=%2Fwp%2Fv2%2Fmedia&parent=23287"}],"wp:term":[{"taxonomy":"category","embeddable":true,"href":"https:\/\/www.p31noticias.com.br\/index.php?rest_route=%2Fwp%2Fv2%2Fcategories&post=23287"},{"taxonomy":"post_tag","embeddable":true,"href":"https:\/\/www.p31noticias.com.br\/index.php?rest_route=%2Fwp%2Fv2%2Ftags&post=23287"}],"curies":[{"name":"wp","href":"https:\/\/api.w.org\/{rel}","templated":true}]}}