{"id":23270,"date":"2021-07-02T09:00:41","date_gmt":"2021-07-02T12:00:41","guid":{"rendered":"https:\/\/p31noticias.com.br\/?p=23270"},"modified":"2021-07-02T09:00:41","modified_gmt":"2021-07-02T12:00:41","slug":"vacinacao-no-df-vai-avancar-por-faixa-etaria","status":"publish","type":"post","link":"https:\/\/www.p31noticias.com.br\/?p=23270","title":{"rendered":"Vacina\u00e7\u00e3o no DF vai avan\u00e7ar por faixa et\u00e1ria."},"content":{"rendered":"<p style=\"text-align: justify;\"><em><strong>Governo refor\u00e7a parcerias para acelerar o ritmo da imuniza\u00e7\u00e3o e prev\u00ea aplica\u00e7\u00e3o de 200 mil doses de D2 em julho.<\/strong><\/em><\/p>\n<p style=\"text-align: justify;\">A Secretaria de Sa\u00fade espera vacinar 200 mil pessoas com a segunda dose da vacina contra a covid-19 em julho. A meta foi anunciada em coletiva de imprensa, no Pal\u00e1cio do Buriti, na tarde desta quinta-feira (1\u00ba) pelos secret\u00e1rios da Casa Civil, Gustavo Rocha, e de Sa\u00fade, Osnei Okumoto.<\/p>\n<p style=\"text-align: justify;\">Para aplicar a D2 em quem j\u00e1 tomou a primeira dose, o GDF espera contar com ajuda dos administradores regionais para incentivar a popula\u00e7\u00e3o a completar a imuniza\u00e7\u00e3o, que s\u00f3 ocorre ap\u00f3s a aplica\u00e7\u00e3o de duas doses.<\/p>\n<p style=\"text-align: justify;\">O secret\u00e1rio da Casa Civil, Gustavo Rocha, afirmou que o GDF vai cumprir a recomenda\u00e7\u00e3o do Minist\u00e9rio P\u00fablico e, a partir de agora, vacinar\u00e1 os moradores do DF apenas por idade. Segundo ele, ser\u00e1 mantida a vacina\u00e7\u00e3o de categorias profissionais que j\u00e1 iniciaram a imuniza\u00e7\u00e3o, como profissionais de sa\u00fade.<\/p>\n<blockquote class=\"olho esquerda\"><p><span class=\"olho__texto h2 clearfix\">\u201cQueremos aplicar a quantidade m\u00e1xima de D2 que temos armazenadas\u201d<\/span><span class=\"olho__assinatura block\">Osnei Okumoto, secret\u00e1rio de Sa\u00fade<\/span><\/p><\/blockquote>\n<p style=\"text-align: justify;\">Gustavo Rocha ressaltou a necessidade de agendamento, que ser\u00e1 mantido. \u201cCom o agendamento, as doses est\u00e3o garantidas para determinadas pessoas e isso evita filas e aglomera\u00e7\u00f5es\u201d, afirmou. O gestor explicou ainda que o GDF n\u00e3o vai esperar doses suficientes para abrir a vacina\u00e7\u00e3o para determinada faixa et\u00e1ria. \u201cO agendamento ser\u00e1 aberto de acordo com as doses dispon\u00edveis naquele momento\u201d, disse.<\/p>\n<p style=\"text-align: justify;\">O secret\u00e1rio de Sa\u00fade, Osnei Okumoto, contou que haver\u00e1 uma reuni\u00e3o na semana que vem com os administradores regionais para discutir estrat\u00e9gias que levem os moradores do DF a aderir \u00e0 vacina\u00e7\u00e3o. \u201cQueremos aplicar a quantidade m\u00e1xima de D2 que temos armazenadas\u201d, afirmou Osnei Okumoto.<\/p>\n<blockquote class=\"olho direita\"><p><span class=\"olho__texto h2 clearfix\">A taxa de transmiss\u00e3o no DF est\u00e1 em 0,89 e se mant\u00e9m abaixo de 0,90 h\u00e1 tr\u00eas dias. Al\u00e9m disso, temos 7.285 casos ativos, a m\u00e9dia de novos casos dos \u00faltimos sete dias est\u00e1 caindo e a lista de espera de leitos de UTI est\u00e1 zerada<\/span><\/p><\/blockquote>\n<p style=\"text-align: justify;\">Segundo o secret\u00e1rio, o \u00edndice de pessoas que n\u00e3o procuram a vacina\u00e7\u00e3o chega a 30% em alguns lugares no mundo. \u201cAqui no DF, calculamos que esse percentual chega perto de 10%\u201d, afirmou.<\/p>\n<p style=\"text-align: justify;\"><strong>Quadro de vacina\u00e7\u00e3o<\/strong><\/p>\n<p style=\"text-align: justify;\">De acordo com o\u00a0<a href=\"https:\/\/info.saude.df.gov.br\/vacinometro-covid\/\" target=\"_blank\" rel=\"noopener noreferrer\">vacin\u00f4metro<\/a>, a Secretaria de Sa\u00fade j\u00e1 distribuiu 399.430 doses de D2 para as sete regi\u00f5es de sa\u00fade do DF, e 88,87% delas (399.713) foram aplicadas. O percentual de pessoas vacinadas com as duas doses, por\u00e9m, chega a 11,63% da popula\u00e7\u00e3o.<\/p>\n<p style=\"text-align: justify;\">Segundo o secret\u00e1rio da Casa Civil, Gustavo Rocha, 100% das doses distribu\u00eddas como D1 foram aplicadas no DF. A Secretaria de Sa\u00fade recebeu 1.108.000 doses, 1.024.000 foram distribu\u00eddas. Constam como vacinadas 983 mil pessoas e h\u00e1 cerca de 40 mil fichas de pessoas que foram vacinadas e que ainda n\u00e3o foram lan\u00e7adas no sistema.<\/p>\n<p style=\"text-align: justify;\">O secret\u00e1rio ainda apresentou dados que mostram que a pandemia est\u00e1 sob controle no DF. A taxa de transmiss\u00e3o est\u00e1 em 0,89 e se mant\u00e9m abaixo de 0,90 h\u00e1 tr\u00eas dias. Al\u00e9m disso, o DF tem 7.285 casos ativos, a m\u00e9dia de novos casos dos \u00faltimos sete dias est\u00e1 caindo \u2013 foram 762 nesta quinta-feira (1\u00ba) \u2013 e a lista de espera de leitos de UTI est\u00e1 zerada: h\u00e1 61 vagos e cinco pessoas aguardando resultado de exames. H\u00e1 ainda 134 leitos de suporte ventilat\u00f3rio vagos.<\/p>\n<p style=\"text-align: justify;\"><strong>Estrat\u00e9gia compartilhada<\/strong><\/p>\n<p style=\"text-align: justify;\">Nesta sexta-feira (2), a Secretaria de Sa\u00fade vai se reunir com os presidentes dos conselhos de sa\u00fade, com os diretores de aten\u00e7\u00e3o prim\u00e1ria das regi\u00f5es de sa\u00fade norte, sul, sudeste e centro-sul e com os administradores dessas cidades para discutir a vacina\u00e7\u00e3o dos moradores das regi\u00f5es vulner\u00e1veis do DF e a melhor maneira de atender as pessoas que n\u00e3o t\u00eam acesso \u00e0 internet para fazer o agendamento.<\/p>\n<p style=\"text-align: justify;\">\u201cEssas pessoas ser\u00e3o avisadas por carros de som e r\u00e1dios comunit\u00e1rias de que estaremos com um posto volante na regi\u00e3o fazendo a vacina\u00e7\u00e3o daqueles que tiveram dificuldade de agendamento\u201d, disse o secret\u00e1rio de Sa\u00fade.<\/p>\n<p>Ag\u00eancia Brasilia.<\/p>\n","protected":false},"excerpt":{"rendered":"<p>Governo refor\u00e7a parcerias para acelerar o ritmo da imuniza\u00e7\u00e3o e prev\u00ea aplica\u00e7\u00e3o de 200 mil doses de D2 em julho. A Secretaria de Sa\u00fade espera vacinar 200 mil pessoas com a segunda dose da vacina contra a covid-19 em julho. A meta foi anunciada em coletiva de imprensa, no Pal\u00e1cio do Buriti, na tarde desta [&hellip;]<\/p>\n","protected":false},"author":2,"featured_media":23271,"comment_status":"open","ping_status":"open","sticky":false,"template":"","format":"standard","meta":{"footnotes":""},"categories":[21],"tags":[],"class_list":{"0":"post-23270","1":"post","2":"type-post","3":"status-publish","4":"format-standard","5":"has-post-thumbnail","7":"category-brasilia"},"yoast_head":"<!-- This site is optimized with the Yoast SEO Premium plugin v24.5 (Yoast SEO v27.5) - https:\/\/yoast.com\/product\/yoast-seo-premium-wordpress\/ -->\n<title>Vacina\u00e7\u00e3o no DF vai avan\u00e7ar por faixa et\u00e1ria. - P31<\/title>\n<meta name=\"robots\" content=\"index, follow, max-snippet:-1, max-image-preview:large, max-video-preview:-1\" \/>\n<link rel=\"canonical\" href=\"https:\/\/www.p31noticias.com.br\/?p=23270\" \/>\n<meta property=\"og:locale\" content=\"pt_BR\" \/>\n<meta property=\"og:type\" content=\"article\" \/>\n<meta property=\"og:title\" content=\"Vacina\u00e7\u00e3o no DF vai avan\u00e7ar por faixa et\u00e1ria.\" \/>\n<meta property=\"og:description\" content=\"Governo refor\u00e7a parcerias para acelerar o ritmo da imuniza\u00e7\u00e3o e prev\u00ea aplica\u00e7\u00e3o de 200 mil doses de D2 em julho. A Secretaria de Sa\u00fade espera vacinar 200 mil pessoas com a segunda dose da vacina contra a covid-19 em julho. A meta foi anunciada em coletiva de imprensa, no Pal\u00e1cio do Buriti, na tarde desta [&hellip;]\" \/>\n<meta property=\"og:url\" content=\"https:\/\/www.p31noticias.com.br\/?p=23270\" \/>\n<meta property=\"og:site_name\" content=\"P31\" \/>\n<meta property=\"article:published_time\" content=\"2021-07-02T12:00:41+00:00\" \/>\n<meta property=\"og:image\" content=\"https:\/\/www.p31noticias.com.br\/wp-content\/uploads\/2021\/07\/Coletiva-vacina\u00e7\u00e3o_Foto-Joel-Rodrigues-Ag\u00eancia-Bras\u00edlia-1-1.jpeg\" \/>\n\t<meta property=\"og:image:width\" content=\"1280\" \/>\n\t<meta property=\"og:image:height\" content=\"850\" \/>\n\t<meta property=\"og:image:type\" content=\"image\/jpeg\" \/>\n<meta name=\"author\" content=\"Gon\u00e7alves Junior\" \/>\n<meta name=\"twitter:card\" content=\"summary_large_image\" \/>\n<meta name=\"twitter:label1\" content=\"Escrito por\" \/>\n\t<meta name=\"twitter:data1\" content=\"Gon\u00e7alves Junior\" \/>\n\t<meta name=\"twitter:label2\" content=\"Est. tempo de leitura\" \/>\n\t<meta name=\"twitter:data2\" content=\"3 minutos\" \/>\n<script type=\"application\/ld+json\" class=\"yoast-schema-graph\">{\"@context\":\"https:\\\/\\\/schema.org\",\"@graph\":[{\"@type\":\"Article\",\"@id\":\"https:\\\/\\\/www.p31noticias.com.br\\\/?p=23270#article\",\"isPartOf\":{\"@id\":\"https:\\\/\\\/www.p31noticias.com.br\\\/?p=23270\"},\"author\":{\"name\":\"Gon\u00e7alves Junior\",\"@id\":\"https:\\\/\\\/www.p31noticias.com.br\\\/#\\\/schema\\\/person\\\/95f2ece30e3b4132065b915150cd0f94\"},\"headline\":\"Vacina\u00e7\u00e3o no DF vai avan\u00e7ar por faixa et\u00e1ria.\",\"datePublished\":\"2021-07-02T12:00:41+00:00\",\"mainEntityOfPage\":{\"@id\":\"https:\\\/\\\/www.p31noticias.com.br\\\/?p=23270\"},\"wordCount\":708,\"commentCount\":0,\"image\":{\"@id\":\"https:\\\/\\\/www.p31noticias.com.br\\\/?p=23270#primaryimage\"},\"thumbnailUrl\":\"https:\\\/\\\/www.p31noticias.com.br\\\/wp-content\\\/uploads\\\/2021\\\/07\\\/Coletiva-vacina\u00e7\u00e3o_Foto-Joel-Rodrigues-Ag\u00eancia-Bras\u00edlia-1-1.jpeg\",\"articleSection\":[\"Bras\u00edlia\"],\"inLanguage\":\"pt-BR\",\"potentialAction\":[{\"@type\":\"CommentAction\",\"name\":\"Comment\",\"target\":[\"https:\\\/\\\/www.p31noticias.com.br\\\/?p=23270#respond\"]}],\"copyrightYear\":\"2021\",\"copyrightHolder\":{\"@id\":\"https:\\\/\\\/www.p31noticias.com.br\\\/#organization\"}},{\"@type\":\"WebPage\",\"@id\":\"https:\\\/\\\/www.p31noticias.com.br\\\/?p=23270\",\"url\":\"https:\\\/\\\/www.p31noticias.com.br\\\/?p=23270\",\"name\":\"Vacina\u00e7\u00e3o no DF vai avan\u00e7ar por faixa et\u00e1ria. - P31\",\"isPartOf\":{\"@id\":\"https:\\\/\\\/www.p31noticias.com.br\\\/#website\"},\"primaryImageOfPage\":{\"@id\":\"https:\\\/\\\/www.p31noticias.com.br\\\/?p=23270#primaryimage\"},\"image\":{\"@id\":\"https:\\\/\\\/www.p31noticias.com.br\\\/?p=23270#primaryimage\"},\"thumbnailUrl\":\"https:\\\/\\\/www.p31noticias.com.br\\\/wp-content\\\/uploads\\\/2021\\\/07\\\/Coletiva-vacina\u00e7\u00e3o_Foto-Joel-Rodrigues-Ag\u00eancia-Bras\u00edlia-1-1.jpeg\",\"datePublished\":\"2021-07-02T12:00:41+00:00\",\"author\":{\"@id\":\"https:\\\/\\\/www.p31noticias.com.br\\\/#\\\/schema\\\/person\\\/95f2ece30e3b4132065b915150cd0f94\"},\"breadcrumb\":{\"@id\":\"https:\\\/\\\/www.p31noticias.com.br\\\/?p=23270#breadcrumb\"},\"inLanguage\":\"pt-BR\",\"potentialAction\":[{\"@type\":\"ReadAction\",\"target\":[\"https:\\\/\\\/www.p31noticias.com.br\\\/?p=23270\"]}]},{\"@type\":\"ImageObject\",\"inLanguage\":\"pt-BR\",\"@id\":\"https:\\\/\\\/www.p31noticias.com.br\\\/?p=23270#primaryimage\",\"url\":\"https:\\\/\\\/www.p31noticias.com.br\\\/wp-content\\\/uploads\\\/2021\\\/07\\\/Coletiva-vacina\u00e7\u00e3o_Foto-Joel-Rodrigues-Ag\u00eancia-Bras\u00edlia-1-1.jpeg\",\"contentUrl\":\"https:\\\/\\\/www.p31noticias.com.br\\\/wp-content\\\/uploads\\\/2021\\\/07\\\/Coletiva-vacina\u00e7\u00e3o_Foto-Joel-Rodrigues-Ag\u00eancia-Bras\u00edlia-1-1.jpeg\",\"width\":1280,\"height\":850},{\"@type\":\"BreadcrumbList\",\"@id\":\"https:\\\/\\\/www.p31noticias.com.br\\\/?p=23270#breadcrumb\",\"itemListElement\":[{\"@type\":\"ListItem\",\"position\":1,\"name\":\"In\u00edcio\",\"item\":\"https:\\\/\\\/www.p31noticias.com.br\\\/\"},{\"@type\":\"ListItem\",\"position\":2,\"name\":\"Vacina\u00e7\u00e3o no DF vai avan\u00e7ar por faixa et\u00e1ria.\"}]},{\"@type\":\"WebSite\",\"@id\":\"https:\\\/\\\/www.p31noticias.com.br\\\/#website\",\"url\":\"https:\\\/\\\/www.p31noticias.com.br\\\/\",\"name\":\"P31\",\"description\":\"NOT\u00cdCIAS\",\"potentialAction\":[{\"@type\":\"SearchAction\",\"target\":{\"@type\":\"EntryPoint\",\"urlTemplate\":\"https:\\\/\\\/www.p31noticias.com.br\\\/?s={search_term_string}\"},\"query-input\":{\"@type\":\"PropertyValueSpecification\",\"valueRequired\":true,\"valueName\":\"search_term_string\"}}],\"inLanguage\":\"pt-BR\"},{\"@type\":\"Person\",\"@id\":\"https:\\\/\\\/www.p31noticias.com.br\\\/#\\\/schema\\\/person\\\/95f2ece30e3b4132065b915150cd0f94\",\"name\":\"Gon\u00e7alves Junior\",\"image\":{\"@type\":\"ImageObject\",\"inLanguage\":\"pt-BR\",\"@id\":\"https:\\\/\\\/secure.gravatar.com\\\/avatar\\\/6711f350116a89762687a48d66f723c799e5438a5b7578508d4294cd7a5d0800?s=96&d=mm&r=g\",\"url\":\"https:\\\/\\\/secure.gravatar.com\\\/avatar\\\/6711f350116a89762687a48d66f723c799e5438a5b7578508d4294cd7a5d0800?s=96&d=mm&r=g\",\"contentUrl\":\"https:\\\/\\\/secure.gravatar.com\\\/avatar\\\/6711f350116a89762687a48d66f723c799e5438a5b7578508d4294cd7a5d0800?s=96&d=mm&r=g\",\"caption\":\"Gon\u00e7alves Junior\"},\"url\":\"https:\\\/\\\/www.p31noticias.com.br\\\/?author=2\"}]}<\/script>\n<!-- \/ Yoast SEO Premium plugin. -->","yoast_head_json":{"title":"Vacina\u00e7\u00e3o no DF vai avan\u00e7ar por faixa et\u00e1ria. - P31","robots":{"index":"index","follow":"follow","max-snippet":"max-snippet:-1","max-image-preview":"max-image-preview:large","max-video-preview":"max-video-preview:-1"},"canonical":"https:\/\/www.p31noticias.com.br\/?p=23270","og_locale":"pt_BR","og_type":"article","og_title":"Vacina\u00e7\u00e3o no DF vai avan\u00e7ar por faixa et\u00e1ria.","og_description":"Governo refor\u00e7a parcerias para acelerar o ritmo da imuniza\u00e7\u00e3o e prev\u00ea aplica\u00e7\u00e3o de 200 mil doses de D2 em julho. A Secretaria de Sa\u00fade espera vacinar 200 mil pessoas com a segunda dose da vacina contra a covid-19 em julho. A meta foi anunciada em coletiva de imprensa, no Pal\u00e1cio do Buriti, na tarde desta [&hellip;]","og_url":"https:\/\/www.p31noticias.com.br\/?p=23270","og_site_name":"P31","article_published_time":"2021-07-02T12:00:41+00:00","og_image":[{"width":1280,"height":850,"url":"https:\/\/www.p31noticias.com.br\/wp-content\/uploads\/2021\/07\/Coletiva-vacina\u00e7\u00e3o_Foto-Joel-Rodrigues-Ag\u00eancia-Bras\u00edlia-1-1.jpeg","type":"image\/jpeg"}],"author":"Gon\u00e7alves Junior","twitter_card":"summary_large_image","twitter_misc":{"Escrito por":"Gon\u00e7alves Junior","Est. tempo de leitura":"3 minutos"},"schema":{"@context":"https:\/\/schema.org","@graph":[{"@type":"Article","@id":"https:\/\/www.p31noticias.com.br\/?p=23270#article","isPartOf":{"@id":"https:\/\/www.p31noticias.com.br\/?p=23270"},"author":{"name":"Gon\u00e7alves Junior","@id":"https:\/\/www.p31noticias.com.br\/#\/schema\/person\/95f2ece30e3b4132065b915150cd0f94"},"headline":"Vacina\u00e7\u00e3o no DF vai avan\u00e7ar por faixa et\u00e1ria.","datePublished":"2021-07-02T12:00:41+00:00","mainEntityOfPage":{"@id":"https:\/\/www.p31noticias.com.br\/?p=23270"},"wordCount":708,"commentCount":0,"image":{"@id":"https:\/\/www.p31noticias.com.br\/?p=23270#primaryimage"},"thumbnailUrl":"https:\/\/www.p31noticias.com.br\/wp-content\/uploads\/2021\/07\/Coletiva-vacina\u00e7\u00e3o_Foto-Joel-Rodrigues-Ag\u00eancia-Bras\u00edlia-1-1.jpeg","articleSection":["Bras\u00edlia"],"inLanguage":"pt-BR","potentialAction":[{"@type":"CommentAction","name":"Comment","target":["https:\/\/www.p31noticias.com.br\/?p=23270#respond"]}],"copyrightYear":"2021","copyrightHolder":{"@id":"https:\/\/www.p31noticias.com.br\/#organization"}},{"@type":"WebPage","@id":"https:\/\/www.p31noticias.com.br\/?p=23270","url":"https:\/\/www.p31noticias.com.br\/?p=23270","name":"Vacina\u00e7\u00e3o no DF vai avan\u00e7ar por faixa et\u00e1ria. - P31","isPartOf":{"@id":"https:\/\/www.p31noticias.com.br\/#website"},"primaryImageOfPage":{"@id":"https:\/\/www.p31noticias.com.br\/?p=23270#primaryimage"},"image":{"@id":"https:\/\/www.p31noticias.com.br\/?p=23270#primaryimage"},"thumbnailUrl":"https:\/\/www.p31noticias.com.br\/wp-content\/uploads\/2021\/07\/Coletiva-vacina\u00e7\u00e3o_Foto-Joel-Rodrigues-Ag\u00eancia-Bras\u00edlia-1-1.jpeg","datePublished":"2021-07-02T12:00:41+00:00","author":{"@id":"https:\/\/www.p31noticias.com.br\/#\/schema\/person\/95f2ece30e3b4132065b915150cd0f94"},"breadcrumb":{"@id":"https:\/\/www.p31noticias.com.br\/?p=23270#breadcrumb"},"inLanguage":"pt-BR","potentialAction":[{"@type":"ReadAction","target":["https:\/\/www.p31noticias.com.br\/?p=23270"]}]},{"@type":"ImageObject","inLanguage":"pt-BR","@id":"https:\/\/www.p31noticias.com.br\/?p=23270#primaryimage","url":"https:\/\/www.p31noticias.com.br\/wp-content\/uploads\/2021\/07\/Coletiva-vacina\u00e7\u00e3o_Foto-Joel-Rodrigues-Ag\u00eancia-Bras\u00edlia-1-1.jpeg","contentUrl":"https:\/\/www.p31noticias.com.br\/wp-content\/uploads\/2021\/07\/Coletiva-vacina\u00e7\u00e3o_Foto-Joel-Rodrigues-Ag\u00eancia-Bras\u00edlia-1-1.jpeg","width":1280,"height":850},{"@type":"BreadcrumbList","@id":"https:\/\/www.p31noticias.com.br\/?p=23270#breadcrumb","itemListElement":[{"@type":"ListItem","position":1,"name":"In\u00edcio","item":"https:\/\/www.p31noticias.com.br\/"},{"@type":"ListItem","position":2,"name":"Vacina\u00e7\u00e3o no DF vai avan\u00e7ar por faixa et\u00e1ria."}]},{"@type":"WebSite","@id":"https:\/\/www.p31noticias.com.br\/#website","url":"https:\/\/www.p31noticias.com.br\/","name":"P31","description":"NOT\u00cdCIAS","potentialAction":[{"@type":"SearchAction","target":{"@type":"EntryPoint","urlTemplate":"https:\/\/www.p31noticias.com.br\/?s={search_term_string}"},"query-input":{"@type":"PropertyValueSpecification","valueRequired":true,"valueName":"search_term_string"}}],"inLanguage":"pt-BR"},{"@type":"Person","@id":"https:\/\/www.p31noticias.com.br\/#\/schema\/person\/95f2ece30e3b4132065b915150cd0f94","name":"Gon\u00e7alves Junior","image":{"@type":"ImageObject","inLanguage":"pt-BR","@id":"https:\/\/secure.gravatar.com\/avatar\/6711f350116a89762687a48d66f723c799e5438a5b7578508d4294cd7a5d0800?s=96&d=mm&r=g","url":"https:\/\/secure.gravatar.com\/avatar\/6711f350116a89762687a48d66f723c799e5438a5b7578508d4294cd7a5d0800?s=96&d=mm&r=g","contentUrl":"https:\/\/secure.gravatar.com\/avatar\/6711f350116a89762687a48d66f723c799e5438a5b7578508d4294cd7a5d0800?s=96&d=mm&r=g","caption":"Gon\u00e7alves Junior"},"url":"https:\/\/www.p31noticias.com.br\/?author=2"}]}},"amp_enabled":true,"_links":{"self":[{"href":"https:\/\/www.p31noticias.com.br\/index.php?rest_route=\/wp\/v2\/posts\/23270","targetHints":{"allow":["GET"]}}],"collection":[{"href":"https:\/\/www.p31noticias.com.br\/index.php?rest_route=\/wp\/v2\/posts"}],"about":[{"href":"https:\/\/www.p31noticias.com.br\/index.php?rest_route=\/wp\/v2\/types\/post"}],"author":[{"embeddable":true,"href":"https:\/\/www.p31noticias.com.br\/index.php?rest_route=\/wp\/v2\/users\/2"}],"replies":[{"embeddable":true,"href":"https:\/\/www.p31noticias.com.br\/index.php?rest_route=%2Fwp%2Fv2%2Fcomments&post=23270"}],"version-history":[{"count":2,"href":"https:\/\/www.p31noticias.com.br\/index.php?rest_route=\/wp\/v2\/posts\/23270\/revisions"}],"predecessor-version":[{"id":23273,"href":"https:\/\/www.p31noticias.com.br\/index.php?rest_route=\/wp\/v2\/posts\/23270\/revisions\/23273"}],"wp:featuredmedia":[{"embeddable":true,"href":"https:\/\/www.p31noticias.com.br\/index.php?rest_route=\/wp\/v2\/media\/23271"}],"wp:attachment":[{"href":"https:\/\/www.p31noticias.com.br\/index.php?rest_route=%2Fwp%2Fv2%2Fmedia&parent=23270"}],"wp:term":[{"taxonomy":"category","embeddable":true,"href":"https:\/\/www.p31noticias.com.br\/index.php?rest_route=%2Fwp%2Fv2%2Fcategories&post=23270"},{"taxonomy":"post_tag","embeddable":true,"href":"https:\/\/www.p31noticias.com.br\/index.php?rest_route=%2Fwp%2Fv2%2Ftags&post=23270"}],"curies":[{"name":"wp","href":"https:\/\/api.w.org\/{rel}","templated":true}]}}