{"id":23259,"date":"2021-07-01T09:09:15","date_gmt":"2021-07-01T12:09:15","guid":{"rendered":"https:\/\/p31noticias.com.br\/?p=23259"},"modified":"2021-07-01T09:12:36","modified_gmt":"2021-07-01T12:12:36","slug":"brasil-supera-100-milhoes-de-vacinas-contra-covid-aplicadas","status":"publish","type":"post","link":"https:\/\/www.p31noticias.com.br\/?p=23259","title":{"rendered":"Brasil supera 100 milh\u00f5es de vacinas contra covid aplicadas."},"content":{"rendered":"<h2 class=\"toolkit-subtitle mt-5\" style=\"text-align: justify;\"><em><strong>At\u00e9 esta quinta-feira (1\u00ba), pa\u00eds tinha 46,47% da popula\u00e7\u00e3o acima de 18 anos com a 1\u00aa dose e outros 12,72% com esquema completo.<\/strong><\/em><\/h2>\n<div class=\"toolkit-image-container media_box full-dimensions771x420\">\n<div class=\"toolkit-image-container__edges edges\">\n<div id=\"standard_1\" class=\"st-placement standard_1 inImage\">\n<div class=\"st-adunit st-reset st-show\">\n<div class=\"st-adunit-ad st-reset\">\n<div class=\"st-display-render st-reset\">\n<div class=\"st-reset\">\n<div class=\"important-styled st-canvas-container open Leaderboard display-standard fssquz2\">\n<div class=\"important-styled st-canvas-el fhxwyqa\">\n<div class=\"important-styled st-canvas-container undefined fssquz2\">\n<div class=\"important-styled st-canvas-el f5ewie2\">\n<div class=\"important-styled st-canvas-container undefined fssquz2\">\n<div class=\"important-styled st-canvas-el fhxwyqa\">\n<div class=\"important-styled f1m7i34m\">\n<div class=\"important-styled display-render-wrapper f1m7i34m\"><\/div>\n<\/div>\n<\/div>\n<\/div>\n<div class=\"important-styled st-canvas-container undefined fssquz2\">\n<div class=\"important-styled st-canvas-el frp862c\">\n<div class=\"important-styled display-render x-to-close f9k8010\"><\/div>\n<\/div>\n<\/div>\n<\/div>\n<\/div>\n<\/div>\n<\/div>\n<\/div>\n<\/div>\n<\/div>\n<\/div>\n<\/div>\n<p><img decoding=\"async\" class=\"toolkit-image-container__image croppable\" title=\"Brasil tem mantido patamar de mais de 1 milh\u00e3o de doses aplicadas por dia\" src=\"https:\/\/img.r7.com\/images\/vacinacao-covid-30062021114932174?dimensions=771x420&amp;&amp;amp;&amp;amp;&amp;amp;&amp;amp;&amp;amp;&amp;amp;&amp;amp;&amp;amp;&amp;amp;&amp;amp;resize=771x420&amp;amp;crop=1500x817+0+78&amp;amp;&amp;amp;&amp;amp;&amp;amp;&amp;amp;&amp;amp;&amp;amp;&amp;amp;&amp;amp;&amp;amp;resize=771x420&amp;amp;crop=1500x817+0+78\" alt=\"Brasil tem mantido patamar de mais de 1 milh\u00e3o de doses aplicadas por dia\" \/><\/p>\n<div class=\"gallery_link\"><\/div>\n<\/div>\n<div class=\"toolkit-image-container__info content_image\" data-dimensions=\"771x420\">\n<h4 class=\"toolkit-image-container__caption legend_box \" style=\"text-align: justify;\">Brasil tem mantido patamar de mais de 1 milh\u00e3o de doses aplicadas por dia<\/h4>\n<p><span class=\"toolkit-image-container__credit credit_box \">AGUILAR ABECASSIS\/AGIF &#8211; AG\u00caNCIA DE FOTOGRAFIA\/ESTAD\u00c3O CONTE\u00daDO<\/span><\/p>\n<\/div>\n<\/div>\n<p style=\"text-align: justify;\">O Brasil ultrapassou na noite de quarta-feira (30) a marca de 100 milh\u00f5es de doses de vacina contra a covid-19 aplicadas desde o in\u00edcio da campanha de imuniza\u00e7\u00e3o, em 17 de janeiro.<\/p>\n<p style=\"text-align: justify;\">Segundo os dados mais recentes do Minist\u00e9rio da Sa\u00fade,\u00a074.354.809 pessoas j\u00e1 receberam a primeira dose da vacina, o que representa 46,47% da popula\u00e7\u00e3o apta a ser imunizada contra a covid-19 (maiores de 18 anos) \u2014 o governo ainda n\u00e3o incluiu crian\u00e7as ou adolescentes na campanha.<\/p>\n<p style=\"text-align: justify;\">Outros 27.121.995 milh\u00f5es de indiv\u00edduos completaram o esquema vacinal (seja com duas doses ou com a vacina de dose \u00fanica da Johnson &amp; Johnson), o que equivale a 12,72%% da popula\u00e7\u00e3o acima de 18 anos.<\/p>\n<p style=\"text-align: justify;\">Na \u00faltima semana, o pa\u00eds manteve uma m\u00e9dia de 1,4 milh\u00e3o de doses aplicadas por dia.<\/p>\n<p style=\"text-align: justify;\">Para a vice-presidente da SBIm (Sociedade Brasileira de Imuniza\u00e7\u00f5es), Isabella Ballalai, o n\u00famero deixa claro que o &#8220;brasileiro gosta de se vacinar e acredita em vacina, apesar de toda desinforma\u00e7\u00e3o, todas as d\u00favidas que a gente vive hoje&#8221;.<\/p>\n<p style=\"text-align: justify;\">&#8220;Quando a gente tem percep\u00e7\u00e3o de risco, o brasileiro procura a vacina. Ele s\u00f3 n\u00e3o procura a vacina quando acha que n\u00e3o vai pegar [a doen\u00e7a]. Tem at\u00e9 uma frase que a gente brinca que brasileiro gosta de vacina que est\u00e1 faltando. Quando tivemos o surto de gripe em 2016, que at\u00e9 nas cl\u00ednicas privadas tinham pessoas cinco horas na fila, \u00e9 porque n\u00e3o parava de sair o n\u00famero de casos, mortes, etc. [&#8230;] Em 2017 e 2018, febre amarela, correu todo mundo, sa\u00eda tapa na fila. Em todas essas situa\u00e7\u00f5es, faltou vacina.&#8221;<\/p>\n<p style=\"text-align: justify;\">A vacina\u00e7\u00e3o ganhou f\u00f4lego no Brasil em junho, com entregas de mais de 10 milh\u00f5es de doses da Pfizer\/BioNTech, que est\u00e3o sendo aplicadas com intervalo de tr\u00eas meses, o que garante um maior n\u00famero de indiv\u00edduos vacinados com a primeira dose neste momento.<\/p>\n<p style=\"text-align: justify;\">Tamb\u00e9m chegaram ao pa\u00eds 4,8 milh\u00f5es de doses da\u00a0<a href=\"https:\/\/noticias.r7.com\/saude\/entenda-como-funciona-a-vacina-da-johnson-aplicada-em-dose-unica-22062021\" target=\"_blank\" rel=\"noopener noreferrer\"><strong>vacina da dose \u00fanica da Janssen<\/strong><\/a>, bra\u00e7o farmac\u00eautico da Johnson &amp; Johnson. Deste total, 3 milh\u00f5es foram doados pelo governo dos Estados Unidos e 1,8 milh\u00e3o antecipado de um contrato de 38 milh\u00f5es de doses do Minist\u00e9rio da Sa\u00fade.<\/p>\n<div id=\"r7ad-teads\" style=\"text-align: justify;\">\n<div id=\"gpt_unit_\/7542\/r7noticias\/saude\/internas_6\"><\/div>\n<\/div>\n<p style=\"text-align: justify;\">A Fiocruz (Funda\u00e7\u00e3o Oswaldo Cruz), que produz a vacina da AstraZeneca, tamb\u00e9m tem mantido as entregas, com 12,4 milh\u00f5es de doses entregues neste m\u00eas.<\/p>\n<p style=\"text-align: justify;\">O Instituto Butantan prev\u00ea fechar junho com 5 milh\u00f5es de doses da CoronaVac entregues ao PNI (Programa Nacional de Imuniza\u00e7\u00f5es). Al\u00e9m destas vacinas, o Brasil tamb\u00e9m tem recebido vacinas da AstraZeneca e da Pfizer por meio do cons\u00f3rcio Covax Facility.<\/p>\n<p style=\"text-align: justify;\">Embora os n\u00fameros sejam elevados, Isabella Ballalai ressalta que o programa tem como objetivo vacinar cerca de 160 milh\u00f5es de brasileiros e que tr\u00eas das quatro vacinas em uso s\u00e3o de duas doses.<\/p>\n<p style=\"text-align: justify;\">O ministro da Sa\u00fade,\u00a0<a href=\"https:\/\/noticias.r7.com\/brasil\/queiroga-afirma-que-todos-os-adultos-terao-1-dose-ate-setembro-21062021\" target=\"_blank\" rel=\"noopener noreferrer\"><strong>Marcelo Queiroga<\/strong><\/a>, mant\u00e9m a promessa de vacinar com a primeira dose todos os brasileiros aptos at\u00e9 o fim de setembro. A vice-presidente da SBIm \u00e9 mais cautelosa em rela\u00e7\u00e3o a previs\u00f5es.<\/p>\n<p style=\"text-align: justify;\">&#8220;Tudo o que a gente planejou de entrega de vacina furou. Agora n\u00e3o podemos achar que no futuro vai ser diferente. \u00c9 natural, \u00e9 esperado [que haja atrasos]. [&#8230;] A gente tem um monte de doses prometidas, mas o cronograma \u00e9 lento.&#8221;<\/p>\n<p>Fonte : R7<\/p>\n","protected":false},"excerpt":{"rendered":"<p>At\u00e9 esta quinta-feira (1\u00ba), pa\u00eds tinha 46,47% da popula\u00e7\u00e3o acima de 18 anos com a 1\u00aa dose e outros 12,72% com esquema completo. Brasil tem mantido patamar de mais de 1 milh\u00e3o de doses aplicadas por dia AGUILAR ABECASSIS\/AGIF &#8211; AG\u00caNCIA DE FOTOGRAFIA\/ESTAD\u00c3O CONTE\u00daDO O Brasil ultrapassou na noite de quarta-feira (30) a marca de [&hellip;]<\/p>\n","protected":false},"author":2,"featured_media":23260,"comment_status":"open","ping_status":"open","sticky":false,"template":"","format":"standard","meta":{"footnotes":""},"categories":[68],"tags":[],"class_list":{"0":"post-23259","1":"post","2":"type-post","3":"status-publish","4":"format-standard","5":"has-post-thumbnail","7":"category-brasil"},"yoast_head":"<!-- This site is optimized with the Yoast SEO Premium plugin v24.5 (Yoast SEO v27.5) - https:\/\/yoast.com\/product\/yoast-seo-premium-wordpress\/ -->\n<title>Brasil supera 100 milh\u00f5es de vacinas contra covid aplicadas. - P31<\/title>\n<meta name=\"robots\" content=\"index, follow, max-snippet:-1, max-image-preview:large, max-video-preview:-1\" \/>\n<link rel=\"canonical\" href=\"https:\/\/www.p31noticias.com.br\/?p=23259\" \/>\n<meta property=\"og:locale\" content=\"pt_BR\" \/>\n<meta property=\"og:type\" content=\"article\" \/>\n<meta property=\"og:title\" content=\"Brasil supera 100 milh\u00f5es de vacinas contra covid aplicadas.\" \/>\n<meta property=\"og:description\" content=\"At\u00e9 esta quinta-feira (1\u00ba), pa\u00eds tinha 46,47% da popula\u00e7\u00e3o acima de 18 anos com a 1\u00aa dose e outros 12,72% com esquema completo. Brasil tem mantido patamar de mais de 1 milh\u00e3o de doses aplicadas por dia AGUILAR ABECASSIS\/AGIF &#8211; AG\u00caNCIA DE FOTOGRAFIA\/ESTAD\u00c3O CONTE\u00daDO O Brasil ultrapassou na noite de quarta-feira (30) a marca de [&hellip;]\" \/>\n<meta property=\"og:url\" content=\"https:\/\/www.p31noticias.com.br\/?p=23259\" \/>\n<meta property=\"og:site_name\" content=\"P31\" \/>\n<meta property=\"article:published_time\" content=\"2021-07-01T12:09:15+00:00\" \/>\n<meta property=\"article:modified_time\" content=\"2021-07-01T12:12:36+00:00\" \/>\n<meta property=\"og:image\" content=\"https:\/\/www.p31noticias.com.br\/wp-content\/uploads\/2021\/07\/images-19.jpg\" \/>\n\t<meta property=\"og:image:width\" content=\"333\" \/>\n\t<meta property=\"og:image:height\" content=\"151\" \/>\n\t<meta property=\"og:image:type\" content=\"image\/jpeg\" \/>\n<meta name=\"author\" content=\"Gon\u00e7alves Junior\" \/>\n<meta name=\"twitter:card\" content=\"summary_large_image\" \/>\n<meta name=\"twitter:label1\" content=\"Escrito por\" \/>\n\t<meta name=\"twitter:data1\" content=\"Gon\u00e7alves Junior\" \/>\n\t<meta name=\"twitter:label2\" content=\"Est. tempo de leitura\" \/>\n\t<meta name=\"twitter:data2\" content=\"3 minutos\" \/>\n<script type=\"application\/ld+json\" class=\"yoast-schema-graph\">{\"@context\":\"https:\\\/\\\/schema.org\",\"@graph\":[{\"@type\":\"Article\",\"@id\":\"https:\\\/\\\/www.p31noticias.com.br\\\/?p=23259#article\",\"isPartOf\":{\"@id\":\"https:\\\/\\\/www.p31noticias.com.br\\\/?p=23259\"},\"author\":{\"name\":\"Gon\u00e7alves Junior\",\"@id\":\"https:\\\/\\\/www.p31noticias.com.br\\\/#\\\/schema\\\/person\\\/95f2ece30e3b4132065b915150cd0f94\"},\"headline\":\"Brasil supera 100 milh\u00f5es de vacinas contra covid aplicadas.\",\"datePublished\":\"2021-07-01T12:09:15+00:00\",\"dateModified\":\"2021-07-01T12:12:36+00:00\",\"mainEntityOfPage\":{\"@id\":\"https:\\\/\\\/www.p31noticias.com.br\\\/?p=23259\"},\"wordCount\":616,\"commentCount\":0,\"image\":{\"@id\":\"https:\\\/\\\/www.p31noticias.com.br\\\/?p=23259#primaryimage\"},\"thumbnailUrl\":\"https:\\\/\\\/www.p31noticias.com.br\\\/wp-content\\\/uploads\\\/2021\\\/07\\\/images-19.jpg\",\"articleSection\":[\"Brasil\"],\"inLanguage\":\"pt-BR\",\"potentialAction\":[{\"@type\":\"CommentAction\",\"name\":\"Comment\",\"target\":[\"https:\\\/\\\/www.p31noticias.com.br\\\/?p=23259#respond\"]}],\"copyrightYear\":\"2021\",\"copyrightHolder\":{\"@id\":\"https:\\\/\\\/www.p31noticias.com.br\\\/#organization\"}},{\"@type\":\"WebPage\",\"@id\":\"https:\\\/\\\/www.p31noticias.com.br\\\/?p=23259\",\"url\":\"https:\\\/\\\/www.p31noticias.com.br\\\/?p=23259\",\"name\":\"Brasil supera 100 milh\u00f5es de vacinas contra covid aplicadas. - P31\",\"isPartOf\":{\"@id\":\"https:\\\/\\\/www.p31noticias.com.br\\\/#website\"},\"primaryImageOfPage\":{\"@id\":\"https:\\\/\\\/www.p31noticias.com.br\\\/?p=23259#primaryimage\"},\"image\":{\"@id\":\"https:\\\/\\\/www.p31noticias.com.br\\\/?p=23259#primaryimage\"},\"thumbnailUrl\":\"https:\\\/\\\/www.p31noticias.com.br\\\/wp-content\\\/uploads\\\/2021\\\/07\\\/images-19.jpg\",\"datePublished\":\"2021-07-01T12:09:15+00:00\",\"dateModified\":\"2021-07-01T12:12:36+00:00\",\"author\":{\"@id\":\"https:\\\/\\\/www.p31noticias.com.br\\\/#\\\/schema\\\/person\\\/95f2ece30e3b4132065b915150cd0f94\"},\"breadcrumb\":{\"@id\":\"https:\\\/\\\/www.p31noticias.com.br\\\/?p=23259#breadcrumb\"},\"inLanguage\":\"pt-BR\",\"potentialAction\":[{\"@type\":\"ReadAction\",\"target\":[\"https:\\\/\\\/www.p31noticias.com.br\\\/?p=23259\"]}]},{\"@type\":\"ImageObject\",\"inLanguage\":\"pt-BR\",\"@id\":\"https:\\\/\\\/www.p31noticias.com.br\\\/?p=23259#primaryimage\",\"url\":\"https:\\\/\\\/www.p31noticias.com.br\\\/wp-content\\\/uploads\\\/2021\\\/07\\\/images-19.jpg\",\"contentUrl\":\"https:\\\/\\\/www.p31noticias.com.br\\\/wp-content\\\/uploads\\\/2021\\\/07\\\/images-19.jpg\",\"width\":333,\"height\":151},{\"@type\":\"BreadcrumbList\",\"@id\":\"https:\\\/\\\/www.p31noticias.com.br\\\/?p=23259#breadcrumb\",\"itemListElement\":[{\"@type\":\"ListItem\",\"position\":1,\"name\":\"In\u00edcio\",\"item\":\"https:\\\/\\\/www.p31noticias.com.br\\\/\"},{\"@type\":\"ListItem\",\"position\":2,\"name\":\"Brasil supera 100 milh\u00f5es de vacinas contra covid aplicadas.\"}]},{\"@type\":\"WebSite\",\"@id\":\"https:\\\/\\\/www.p31noticias.com.br\\\/#website\",\"url\":\"https:\\\/\\\/www.p31noticias.com.br\\\/\",\"name\":\"P31\",\"description\":\"NOT\u00cdCIAS\",\"potentialAction\":[{\"@type\":\"SearchAction\",\"target\":{\"@type\":\"EntryPoint\",\"urlTemplate\":\"https:\\\/\\\/www.p31noticias.com.br\\\/?s={search_term_string}\"},\"query-input\":{\"@type\":\"PropertyValueSpecification\",\"valueRequired\":true,\"valueName\":\"search_term_string\"}}],\"inLanguage\":\"pt-BR\"},{\"@type\":\"Person\",\"@id\":\"https:\\\/\\\/www.p31noticias.com.br\\\/#\\\/schema\\\/person\\\/95f2ece30e3b4132065b915150cd0f94\",\"name\":\"Gon\u00e7alves Junior\",\"image\":{\"@type\":\"ImageObject\",\"inLanguage\":\"pt-BR\",\"@id\":\"https:\\\/\\\/secure.gravatar.com\\\/avatar\\\/6711f350116a89762687a48d66f723c799e5438a5b7578508d4294cd7a5d0800?s=96&d=mm&r=g\",\"url\":\"https:\\\/\\\/secure.gravatar.com\\\/avatar\\\/6711f350116a89762687a48d66f723c799e5438a5b7578508d4294cd7a5d0800?s=96&d=mm&r=g\",\"contentUrl\":\"https:\\\/\\\/secure.gravatar.com\\\/avatar\\\/6711f350116a89762687a48d66f723c799e5438a5b7578508d4294cd7a5d0800?s=96&d=mm&r=g\",\"caption\":\"Gon\u00e7alves Junior\"},\"url\":\"https:\\\/\\\/www.p31noticias.com.br\\\/?author=2\"}]}<\/script>\n<!-- \/ Yoast SEO Premium plugin. -->","yoast_head_json":{"title":"Brasil supera 100 milh\u00f5es de vacinas contra covid aplicadas. - P31","robots":{"index":"index","follow":"follow","max-snippet":"max-snippet:-1","max-image-preview":"max-image-preview:large","max-video-preview":"max-video-preview:-1"},"canonical":"https:\/\/www.p31noticias.com.br\/?p=23259","og_locale":"pt_BR","og_type":"article","og_title":"Brasil supera 100 milh\u00f5es de vacinas contra covid aplicadas.","og_description":"At\u00e9 esta quinta-feira (1\u00ba), pa\u00eds tinha 46,47% da popula\u00e7\u00e3o acima de 18 anos com a 1\u00aa dose e outros 12,72% com esquema completo. Brasil tem mantido patamar de mais de 1 milh\u00e3o de doses aplicadas por dia AGUILAR ABECASSIS\/AGIF &#8211; AG\u00caNCIA DE FOTOGRAFIA\/ESTAD\u00c3O CONTE\u00daDO O Brasil ultrapassou na noite de quarta-feira (30) a marca de [&hellip;]","og_url":"https:\/\/www.p31noticias.com.br\/?p=23259","og_site_name":"P31","article_published_time":"2021-07-01T12:09:15+00:00","article_modified_time":"2021-07-01T12:12:36+00:00","og_image":[{"width":333,"height":151,"url":"https:\/\/www.p31noticias.com.br\/wp-content\/uploads\/2021\/07\/images-19.jpg","type":"image\/jpeg"}],"author":"Gon\u00e7alves Junior","twitter_card":"summary_large_image","twitter_misc":{"Escrito por":"Gon\u00e7alves Junior","Est. tempo de leitura":"3 minutos"},"schema":{"@context":"https:\/\/schema.org","@graph":[{"@type":"Article","@id":"https:\/\/www.p31noticias.com.br\/?p=23259#article","isPartOf":{"@id":"https:\/\/www.p31noticias.com.br\/?p=23259"},"author":{"name":"Gon\u00e7alves Junior","@id":"https:\/\/www.p31noticias.com.br\/#\/schema\/person\/95f2ece30e3b4132065b915150cd0f94"},"headline":"Brasil supera 100 milh\u00f5es de vacinas contra covid aplicadas.","datePublished":"2021-07-01T12:09:15+00:00","dateModified":"2021-07-01T12:12:36+00:00","mainEntityOfPage":{"@id":"https:\/\/www.p31noticias.com.br\/?p=23259"},"wordCount":616,"commentCount":0,"image":{"@id":"https:\/\/www.p31noticias.com.br\/?p=23259#primaryimage"},"thumbnailUrl":"https:\/\/www.p31noticias.com.br\/wp-content\/uploads\/2021\/07\/images-19.jpg","articleSection":["Brasil"],"inLanguage":"pt-BR","potentialAction":[{"@type":"CommentAction","name":"Comment","target":["https:\/\/www.p31noticias.com.br\/?p=23259#respond"]}],"copyrightYear":"2021","copyrightHolder":{"@id":"https:\/\/www.p31noticias.com.br\/#organization"}},{"@type":"WebPage","@id":"https:\/\/www.p31noticias.com.br\/?p=23259","url":"https:\/\/www.p31noticias.com.br\/?p=23259","name":"Brasil supera 100 milh\u00f5es de vacinas contra covid aplicadas. - P31","isPartOf":{"@id":"https:\/\/www.p31noticias.com.br\/#website"},"primaryImageOfPage":{"@id":"https:\/\/www.p31noticias.com.br\/?p=23259#primaryimage"},"image":{"@id":"https:\/\/www.p31noticias.com.br\/?p=23259#primaryimage"},"thumbnailUrl":"https:\/\/www.p31noticias.com.br\/wp-content\/uploads\/2021\/07\/images-19.jpg","datePublished":"2021-07-01T12:09:15+00:00","dateModified":"2021-07-01T12:12:36+00:00","author":{"@id":"https:\/\/www.p31noticias.com.br\/#\/schema\/person\/95f2ece30e3b4132065b915150cd0f94"},"breadcrumb":{"@id":"https:\/\/www.p31noticias.com.br\/?p=23259#breadcrumb"},"inLanguage":"pt-BR","potentialAction":[{"@type":"ReadAction","target":["https:\/\/www.p31noticias.com.br\/?p=23259"]}]},{"@type":"ImageObject","inLanguage":"pt-BR","@id":"https:\/\/www.p31noticias.com.br\/?p=23259#primaryimage","url":"https:\/\/www.p31noticias.com.br\/wp-content\/uploads\/2021\/07\/images-19.jpg","contentUrl":"https:\/\/www.p31noticias.com.br\/wp-content\/uploads\/2021\/07\/images-19.jpg","width":333,"height":151},{"@type":"BreadcrumbList","@id":"https:\/\/www.p31noticias.com.br\/?p=23259#breadcrumb","itemListElement":[{"@type":"ListItem","position":1,"name":"In\u00edcio","item":"https:\/\/www.p31noticias.com.br\/"},{"@type":"ListItem","position":2,"name":"Brasil supera 100 milh\u00f5es de vacinas contra covid aplicadas."}]},{"@type":"WebSite","@id":"https:\/\/www.p31noticias.com.br\/#website","url":"https:\/\/www.p31noticias.com.br\/","name":"P31","description":"NOT\u00cdCIAS","potentialAction":[{"@type":"SearchAction","target":{"@type":"EntryPoint","urlTemplate":"https:\/\/www.p31noticias.com.br\/?s={search_term_string}"},"query-input":{"@type":"PropertyValueSpecification","valueRequired":true,"valueName":"search_term_string"}}],"inLanguage":"pt-BR"},{"@type":"Person","@id":"https:\/\/www.p31noticias.com.br\/#\/schema\/person\/95f2ece30e3b4132065b915150cd0f94","name":"Gon\u00e7alves Junior","image":{"@type":"ImageObject","inLanguage":"pt-BR","@id":"https:\/\/secure.gravatar.com\/avatar\/6711f350116a89762687a48d66f723c799e5438a5b7578508d4294cd7a5d0800?s=96&d=mm&r=g","url":"https:\/\/secure.gravatar.com\/avatar\/6711f350116a89762687a48d66f723c799e5438a5b7578508d4294cd7a5d0800?s=96&d=mm&r=g","contentUrl":"https:\/\/secure.gravatar.com\/avatar\/6711f350116a89762687a48d66f723c799e5438a5b7578508d4294cd7a5d0800?s=96&d=mm&r=g","caption":"Gon\u00e7alves Junior"},"url":"https:\/\/www.p31noticias.com.br\/?author=2"}]}},"amp_enabled":true,"_links":{"self":[{"href":"https:\/\/www.p31noticias.com.br\/index.php?rest_route=\/wp\/v2\/posts\/23259","targetHints":{"allow":["GET"]}}],"collection":[{"href":"https:\/\/www.p31noticias.com.br\/index.php?rest_route=\/wp\/v2\/posts"}],"about":[{"href":"https:\/\/www.p31noticias.com.br\/index.php?rest_route=\/wp\/v2\/types\/post"}],"author":[{"embeddable":true,"href":"https:\/\/www.p31noticias.com.br\/index.php?rest_route=\/wp\/v2\/users\/2"}],"replies":[{"embeddable":true,"href":"https:\/\/www.p31noticias.com.br\/index.php?rest_route=%2Fwp%2Fv2%2Fcomments&post=23259"}],"version-history":[{"count":2,"href":"https:\/\/www.p31noticias.com.br\/index.php?rest_route=\/wp\/v2\/posts\/23259\/revisions"}],"predecessor-version":[{"id":23262,"href":"https:\/\/www.p31noticias.com.br\/index.php?rest_route=\/wp\/v2\/posts\/23259\/revisions\/23262"}],"wp:featuredmedia":[{"embeddable":true,"href":"https:\/\/www.p31noticias.com.br\/index.php?rest_route=\/wp\/v2\/media\/23260"}],"wp:attachment":[{"href":"https:\/\/www.p31noticias.com.br\/index.php?rest_route=%2Fwp%2Fv2%2Fmedia&parent=23259"}],"wp:term":[{"taxonomy":"category","embeddable":true,"href":"https:\/\/www.p31noticias.com.br\/index.php?rest_route=%2Fwp%2Fv2%2Fcategories&post=23259"},{"taxonomy":"post_tag","embeddable":true,"href":"https:\/\/www.p31noticias.com.br\/index.php?rest_route=%2Fwp%2Fv2%2Ftags&post=23259"}],"curies":[{"name":"wp","href":"https:\/\/api.w.org\/{rel}","templated":true}]}}