{"id":23256,"date":"2021-07-01T08:56:29","date_gmt":"2021-07-01T11:56:29","guid":{"rendered":"https:\/\/p31noticias.com.br\/?p=23256"},"modified":"2021-07-01T09:10:58","modified_gmt":"2021-07-01T12:10:58","slug":"df-ja-tem-100-da-populacao-acima-de-75-anos-imunizada","status":"publish","type":"post","link":"https:\/\/www.p31noticias.com.br\/?p=23256","title":{"rendered":"DF j\u00e1 tem 100% da popula\u00e7\u00e3o acima de 75 anos imunizada."},"content":{"rendered":"<p style=\"text-align: justify;\"><em><strong>Percentual coloca o DF \u00e0 frente dos outros estados no ranking da vacina\u00e7\u00e3o; na faixa et\u00e1ria de 70 a 74, quase 99% tamb\u00e9m j\u00e1 receberam as duas doses.<\/strong><\/em><\/p>\n<p style=\"text-align: justify;\">O Governo do Distrito Federal (GDF), por meio da Secretaria de Sa\u00fade, garantiu a imuniza\u00e7\u00e3o de 100% da popula\u00e7\u00e3o acima dos 75 anos de idade. Isso quer dizer que os cidad\u00e3os desses grupos et\u00e1rios j\u00e1 receberam a primeira e a segunda doses do imunizante, o que coloca a capital do pa\u00eds \u00e0 frente dos outros estados brasileiros.<\/p>\n<blockquote class=\"olho direita\"><p><span class=\"olho__texto h2 clearfix\">\u201cEsse percentual de vacina\u00e7\u00e3o mostra que o Distrito Federal est\u00e1 no rumo certo, realizando a vacina\u00e7\u00e3o de forma segura, com tranquilidade para garantir que as pessoas consigam realizar a imuniza\u00e7\u00e3o completa, sem que ocorra falta de vacinas.\u201d<\/span><span class=\"olho__assinatura block\">Osnei Okumoto, secret\u00e1rio de Sa\u00fade<\/span><\/p><\/blockquote>\n<p style=\"text-align: justify;\">Os dados fazem parte do\u00a0<a href=\"https:\/\/info.saude.df.gov.br\/vacinometro-covid\/\" target=\"_blank\" rel=\"noopener noreferrer\">vacin\u00f4metro<\/a>, p\u00e1gina da secretaria que divulga e atualiza diariamente o avan\u00e7o na vacina\u00e7\u00e3o contra a covid-19 no DF.<\/p>\n<p style=\"text-align: justify;\">Por aqui vivem 42.355 pessoas com mais de 80 anos. Destes, 126,71% j\u00e1 receberam a primeira dose e 112,9% a segunda, ou seja, est\u00e3o completamente imunizados. Os n\u00fameros ultrapassam o limite de 100% porque incluem atendimentos a pessoas vindas de outros estados para se vacinar em Bras\u00edlia.<\/p>\n<p style=\"text-align: justify;\">J\u00e1 entre os 38.594 moradores que t\u00eam de 75 a 79 anos, 113,37% tomaram a primeira dose e 101,98% a segunda. Dos 61.182 cidad\u00e3os que t\u00eam de 70 a 74 anos, 101,68% j\u00e1 passaram pela primeira etapa da campanha, enquanto 98,79% tomaram as duas doses. A expectativa \u00e9 que esse percentual atinja a casa dos 100% nos pr\u00f3ximos dias, fase de vacina\u00e7\u00e3o para quem precisa tomar a vacina da fabricante AstraZeneca \u2013 que leva tr\u00eas meses de intervalo entre as duas.<\/p>\n<p style=\"text-align: justify;\">Secret\u00e1rio de Sa\u00fade do Distrito Federal, Osnei Okumoto afirma que tem recebido a orienta\u00e7\u00e3o do governador Ibaneis Rocha para que as pessoas sejam vacinadas e a pandemia possa ser controlada no tempo mais r\u00e1pido poss\u00edvel. \u201cEsse percentual de vacina\u00e7\u00e3o mostra que o Distrito Federal est\u00e1 no rumo certo, realizando a vacina\u00e7\u00e3o de forma segura, com tranquilidade para garantir que as pessoas consigam realizar a imuniza\u00e7\u00e3o completa, sem que ocorra falta de vacinas\u201d.<\/p>\n<p style=\"text-align: justify;\">\u00c0 frente das coletivas de imprensa no Pal\u00e1cio do Buriti, o secret\u00e1rio da Casa Civil, Gustavo Rocha, acredita que a oferta de vacina, aliada \u00e0 procura da popula\u00e7\u00e3o pelas duas doses, \u00e9 resultado de uma articula\u00e7\u00e3o do governo. \u201cA\u00e7\u00f5es como as campanhas [publicit\u00e1rias] e o contato semanal com os jornalistas refor\u00e7am a import\u00e2ncia da vacina\u00e7\u00e3o, o que pode ser notado com o aumento consider\u00e1vel da procura nos postos.\u201d<\/p>\n","protected":false},"excerpt":{"rendered":"<p>Percentual coloca o DF \u00e0 frente dos outros estados no ranking da vacina\u00e7\u00e3o; na faixa et\u00e1ria de 70 a 74, quase 99% tamb\u00e9m j\u00e1 receberam as duas doses. O Governo do Distrito Federal (GDF), por meio da Secretaria de Sa\u00fade, garantiu a imuniza\u00e7\u00e3o de 100% da popula\u00e7\u00e3o acima dos 75 anos de idade. Isso quer [&hellip;]<\/p>\n","protected":false},"author":2,"featured_media":23257,"comment_status":"open","ping_status":"open","sticky":false,"template":"","format":"standard","meta":{"footnotes":""},"categories":[21],"tags":[],"class_list":{"0":"post-23256","1":"post","2":"type-post","3":"status-publish","4":"format-standard","5":"has-post-thumbnail","7":"category-brasilia"},"yoast_head":"<!-- This site is optimized with the Yoast SEO Premium plugin v24.5 (Yoast SEO v27.5) - https:\/\/yoast.com\/product\/yoast-seo-premium-wordpress\/ -->\n<title>DF j\u00e1 tem 100% da popula\u00e7\u00e3o acima de 75 anos imunizada. - P31<\/title>\n<meta name=\"robots\" content=\"index, follow, max-snippet:-1, max-image-preview:large, max-video-preview:-1\" \/>\n<link rel=\"canonical\" href=\"https:\/\/www.p31noticias.com.br\/?p=23256\" \/>\n<meta property=\"og:locale\" content=\"pt_BR\" \/>\n<meta property=\"og:type\" content=\"article\" \/>\n<meta property=\"og:title\" content=\"DF j\u00e1 tem 100% da popula\u00e7\u00e3o acima de 75 anos imunizada.\" \/>\n<meta property=\"og:description\" content=\"Percentual coloca o DF \u00e0 frente dos outros estados no ranking da vacina\u00e7\u00e3o; na faixa et\u00e1ria de 70 a 74, quase 99% tamb\u00e9m j\u00e1 receberam as duas doses. O Governo do Distrito Federal (GDF), por meio da Secretaria de Sa\u00fade, garantiu a imuniza\u00e7\u00e3o de 100% da popula\u00e7\u00e3o acima dos 75 anos de idade. Isso quer [&hellip;]\" \/>\n<meta property=\"og:url\" content=\"https:\/\/www.p31noticias.com.br\/?p=23256\" \/>\n<meta property=\"og:site_name\" content=\"P31\" \/>\n<meta property=\"article:published_time\" content=\"2021-07-01T11:56:29+00:00\" \/>\n<meta property=\"article:modified_time\" content=\"2021-07-01T12:10:58+00:00\" \/>\n<meta property=\"og:image\" content=\"https:\/\/www.p31noticias.com.br\/wp-content\/uploads\/2021\/07\/download-7.jpg\" \/>\n\t<meta property=\"og:image:width\" content=\"290\" \/>\n\t<meta property=\"og:image:height\" content=\"174\" \/>\n\t<meta property=\"og:image:type\" content=\"image\/jpeg\" \/>\n<meta name=\"author\" content=\"Gon\u00e7alves Junior\" \/>\n<meta name=\"twitter:card\" content=\"summary_large_image\" \/>\n<meta name=\"twitter:label1\" content=\"Escrito por\" \/>\n\t<meta name=\"twitter:data1\" content=\"Gon\u00e7alves Junior\" \/>\n\t<meta name=\"twitter:label2\" content=\"Est. tempo de leitura\" \/>\n\t<meta name=\"twitter:data2\" content=\"2 minutos\" \/>\n<script type=\"application\/ld+json\" class=\"yoast-schema-graph\">{\"@context\":\"https:\\\/\\\/schema.org\",\"@graph\":[{\"@type\":\"Article\",\"@id\":\"https:\\\/\\\/www.p31noticias.com.br\\\/?p=23256#article\",\"isPartOf\":{\"@id\":\"https:\\\/\\\/www.p31noticias.com.br\\\/?p=23256\"},\"author\":{\"name\":\"Gon\u00e7alves Junior\",\"@id\":\"https:\\\/\\\/www.p31noticias.com.br\\\/#\\\/schema\\\/person\\\/95f2ece30e3b4132065b915150cd0f94\"},\"headline\":\"DF j\u00e1 tem 100% da popula\u00e7\u00e3o acima de 75 anos imunizada.\",\"datePublished\":\"2021-07-01T11:56:29+00:00\",\"dateModified\":\"2021-07-01T12:10:58+00:00\",\"mainEntityOfPage\":{\"@id\":\"https:\\\/\\\/www.p31noticias.com.br\\\/?p=23256\"},\"wordCount\":445,\"commentCount\":2,\"image\":{\"@id\":\"https:\\\/\\\/www.p31noticias.com.br\\\/?p=23256#primaryimage\"},\"thumbnailUrl\":\"https:\\\/\\\/www.p31noticias.com.br\\\/wp-content\\\/uploads\\\/2021\\\/07\\\/download-7.jpg\",\"articleSection\":[\"Bras\u00edlia\"],\"inLanguage\":\"pt-BR\",\"potentialAction\":[{\"@type\":\"CommentAction\",\"name\":\"Comment\",\"target\":[\"https:\\\/\\\/www.p31noticias.com.br\\\/?p=23256#respond\"]}],\"copyrightYear\":\"2021\",\"copyrightHolder\":{\"@id\":\"https:\\\/\\\/www.p31noticias.com.br\\\/#organization\"}},{\"@type\":\"WebPage\",\"@id\":\"https:\\\/\\\/www.p31noticias.com.br\\\/?p=23256\",\"url\":\"https:\\\/\\\/www.p31noticias.com.br\\\/?p=23256\",\"name\":\"DF j\u00e1 tem 100% da popula\u00e7\u00e3o acima de 75 anos imunizada. - P31\",\"isPartOf\":{\"@id\":\"https:\\\/\\\/www.p31noticias.com.br\\\/#website\"},\"primaryImageOfPage\":{\"@id\":\"https:\\\/\\\/www.p31noticias.com.br\\\/?p=23256#primaryimage\"},\"image\":{\"@id\":\"https:\\\/\\\/www.p31noticias.com.br\\\/?p=23256#primaryimage\"},\"thumbnailUrl\":\"https:\\\/\\\/www.p31noticias.com.br\\\/wp-content\\\/uploads\\\/2021\\\/07\\\/download-7.jpg\",\"datePublished\":\"2021-07-01T11:56:29+00:00\",\"dateModified\":\"2021-07-01T12:10:58+00:00\",\"author\":{\"@id\":\"https:\\\/\\\/www.p31noticias.com.br\\\/#\\\/schema\\\/person\\\/95f2ece30e3b4132065b915150cd0f94\"},\"breadcrumb\":{\"@id\":\"https:\\\/\\\/www.p31noticias.com.br\\\/?p=23256#breadcrumb\"},\"inLanguage\":\"pt-BR\",\"potentialAction\":[{\"@type\":\"ReadAction\",\"target\":[\"https:\\\/\\\/www.p31noticias.com.br\\\/?p=23256\"]}]},{\"@type\":\"ImageObject\",\"inLanguage\":\"pt-BR\",\"@id\":\"https:\\\/\\\/www.p31noticias.com.br\\\/?p=23256#primaryimage\",\"url\":\"https:\\\/\\\/www.p31noticias.com.br\\\/wp-content\\\/uploads\\\/2021\\\/07\\\/download-7.jpg\",\"contentUrl\":\"https:\\\/\\\/www.p31noticias.com.br\\\/wp-content\\\/uploads\\\/2021\\\/07\\\/download-7.jpg\",\"width\":290,\"height\":174},{\"@type\":\"BreadcrumbList\",\"@id\":\"https:\\\/\\\/www.p31noticias.com.br\\\/?p=23256#breadcrumb\",\"itemListElement\":[{\"@type\":\"ListItem\",\"position\":1,\"name\":\"In\u00edcio\",\"item\":\"https:\\\/\\\/www.p31noticias.com.br\\\/\"},{\"@type\":\"ListItem\",\"position\":2,\"name\":\"DF j\u00e1 tem 100% da popula\u00e7\u00e3o acima de 75 anos imunizada.\"}]},{\"@type\":\"WebSite\",\"@id\":\"https:\\\/\\\/www.p31noticias.com.br\\\/#website\",\"url\":\"https:\\\/\\\/www.p31noticias.com.br\\\/\",\"name\":\"P31\",\"description\":\"NOT\u00cdCIAS\",\"potentialAction\":[{\"@type\":\"SearchAction\",\"target\":{\"@type\":\"EntryPoint\",\"urlTemplate\":\"https:\\\/\\\/www.p31noticias.com.br\\\/?s={search_term_string}\"},\"query-input\":{\"@type\":\"PropertyValueSpecification\",\"valueRequired\":true,\"valueName\":\"search_term_string\"}}],\"inLanguage\":\"pt-BR\"},{\"@type\":\"Person\",\"@id\":\"https:\\\/\\\/www.p31noticias.com.br\\\/#\\\/schema\\\/person\\\/95f2ece30e3b4132065b915150cd0f94\",\"name\":\"Gon\u00e7alves Junior\",\"image\":{\"@type\":\"ImageObject\",\"inLanguage\":\"pt-BR\",\"@id\":\"https:\\\/\\\/secure.gravatar.com\\\/avatar\\\/6711f350116a89762687a48d66f723c799e5438a5b7578508d4294cd7a5d0800?s=96&d=mm&r=g\",\"url\":\"https:\\\/\\\/secure.gravatar.com\\\/avatar\\\/6711f350116a89762687a48d66f723c799e5438a5b7578508d4294cd7a5d0800?s=96&d=mm&r=g\",\"contentUrl\":\"https:\\\/\\\/secure.gravatar.com\\\/avatar\\\/6711f350116a89762687a48d66f723c799e5438a5b7578508d4294cd7a5d0800?s=96&d=mm&r=g\",\"caption\":\"Gon\u00e7alves Junior\"},\"url\":\"https:\\\/\\\/www.p31noticias.com.br\\\/?author=2\"}]}<\/script>\n<!-- \/ Yoast SEO Premium plugin. -->","yoast_head_json":{"title":"DF j\u00e1 tem 100% da popula\u00e7\u00e3o acima de 75 anos imunizada. - P31","robots":{"index":"index","follow":"follow","max-snippet":"max-snippet:-1","max-image-preview":"max-image-preview:large","max-video-preview":"max-video-preview:-1"},"canonical":"https:\/\/www.p31noticias.com.br\/?p=23256","og_locale":"pt_BR","og_type":"article","og_title":"DF j\u00e1 tem 100% da popula\u00e7\u00e3o acima de 75 anos imunizada.","og_description":"Percentual coloca o DF \u00e0 frente dos outros estados no ranking da vacina\u00e7\u00e3o; na faixa et\u00e1ria de 70 a 74, quase 99% tamb\u00e9m j\u00e1 receberam as duas doses. O Governo do Distrito Federal (GDF), por meio da Secretaria de Sa\u00fade, garantiu a imuniza\u00e7\u00e3o de 100% da popula\u00e7\u00e3o acima dos 75 anos de idade. Isso quer [&hellip;]","og_url":"https:\/\/www.p31noticias.com.br\/?p=23256","og_site_name":"P31","article_published_time":"2021-07-01T11:56:29+00:00","article_modified_time":"2021-07-01T12:10:58+00:00","og_image":[{"width":290,"height":174,"url":"https:\/\/www.p31noticias.com.br\/wp-content\/uploads\/2021\/07\/download-7.jpg","type":"image\/jpeg"}],"author":"Gon\u00e7alves Junior","twitter_card":"summary_large_image","twitter_misc":{"Escrito por":"Gon\u00e7alves Junior","Est. tempo de leitura":"2 minutos"},"schema":{"@context":"https:\/\/schema.org","@graph":[{"@type":"Article","@id":"https:\/\/www.p31noticias.com.br\/?p=23256#article","isPartOf":{"@id":"https:\/\/www.p31noticias.com.br\/?p=23256"},"author":{"name":"Gon\u00e7alves Junior","@id":"https:\/\/www.p31noticias.com.br\/#\/schema\/person\/95f2ece30e3b4132065b915150cd0f94"},"headline":"DF j\u00e1 tem 100% da popula\u00e7\u00e3o acima de 75 anos imunizada.","datePublished":"2021-07-01T11:56:29+00:00","dateModified":"2021-07-01T12:10:58+00:00","mainEntityOfPage":{"@id":"https:\/\/www.p31noticias.com.br\/?p=23256"},"wordCount":445,"commentCount":2,"image":{"@id":"https:\/\/www.p31noticias.com.br\/?p=23256#primaryimage"},"thumbnailUrl":"https:\/\/www.p31noticias.com.br\/wp-content\/uploads\/2021\/07\/download-7.jpg","articleSection":["Bras\u00edlia"],"inLanguage":"pt-BR","potentialAction":[{"@type":"CommentAction","name":"Comment","target":["https:\/\/www.p31noticias.com.br\/?p=23256#respond"]}],"copyrightYear":"2021","copyrightHolder":{"@id":"https:\/\/www.p31noticias.com.br\/#organization"}},{"@type":"WebPage","@id":"https:\/\/www.p31noticias.com.br\/?p=23256","url":"https:\/\/www.p31noticias.com.br\/?p=23256","name":"DF j\u00e1 tem 100% da popula\u00e7\u00e3o acima de 75 anos imunizada. - P31","isPartOf":{"@id":"https:\/\/www.p31noticias.com.br\/#website"},"primaryImageOfPage":{"@id":"https:\/\/www.p31noticias.com.br\/?p=23256#primaryimage"},"image":{"@id":"https:\/\/www.p31noticias.com.br\/?p=23256#primaryimage"},"thumbnailUrl":"https:\/\/www.p31noticias.com.br\/wp-content\/uploads\/2021\/07\/download-7.jpg","datePublished":"2021-07-01T11:56:29+00:00","dateModified":"2021-07-01T12:10:58+00:00","author":{"@id":"https:\/\/www.p31noticias.com.br\/#\/schema\/person\/95f2ece30e3b4132065b915150cd0f94"},"breadcrumb":{"@id":"https:\/\/www.p31noticias.com.br\/?p=23256#breadcrumb"},"inLanguage":"pt-BR","potentialAction":[{"@type":"ReadAction","target":["https:\/\/www.p31noticias.com.br\/?p=23256"]}]},{"@type":"ImageObject","inLanguage":"pt-BR","@id":"https:\/\/www.p31noticias.com.br\/?p=23256#primaryimage","url":"https:\/\/www.p31noticias.com.br\/wp-content\/uploads\/2021\/07\/download-7.jpg","contentUrl":"https:\/\/www.p31noticias.com.br\/wp-content\/uploads\/2021\/07\/download-7.jpg","width":290,"height":174},{"@type":"BreadcrumbList","@id":"https:\/\/www.p31noticias.com.br\/?p=23256#breadcrumb","itemListElement":[{"@type":"ListItem","position":1,"name":"In\u00edcio","item":"https:\/\/www.p31noticias.com.br\/"},{"@type":"ListItem","position":2,"name":"DF j\u00e1 tem 100% da popula\u00e7\u00e3o acima de 75 anos imunizada."}]},{"@type":"WebSite","@id":"https:\/\/www.p31noticias.com.br\/#website","url":"https:\/\/www.p31noticias.com.br\/","name":"P31","description":"NOT\u00cdCIAS","potentialAction":[{"@type":"SearchAction","target":{"@type":"EntryPoint","urlTemplate":"https:\/\/www.p31noticias.com.br\/?s={search_term_string}"},"query-input":{"@type":"PropertyValueSpecification","valueRequired":true,"valueName":"search_term_string"}}],"inLanguage":"pt-BR"},{"@type":"Person","@id":"https:\/\/www.p31noticias.com.br\/#\/schema\/person\/95f2ece30e3b4132065b915150cd0f94","name":"Gon\u00e7alves Junior","image":{"@type":"ImageObject","inLanguage":"pt-BR","@id":"https:\/\/secure.gravatar.com\/avatar\/6711f350116a89762687a48d66f723c799e5438a5b7578508d4294cd7a5d0800?s=96&d=mm&r=g","url":"https:\/\/secure.gravatar.com\/avatar\/6711f350116a89762687a48d66f723c799e5438a5b7578508d4294cd7a5d0800?s=96&d=mm&r=g","contentUrl":"https:\/\/secure.gravatar.com\/avatar\/6711f350116a89762687a48d66f723c799e5438a5b7578508d4294cd7a5d0800?s=96&d=mm&r=g","caption":"Gon\u00e7alves Junior"},"url":"https:\/\/www.p31noticias.com.br\/?author=2"}]}},"amp_enabled":true,"_links":{"self":[{"href":"https:\/\/www.p31noticias.com.br\/index.php?rest_route=\/wp\/v2\/posts\/23256","targetHints":{"allow":["GET"]}}],"collection":[{"href":"https:\/\/www.p31noticias.com.br\/index.php?rest_route=\/wp\/v2\/posts"}],"about":[{"href":"https:\/\/www.p31noticias.com.br\/index.php?rest_route=\/wp\/v2\/types\/post"}],"author":[{"embeddable":true,"href":"https:\/\/www.p31noticias.com.br\/index.php?rest_route=\/wp\/v2\/users\/2"}],"replies":[{"embeddable":true,"href":"https:\/\/www.p31noticias.com.br\/index.php?rest_route=%2Fwp%2Fv2%2Fcomments&post=23256"}],"version-history":[{"count":1,"href":"https:\/\/www.p31noticias.com.br\/index.php?rest_route=\/wp\/v2\/posts\/23256\/revisions"}],"predecessor-version":[{"id":23258,"href":"https:\/\/www.p31noticias.com.br\/index.php?rest_route=\/wp\/v2\/posts\/23256\/revisions\/23258"}],"wp:featuredmedia":[{"embeddable":true,"href":"https:\/\/www.p31noticias.com.br\/index.php?rest_route=\/wp\/v2\/media\/23257"}],"wp:attachment":[{"href":"https:\/\/www.p31noticias.com.br\/index.php?rest_route=%2Fwp%2Fv2%2Fmedia&parent=23256"}],"wp:term":[{"taxonomy":"category","embeddable":true,"href":"https:\/\/www.p31noticias.com.br\/index.php?rest_route=%2Fwp%2Fv2%2Fcategories&post=23256"},{"taxonomy":"post_tag","embeddable":true,"href":"https:\/\/www.p31noticias.com.br\/index.php?rest_route=%2Fwp%2Fv2%2Ftags&post=23256"}],"curies":[{"name":"wp","href":"https:\/\/api.w.org\/{rel}","templated":true}]}}