{"id":23248,"date":"2021-07-01T09:12:14","date_gmt":"2021-07-01T12:12:14","guid":{"rendered":"https:\/\/p31noticias.com.br\/?p=23248"},"modified":"2021-07-01T09:12:14","modified_gmt":"2021-07-01T12:12:14","slug":"prova-de-vida-para-servidores-inativos-volta-a-ser-exigida-hoje","status":"publish","type":"post","link":"https:\/\/www.p31noticias.com.br\/?p=23248","title":{"rendered":"Prova de vida para servidores inativos volta a ser exigida hoje."},"content":{"rendered":"<div class=\"row\">\n<h3 class=\"col-10 offset-1 animated fadeInDown dealy-900 display-8 display-md-8 alt-font font-italic my-1 text-center\"><em><strong>Procedimento deve ser feito at\u00e9 30 de setembro.<\/strong><\/em><\/h3>\n<div class=\"post-item-wrap\">\n<p style=\"text-align: justify;\">Os servidores do Poder Executivo aposentados e pensionistas, que recebem pelo Regime Pr\u00f3prio de Previd\u00eancia Social, dever\u00e3o voltar a fazer a prova de vida a partir de\u00a0hoje\u00a0(1\u00ba) para n\u00e3o terem os benef\u00edcios cortados. Suspenso desde mar\u00e7o de 2020 por causa da pandemia de covid-19, o procedimento deve ser feito at\u00e9\u00a030 de setembro, na maioria dos casos.<img decoding=\"async\" src=\"https:\/\/agenciabrasil.ebc.com.br\/ebc.png?id=1414342&amp;o=node\" \/><img decoding=\"async\" src=\"https:\/\/agenciabrasil.ebc.com.br\/ebc.gif?id=1414342&amp;o=node\" \/><\/p>\n<p style=\"text-align: justify;\">A obriga\u00e7\u00e3o tamb\u00e9m vale para os anistiados pol\u00edticos civis. O calend\u00e1rio ser\u00e1 escalonado de acordo com o m\u00eas de nascimento. Quem nasceu\u00a0de janeiro\u00a0a julho tem at\u00e9\u00a030 de setembro\u00a0para fazer a prova de vida de 2020 e de 2021. Quem nasceu nos meses seguintes obedece a um cronograma distinto para a prova de vida de cada ano, conforme o calend\u00e1rio abaixo.<\/p>\n<div class=\"dnd-widget-wrapper context-cheio_8colunas type-image\">\n<div class=\"dnd-atom-rendered\">\n<div class=\"shadow overflow-hidden rounded-lg d-block zoom-on-hover-sm shadow-hover w-100\"><img decoding=\"async\" class=\"flex-fill img-cover\" title=\"Arte\/Ag\u00eancia Brasil\" src=\"https:\/\/imagens.ebc.com.br\/4vxTTgspHVo1PuKzDRncUtiWvN8=\/754x0\/smart\/https:\/\/agenciabrasil.ebc.com.br\/sites\/default\/files\/thumbnails\/image\/tabelas-prova-de-vida.png?itok=wIOba7Gl\" alt=\"Calend\u00e1rio de novos prazos para Prova de Vida.\" \/><\/div>\n<\/div>\n<div class=\"dnd-caption-wrapper\">\n<div class=\"meta\" style=\"text-align: justify;\">Calend\u00e1rio de novos prazos para prova de vida. &#8211;\u00a0<strong>Arte\/Ag\u00eancia Brasil<\/strong><\/div>\n<\/div>\n<\/div>\n<p style=\"text-align: justify;\">A prova de vida deve ser feita na ag\u00eancia banc\u00e1ria onde o servidor inativo, pensionista ou anistiado pol\u00edtico recebe o pagamento. Algumas institui\u00e7\u00f5es financeiras oferecem canais digitais, como caixas eletr\u00f4nicos e aplicativos m\u00f3veis. O cidad\u00e3o deve consultar as op\u00e7\u00f5es dispon\u00edveis no seu banco.<\/p>\n<p style=\"text-align: justify;\">Caso tenha biometria cadastrada no Tribunal Superior Eleitoral (TSE) ou no Departamento Nacional de Tr\u00e2nsito (Denatran), o procedimento pode ser feito pelo celular, no aplicativo<a href=\"https:\/\/sso.acesso.gov.br\/login?client_id=contas.acesso.gov.br&amp;authorization_id=17a614d8525\" target=\"_blank\" rel=\"noopener noreferrer\">\u00a0Meu Gov.br<\/a>. As orienta\u00e7\u00f5es para a prova de vida digital est\u00e3o dispon\u00edveis no aplicativo\u00a0<a href=\"https:\/\/www.gov.br\/servidor\/pt-br\/acesso-a-informacao\/faq\/sou-gov.br\/prova-de-vida\/prova-de-vida\" target=\"_blank\" rel=\"noopener noreferrer\">SouGov.br<\/a>.<\/p>\n<p style=\"text-align: justify;\">Casos excepcionais, como benefici\u00e1rios internados em unidades de sa\u00fade ou encarcerados ou visitas t\u00e9cnicas para quem n\u00e3o pode se deslocar, s\u00e3o regulamentadas pela\u00a0<a href=\"https:\/\/www.in.gov.br\/en\/web\/dou\/-\/portaria-n-244-de-15-de-junho-de-2020-261997403\" target=\"_blank\" rel=\"noopener noreferrer\">Portaria 244<\/a>\u00a0e pela\u00a0<a href=\"https:\/\/www.in.gov.br\/en\/web\/dou\/-\/instrucao-normativa-n-45-de-15-de-junho-de-2020-261921271\" target=\"_blank\" rel=\"noopener noreferrer\">Instru\u00e7\u00e3o Normativa 45<\/a>.<\/p>\n<p style=\"text-align: justify;\">Quem n\u00e3o fizer a comprova\u00e7\u00e3o de vida at\u00e9 o fim deste m\u00eas ser\u00e1 notificado at\u00e9\u00a010 de agosto, para faz\u00ea-la em at\u00e9 30 dias a partir do recebimento da notifica\u00e7\u00e3o. Mesmo assim, o Minist\u00e9rio da Economia informa que a data limite, na maioria dos casos est\u00e1 definida para\u00a030 de setembro. O procedimento deve ser feito uma vez por ano, no m\u00eas do anivers\u00e1rio.<\/p>\n<p style=\"text-align: justify;\">A prova de vida tamb\u00e9m vale para os benefici\u00e1rios com pagamento suspenso ou que chegaram a\u00a0ter\u00a0os pagamentos cortados e pediram o restabelecimento do benef\u00edcio no Sigepe, sistema de dados cadastrais do servi\u00e7o p\u00fablico federal. Os prazos e as condi\u00e7\u00f5es s\u00e3o os mesmos que para os demais benefici\u00e1rios inativos.<\/p>\n<p style=\"text-align: justify;\">Outras informa\u00e7\u00f5es podem ser obtidas no\u00a0<a href=\"https:\/\/www.gov.br\/servidor\/pt-br\/acesso-a-informacao\/servidor\/recadastramento\" target=\"_blank\" rel=\"noopener noreferrer\">Portal do Servidor<\/a>.<\/p>\n<p>Ag\u00eancia Brasil.<\/p>\n<\/div>\n<\/div>\n","protected":false},"excerpt":{"rendered":"<p>Procedimento deve ser feito at\u00e9 30 de setembro. Os servidores do Poder Executivo aposentados e pensionistas, que recebem pelo Regime Pr\u00f3prio de Previd\u00eancia Social, dever\u00e3o voltar a fazer a prova de vida a partir de\u00a0hoje\u00a0(1\u00ba) para n\u00e3o terem os benef\u00edcios cortados. Suspenso desde mar\u00e7o de 2020 por causa da pandemia de covid-19, o procedimento deve [&hellip;]<\/p>\n","protected":false},"author":2,"featured_media":23249,"comment_status":"open","ping_status":"open","sticky":false,"template":"","format":"standard","meta":{"footnotes":""},"categories":[1],"tags":[],"class_list":{"0":"post-23248","1":"post","2":"type-post","3":"status-publish","4":"format-standard","5":"has-post-thumbnail","7":"category-outros"},"yoast_head":"<!-- This site is optimized with the Yoast SEO Premium plugin v24.5 (Yoast SEO v27.5) - https:\/\/yoast.com\/product\/yoast-seo-premium-wordpress\/ -->\n<title>Prova de vida para servidores inativos volta a ser exigida hoje. - P31<\/title>\n<meta name=\"robots\" content=\"index, follow, max-snippet:-1, max-image-preview:large, max-video-preview:-1\" \/>\n<link rel=\"canonical\" href=\"https:\/\/www.p31noticias.com.br\/?p=23248\" \/>\n<meta property=\"og:locale\" content=\"pt_BR\" \/>\n<meta property=\"og:type\" content=\"article\" \/>\n<meta property=\"og:title\" content=\"Prova de vida para servidores inativos volta a ser exigida hoje.\" \/>\n<meta property=\"og:description\" content=\"Procedimento deve ser feito at\u00e9 30 de setembro. Os servidores do Poder Executivo aposentados e pensionistas, que recebem pelo Regime Pr\u00f3prio de Previd\u00eancia Social, dever\u00e3o voltar a fazer a prova de vida a partir de\u00a0hoje\u00a0(1\u00ba) para n\u00e3o terem os benef\u00edcios cortados. Suspenso desde mar\u00e7o de 2020 por causa da pandemia de covid-19, o procedimento deve [&hellip;]\" \/>\n<meta property=\"og:url\" content=\"https:\/\/www.p31noticias.com.br\/?p=23248\" \/>\n<meta property=\"og:site_name\" content=\"P31\" \/>\n<meta property=\"article:published_time\" content=\"2021-07-01T12:12:14+00:00\" \/>\n<meta property=\"og:image\" content=\"https:\/\/www.p31noticias.com.br\/wp-content\/uploads\/2021\/07\/mc_previdencia_socialsantos_fc2108200888.jpg\" \/>\n\t<meta property=\"og:image:width\" content=\"1170\" \/>\n\t<meta property=\"og:image:height\" content=\"700\" \/>\n\t<meta property=\"og:image:type\" content=\"image\/jpeg\" \/>\n<meta name=\"author\" content=\"Gon\u00e7alves Junior\" \/>\n<meta name=\"twitter:card\" content=\"summary_large_image\" \/>\n<meta name=\"twitter:label1\" content=\"Escrito por\" \/>\n\t<meta name=\"twitter:data1\" content=\"Gon\u00e7alves Junior\" \/>\n\t<meta name=\"twitter:label2\" content=\"Est. tempo de leitura\" \/>\n\t<meta name=\"twitter:data2\" content=\"2 minutos\" \/>\n<script type=\"application\/ld+json\" class=\"yoast-schema-graph\">{\"@context\":\"https:\\\/\\\/schema.org\",\"@graph\":[{\"@type\":\"Article\",\"@id\":\"https:\\\/\\\/www.p31noticias.com.br\\\/?p=23248#article\",\"isPartOf\":{\"@id\":\"https:\\\/\\\/www.p31noticias.com.br\\\/?p=23248\"},\"author\":{\"name\":\"Gon\u00e7alves Junior\",\"@id\":\"https:\\\/\\\/www.p31noticias.com.br\\\/#\\\/schema\\\/person\\\/95f2ece30e3b4132065b915150cd0f94\"},\"headline\":\"Prova de vida para servidores inativos volta a ser exigida hoje.\",\"datePublished\":\"2021-07-01T12:12:14+00:00\",\"mainEntityOfPage\":{\"@id\":\"https:\\\/\\\/www.p31noticias.com.br\\\/?p=23248\"},\"wordCount\":433,\"commentCount\":0,\"image\":{\"@id\":\"https:\\\/\\\/www.p31noticias.com.br\\\/?p=23248#primaryimage\"},\"thumbnailUrl\":\"https:\\\/\\\/www.p31noticias.com.br\\\/wp-content\\\/uploads\\\/2021\\\/07\\\/mc_previdencia_socialsantos_fc2108200888.jpg\",\"articleSection\":[\"Outros\"],\"inLanguage\":\"pt-BR\",\"potentialAction\":[{\"@type\":\"CommentAction\",\"name\":\"Comment\",\"target\":[\"https:\\\/\\\/www.p31noticias.com.br\\\/?p=23248#respond\"]}],\"copyrightYear\":\"2021\",\"copyrightHolder\":{\"@id\":\"https:\\\/\\\/www.p31noticias.com.br\\\/#organization\"}},{\"@type\":\"WebPage\",\"@id\":\"https:\\\/\\\/www.p31noticias.com.br\\\/?p=23248\",\"url\":\"https:\\\/\\\/www.p31noticias.com.br\\\/?p=23248\",\"name\":\"Prova de vida para servidores inativos volta a ser exigida hoje. - P31\",\"isPartOf\":{\"@id\":\"https:\\\/\\\/www.p31noticias.com.br\\\/#website\"},\"primaryImageOfPage\":{\"@id\":\"https:\\\/\\\/www.p31noticias.com.br\\\/?p=23248#primaryimage\"},\"image\":{\"@id\":\"https:\\\/\\\/www.p31noticias.com.br\\\/?p=23248#primaryimage\"},\"thumbnailUrl\":\"https:\\\/\\\/www.p31noticias.com.br\\\/wp-content\\\/uploads\\\/2021\\\/07\\\/mc_previdencia_socialsantos_fc2108200888.jpg\",\"datePublished\":\"2021-07-01T12:12:14+00:00\",\"author\":{\"@id\":\"https:\\\/\\\/www.p31noticias.com.br\\\/#\\\/schema\\\/person\\\/95f2ece30e3b4132065b915150cd0f94\"},\"breadcrumb\":{\"@id\":\"https:\\\/\\\/www.p31noticias.com.br\\\/?p=23248#breadcrumb\"},\"inLanguage\":\"pt-BR\",\"potentialAction\":[{\"@type\":\"ReadAction\",\"target\":[\"https:\\\/\\\/www.p31noticias.com.br\\\/?p=23248\"]}]},{\"@type\":\"ImageObject\",\"inLanguage\":\"pt-BR\",\"@id\":\"https:\\\/\\\/www.p31noticias.com.br\\\/?p=23248#primaryimage\",\"url\":\"https:\\\/\\\/www.p31noticias.com.br\\\/wp-content\\\/uploads\\\/2021\\\/07\\\/mc_previdencia_socialsantos_fc2108200888.jpg\",\"contentUrl\":\"https:\\\/\\\/www.p31noticias.com.br\\\/wp-content\\\/uploads\\\/2021\\\/07\\\/mc_previdencia_socialsantos_fc2108200888.jpg\",\"width\":1170,\"height\":700,\"caption\":\"Instituto Nacional do Seguro Social (INSS)\"},{\"@type\":\"BreadcrumbList\",\"@id\":\"https:\\\/\\\/www.p31noticias.com.br\\\/?p=23248#breadcrumb\",\"itemListElement\":[{\"@type\":\"ListItem\",\"position\":1,\"name\":\"In\u00edcio\",\"item\":\"https:\\\/\\\/www.p31noticias.com.br\\\/\"},{\"@type\":\"ListItem\",\"position\":2,\"name\":\"Prova de vida para servidores inativos volta a ser exigida hoje.\"}]},{\"@type\":\"WebSite\",\"@id\":\"https:\\\/\\\/www.p31noticias.com.br\\\/#website\",\"url\":\"https:\\\/\\\/www.p31noticias.com.br\\\/\",\"name\":\"P31\",\"description\":\"NOT\u00cdCIAS\",\"potentialAction\":[{\"@type\":\"SearchAction\",\"target\":{\"@type\":\"EntryPoint\",\"urlTemplate\":\"https:\\\/\\\/www.p31noticias.com.br\\\/?s={search_term_string}\"},\"query-input\":{\"@type\":\"PropertyValueSpecification\",\"valueRequired\":true,\"valueName\":\"search_term_string\"}}],\"inLanguage\":\"pt-BR\"},{\"@type\":\"Person\",\"@id\":\"https:\\\/\\\/www.p31noticias.com.br\\\/#\\\/schema\\\/person\\\/95f2ece30e3b4132065b915150cd0f94\",\"name\":\"Gon\u00e7alves Junior\",\"image\":{\"@type\":\"ImageObject\",\"inLanguage\":\"pt-BR\",\"@id\":\"https:\\\/\\\/secure.gravatar.com\\\/avatar\\\/6711f350116a89762687a48d66f723c799e5438a5b7578508d4294cd7a5d0800?s=96&d=mm&r=g\",\"url\":\"https:\\\/\\\/secure.gravatar.com\\\/avatar\\\/6711f350116a89762687a48d66f723c799e5438a5b7578508d4294cd7a5d0800?s=96&d=mm&r=g\",\"contentUrl\":\"https:\\\/\\\/secure.gravatar.com\\\/avatar\\\/6711f350116a89762687a48d66f723c799e5438a5b7578508d4294cd7a5d0800?s=96&d=mm&r=g\",\"caption\":\"Gon\u00e7alves Junior\"},\"url\":\"https:\\\/\\\/www.p31noticias.com.br\\\/?author=2\"}]}<\/script>\n<!-- \/ Yoast SEO Premium plugin. -->","yoast_head_json":{"title":"Prova de vida para servidores inativos volta a ser exigida hoje. - P31","robots":{"index":"index","follow":"follow","max-snippet":"max-snippet:-1","max-image-preview":"max-image-preview:large","max-video-preview":"max-video-preview:-1"},"canonical":"https:\/\/www.p31noticias.com.br\/?p=23248","og_locale":"pt_BR","og_type":"article","og_title":"Prova de vida para servidores inativos volta a ser exigida hoje.","og_description":"Procedimento deve ser feito at\u00e9 30 de setembro. Os servidores do Poder Executivo aposentados e pensionistas, que recebem pelo Regime Pr\u00f3prio de Previd\u00eancia Social, dever\u00e3o voltar a fazer a prova de vida a partir de\u00a0hoje\u00a0(1\u00ba) para n\u00e3o terem os benef\u00edcios cortados. Suspenso desde mar\u00e7o de 2020 por causa da pandemia de covid-19, o procedimento deve [&hellip;]","og_url":"https:\/\/www.p31noticias.com.br\/?p=23248","og_site_name":"P31","article_published_time":"2021-07-01T12:12:14+00:00","og_image":[{"width":1170,"height":700,"url":"https:\/\/www.p31noticias.com.br\/wp-content\/uploads\/2021\/07\/mc_previdencia_socialsantos_fc2108200888.jpg","type":"image\/jpeg"}],"author":"Gon\u00e7alves Junior","twitter_card":"summary_large_image","twitter_misc":{"Escrito por":"Gon\u00e7alves Junior","Est. tempo de leitura":"2 minutos"},"schema":{"@context":"https:\/\/schema.org","@graph":[{"@type":"Article","@id":"https:\/\/www.p31noticias.com.br\/?p=23248#article","isPartOf":{"@id":"https:\/\/www.p31noticias.com.br\/?p=23248"},"author":{"name":"Gon\u00e7alves Junior","@id":"https:\/\/www.p31noticias.com.br\/#\/schema\/person\/95f2ece30e3b4132065b915150cd0f94"},"headline":"Prova de vida para servidores inativos volta a ser exigida hoje.","datePublished":"2021-07-01T12:12:14+00:00","mainEntityOfPage":{"@id":"https:\/\/www.p31noticias.com.br\/?p=23248"},"wordCount":433,"commentCount":0,"image":{"@id":"https:\/\/www.p31noticias.com.br\/?p=23248#primaryimage"},"thumbnailUrl":"https:\/\/www.p31noticias.com.br\/wp-content\/uploads\/2021\/07\/mc_previdencia_socialsantos_fc2108200888.jpg","articleSection":["Outros"],"inLanguage":"pt-BR","potentialAction":[{"@type":"CommentAction","name":"Comment","target":["https:\/\/www.p31noticias.com.br\/?p=23248#respond"]}],"copyrightYear":"2021","copyrightHolder":{"@id":"https:\/\/www.p31noticias.com.br\/#organization"}},{"@type":"WebPage","@id":"https:\/\/www.p31noticias.com.br\/?p=23248","url":"https:\/\/www.p31noticias.com.br\/?p=23248","name":"Prova de vida para servidores inativos volta a ser exigida hoje. - P31","isPartOf":{"@id":"https:\/\/www.p31noticias.com.br\/#website"},"primaryImageOfPage":{"@id":"https:\/\/www.p31noticias.com.br\/?p=23248#primaryimage"},"image":{"@id":"https:\/\/www.p31noticias.com.br\/?p=23248#primaryimage"},"thumbnailUrl":"https:\/\/www.p31noticias.com.br\/wp-content\/uploads\/2021\/07\/mc_previdencia_socialsantos_fc2108200888.jpg","datePublished":"2021-07-01T12:12:14+00:00","author":{"@id":"https:\/\/www.p31noticias.com.br\/#\/schema\/person\/95f2ece30e3b4132065b915150cd0f94"},"breadcrumb":{"@id":"https:\/\/www.p31noticias.com.br\/?p=23248#breadcrumb"},"inLanguage":"pt-BR","potentialAction":[{"@type":"ReadAction","target":["https:\/\/www.p31noticias.com.br\/?p=23248"]}]},{"@type":"ImageObject","inLanguage":"pt-BR","@id":"https:\/\/www.p31noticias.com.br\/?p=23248#primaryimage","url":"https:\/\/www.p31noticias.com.br\/wp-content\/uploads\/2021\/07\/mc_previdencia_socialsantos_fc2108200888.jpg","contentUrl":"https:\/\/www.p31noticias.com.br\/wp-content\/uploads\/2021\/07\/mc_previdencia_socialsantos_fc2108200888.jpg","width":1170,"height":700,"caption":"Instituto Nacional do Seguro Social (INSS)"},{"@type":"BreadcrumbList","@id":"https:\/\/www.p31noticias.com.br\/?p=23248#breadcrumb","itemListElement":[{"@type":"ListItem","position":1,"name":"In\u00edcio","item":"https:\/\/www.p31noticias.com.br\/"},{"@type":"ListItem","position":2,"name":"Prova de vida para servidores inativos volta a ser exigida hoje."}]},{"@type":"WebSite","@id":"https:\/\/www.p31noticias.com.br\/#website","url":"https:\/\/www.p31noticias.com.br\/","name":"P31","description":"NOT\u00cdCIAS","potentialAction":[{"@type":"SearchAction","target":{"@type":"EntryPoint","urlTemplate":"https:\/\/www.p31noticias.com.br\/?s={search_term_string}"},"query-input":{"@type":"PropertyValueSpecification","valueRequired":true,"valueName":"search_term_string"}}],"inLanguage":"pt-BR"},{"@type":"Person","@id":"https:\/\/www.p31noticias.com.br\/#\/schema\/person\/95f2ece30e3b4132065b915150cd0f94","name":"Gon\u00e7alves Junior","image":{"@type":"ImageObject","inLanguage":"pt-BR","@id":"https:\/\/secure.gravatar.com\/avatar\/6711f350116a89762687a48d66f723c799e5438a5b7578508d4294cd7a5d0800?s=96&d=mm&r=g","url":"https:\/\/secure.gravatar.com\/avatar\/6711f350116a89762687a48d66f723c799e5438a5b7578508d4294cd7a5d0800?s=96&d=mm&r=g","contentUrl":"https:\/\/secure.gravatar.com\/avatar\/6711f350116a89762687a48d66f723c799e5438a5b7578508d4294cd7a5d0800?s=96&d=mm&r=g","caption":"Gon\u00e7alves Junior"},"url":"https:\/\/www.p31noticias.com.br\/?author=2"}]}},"amp_enabled":true,"_links":{"self":[{"href":"https:\/\/www.p31noticias.com.br\/index.php?rest_route=\/wp\/v2\/posts\/23248","targetHints":{"allow":["GET"]}}],"collection":[{"href":"https:\/\/www.p31noticias.com.br\/index.php?rest_route=\/wp\/v2\/posts"}],"about":[{"href":"https:\/\/www.p31noticias.com.br\/index.php?rest_route=\/wp\/v2\/types\/post"}],"author":[{"embeddable":true,"href":"https:\/\/www.p31noticias.com.br\/index.php?rest_route=\/wp\/v2\/users\/2"}],"replies":[{"embeddable":true,"href":"https:\/\/www.p31noticias.com.br\/index.php?rest_route=%2Fwp%2Fv2%2Fcomments&post=23248"}],"version-history":[{"count":2,"href":"https:\/\/www.p31noticias.com.br\/index.php?rest_route=\/wp\/v2\/posts\/23248\/revisions"}],"predecessor-version":[{"id":23251,"href":"https:\/\/www.p31noticias.com.br\/index.php?rest_route=\/wp\/v2\/posts\/23248\/revisions\/23251"}],"wp:featuredmedia":[{"embeddable":true,"href":"https:\/\/www.p31noticias.com.br\/index.php?rest_route=\/wp\/v2\/media\/23249"}],"wp:attachment":[{"href":"https:\/\/www.p31noticias.com.br\/index.php?rest_route=%2Fwp%2Fv2%2Fmedia&parent=23248"}],"wp:term":[{"taxonomy":"category","embeddable":true,"href":"https:\/\/www.p31noticias.com.br\/index.php?rest_route=%2Fwp%2Fv2%2Fcategories&post=23248"},{"taxonomy":"post_tag","embeddable":true,"href":"https:\/\/www.p31noticias.com.br\/index.php?rest_route=%2Fwp%2Fv2%2Ftags&post=23248"}],"curies":[{"name":"wp","href":"https:\/\/api.w.org\/{rel}","templated":true}]}}