{"id":23242,"date":"2021-06-30T09:30:46","date_gmt":"2021-06-30T12:30:46","guid":{"rendered":"https:\/\/p31noticias.com.br\/?p=23242"},"modified":"2021-06-30T09:30:46","modified_gmt":"2021-06-30T12:30:46","slug":"internet-5g-impulsionara-brasil-em-areas-estrategicas-diz-ministro","status":"publish","type":"post","link":"https:\/\/www.p31noticias.com.br\/?p=23242","title":{"rendered":"Internet 5G impulsionar\u00e1 Brasil em \u00e1reas estrat\u00e9gicas, diz ministro."},"content":{"rendered":"<h3 class=\"col-10 offset-1 animated fadeInDown dealy-900 display-8 display-md-8 alt-font font-italic my-1 text-center\" style=\"text-align: justify;\"><em><strong>F\u00e1bio Faria falou no Mobile World Congress 2021, em Barcelona.<\/strong><\/em><\/h3>\n<div class=\"post-item-wrap\">\n<p style=\"text-align: justify;\">A ind\u00fastria pesada, a produ\u00e7\u00e3o de commodities e o agroneg\u00f3cio brasileiro ter\u00e3o aumento de produtividade com a chegada da tecnologia 5G no pa\u00eds. A avalia\u00e7\u00e3o foi feita pelo ministro das Comunica\u00e7\u00f5es, Fabio Faria, durante o Mobile World Congress 2021, em Barcelona.<img decoding=\"async\" src=\"https:\/\/agenciabrasil.ebc.com.br\/ebc.png?id=1414125&amp;o=node\" \/><img decoding=\"async\" src=\"https:\/\/agenciabrasil.ebc.com.br\/ebc.gif?id=1414125&amp;o=node\" \/><\/p>\n<p style=\"text-align: justify;\">Segundo Faria, que apresentou o painel \u201cInova\u00e7\u00e3o e Investimento 5G\u201d, o leil\u00e3o de frequ\u00eancias no Brasil, que\u00a0<a href=\"http:\/\/agenciabrasil.ebc.com.br\/geral\/noticia\/2021-06\/fabio-faria-diz-que-leilao-do-5g-sera-realizado-no-segundo-semestre\" target=\"_blank\" rel=\"noopener noreferrer\">deve acontecer no segundo semestre de 2021<\/a>, impulsionar\u00e1 a economia global. Para tanto, o ministro afirma que \u00e9 necess\u00e1rio o investimento cont\u00ednuo no setor de telecomunica\u00e7\u00f5es.<\/p>\n<p style=\"text-align: justify;\">\u201cAs aplica\u00e7\u00f5es 5G nos ajudar\u00e3o a aumentar a produtividade brasileira em setores que temos participa\u00e7\u00e3o internacional significativa, como min\u00e9rio de ferro, soja, prote\u00edna animal, caf\u00e9, m\u00e1quinas e aeronaves\u201d, disse Faria.<\/p>\n<p style=\"text-align: justify;\">Durante a palestra, o ministro voltou a defender a amplia\u00e7\u00e3o do sinal digital e das telecomunica\u00e7\u00f5es em solo brasileiro. Na avalia\u00e7\u00e3o de Fabio Faria,\u00a0<a href=\"https:\/\/agenciabrasil.ebc.com.br\/geral\/noticia\/2021-04\/programa-leva-internet-areas-remotas-do-pais\" target=\"_blank\" rel=\"noopener noreferrer\">o chamado deserto digital<\/a>\u00a0&#8211; a \u00e1rea brasileira sem cobertura de internet r\u00e1pida e sem acesso ao sinal digital de televis\u00e3o &#8211; \u00e9 um entrave para o desenvolvimento socioecon\u00f4mico do pa\u00eds, que dever\u00e1 ser resolvido com as solu\u00e7\u00f5es propostas no leil\u00e3o das frequ\u00eancias 5G.<\/p>\n<h2 style=\"text-align: justify;\">Internet em todo o Brasil<\/h2>\n<p style=\"text-align: justify;\">Dentre as exig\u00eancias para os arrematadores est\u00e1 a expans\u00e3o da tecnologia 4G para todo o territ\u00f3rio nacional. Cerca de 2,5 mil comunidades ind\u00edgenas e 48 mil quil\u00f4metros de rodovias federais tamb\u00e9m ser\u00e3o beneficiados.<\/p>\n<p style=\"text-align: justify;\">O encontro fez parte do Programa Ministerial da GSMA \u2013 evento que re\u00fane ministros, entidades reguladoras de telecomunica\u00e7\u00f5es, autoridades de prote\u00e7\u00e3o de dados e representantes de grandes organiza\u00e7\u00f5es do setor.<\/p>\n<p style=\"text-align: justify;\">Al\u00e9m dos impactos econ\u00f4micos, Faria defendeu a import\u00e2ncia do leil\u00e3o do 5G para ampliar a conectividade no pa\u00eds e acabar com o deserto digital. O leil\u00e3o prev\u00ea, entre outras metas, o aporte de investimentos para expandir a cobertura da banda larga para mais de 2,5 mil comunidades ind\u00edgenas e para 48 mil quil\u00f4metros de rodovias federais.<\/p>\n<p style=\"text-align: justify;\">\u201cA partir do leil\u00e3o tamb\u00e9m vamos implantar um sistema de fibra \u00f3ptica para atender comunidades na Amaz\u00f4nia e disponibilizaremos rede privativa segura para o governo\u201d, informou o ministro.<\/p>\n<p style=\"text-align: justify;\">Segundo previs\u00e3o do Minist\u00e9rio das Comunica\u00e7\u00f5es, a ado\u00e7\u00e3o do 5G far\u00e1 com que o n\u00famero de dispositivos m\u00f3veis atrelados \u00e0 Internet das Coisas passe de 30 milh\u00f5es para 100 milh\u00f5es em 2023 &#8211; n\u00famero que significa maior automa\u00e7\u00e3o de servi\u00e7os e amplia\u00e7\u00e3o da tecnologia de conectividade entre dispositivos m\u00f3veis e eletr\u00f4nicos em geral.<\/p>\n<p style=\"text-align: justify;\">De acordo com estimativas da GSMA, o 5G deve agregar US$ 2,2 trilh\u00f5es \u00e0 economia global nos pr\u00f3ximos 14 anos devido aos benef\u00edcios digitais que levar\u00e1 a setores como manufatura, sa\u00fade e servi\u00e7os p\u00fablicos.<\/p>\n<p style=\"text-align: justify;\">Ag\u00eancia Brasil.<\/p>\n<\/div>\n","protected":false},"excerpt":{"rendered":"<p>F\u00e1bio Faria falou no Mobile World Congress 2021, em Barcelona. A ind\u00fastria pesada, a produ\u00e7\u00e3o de commodities e o agroneg\u00f3cio brasileiro ter\u00e3o aumento de produtividade com a chegada da tecnologia 5G no pa\u00eds. A avalia\u00e7\u00e3o foi feita pelo ministro das Comunica\u00e7\u00f5es, Fabio Faria, durante o Mobile World Congress 2021, em Barcelona. Segundo Faria, que apresentou [&hellip;]<\/p>\n","protected":false},"author":2,"featured_media":23243,"comment_status":"open","ping_status":"open","sticky":false,"template":"","format":"standard","meta":{"footnotes":""},"categories":[68],"tags":[],"class_list":{"0":"post-23242","1":"post","2":"type-post","3":"status-publish","4":"format-standard","5":"has-post-thumbnail","7":"category-brasil"},"yoast_head":"<!-- This site is optimized with the Yoast SEO Premium plugin v24.5 (Yoast SEO v27.5) - https:\/\/yoast.com\/product\/yoast-seo-premium-wordpress\/ -->\n<title>Internet 5G impulsionar\u00e1 Brasil em \u00e1reas estrat\u00e9gicas, diz ministro. - P31<\/title>\n<meta name=\"robots\" content=\"index, follow, max-snippet:-1, max-image-preview:large, max-video-preview:-1\" \/>\n<link rel=\"canonical\" href=\"https:\/\/www.p31noticias.com.br\/?p=23242\" \/>\n<meta property=\"og:locale\" content=\"pt_BR\" \/>\n<meta property=\"og:type\" content=\"article\" \/>\n<meta property=\"og:title\" content=\"Internet 5G impulsionar\u00e1 Brasil em \u00e1reas estrat\u00e9gicas, diz ministro.\" \/>\n<meta property=\"og:description\" content=\"F\u00e1bio Faria falou no Mobile World Congress 2021, em Barcelona. A ind\u00fastria pesada, a produ\u00e7\u00e3o de commodities e o agroneg\u00f3cio brasileiro ter\u00e3o aumento de produtividade com a chegada da tecnologia 5G no pa\u00eds. A avalia\u00e7\u00e3o foi feita pelo ministro das Comunica\u00e7\u00f5es, Fabio Faria, durante o Mobile World Congress 2021, em Barcelona. Segundo Faria, que apresentou [&hellip;]\" \/>\n<meta property=\"og:url\" content=\"https:\/\/www.p31noticias.com.br\/?p=23242\" \/>\n<meta property=\"og:site_name\" content=\"P31\" \/>\n<meta property=\"article:published_time\" content=\"2021-06-30T12:30:46+00:00\" \/>\n<meta property=\"og:image\" content=\"https:\/\/www.p31noticias.com.br\/wp-content\/uploads\/2021\/06\/coletiva-fabio-faria-5g_mcamgo_abr_020620211818-9.jpg\" \/>\n\t<meta property=\"og:image:width\" content=\"1170\" \/>\n\t<meta property=\"og:image:height\" content=\"700\" \/>\n\t<meta property=\"og:image:type\" content=\"image\/jpeg\" \/>\n<meta name=\"author\" content=\"Gon\u00e7alves Junior\" \/>\n<meta name=\"twitter:card\" content=\"summary_large_image\" \/>\n<meta name=\"twitter:label1\" content=\"Escrito por\" \/>\n\t<meta name=\"twitter:data1\" content=\"Gon\u00e7alves Junior\" \/>\n\t<meta name=\"twitter:label2\" content=\"Est. tempo de leitura\" \/>\n\t<meta name=\"twitter:data2\" content=\"2 minutos\" \/>\n<script type=\"application\/ld+json\" class=\"yoast-schema-graph\">{\"@context\":\"https:\\\/\\\/schema.org\",\"@graph\":[{\"@type\":\"Article\",\"@id\":\"https:\\\/\\\/www.p31noticias.com.br\\\/?p=23242#article\",\"isPartOf\":{\"@id\":\"https:\\\/\\\/www.p31noticias.com.br\\\/?p=23242\"},\"author\":{\"name\":\"Gon\u00e7alves Junior\",\"@id\":\"https:\\\/\\\/www.p31noticias.com.br\\\/#\\\/schema\\\/person\\\/95f2ece30e3b4132065b915150cd0f94\"},\"headline\":\"Internet 5G impulsionar\u00e1 Brasil em \u00e1reas estrat\u00e9gicas, diz ministro.\",\"datePublished\":\"2021-06-30T12:30:46+00:00\",\"mainEntityOfPage\":{\"@id\":\"https:\\\/\\\/www.p31noticias.com.br\\\/?p=23242\"},\"wordCount\":499,\"commentCount\":0,\"image\":{\"@id\":\"https:\\\/\\\/www.p31noticias.com.br\\\/?p=23242#primaryimage\"},\"thumbnailUrl\":\"https:\\\/\\\/www.p31noticias.com.br\\\/wp-content\\\/uploads\\\/2021\\\/06\\\/coletiva-fabio-faria-5g_mcamgo_abr_020620211818-9.jpg\",\"articleSection\":[\"Brasil\"],\"inLanguage\":\"pt-BR\",\"potentialAction\":[{\"@type\":\"CommentAction\",\"name\":\"Comment\",\"target\":[\"https:\\\/\\\/www.p31noticias.com.br\\\/?p=23242#respond\"]}],\"copyrightYear\":\"2021\",\"copyrightHolder\":{\"@id\":\"https:\\\/\\\/www.p31noticias.com.br\\\/#organization\"}},{\"@type\":\"WebPage\",\"@id\":\"https:\\\/\\\/www.p31noticias.com.br\\\/?p=23242\",\"url\":\"https:\\\/\\\/www.p31noticias.com.br\\\/?p=23242\",\"name\":\"Internet 5G impulsionar\u00e1 Brasil em \u00e1reas estrat\u00e9gicas, diz ministro. - P31\",\"isPartOf\":{\"@id\":\"https:\\\/\\\/www.p31noticias.com.br\\\/#website\"},\"primaryImageOfPage\":{\"@id\":\"https:\\\/\\\/www.p31noticias.com.br\\\/?p=23242#primaryimage\"},\"image\":{\"@id\":\"https:\\\/\\\/www.p31noticias.com.br\\\/?p=23242#primaryimage\"},\"thumbnailUrl\":\"https:\\\/\\\/www.p31noticias.com.br\\\/wp-content\\\/uploads\\\/2021\\\/06\\\/coletiva-fabio-faria-5g_mcamgo_abr_020620211818-9.jpg\",\"datePublished\":\"2021-06-30T12:30:46+00:00\",\"author\":{\"@id\":\"https:\\\/\\\/www.p31noticias.com.br\\\/#\\\/schema\\\/person\\\/95f2ece30e3b4132065b915150cd0f94\"},\"breadcrumb\":{\"@id\":\"https:\\\/\\\/www.p31noticias.com.br\\\/?p=23242#breadcrumb\"},\"inLanguage\":\"pt-BR\",\"potentialAction\":[{\"@type\":\"ReadAction\",\"target\":[\"https:\\\/\\\/www.p31noticias.com.br\\\/?p=23242\"]}]},{\"@type\":\"ImageObject\",\"inLanguage\":\"pt-BR\",\"@id\":\"https:\\\/\\\/www.p31noticias.com.br\\\/?p=23242#primaryimage\",\"url\":\"https:\\\/\\\/www.p31noticias.com.br\\\/wp-content\\\/uploads\\\/2021\\\/06\\\/coletiva-fabio-faria-5g_mcamgo_abr_020620211818-9.jpg\",\"contentUrl\":\"https:\\\/\\\/www.p31noticias.com.br\\\/wp-content\\\/uploads\\\/2021\\\/06\\\/coletiva-fabio-faria-5g_mcamgo_abr_020620211818-9.jpg\",\"width\":1170,\"height\":700,\"caption\":\"O ministro das Comunica\u00e7\u00f5es, F\u00e1bio Faria, durante coletiva de imprensa sobre miss\u00e3o oficial aos EUA, que tem como objetivo conhecer as redes privativas de 5G e promover o di\u00e1logo com potenciais investidores em telecomunica\u00e7\u00f5es.\"},{\"@type\":\"BreadcrumbList\",\"@id\":\"https:\\\/\\\/www.p31noticias.com.br\\\/?p=23242#breadcrumb\",\"itemListElement\":[{\"@type\":\"ListItem\",\"position\":1,\"name\":\"In\u00edcio\",\"item\":\"https:\\\/\\\/www.p31noticias.com.br\\\/\"},{\"@type\":\"ListItem\",\"position\":2,\"name\":\"Internet 5G impulsionar\u00e1 Brasil em \u00e1reas estrat\u00e9gicas, diz ministro.\"}]},{\"@type\":\"WebSite\",\"@id\":\"https:\\\/\\\/www.p31noticias.com.br\\\/#website\",\"url\":\"https:\\\/\\\/www.p31noticias.com.br\\\/\",\"name\":\"P31\",\"description\":\"NOT\u00cdCIAS\",\"potentialAction\":[{\"@type\":\"SearchAction\",\"target\":{\"@type\":\"EntryPoint\",\"urlTemplate\":\"https:\\\/\\\/www.p31noticias.com.br\\\/?s={search_term_string}\"},\"query-input\":{\"@type\":\"PropertyValueSpecification\",\"valueRequired\":true,\"valueName\":\"search_term_string\"}}],\"inLanguage\":\"pt-BR\"},{\"@type\":\"Person\",\"@id\":\"https:\\\/\\\/www.p31noticias.com.br\\\/#\\\/schema\\\/person\\\/95f2ece30e3b4132065b915150cd0f94\",\"name\":\"Gon\u00e7alves Junior\",\"image\":{\"@type\":\"ImageObject\",\"inLanguage\":\"pt-BR\",\"@id\":\"https:\\\/\\\/secure.gravatar.com\\\/avatar\\\/6711f350116a89762687a48d66f723c799e5438a5b7578508d4294cd7a5d0800?s=96&d=mm&r=g\",\"url\":\"https:\\\/\\\/secure.gravatar.com\\\/avatar\\\/6711f350116a89762687a48d66f723c799e5438a5b7578508d4294cd7a5d0800?s=96&d=mm&r=g\",\"contentUrl\":\"https:\\\/\\\/secure.gravatar.com\\\/avatar\\\/6711f350116a89762687a48d66f723c799e5438a5b7578508d4294cd7a5d0800?s=96&d=mm&r=g\",\"caption\":\"Gon\u00e7alves Junior\"},\"url\":\"https:\\\/\\\/www.p31noticias.com.br\\\/?author=2\"}]}<\/script>\n<!-- \/ Yoast SEO Premium plugin. -->","yoast_head_json":{"title":"Internet 5G impulsionar\u00e1 Brasil em \u00e1reas estrat\u00e9gicas, diz ministro. - P31","robots":{"index":"index","follow":"follow","max-snippet":"max-snippet:-1","max-image-preview":"max-image-preview:large","max-video-preview":"max-video-preview:-1"},"canonical":"https:\/\/www.p31noticias.com.br\/?p=23242","og_locale":"pt_BR","og_type":"article","og_title":"Internet 5G impulsionar\u00e1 Brasil em \u00e1reas estrat\u00e9gicas, diz ministro.","og_description":"F\u00e1bio Faria falou no Mobile World Congress 2021, em Barcelona. A ind\u00fastria pesada, a produ\u00e7\u00e3o de commodities e o agroneg\u00f3cio brasileiro ter\u00e3o aumento de produtividade com a chegada da tecnologia 5G no pa\u00eds. A avalia\u00e7\u00e3o foi feita pelo ministro das Comunica\u00e7\u00f5es, Fabio Faria, durante o Mobile World Congress 2021, em Barcelona. Segundo Faria, que apresentou [&hellip;]","og_url":"https:\/\/www.p31noticias.com.br\/?p=23242","og_site_name":"P31","article_published_time":"2021-06-30T12:30:46+00:00","og_image":[{"width":1170,"height":700,"url":"https:\/\/www.p31noticias.com.br\/wp-content\/uploads\/2021\/06\/coletiva-fabio-faria-5g_mcamgo_abr_020620211818-9.jpg","type":"image\/jpeg"}],"author":"Gon\u00e7alves Junior","twitter_card":"summary_large_image","twitter_misc":{"Escrito por":"Gon\u00e7alves Junior","Est. tempo de leitura":"2 minutos"},"schema":{"@context":"https:\/\/schema.org","@graph":[{"@type":"Article","@id":"https:\/\/www.p31noticias.com.br\/?p=23242#article","isPartOf":{"@id":"https:\/\/www.p31noticias.com.br\/?p=23242"},"author":{"name":"Gon\u00e7alves Junior","@id":"https:\/\/www.p31noticias.com.br\/#\/schema\/person\/95f2ece30e3b4132065b915150cd0f94"},"headline":"Internet 5G impulsionar\u00e1 Brasil em \u00e1reas estrat\u00e9gicas, diz ministro.","datePublished":"2021-06-30T12:30:46+00:00","mainEntityOfPage":{"@id":"https:\/\/www.p31noticias.com.br\/?p=23242"},"wordCount":499,"commentCount":0,"image":{"@id":"https:\/\/www.p31noticias.com.br\/?p=23242#primaryimage"},"thumbnailUrl":"https:\/\/www.p31noticias.com.br\/wp-content\/uploads\/2021\/06\/coletiva-fabio-faria-5g_mcamgo_abr_020620211818-9.jpg","articleSection":["Brasil"],"inLanguage":"pt-BR","potentialAction":[{"@type":"CommentAction","name":"Comment","target":["https:\/\/www.p31noticias.com.br\/?p=23242#respond"]}],"copyrightYear":"2021","copyrightHolder":{"@id":"https:\/\/www.p31noticias.com.br\/#organization"}},{"@type":"WebPage","@id":"https:\/\/www.p31noticias.com.br\/?p=23242","url":"https:\/\/www.p31noticias.com.br\/?p=23242","name":"Internet 5G impulsionar\u00e1 Brasil em \u00e1reas estrat\u00e9gicas, diz ministro. - P31","isPartOf":{"@id":"https:\/\/www.p31noticias.com.br\/#website"},"primaryImageOfPage":{"@id":"https:\/\/www.p31noticias.com.br\/?p=23242#primaryimage"},"image":{"@id":"https:\/\/www.p31noticias.com.br\/?p=23242#primaryimage"},"thumbnailUrl":"https:\/\/www.p31noticias.com.br\/wp-content\/uploads\/2021\/06\/coletiva-fabio-faria-5g_mcamgo_abr_020620211818-9.jpg","datePublished":"2021-06-30T12:30:46+00:00","author":{"@id":"https:\/\/www.p31noticias.com.br\/#\/schema\/person\/95f2ece30e3b4132065b915150cd0f94"},"breadcrumb":{"@id":"https:\/\/www.p31noticias.com.br\/?p=23242#breadcrumb"},"inLanguage":"pt-BR","potentialAction":[{"@type":"ReadAction","target":["https:\/\/www.p31noticias.com.br\/?p=23242"]}]},{"@type":"ImageObject","inLanguage":"pt-BR","@id":"https:\/\/www.p31noticias.com.br\/?p=23242#primaryimage","url":"https:\/\/www.p31noticias.com.br\/wp-content\/uploads\/2021\/06\/coletiva-fabio-faria-5g_mcamgo_abr_020620211818-9.jpg","contentUrl":"https:\/\/www.p31noticias.com.br\/wp-content\/uploads\/2021\/06\/coletiva-fabio-faria-5g_mcamgo_abr_020620211818-9.jpg","width":1170,"height":700,"caption":"O ministro das Comunica\u00e7\u00f5es, F\u00e1bio Faria, durante coletiva de imprensa sobre miss\u00e3o oficial aos EUA, que tem como objetivo conhecer as redes privativas de 5G e promover o di\u00e1logo com potenciais investidores em telecomunica\u00e7\u00f5es."},{"@type":"BreadcrumbList","@id":"https:\/\/www.p31noticias.com.br\/?p=23242#breadcrumb","itemListElement":[{"@type":"ListItem","position":1,"name":"In\u00edcio","item":"https:\/\/www.p31noticias.com.br\/"},{"@type":"ListItem","position":2,"name":"Internet 5G impulsionar\u00e1 Brasil em \u00e1reas estrat\u00e9gicas, diz ministro."}]},{"@type":"WebSite","@id":"https:\/\/www.p31noticias.com.br\/#website","url":"https:\/\/www.p31noticias.com.br\/","name":"P31","description":"NOT\u00cdCIAS","potentialAction":[{"@type":"SearchAction","target":{"@type":"EntryPoint","urlTemplate":"https:\/\/www.p31noticias.com.br\/?s={search_term_string}"},"query-input":{"@type":"PropertyValueSpecification","valueRequired":true,"valueName":"search_term_string"}}],"inLanguage":"pt-BR"},{"@type":"Person","@id":"https:\/\/www.p31noticias.com.br\/#\/schema\/person\/95f2ece30e3b4132065b915150cd0f94","name":"Gon\u00e7alves Junior","image":{"@type":"ImageObject","inLanguage":"pt-BR","@id":"https:\/\/secure.gravatar.com\/avatar\/6711f350116a89762687a48d66f723c799e5438a5b7578508d4294cd7a5d0800?s=96&d=mm&r=g","url":"https:\/\/secure.gravatar.com\/avatar\/6711f350116a89762687a48d66f723c799e5438a5b7578508d4294cd7a5d0800?s=96&d=mm&r=g","contentUrl":"https:\/\/secure.gravatar.com\/avatar\/6711f350116a89762687a48d66f723c799e5438a5b7578508d4294cd7a5d0800?s=96&d=mm&r=g","caption":"Gon\u00e7alves Junior"},"url":"https:\/\/www.p31noticias.com.br\/?author=2"}]}},"amp_enabled":true,"_links":{"self":[{"href":"https:\/\/www.p31noticias.com.br\/index.php?rest_route=\/wp\/v2\/posts\/23242","targetHints":{"allow":["GET"]}}],"collection":[{"href":"https:\/\/www.p31noticias.com.br\/index.php?rest_route=\/wp\/v2\/posts"}],"about":[{"href":"https:\/\/www.p31noticias.com.br\/index.php?rest_route=\/wp\/v2\/types\/post"}],"author":[{"embeddable":true,"href":"https:\/\/www.p31noticias.com.br\/index.php?rest_route=\/wp\/v2\/users\/2"}],"replies":[{"embeddable":true,"href":"https:\/\/www.p31noticias.com.br\/index.php?rest_route=%2Fwp%2Fv2%2Fcomments&post=23242"}],"version-history":[{"count":1,"href":"https:\/\/www.p31noticias.com.br\/index.php?rest_route=\/wp\/v2\/posts\/23242\/revisions"}],"predecessor-version":[{"id":23244,"href":"https:\/\/www.p31noticias.com.br\/index.php?rest_route=\/wp\/v2\/posts\/23242\/revisions\/23244"}],"wp:featuredmedia":[{"embeddable":true,"href":"https:\/\/www.p31noticias.com.br\/index.php?rest_route=\/wp\/v2\/media\/23243"}],"wp:attachment":[{"href":"https:\/\/www.p31noticias.com.br\/index.php?rest_route=%2Fwp%2Fv2%2Fmedia&parent=23242"}],"wp:term":[{"taxonomy":"category","embeddable":true,"href":"https:\/\/www.p31noticias.com.br\/index.php?rest_route=%2Fwp%2Fv2%2Fcategories&post=23242"},{"taxonomy":"post_tag","embeddable":true,"href":"https:\/\/www.p31noticias.com.br\/index.php?rest_route=%2Fwp%2Fv2%2Ftags&post=23242"}],"curies":[{"name":"wp","href":"https:\/\/api.w.org\/{rel}","templated":true}]}}