{"id":23238,"date":"2021-06-30T09:31:20","date_gmt":"2021-06-30T12:31:20","guid":{"rendered":"https:\/\/p31noticias.com.br\/?p=23238"},"modified":"2021-06-30T09:31:20","modified_gmt":"2021-06-30T12:31:20","slug":"guedes-diz-que-arrecadacao-recorde-reflete-retomada-da-economia","status":"publish","type":"post","link":"https:\/\/www.p31noticias.com.br\/?p=23238","title":{"rendered":"Guedes diz que arrecada\u00e7\u00e3o recorde reflete retomada da economia."},"content":{"rendered":"<h3 class=\"col-10 offset-1 animated fadeInDown dealy-900 display-8 display-md-8 alt-font font-italic my-1 text-center\" style=\"text-align: justify;\"><em><strong>Todos os setores da economia aumentaram a arrecada\u00e7\u00e3o.<\/strong><\/em><\/h3>\n<p style=\"text-align: justify;\">O ministro da Economia, Paulo Guedes, disse no dia 29 que o <a href=\"https:\/\/agenciabrasil.ebc.com.br\/economia\/noticia\/2021-06\/receita-registra-em-maio-melhor-desempenho-arrecadatorio-desde-2000\" target=\"_blank\" rel=\"noopener noreferrer\">aumento da arrecada\u00e7\u00e3o registrado pela Receita Federal (RFB)<\/a>, mostra que a economia \u201cvoltou a ficar de p\u00e9\u201d.<img decoding=\"async\" src=\"https:\/\/agenciabrasil.ebc.com.br\/ebc.png?id=1414092&amp;o=node\" \/><img decoding=\"async\" src=\"https:\/\/agenciabrasil.ebc.com.br\/ebc.gif?id=1414092&amp;o=node\" \/><\/p>\n<p style=\"text-align: justify;\">\u201cA economia brasileira continua surpreendendo favoravelmente\u201d, disse o ministro ao anunciar a arrecada\u00e7\u00e3o de impostos e contribui\u00e7\u00f5es federais, de R$ 142,1 bilh\u00f5es em maio.<\/p>\n<p style=\"text-align: justify;\">\u201c\u00c9 um recorde hist\u00f3rico esse crescimento de quase 70% em rela\u00e7\u00e3o ao mesmo m\u00eas de maio do ano anterior. No acumulado de janeiro a maio, [a arrecada\u00e7\u00e3o] chegou a R$ 744 bilh\u00f5es. \u00c9 um acr\u00e9scimo real de 21% sobre o mesmo per\u00edodo do ano passado\u201d, disse o ministro. Segundo Guedes, todos os setores aumentaram a arrecada\u00e7\u00e3o. \u201c\u00c9 inequ\u00edvoco que o Brasil j\u00e1 se levantou e a economia est\u00e1 caminhando com velocidade bem acima da que era esperada na virada do ano\u201d.<\/p>\n<p style=\"text-align: justify;\">O ministro reiterou que o pa\u00eds est\u00e1 \u00e0 beira de uma reforma tribut\u00e1ria, que tem como compromisso n\u00e3o deixar que os impostos \u201csufoquem o empresariado brasileiro\u201d. \u201cNesse segundo cap\u00edtulo da reforma tribut\u00e1ria, que j\u00e1 enviamos, mandamos sinal muito claro:\u00a0<a href=\"https:\/\/agenciabrasil.ebc.com.br\/politica\/noticia\/2021-06\/guedes-anuncia-que-faixa-de-isencao-do-ir-podera-subir-para-r-25-mil\" target=\"_blank\" rel=\"noopener noreferrer\">nosso governo quer reduzir em termos reais a arrecada\u00e7\u00e3o sobre as empresas<\/a>. Se a arrecada\u00e7\u00e3o vier acima do que esper\u00e1vamos, temos de transformar isso em simplifica\u00e7\u00e3o e redu\u00e7\u00e3o de outros impostos. Anunciamos redu\u00e7\u00e3o de 2,5% no Imposto de Renda de Pessoa Jur\u00eddica, mas queremos passar isso para 5% nos pr\u00f3ximos anos. Estamos recalibrando nossos c\u00e1lculos para ver se isso j\u00e1 \u00e9 poss\u00edvel\u201d, disse o ministro.<\/p>\n<p style=\"text-align: justify;\">Na proposta de reforma entregue ao Congresso Nacional, a equipe econ\u00f4mica retoma tributos que incidem sobre rendimentos de capital e dividendos. A al\u00edquota desses impostos foram zeradas durante o governo de Fernando Henrique Cardoso. Guedes disse que a al\u00edquota m\u00e9dia que incide sobre dividendos em pa\u00edses da Organiza\u00e7\u00e3o para a Coopera\u00e7\u00e3o e Desenvolvimento Econ\u00f4mico (OCDE) \u00e9 entre 25% ou 26% de cobran\u00e7a, mas em alguns pa\u00edses ela chega a 40%. \u201cEstamos colocando essa al\u00edquota em 20%, o que ainda \u00e9 pouco, al\u00e9m de ser menos do que paga um assalariado\u201d, disse o ministro.<\/p>\n<p style=\"text-align: justify;\">Segundo ele, as empresas s\u00e3o um mecanismo de acumula\u00e7\u00e3o de recursos visando investimentos, inova\u00e7\u00e3o e a cria\u00e7\u00e3o de emprego e renda. \u201cNa medida em que as empresas acumulam capital e tecnologias, elas aumentam a produtividade do trabalho e os sal\u00e1rios. Os impostos t\u00eam de ser cada vez mais baixos porque \u00e9 uma engrenagem econ\u00f4mica. Quando o dinheiro sai da engrenagem e vai para os detentores de capital, a\u00ed sim \u00e9 que se tem de pagar impostos\u201d, argumentou.<\/p>\n<p style=\"text-align: justify;\">O ministro acrescentou que a tributa\u00e7\u00e3o que historicamente o pa\u00eds faz sobre assalariados se deve \u00e0s facilidades de tributa\u00e7\u00e3o dos contracheques. \u201cComo \u00e9 f\u00e1cil tributar no contracheque, o Brasil tributava excessivamente trabalhadores de baixa renda. Por isso aumentamos de R$ 1,9 mil para R$ 2,5 mil a margem isenta de tributa\u00e7\u00e3o\u201d.<\/p>\n<p style=\"text-align: justify;\">A expectativa da equipe econ\u00f4mica \u00e9 a de que, nos pr\u00f3ximos meses o pa\u00eds se aproxime dos n\u00edveis de arrecada\u00e7\u00e3o registrados em 2015. \u201cTodos indicadores mostram que a economia se levantou vigorosamente. Continuamos com nosso compromisso de tirar o Estado do cangote do povo brasileiro. Esse aumento forte da arrecada\u00e7\u00e3o nos d\u00e1 for\u00e7a para avan\u00e7ar nas reformas e desonerar empresas; reduzir impostos sobre trabalhadores de baixa renda; e tributar rendimentos de capital que estavam isentos\u201d.<\/p>\n<p style=\"text-align: justify;\">Ag\u00eancia Brasil.<\/p>\n<p>&nbsp;<\/p>\n","protected":false},"excerpt":{"rendered":"<p>Todos os setores da economia aumentaram a arrecada\u00e7\u00e3o. O ministro da Economia, Paulo Guedes, disse no dia 29 que o aumento da arrecada\u00e7\u00e3o registrado pela Receita Federal (RFB), mostra que a economia \u201cvoltou a ficar de p\u00e9\u201d. \u201cA economia brasileira continua surpreendendo favoravelmente\u201d, disse o ministro ao anunciar a arrecada\u00e7\u00e3o de impostos e contribui\u00e7\u00f5es federais, [&hellip;]<\/p>\n","protected":false},"author":2,"featured_media":23239,"comment_status":"open","ping_status":"open","sticky":false,"template":"","format":"standard","meta":{"footnotes":""},"categories":[1],"tags":[],"class_list":{"0":"post-23238","1":"post","2":"type-post","3":"status-publish","4":"format-standard","5":"has-post-thumbnail","7":"category-outros"},"yoast_head":"<!-- This site is optimized with the Yoast SEO Premium plugin v24.5 (Yoast SEO v27.5) - https:\/\/yoast.com\/product\/yoast-seo-premium-wordpress\/ -->\n<title>Guedes diz que arrecada\u00e7\u00e3o recorde reflete retomada da economia. - P31<\/title>\n<meta name=\"robots\" content=\"index, follow, max-snippet:-1, max-image-preview:large, max-video-preview:-1\" \/>\n<link rel=\"canonical\" href=\"https:\/\/www.p31noticias.com.br\/?p=23238\" \/>\n<meta property=\"og:locale\" content=\"pt_BR\" \/>\n<meta property=\"og:type\" content=\"article\" \/>\n<meta property=\"og:title\" content=\"Guedes diz que arrecada\u00e7\u00e3o recorde reflete retomada da economia.\" \/>\n<meta property=\"og:description\" content=\"Todos os setores da economia aumentaram a arrecada\u00e7\u00e3o. O ministro da Economia, Paulo Guedes, disse no dia 29 que o aumento da arrecada\u00e7\u00e3o registrado pela Receita Federal (RFB), mostra que a economia \u201cvoltou a ficar de p\u00e9\u201d. \u201cA economia brasileira continua surpreendendo favoravelmente\u201d, disse o ministro ao anunciar a arrecada\u00e7\u00e3o de impostos e contribui\u00e7\u00f5es federais, [&hellip;]\" \/>\n<meta property=\"og:url\" content=\"https:\/\/www.p31noticias.com.br\/?p=23238\" \/>\n<meta property=\"og:site_name\" content=\"P31\" \/>\n<meta property=\"article:published_time\" content=\"2021-06-30T12:31:20+00:00\" \/>\n<meta property=\"og:image\" content=\"https:\/\/www.p31noticias.com.br\/wp-content\/uploads\/2021\/06\/51206123992_0b91b5158c_o.jpg\" \/>\n\t<meta property=\"og:image:width\" content=\"1170\" \/>\n\t<meta property=\"og:image:height\" content=\"700\" \/>\n\t<meta property=\"og:image:type\" content=\"image\/jpeg\" \/>\n<meta name=\"author\" content=\"Gon\u00e7alves Junior\" \/>\n<meta name=\"twitter:card\" content=\"summary_large_image\" \/>\n<meta name=\"twitter:label1\" content=\"Escrito por\" \/>\n\t<meta name=\"twitter:data1\" content=\"Gon\u00e7alves Junior\" \/>\n\t<meta name=\"twitter:label2\" content=\"Est. tempo de leitura\" \/>\n\t<meta name=\"twitter:data2\" content=\"3 minutos\" \/>\n<script type=\"application\/ld+json\" class=\"yoast-schema-graph\">{\"@context\":\"https:\\\/\\\/schema.org\",\"@graph\":[{\"@type\":\"Article\",\"@id\":\"https:\\\/\\\/www.p31noticias.com.br\\\/?p=23238#article\",\"isPartOf\":{\"@id\":\"https:\\\/\\\/www.p31noticias.com.br\\\/?p=23238\"},\"author\":{\"name\":\"Gon\u00e7alves Junior\",\"@id\":\"https:\\\/\\\/www.p31noticias.com.br\\\/#\\\/schema\\\/person\\\/95f2ece30e3b4132065b915150cd0f94\"},\"headline\":\"Guedes diz que arrecada\u00e7\u00e3o recorde reflete retomada da economia.\",\"datePublished\":\"2021-06-30T12:31:20+00:00\",\"mainEntityOfPage\":{\"@id\":\"https:\\\/\\\/www.p31noticias.com.br\\\/?p=23238\"},\"wordCount\":592,\"commentCount\":0,\"image\":{\"@id\":\"https:\\\/\\\/www.p31noticias.com.br\\\/?p=23238#primaryimage\"},\"thumbnailUrl\":\"https:\\\/\\\/www.p31noticias.com.br\\\/wp-content\\\/uploads\\\/2021\\\/06\\\/51206123992_0b91b5158c_o.jpg\",\"articleSection\":[\"Outros\"],\"inLanguage\":\"pt-BR\",\"potentialAction\":[{\"@type\":\"CommentAction\",\"name\":\"Comment\",\"target\":[\"https:\\\/\\\/www.p31noticias.com.br\\\/?p=23238#respond\"]}],\"copyrightYear\":\"2021\",\"copyrightHolder\":{\"@id\":\"https:\\\/\\\/www.p31noticias.com.br\\\/#organization\"}},{\"@type\":\"WebPage\",\"@id\":\"https:\\\/\\\/www.p31noticias.com.br\\\/?p=23238\",\"url\":\"https:\\\/\\\/www.p31noticias.com.br\\\/?p=23238\",\"name\":\"Guedes diz que arrecada\u00e7\u00e3o recorde reflete retomada da economia. - P31\",\"isPartOf\":{\"@id\":\"https:\\\/\\\/www.p31noticias.com.br\\\/#website\"},\"primaryImageOfPage\":{\"@id\":\"https:\\\/\\\/www.p31noticias.com.br\\\/?p=23238#primaryimage\"},\"image\":{\"@id\":\"https:\\\/\\\/www.p31noticias.com.br\\\/?p=23238#primaryimage\"},\"thumbnailUrl\":\"https:\\\/\\\/www.p31noticias.com.br\\\/wp-content\\\/uploads\\\/2021\\\/06\\\/51206123992_0b91b5158c_o.jpg\",\"datePublished\":\"2021-06-30T12:31:20+00:00\",\"author\":{\"@id\":\"https:\\\/\\\/www.p31noticias.com.br\\\/#\\\/schema\\\/person\\\/95f2ece30e3b4132065b915150cd0f94\"},\"breadcrumb\":{\"@id\":\"https:\\\/\\\/www.p31noticias.com.br\\\/?p=23238#breadcrumb\"},\"inLanguage\":\"pt-BR\",\"potentialAction\":[{\"@type\":\"ReadAction\",\"target\":[\"https:\\\/\\\/www.p31noticias.com.br\\\/?p=23238\"]}]},{\"@type\":\"ImageObject\",\"inLanguage\":\"pt-BR\",\"@id\":\"https:\\\/\\\/www.p31noticias.com.br\\\/?p=23238#primaryimage\",\"url\":\"https:\\\/\\\/www.p31noticias.com.br\\\/wp-content\\\/uploads\\\/2021\\\/06\\\/51206123992_0b91b5158c_o.jpg\",\"contentUrl\":\"https:\\\/\\\/www.p31noticias.com.br\\\/wp-content\\\/uploads\\\/2021\\\/06\\\/51206123992_0b91b5158c_o.jpg\",\"width\":1170,\"height\":700},{\"@type\":\"BreadcrumbList\",\"@id\":\"https:\\\/\\\/www.p31noticias.com.br\\\/?p=23238#breadcrumb\",\"itemListElement\":[{\"@type\":\"ListItem\",\"position\":1,\"name\":\"In\u00edcio\",\"item\":\"https:\\\/\\\/www.p31noticias.com.br\\\/\"},{\"@type\":\"ListItem\",\"position\":2,\"name\":\"Guedes diz que arrecada\u00e7\u00e3o recorde reflete retomada da economia.\"}]},{\"@type\":\"WebSite\",\"@id\":\"https:\\\/\\\/www.p31noticias.com.br\\\/#website\",\"url\":\"https:\\\/\\\/www.p31noticias.com.br\\\/\",\"name\":\"P31\",\"description\":\"NOT\u00cdCIAS\",\"potentialAction\":[{\"@type\":\"SearchAction\",\"target\":{\"@type\":\"EntryPoint\",\"urlTemplate\":\"https:\\\/\\\/www.p31noticias.com.br\\\/?s={search_term_string}\"},\"query-input\":{\"@type\":\"PropertyValueSpecification\",\"valueRequired\":true,\"valueName\":\"search_term_string\"}}],\"inLanguage\":\"pt-BR\"},{\"@type\":\"Person\",\"@id\":\"https:\\\/\\\/www.p31noticias.com.br\\\/#\\\/schema\\\/person\\\/95f2ece30e3b4132065b915150cd0f94\",\"name\":\"Gon\u00e7alves Junior\",\"image\":{\"@type\":\"ImageObject\",\"inLanguage\":\"pt-BR\",\"@id\":\"https:\\\/\\\/secure.gravatar.com\\\/avatar\\\/6711f350116a89762687a48d66f723c799e5438a5b7578508d4294cd7a5d0800?s=96&d=mm&r=g\",\"url\":\"https:\\\/\\\/secure.gravatar.com\\\/avatar\\\/6711f350116a89762687a48d66f723c799e5438a5b7578508d4294cd7a5d0800?s=96&d=mm&r=g\",\"contentUrl\":\"https:\\\/\\\/secure.gravatar.com\\\/avatar\\\/6711f350116a89762687a48d66f723c799e5438a5b7578508d4294cd7a5d0800?s=96&d=mm&r=g\",\"caption\":\"Gon\u00e7alves Junior\"},\"url\":\"https:\\\/\\\/www.p31noticias.com.br\\\/?author=2\"}]}<\/script>\n<!-- \/ Yoast SEO Premium plugin. -->","yoast_head_json":{"title":"Guedes diz que arrecada\u00e7\u00e3o recorde reflete retomada da economia. - P31","robots":{"index":"index","follow":"follow","max-snippet":"max-snippet:-1","max-image-preview":"max-image-preview:large","max-video-preview":"max-video-preview:-1"},"canonical":"https:\/\/www.p31noticias.com.br\/?p=23238","og_locale":"pt_BR","og_type":"article","og_title":"Guedes diz que arrecada\u00e7\u00e3o recorde reflete retomada da economia.","og_description":"Todos os setores da economia aumentaram a arrecada\u00e7\u00e3o. O ministro da Economia, Paulo Guedes, disse no dia 29 que o aumento da arrecada\u00e7\u00e3o registrado pela Receita Federal (RFB), mostra que a economia \u201cvoltou a ficar de p\u00e9\u201d. \u201cA economia brasileira continua surpreendendo favoravelmente\u201d, disse o ministro ao anunciar a arrecada\u00e7\u00e3o de impostos e contribui\u00e7\u00f5es federais, [&hellip;]","og_url":"https:\/\/www.p31noticias.com.br\/?p=23238","og_site_name":"P31","article_published_time":"2021-06-30T12:31:20+00:00","og_image":[{"width":1170,"height":700,"url":"https:\/\/www.p31noticias.com.br\/wp-content\/uploads\/2021\/06\/51206123992_0b91b5158c_o.jpg","type":"image\/jpeg"}],"author":"Gon\u00e7alves Junior","twitter_card":"summary_large_image","twitter_misc":{"Escrito por":"Gon\u00e7alves Junior","Est. tempo de leitura":"3 minutos"},"schema":{"@context":"https:\/\/schema.org","@graph":[{"@type":"Article","@id":"https:\/\/www.p31noticias.com.br\/?p=23238#article","isPartOf":{"@id":"https:\/\/www.p31noticias.com.br\/?p=23238"},"author":{"name":"Gon\u00e7alves Junior","@id":"https:\/\/www.p31noticias.com.br\/#\/schema\/person\/95f2ece30e3b4132065b915150cd0f94"},"headline":"Guedes diz que arrecada\u00e7\u00e3o recorde reflete retomada da economia.","datePublished":"2021-06-30T12:31:20+00:00","mainEntityOfPage":{"@id":"https:\/\/www.p31noticias.com.br\/?p=23238"},"wordCount":592,"commentCount":0,"image":{"@id":"https:\/\/www.p31noticias.com.br\/?p=23238#primaryimage"},"thumbnailUrl":"https:\/\/www.p31noticias.com.br\/wp-content\/uploads\/2021\/06\/51206123992_0b91b5158c_o.jpg","articleSection":["Outros"],"inLanguage":"pt-BR","potentialAction":[{"@type":"CommentAction","name":"Comment","target":["https:\/\/www.p31noticias.com.br\/?p=23238#respond"]}],"copyrightYear":"2021","copyrightHolder":{"@id":"https:\/\/www.p31noticias.com.br\/#organization"}},{"@type":"WebPage","@id":"https:\/\/www.p31noticias.com.br\/?p=23238","url":"https:\/\/www.p31noticias.com.br\/?p=23238","name":"Guedes diz que arrecada\u00e7\u00e3o recorde reflete retomada da economia. - P31","isPartOf":{"@id":"https:\/\/www.p31noticias.com.br\/#website"},"primaryImageOfPage":{"@id":"https:\/\/www.p31noticias.com.br\/?p=23238#primaryimage"},"image":{"@id":"https:\/\/www.p31noticias.com.br\/?p=23238#primaryimage"},"thumbnailUrl":"https:\/\/www.p31noticias.com.br\/wp-content\/uploads\/2021\/06\/51206123992_0b91b5158c_o.jpg","datePublished":"2021-06-30T12:31:20+00:00","author":{"@id":"https:\/\/www.p31noticias.com.br\/#\/schema\/person\/95f2ece30e3b4132065b915150cd0f94"},"breadcrumb":{"@id":"https:\/\/www.p31noticias.com.br\/?p=23238#breadcrumb"},"inLanguage":"pt-BR","potentialAction":[{"@type":"ReadAction","target":["https:\/\/www.p31noticias.com.br\/?p=23238"]}]},{"@type":"ImageObject","inLanguage":"pt-BR","@id":"https:\/\/www.p31noticias.com.br\/?p=23238#primaryimage","url":"https:\/\/www.p31noticias.com.br\/wp-content\/uploads\/2021\/06\/51206123992_0b91b5158c_o.jpg","contentUrl":"https:\/\/www.p31noticias.com.br\/wp-content\/uploads\/2021\/06\/51206123992_0b91b5158c_o.jpg","width":1170,"height":700},{"@type":"BreadcrumbList","@id":"https:\/\/www.p31noticias.com.br\/?p=23238#breadcrumb","itemListElement":[{"@type":"ListItem","position":1,"name":"In\u00edcio","item":"https:\/\/www.p31noticias.com.br\/"},{"@type":"ListItem","position":2,"name":"Guedes diz que arrecada\u00e7\u00e3o recorde reflete retomada da economia."}]},{"@type":"WebSite","@id":"https:\/\/www.p31noticias.com.br\/#website","url":"https:\/\/www.p31noticias.com.br\/","name":"P31","description":"NOT\u00cdCIAS","potentialAction":[{"@type":"SearchAction","target":{"@type":"EntryPoint","urlTemplate":"https:\/\/www.p31noticias.com.br\/?s={search_term_string}"},"query-input":{"@type":"PropertyValueSpecification","valueRequired":true,"valueName":"search_term_string"}}],"inLanguage":"pt-BR"},{"@type":"Person","@id":"https:\/\/www.p31noticias.com.br\/#\/schema\/person\/95f2ece30e3b4132065b915150cd0f94","name":"Gon\u00e7alves Junior","image":{"@type":"ImageObject","inLanguage":"pt-BR","@id":"https:\/\/secure.gravatar.com\/avatar\/6711f350116a89762687a48d66f723c799e5438a5b7578508d4294cd7a5d0800?s=96&d=mm&r=g","url":"https:\/\/secure.gravatar.com\/avatar\/6711f350116a89762687a48d66f723c799e5438a5b7578508d4294cd7a5d0800?s=96&d=mm&r=g","contentUrl":"https:\/\/secure.gravatar.com\/avatar\/6711f350116a89762687a48d66f723c799e5438a5b7578508d4294cd7a5d0800?s=96&d=mm&r=g","caption":"Gon\u00e7alves Junior"},"url":"https:\/\/www.p31noticias.com.br\/?author=2"}]}},"amp_enabled":true,"_links":{"self":[{"href":"https:\/\/www.p31noticias.com.br\/index.php?rest_route=\/wp\/v2\/posts\/23238","targetHints":{"allow":["GET"]}}],"collection":[{"href":"https:\/\/www.p31noticias.com.br\/index.php?rest_route=\/wp\/v2\/posts"}],"about":[{"href":"https:\/\/www.p31noticias.com.br\/index.php?rest_route=\/wp\/v2\/types\/post"}],"author":[{"embeddable":true,"href":"https:\/\/www.p31noticias.com.br\/index.php?rest_route=\/wp\/v2\/users\/2"}],"replies":[{"embeddable":true,"href":"https:\/\/www.p31noticias.com.br\/index.php?rest_route=%2Fwp%2Fv2%2Fcomments&post=23238"}],"version-history":[{"count":2,"href":"https:\/\/www.p31noticias.com.br\/index.php?rest_route=\/wp\/v2\/posts\/23238\/revisions"}],"predecessor-version":[{"id":23241,"href":"https:\/\/www.p31noticias.com.br\/index.php?rest_route=\/wp\/v2\/posts\/23238\/revisions\/23241"}],"wp:featuredmedia":[{"embeddable":true,"href":"https:\/\/www.p31noticias.com.br\/index.php?rest_route=\/wp\/v2\/media\/23239"}],"wp:attachment":[{"href":"https:\/\/www.p31noticias.com.br\/index.php?rest_route=%2Fwp%2Fv2%2Fmedia&parent=23238"}],"wp:term":[{"taxonomy":"category","embeddable":true,"href":"https:\/\/www.p31noticias.com.br\/index.php?rest_route=%2Fwp%2Fv2%2Fcategories&post=23238"},{"taxonomy":"post_tag","embeddable":true,"href":"https:\/\/www.p31noticias.com.br\/index.php?rest_route=%2Fwp%2Fv2%2Ftags&post=23238"}],"curies":[{"name":"wp","href":"https:\/\/api.w.org\/{rel}","templated":true}]}}