{"id":23235,"date":"2021-06-29T08:17:13","date_gmt":"2021-06-29T11:17:13","guid":{"rendered":"https:\/\/p31noticias.com.br\/?p=23235"},"modified":"2021-06-29T08:17:13","modified_gmt":"2021-06-29T11:17:13","slug":"processo-seletivo-vai-contratar-435-profissionais-de-saude","status":"publish","type":"post","link":"https:\/\/www.p31noticias.com.br\/?p=23235","title":{"rendered":"Processo seletivo vai contratar 435 profissionais de sa\u00fade."},"content":{"rendered":"<p style=\"text-align: justify;\"><em><strong>Os selecionados v\u00e3o refor\u00e7ar o combate \u00e0 covid-19. A previs\u00e3o \u00e9 que o edital seja publicado no in\u00edcio de julho.<\/strong><\/em><\/p>\n<p style=\"text-align: justify;\">Foi publicada no Di\u00e1rio Oficial do Distrito Federal desta segunda-feira (28) autoriza\u00e7\u00e3o para a Secretaria de Sa\u00fade realizar processo seletivo simplificado visando \u00e0 contrata\u00e7\u00e3o tempor\u00e1ria de 435 profissionais da sa\u00fade de n\u00edvel superior e t\u00e9cnico mais a forma\u00e7\u00e3o de cadastro reserva. A sele\u00e7\u00e3o tem por objetivo refor\u00e7ar o atendimento direto ou indireto na assist\u00eancia a pacientes confirmados ou suspeitos para covid-19.<\/p>\n<p style=\"text-align: justify;\">Segundo a subsecret\u00e1ria de Gest\u00e3o de Pessoas, Silene Almeida, a previs\u00e3o \u00e9 que o edital seja publicado no in\u00edcio de julho, quando iniciam as inscri\u00e7\u00f5es para enfermeiros e m\u00e9dicos. Para as demais vagas, a previs\u00e3o \u00e9 que ocorra na segunda quinzena de julho.<\/p>\n<p style=\"text-align: justify;\"><img loading=\"lazy\" decoding=\"async\" class=\"aligncenter wp-image-310181 size-full\" src=\"http:\/\/www.agenciabrasilia.df.gov.br\/wp-conteudo\/uploads\/2021\/06\/banner_processo_seletivo_2021.jpg\" sizes=\"auto, (max-width: 768px) 100vw, 768px\" srcset=\"https:\/\/www.agenciabrasilia.df.gov.br\/wp-conteudo\/uploads\/2021\/06\/banner_processo_seletivo_2021.jpg 768w, https:\/\/www.agenciabrasilia.df.gov.br\/wp-conteudo\/uploads\/2021\/06\/banner_processo_seletivo_2021-300x160.jpg 300w, https:\/\/www.agenciabrasilia.df.gov.br\/wp-conteudo\/uploads\/2021\/06\/banner_processo_seletivo_2021-186x99.jpg 186w, https:\/\/www.agenciabrasilia.df.gov.br\/wp-conteudo\/uploads\/2021\/06\/banner_processo_seletivo_2021-160x85.jpg 160w, https:\/\/www.agenciabrasilia.df.gov.br\/wp-conteudo\/uploads\/2021\/06\/banner_processo_seletivo_2021-256x136.jpg 256w\" alt=\"\" width=\"768\" height=\"409\" \/><\/p>\n<p style=\"text-align: justify;\">Al\u00e9m dessas vagas, h\u00e1 a previs\u00e3o de cadastro reserva igual a 50% do n\u00famero de vagas autorizadas. O provimento est\u00e1 condicionado \u00e0 disponibilidade or\u00e7ament\u00e1ria e financeira, e a contrata\u00e7\u00e3o ser\u00e1 conforme necessidade, urg\u00eancia e agravamento da pandemia no DF.<\/p>\n<p style=\"text-align: justify;\">A jornada de trabalho para todos os cargos ser\u00e1 de 40 horas. Os m\u00e9dicos ser\u00e3o da especialidade Fam\u00edlia e Comunidade. \u201cA inten\u00e7\u00e3o \u00e9 aumentar a cobertura de estrat\u00e9gia de sa\u00fade da fam\u00edlia, j\u00e1 que a aten\u00e7\u00e3o prim\u00e1ria \u00e9 a porta de entrada do sistema p\u00fablico de sa\u00fade e onde s\u00e3o atendidos a maioria dos casos suspeitos de covid-19\u201d, destaca Silene.<\/p>\n<p style=\"text-align: justify;\">A subsecret\u00e1ria ressalta ainda que a Secretaria de Sa\u00fade est\u00e1 atuando para convocar enfermeiros de fam\u00edlia e comunidade e obstetras concursados para fortalecer o servi\u00e7o. \u201cA enfermagem do contrato tempor\u00e1rio ser\u00e1 lotada nos servi\u00e7os de emerg\u00eancia, UTI e nos hospitais acoplados\u201d, explica.<\/p>\n<blockquote class=\"olho direita\"><p><span class=\"olho__texto h2 clearfix\">A contrata\u00e7\u00e3o \u00e9 tempor\u00e1ria, pelo prazo inicial de 12 meses. Al\u00e9m dessas vagas, h\u00e1 a previs\u00e3o de cadastro reserva igual a 50% do n\u00famero de vagas autorizadas<\/span><\/p><\/blockquote>\n<p style=\"text-align: justify;\"><strong>Contrata\u00e7\u00e3o tempor\u00e1ria<\/strong><\/p>\n<p style=\"text-align: justify;\">A contrata\u00e7\u00e3o \u00e9 tempor\u00e1ria, pelo prazo inicial de 12 meses, e segue o disposto na Lei n\u00ba 4.266\/2008, que trata da contrata\u00e7\u00e3o por tempo determinado para atender \u00e0 necessidade tempor\u00e1ria de excepcional interesse p\u00fablico, na qual est\u00e1 inclu\u00edda a assist\u00eancia a situa\u00e7\u00f5es de calamidade p\u00fablica oficialmente reconhecidas pelo poder p\u00fablico.<\/p>\n<p style=\"text-align: justify;\">Os profissionais ser\u00e3o lotados conforme designa\u00e7\u00e3o da Subsecretaria de Gest\u00e3o de Pessoas (Sugep) da SES\/DF.<\/p>\n<p style=\"text-align: justify;\">\u201cDesde o in\u00edcio da gest\u00e3o estamos trabalhando de forma cont\u00ednua no provisionamento de pessoal para refor\u00e7ar as equipes. A determina\u00e7\u00e3o dada pelo governador Ibaneis \u00e9 pelo fortalecimento do servi\u00e7o p\u00fablico de sa\u00fade. Nesse contexto, o chamamento dos concursados tem sido feito, observando as limita\u00e7\u00f5es impostas pela Lei Federal 173\/2020. Como \u00e9 necess\u00e1rio haver vac\u00e2ncias para convocar, temos utilizado a estrat\u00e9gia prevista nesta normativa, que s\u00e3o as sele\u00e7\u00f5es tempor\u00e1rias para garantir assist\u00eancia \u00e0 popula\u00e7\u00e3o e n\u00e3o sobrecarregar as equipes\u201d, indica Silene.<\/p>\n<p style=\"text-align: justify;\">A subsecret\u00e1ria informa ainda que est\u00e3o tramitando processos para a realiza\u00e7\u00e3o de novo concurso p\u00fablico contemplando v\u00e1rias \u00e1reas da sa\u00fade. \u201cA Secretaria de Economia tem sido parceira e dado o apoio necess\u00e1rio para que essas a\u00e7\u00f5es possam ser operacionalizadas\u201d, refor\u00e7a<\/p>\n<p style=\"text-align: justify;\"><em>*Com informa\u00e7\u00f5es da Secretaria de Sa\u00fade<\/em><\/p>\n","protected":false},"excerpt":{"rendered":"<p>Os selecionados v\u00e3o refor\u00e7ar o combate \u00e0 covid-19. A previs\u00e3o \u00e9 que o edital seja publicado no in\u00edcio de julho. Foi publicada no Di\u00e1rio Oficial do Distrito Federal desta segunda-feira (28) autoriza\u00e7\u00e3o para a Secretaria de Sa\u00fade realizar processo seletivo simplificado visando \u00e0 contrata\u00e7\u00e3o tempor\u00e1ria de 435 profissionais da sa\u00fade de n\u00edvel superior e t\u00e9cnico [&hellip;]<\/p>\n","protected":false},"author":2,"featured_media":23236,"comment_status":"open","ping_status":"open","sticky":false,"template":"","format":"standard","meta":{"footnotes":""},"categories":[21,1],"tags":[],"class_list":{"0":"post-23235","1":"post","2":"type-post","3":"status-publish","4":"format-standard","5":"has-post-thumbnail","7":"category-brasilia","8":"category-outros"},"yoast_head":"<!-- This site is optimized with the Yoast SEO Premium plugin v24.5 (Yoast SEO v27.5) - https:\/\/yoast.com\/product\/yoast-seo-premium-wordpress\/ -->\n<title>Processo seletivo vai contratar 435 profissionais de sa\u00fade. - P31<\/title>\n<meta name=\"robots\" content=\"index, follow, max-snippet:-1, max-image-preview:large, max-video-preview:-1\" \/>\n<link rel=\"canonical\" href=\"https:\/\/www.p31noticias.com.br\/?p=23235\" \/>\n<meta property=\"og:locale\" content=\"pt_BR\" \/>\n<meta property=\"og:type\" content=\"article\" \/>\n<meta property=\"og:title\" content=\"Processo seletivo vai contratar 435 profissionais de sa\u00fade.\" \/>\n<meta property=\"og:description\" content=\"Os selecionados v\u00e3o refor\u00e7ar o combate \u00e0 covid-19. A previs\u00e3o \u00e9 que o edital seja publicado no in\u00edcio de julho. Foi publicada no Di\u00e1rio Oficial do Distrito Federal desta segunda-feira (28) autoriza\u00e7\u00e3o para a Secretaria de Sa\u00fade realizar processo seletivo simplificado visando \u00e0 contrata\u00e7\u00e3o tempor\u00e1ria de 435 profissionais da sa\u00fade de n\u00edvel superior e t\u00e9cnico [&hellip;]\" \/>\n<meta property=\"og:url\" content=\"https:\/\/www.p31noticias.com.br\/?p=23235\" \/>\n<meta property=\"og:site_name\" content=\"P31\" \/>\n<meta property=\"article:published_time\" content=\"2021-06-29T11:17:13+00:00\" \/>\n<meta property=\"og:image\" content=\"https:\/\/www.p31noticias.com.br\/wp-content\/uploads\/2021\/06\/medicos-1000x450-1.jpg\" \/>\n\t<meta property=\"og:image:width\" content=\"1000\" \/>\n\t<meta property=\"og:image:height\" content=\"450\" \/>\n\t<meta property=\"og:image:type\" content=\"image\/jpeg\" \/>\n<meta name=\"author\" content=\"Gon\u00e7alves Junior\" \/>\n<meta name=\"twitter:card\" content=\"summary_large_image\" \/>\n<meta name=\"twitter:label1\" content=\"Escrito por\" \/>\n\t<meta name=\"twitter:data1\" content=\"Gon\u00e7alves Junior\" \/>\n\t<meta name=\"twitter:label2\" content=\"Est. tempo de leitura\" \/>\n\t<meta name=\"twitter:data2\" content=\"3 minutos\" \/>\n<script type=\"application\/ld+json\" class=\"yoast-schema-graph\">{\"@context\":\"https:\\\/\\\/schema.org\",\"@graph\":[{\"@type\":\"Article\",\"@id\":\"https:\\\/\\\/www.p31noticias.com.br\\\/?p=23235#article\",\"isPartOf\":{\"@id\":\"https:\\\/\\\/www.p31noticias.com.br\\\/?p=23235\"},\"author\":{\"name\":\"Gon\u00e7alves Junior\",\"@id\":\"https:\\\/\\\/www.p31noticias.com.br\\\/#\\\/schema\\\/person\\\/95f2ece30e3b4132065b915150cd0f94\"},\"headline\":\"Processo seletivo vai contratar 435 profissionais de sa\u00fade.\",\"datePublished\":\"2021-06-29T11:17:13+00:00\",\"mainEntityOfPage\":{\"@id\":\"https:\\\/\\\/www.p31noticias.com.br\\\/?p=23235\"},\"wordCount\":569,\"commentCount\":0,\"image\":{\"@id\":\"https:\\\/\\\/www.p31noticias.com.br\\\/?p=23235#primaryimage\"},\"thumbnailUrl\":\"https:\\\/\\\/www.p31noticias.com.br\\\/wp-content\\\/uploads\\\/2021\\\/06\\\/medicos-1000x450-1.jpg\",\"articleSection\":[\"Bras\u00edlia\",\"Outros\"],\"inLanguage\":\"pt-BR\",\"potentialAction\":[{\"@type\":\"CommentAction\",\"name\":\"Comment\",\"target\":[\"https:\\\/\\\/www.p31noticias.com.br\\\/?p=23235#respond\"]}],\"copyrightYear\":\"2021\",\"copyrightHolder\":{\"@id\":\"https:\\\/\\\/www.p31noticias.com.br\\\/#organization\"}},{\"@type\":\"WebPage\",\"@id\":\"https:\\\/\\\/www.p31noticias.com.br\\\/?p=23235\",\"url\":\"https:\\\/\\\/www.p31noticias.com.br\\\/?p=23235\",\"name\":\"Processo seletivo vai contratar 435 profissionais de sa\u00fade. - P31\",\"isPartOf\":{\"@id\":\"https:\\\/\\\/www.p31noticias.com.br\\\/#website\"},\"primaryImageOfPage\":{\"@id\":\"https:\\\/\\\/www.p31noticias.com.br\\\/?p=23235#primaryimage\"},\"image\":{\"@id\":\"https:\\\/\\\/www.p31noticias.com.br\\\/?p=23235#primaryimage\"},\"thumbnailUrl\":\"https:\\\/\\\/www.p31noticias.com.br\\\/wp-content\\\/uploads\\\/2021\\\/06\\\/medicos-1000x450-1.jpg\",\"datePublished\":\"2021-06-29T11:17:13+00:00\",\"author\":{\"@id\":\"https:\\\/\\\/www.p31noticias.com.br\\\/#\\\/schema\\\/person\\\/95f2ece30e3b4132065b915150cd0f94\"},\"breadcrumb\":{\"@id\":\"https:\\\/\\\/www.p31noticias.com.br\\\/?p=23235#breadcrumb\"},\"inLanguage\":\"pt-BR\",\"potentialAction\":[{\"@type\":\"ReadAction\",\"target\":[\"https:\\\/\\\/www.p31noticias.com.br\\\/?p=23235\"]}]},{\"@type\":\"ImageObject\",\"inLanguage\":\"pt-BR\",\"@id\":\"https:\\\/\\\/www.p31noticias.com.br\\\/?p=23235#primaryimage\",\"url\":\"https:\\\/\\\/www.p31noticias.com.br\\\/wp-content\\\/uploads\\\/2021\\\/06\\\/medicos-1000x450-1.jpg\",\"contentUrl\":\"https:\\\/\\\/www.p31noticias.com.br\\\/wp-content\\\/uploads\\\/2021\\\/06\\\/medicos-1000x450-1.jpg\",\"width\":1000,\"height\":450},{\"@type\":\"BreadcrumbList\",\"@id\":\"https:\\\/\\\/www.p31noticias.com.br\\\/?p=23235#breadcrumb\",\"itemListElement\":[{\"@type\":\"ListItem\",\"position\":1,\"name\":\"In\u00edcio\",\"item\":\"https:\\\/\\\/www.p31noticias.com.br\\\/\"},{\"@type\":\"ListItem\",\"position\":2,\"name\":\"Processo seletivo vai contratar 435 profissionais de sa\u00fade.\"}]},{\"@type\":\"WebSite\",\"@id\":\"https:\\\/\\\/www.p31noticias.com.br\\\/#website\",\"url\":\"https:\\\/\\\/www.p31noticias.com.br\\\/\",\"name\":\"P31\",\"description\":\"NOT\u00cdCIAS\",\"potentialAction\":[{\"@type\":\"SearchAction\",\"target\":{\"@type\":\"EntryPoint\",\"urlTemplate\":\"https:\\\/\\\/www.p31noticias.com.br\\\/?s={search_term_string}\"},\"query-input\":{\"@type\":\"PropertyValueSpecification\",\"valueRequired\":true,\"valueName\":\"search_term_string\"}}],\"inLanguage\":\"pt-BR\"},{\"@type\":\"Person\",\"@id\":\"https:\\\/\\\/www.p31noticias.com.br\\\/#\\\/schema\\\/person\\\/95f2ece30e3b4132065b915150cd0f94\",\"name\":\"Gon\u00e7alves Junior\",\"image\":{\"@type\":\"ImageObject\",\"inLanguage\":\"pt-BR\",\"@id\":\"https:\\\/\\\/secure.gravatar.com\\\/avatar\\\/6711f350116a89762687a48d66f723c799e5438a5b7578508d4294cd7a5d0800?s=96&d=mm&r=g\",\"url\":\"https:\\\/\\\/secure.gravatar.com\\\/avatar\\\/6711f350116a89762687a48d66f723c799e5438a5b7578508d4294cd7a5d0800?s=96&d=mm&r=g\",\"contentUrl\":\"https:\\\/\\\/secure.gravatar.com\\\/avatar\\\/6711f350116a89762687a48d66f723c799e5438a5b7578508d4294cd7a5d0800?s=96&d=mm&r=g\",\"caption\":\"Gon\u00e7alves Junior\"},\"url\":\"https:\\\/\\\/www.p31noticias.com.br\\\/?author=2\"}]}<\/script>\n<!-- \/ Yoast SEO Premium plugin. -->","yoast_head_json":{"title":"Processo seletivo vai contratar 435 profissionais de sa\u00fade. - P31","robots":{"index":"index","follow":"follow","max-snippet":"max-snippet:-1","max-image-preview":"max-image-preview:large","max-video-preview":"max-video-preview:-1"},"canonical":"https:\/\/www.p31noticias.com.br\/?p=23235","og_locale":"pt_BR","og_type":"article","og_title":"Processo seletivo vai contratar 435 profissionais de sa\u00fade.","og_description":"Os selecionados v\u00e3o refor\u00e7ar o combate \u00e0 covid-19. A previs\u00e3o \u00e9 que o edital seja publicado no in\u00edcio de julho. Foi publicada no Di\u00e1rio Oficial do Distrito Federal desta segunda-feira (28) autoriza\u00e7\u00e3o para a Secretaria de Sa\u00fade realizar processo seletivo simplificado visando \u00e0 contrata\u00e7\u00e3o tempor\u00e1ria de 435 profissionais da sa\u00fade de n\u00edvel superior e t\u00e9cnico [&hellip;]","og_url":"https:\/\/www.p31noticias.com.br\/?p=23235","og_site_name":"P31","article_published_time":"2021-06-29T11:17:13+00:00","og_image":[{"width":1000,"height":450,"url":"https:\/\/www.p31noticias.com.br\/wp-content\/uploads\/2021\/06\/medicos-1000x450-1.jpg","type":"image\/jpeg"}],"author":"Gon\u00e7alves Junior","twitter_card":"summary_large_image","twitter_misc":{"Escrito por":"Gon\u00e7alves Junior","Est. tempo de leitura":"3 minutos"},"schema":{"@context":"https:\/\/schema.org","@graph":[{"@type":"Article","@id":"https:\/\/www.p31noticias.com.br\/?p=23235#article","isPartOf":{"@id":"https:\/\/www.p31noticias.com.br\/?p=23235"},"author":{"name":"Gon\u00e7alves Junior","@id":"https:\/\/www.p31noticias.com.br\/#\/schema\/person\/95f2ece30e3b4132065b915150cd0f94"},"headline":"Processo seletivo vai contratar 435 profissionais de sa\u00fade.","datePublished":"2021-06-29T11:17:13+00:00","mainEntityOfPage":{"@id":"https:\/\/www.p31noticias.com.br\/?p=23235"},"wordCount":569,"commentCount":0,"image":{"@id":"https:\/\/www.p31noticias.com.br\/?p=23235#primaryimage"},"thumbnailUrl":"https:\/\/www.p31noticias.com.br\/wp-content\/uploads\/2021\/06\/medicos-1000x450-1.jpg","articleSection":["Bras\u00edlia","Outros"],"inLanguage":"pt-BR","potentialAction":[{"@type":"CommentAction","name":"Comment","target":["https:\/\/www.p31noticias.com.br\/?p=23235#respond"]}],"copyrightYear":"2021","copyrightHolder":{"@id":"https:\/\/www.p31noticias.com.br\/#organization"}},{"@type":"WebPage","@id":"https:\/\/www.p31noticias.com.br\/?p=23235","url":"https:\/\/www.p31noticias.com.br\/?p=23235","name":"Processo seletivo vai contratar 435 profissionais de sa\u00fade. - P31","isPartOf":{"@id":"https:\/\/www.p31noticias.com.br\/#website"},"primaryImageOfPage":{"@id":"https:\/\/www.p31noticias.com.br\/?p=23235#primaryimage"},"image":{"@id":"https:\/\/www.p31noticias.com.br\/?p=23235#primaryimage"},"thumbnailUrl":"https:\/\/www.p31noticias.com.br\/wp-content\/uploads\/2021\/06\/medicos-1000x450-1.jpg","datePublished":"2021-06-29T11:17:13+00:00","author":{"@id":"https:\/\/www.p31noticias.com.br\/#\/schema\/person\/95f2ece30e3b4132065b915150cd0f94"},"breadcrumb":{"@id":"https:\/\/www.p31noticias.com.br\/?p=23235#breadcrumb"},"inLanguage":"pt-BR","potentialAction":[{"@type":"ReadAction","target":["https:\/\/www.p31noticias.com.br\/?p=23235"]}]},{"@type":"ImageObject","inLanguage":"pt-BR","@id":"https:\/\/www.p31noticias.com.br\/?p=23235#primaryimage","url":"https:\/\/www.p31noticias.com.br\/wp-content\/uploads\/2021\/06\/medicos-1000x450-1.jpg","contentUrl":"https:\/\/www.p31noticias.com.br\/wp-content\/uploads\/2021\/06\/medicos-1000x450-1.jpg","width":1000,"height":450},{"@type":"BreadcrumbList","@id":"https:\/\/www.p31noticias.com.br\/?p=23235#breadcrumb","itemListElement":[{"@type":"ListItem","position":1,"name":"In\u00edcio","item":"https:\/\/www.p31noticias.com.br\/"},{"@type":"ListItem","position":2,"name":"Processo seletivo vai contratar 435 profissionais de sa\u00fade."}]},{"@type":"WebSite","@id":"https:\/\/www.p31noticias.com.br\/#website","url":"https:\/\/www.p31noticias.com.br\/","name":"P31","description":"NOT\u00cdCIAS","potentialAction":[{"@type":"SearchAction","target":{"@type":"EntryPoint","urlTemplate":"https:\/\/www.p31noticias.com.br\/?s={search_term_string}"},"query-input":{"@type":"PropertyValueSpecification","valueRequired":true,"valueName":"search_term_string"}}],"inLanguage":"pt-BR"},{"@type":"Person","@id":"https:\/\/www.p31noticias.com.br\/#\/schema\/person\/95f2ece30e3b4132065b915150cd0f94","name":"Gon\u00e7alves Junior","image":{"@type":"ImageObject","inLanguage":"pt-BR","@id":"https:\/\/secure.gravatar.com\/avatar\/6711f350116a89762687a48d66f723c799e5438a5b7578508d4294cd7a5d0800?s=96&d=mm&r=g","url":"https:\/\/secure.gravatar.com\/avatar\/6711f350116a89762687a48d66f723c799e5438a5b7578508d4294cd7a5d0800?s=96&d=mm&r=g","contentUrl":"https:\/\/secure.gravatar.com\/avatar\/6711f350116a89762687a48d66f723c799e5438a5b7578508d4294cd7a5d0800?s=96&d=mm&r=g","caption":"Gon\u00e7alves Junior"},"url":"https:\/\/www.p31noticias.com.br\/?author=2"}]}},"amp_enabled":true,"_links":{"self":[{"href":"https:\/\/www.p31noticias.com.br\/index.php?rest_route=\/wp\/v2\/posts\/23235","targetHints":{"allow":["GET"]}}],"collection":[{"href":"https:\/\/www.p31noticias.com.br\/index.php?rest_route=\/wp\/v2\/posts"}],"about":[{"href":"https:\/\/www.p31noticias.com.br\/index.php?rest_route=\/wp\/v2\/types\/post"}],"author":[{"embeddable":true,"href":"https:\/\/www.p31noticias.com.br\/index.php?rest_route=\/wp\/v2\/users\/2"}],"replies":[{"embeddable":true,"href":"https:\/\/www.p31noticias.com.br\/index.php?rest_route=%2Fwp%2Fv2%2Fcomments&post=23235"}],"version-history":[{"count":1,"href":"https:\/\/www.p31noticias.com.br\/index.php?rest_route=\/wp\/v2\/posts\/23235\/revisions"}],"predecessor-version":[{"id":23237,"href":"https:\/\/www.p31noticias.com.br\/index.php?rest_route=\/wp\/v2\/posts\/23235\/revisions\/23237"}],"wp:featuredmedia":[{"embeddable":true,"href":"https:\/\/www.p31noticias.com.br\/index.php?rest_route=\/wp\/v2\/media\/23236"}],"wp:attachment":[{"href":"https:\/\/www.p31noticias.com.br\/index.php?rest_route=%2Fwp%2Fv2%2Fmedia&parent=23235"}],"wp:term":[{"taxonomy":"category","embeddable":true,"href":"https:\/\/www.p31noticias.com.br\/index.php?rest_route=%2Fwp%2Fv2%2Fcategories&post=23235"},{"taxonomy":"post_tag","embeddable":true,"href":"https:\/\/www.p31noticias.com.br\/index.php?rest_route=%2Fwp%2Fv2%2Ftags&post=23235"}],"curies":[{"name":"wp","href":"https:\/\/api.w.org\/{rel}","templated":true}]}}