{"id":23227,"date":"2021-06-29T08:20:06","date_gmt":"2021-06-29T11:20:06","guid":{"rendered":"https:\/\/p31noticias.com.br\/?p=23227"},"modified":"2021-06-29T08:20:06","modified_gmt":"2021-06-29T11:20:06","slug":"eurocopa-suica-elimina-campea-mundial-franca-nos-penaltis","status":"publish","type":"post","link":"https:\/\/www.p31noticias.com.br\/?p=23227","title":{"rendered":"Eurocopa: Su\u00ed\u00e7a elimina campe\u00e3 mundial Fran\u00e7a nos p\u00eanaltis"},"content":{"rendered":"<h3 class=\"col-10 offset-1 animated fadeInDown dealy-900 display-8 display-md-8 alt-font font-italic my-1 text-center\" style=\"text-align: justify;\"><em><strong>Goleiro Sommer defende cobran\u00e7a de Mbapp\u00e9,<\/strong><\/em><\/h3>\n<p style=\"text-align: justify;\">O goleiro su\u00ed\u00e7o Yann Sommer defendeu a cobran\u00e7a de p\u00eanalti do atacante franc\u00eas Kylian Mbapp\u00e9 para garantir a vit\u00f3ria de 5 a 4 na disputa de p\u00eanaltis nesta segunda-feira (28), assegurando a classifica\u00e7\u00e3o da equipe para as quartas de final da Eurocopa de 2020, onde enfrentar\u00e1 a Espanha.ap\u00f3s empate de 3 a 3,<img decoding=\"async\" src=\"https:\/\/agenciabrasil.ebc.com.br\/ebc.png?id=1414031&amp;o=node\" \/>A Su\u00ed\u00e7a abriu o placar aos 15 minutos, quando Seferovic subiu para cabecear o cruzamento de Steven Zuber, e poderia ter ampliado no come\u00e7o do segundo tempo, mas o goleiro Hugo Lloris defendeu cobran\u00e7a de p\u00eanalti de Ricardo Rodriguez.<\/p>\n<p style=\"text-align: justify;\">Karim Benzema marcou duas vezes em 103 segundos e Paul Pogba fez o terceiro da Fran\u00e7a, atual campe\u00e3 mundial, em um lindo chute a 15 minutos do fim, mas Seferovic cabeceou para marcar seu segundo gol aos 36 minutos, antes de Mario Gavranovic empatar no \u00faltimo minuto.<\/p>\n<p style=\"text-align: justify;\">O franc\u00eas Kingsley Coman, que saiu do banco de reservas, acertou um chute na trave nos segundos finais, e o jogo terminou em 3 a 3 e foi para a prorroga\u00e7\u00e3o, sem que nenhum dos times conseguisse marcar nos 30 minutos de tempo extra.<\/p>\n<p style=\"text-align: justify;\">As duas equipes foram perfeitas nas cobran\u00e7as de p\u00eanalti at\u00e9 Mbapp\u00e9 se encaminhar para a quinta batida da Fran\u00e7a, que foi defendida pelo goleiro Sommer.<\/p>\n<p>Ag\u00eancia Brasil.<\/p>\n","protected":false},"excerpt":{"rendered":"<p>Goleiro Sommer defende cobran\u00e7a de Mbapp\u00e9, O goleiro su\u00ed\u00e7o Yann Sommer defendeu a cobran\u00e7a de p\u00eanalti do atacante franc\u00eas Kylian Mbapp\u00e9 para garantir a vit\u00f3ria de 5 a 4 na disputa de p\u00eanaltis nesta segunda-feira (28), assegurando a classifica\u00e7\u00e3o da equipe para as quartas de final da Eurocopa de 2020, onde enfrentar\u00e1 a Espanha.ap\u00f3s empate [&hellip;]<\/p>\n","protected":false},"author":2,"featured_media":23228,"comment_status":"open","ping_status":"open","sticky":false,"template":"","format":"standard","meta":{"footnotes":""},"categories":[1],"tags":[],"class_list":{"0":"post-23227","1":"post","2":"type-post","3":"status-publish","4":"format-standard","5":"has-post-thumbnail","7":"category-outros"},"yoast_head":"<!-- This site is optimized with the Yoast SEO Premium plugin v24.5 (Yoast SEO v27.5) - https:\/\/yoast.com\/product\/yoast-seo-premium-wordpress\/ -->\n<title>Eurocopa: Su\u00ed\u00e7a elimina campe\u00e3 mundial Fran\u00e7a nos p\u00eanaltis - P31<\/title>\n<meta name=\"robots\" content=\"index, follow, max-snippet:-1, max-image-preview:large, max-video-preview:-1\" \/>\n<link rel=\"canonical\" href=\"https:\/\/www.p31noticias.com.br\/?p=23227\" \/>\n<meta property=\"og:locale\" content=\"pt_BR\" \/>\n<meta property=\"og:type\" content=\"article\" \/>\n<meta property=\"og:title\" content=\"Eurocopa: Su\u00ed\u00e7a elimina campe\u00e3 mundial Fran\u00e7a nos p\u00eanaltis\" \/>\n<meta property=\"og:description\" content=\"Goleiro Sommer defende cobran\u00e7a de Mbapp\u00e9, O goleiro su\u00ed\u00e7o Yann Sommer defendeu a cobran\u00e7a de p\u00eanalti do atacante franc\u00eas Kylian Mbapp\u00e9 para garantir a vit\u00f3ria de 5 a 4 na disputa de p\u00eanaltis nesta segunda-feira (28), assegurando a classifica\u00e7\u00e3o da equipe para as quartas de final da Eurocopa de 2020, onde enfrentar\u00e1 a Espanha.ap\u00f3s empate [&hellip;]\" \/>\n<meta property=\"og:url\" content=\"https:\/\/www.p31noticias.com.br\/?p=23227\" \/>\n<meta property=\"og:site_name\" content=\"P31\" \/>\n<meta property=\"article:published_time\" content=\"2021-06-29T11:20:06+00:00\" \/>\n<meta property=\"og:image\" content=\"https:\/\/www.p31noticias.com.br\/wp-content\/uploads\/2021\/06\/2021-06-28t221756z_1_lynxnpeh5r1do_rtroptp_4_soccer-euro-fra-swi-report.jpg\" \/>\n\t<meta property=\"og:image:width\" content=\"1170\" \/>\n\t<meta property=\"og:image:height\" content=\"700\" \/>\n\t<meta property=\"og:image:type\" content=\"image\/jpeg\" \/>\n<meta name=\"author\" content=\"Gon\u00e7alves Junior\" \/>\n<meta name=\"twitter:card\" content=\"summary_large_image\" \/>\n<meta name=\"twitter:label1\" content=\"Escrito por\" \/>\n\t<meta name=\"twitter:data1\" content=\"Gon\u00e7alves Junior\" \/>\n\t<meta name=\"twitter:label2\" content=\"Est. tempo de leitura\" \/>\n\t<meta name=\"twitter:data2\" content=\"1 minuto\" \/>\n<script type=\"application\/ld+json\" class=\"yoast-schema-graph\">{\"@context\":\"https:\\\/\\\/schema.org\",\"@graph\":[{\"@type\":\"Article\",\"@id\":\"https:\\\/\\\/www.p31noticias.com.br\\\/?p=23227#article\",\"isPartOf\":{\"@id\":\"https:\\\/\\\/www.p31noticias.com.br\\\/?p=23227\"},\"author\":{\"name\":\"Gon\u00e7alves Junior\",\"@id\":\"https:\\\/\\\/www.p31noticias.com.br\\\/#\\\/schema\\\/person\\\/95f2ece30e3b4132065b915150cd0f94\"},\"headline\":\"Eurocopa: Su\u00ed\u00e7a elimina campe\u00e3 mundial Fran\u00e7a nos p\u00eanaltis\",\"datePublished\":\"2021-06-29T11:20:06+00:00\",\"mainEntityOfPage\":{\"@id\":\"https:\\\/\\\/www.p31noticias.com.br\\\/?p=23227\"},\"wordCount\":235,\"commentCount\":0,\"image\":{\"@id\":\"https:\\\/\\\/www.p31noticias.com.br\\\/?p=23227#primaryimage\"},\"thumbnailUrl\":\"https:\\\/\\\/www.p31noticias.com.br\\\/wp-content\\\/uploads\\\/2021\\\/06\\\/2021-06-28t221756z_1_lynxnpeh5r1do_rtroptp_4_soccer-euro-fra-swi-report.jpg\",\"articleSection\":[\"Outros\"],\"inLanguage\":\"pt-BR\",\"potentialAction\":[{\"@type\":\"CommentAction\",\"name\":\"Comment\",\"target\":[\"https:\\\/\\\/www.p31noticias.com.br\\\/?p=23227#respond\"]}],\"copyrightYear\":\"2021\",\"copyrightHolder\":{\"@id\":\"https:\\\/\\\/www.p31noticias.com.br\\\/#organization\"}},{\"@type\":\"WebPage\",\"@id\":\"https:\\\/\\\/www.p31noticias.com.br\\\/?p=23227\",\"url\":\"https:\\\/\\\/www.p31noticias.com.br\\\/?p=23227\",\"name\":\"Eurocopa: Su\u00ed\u00e7a elimina campe\u00e3 mundial Fran\u00e7a nos p\u00eanaltis - P31\",\"isPartOf\":{\"@id\":\"https:\\\/\\\/www.p31noticias.com.br\\\/#website\"},\"primaryImageOfPage\":{\"@id\":\"https:\\\/\\\/www.p31noticias.com.br\\\/?p=23227#primaryimage\"},\"image\":{\"@id\":\"https:\\\/\\\/www.p31noticias.com.br\\\/?p=23227#primaryimage\"},\"thumbnailUrl\":\"https:\\\/\\\/www.p31noticias.com.br\\\/wp-content\\\/uploads\\\/2021\\\/06\\\/2021-06-28t221756z_1_lynxnpeh5r1do_rtroptp_4_soccer-euro-fra-swi-report.jpg\",\"datePublished\":\"2021-06-29T11:20:06+00:00\",\"author\":{\"@id\":\"https:\\\/\\\/www.p31noticias.com.br\\\/#\\\/schema\\\/person\\\/95f2ece30e3b4132065b915150cd0f94\"},\"breadcrumb\":{\"@id\":\"https:\\\/\\\/www.p31noticias.com.br\\\/?p=23227#breadcrumb\"},\"inLanguage\":\"pt-BR\",\"potentialAction\":[{\"@type\":\"ReadAction\",\"target\":[\"https:\\\/\\\/www.p31noticias.com.br\\\/?p=23227\"]}]},{\"@type\":\"ImageObject\",\"inLanguage\":\"pt-BR\",\"@id\":\"https:\\\/\\\/www.p31noticias.com.br\\\/?p=23227#primaryimage\",\"url\":\"https:\\\/\\\/www.p31noticias.com.br\\\/wp-content\\\/uploads\\\/2021\\\/06\\\/2021-06-28t221756z_1_lynxnpeh5r1do_rtroptp_4_soccer-euro-fra-swi-report.jpg\",\"contentUrl\":\"https:\\\/\\\/www.p31noticias.com.br\\\/wp-content\\\/uploads\\\/2021\\\/06\\\/2021-06-28t221756z_1_lynxnpeh5r1do_rtroptp_4_soccer-euro-fra-swi-report.jpg\",\"width\":1170,\"height\":700},{\"@type\":\"BreadcrumbList\",\"@id\":\"https:\\\/\\\/www.p31noticias.com.br\\\/?p=23227#breadcrumb\",\"itemListElement\":[{\"@type\":\"ListItem\",\"position\":1,\"name\":\"In\u00edcio\",\"item\":\"https:\\\/\\\/www.p31noticias.com.br\\\/\"},{\"@type\":\"ListItem\",\"position\":2,\"name\":\"Eurocopa: Su\u00ed\u00e7a elimina campe\u00e3 mundial Fran\u00e7a nos p\u00eanaltis\"}]},{\"@type\":\"WebSite\",\"@id\":\"https:\\\/\\\/www.p31noticias.com.br\\\/#website\",\"url\":\"https:\\\/\\\/www.p31noticias.com.br\\\/\",\"name\":\"P31\",\"description\":\"NOT\u00cdCIAS\",\"potentialAction\":[{\"@type\":\"SearchAction\",\"target\":{\"@type\":\"EntryPoint\",\"urlTemplate\":\"https:\\\/\\\/www.p31noticias.com.br\\\/?s={search_term_string}\"},\"query-input\":{\"@type\":\"PropertyValueSpecification\",\"valueRequired\":true,\"valueName\":\"search_term_string\"}}],\"inLanguage\":\"pt-BR\"},{\"@type\":\"Person\",\"@id\":\"https:\\\/\\\/www.p31noticias.com.br\\\/#\\\/schema\\\/person\\\/95f2ece30e3b4132065b915150cd0f94\",\"name\":\"Gon\u00e7alves Junior\",\"image\":{\"@type\":\"ImageObject\",\"inLanguage\":\"pt-BR\",\"@id\":\"https:\\\/\\\/secure.gravatar.com\\\/avatar\\\/6711f350116a89762687a48d66f723c799e5438a5b7578508d4294cd7a5d0800?s=96&d=mm&r=g\",\"url\":\"https:\\\/\\\/secure.gravatar.com\\\/avatar\\\/6711f350116a89762687a48d66f723c799e5438a5b7578508d4294cd7a5d0800?s=96&d=mm&r=g\",\"contentUrl\":\"https:\\\/\\\/secure.gravatar.com\\\/avatar\\\/6711f350116a89762687a48d66f723c799e5438a5b7578508d4294cd7a5d0800?s=96&d=mm&r=g\",\"caption\":\"Gon\u00e7alves Junior\"},\"url\":\"https:\\\/\\\/www.p31noticias.com.br\\\/?author=2\"}]}<\/script>\n<!-- \/ Yoast SEO Premium plugin. -->","yoast_head_json":{"title":"Eurocopa: Su\u00ed\u00e7a elimina campe\u00e3 mundial Fran\u00e7a nos p\u00eanaltis - P31","robots":{"index":"index","follow":"follow","max-snippet":"max-snippet:-1","max-image-preview":"max-image-preview:large","max-video-preview":"max-video-preview:-1"},"canonical":"https:\/\/www.p31noticias.com.br\/?p=23227","og_locale":"pt_BR","og_type":"article","og_title":"Eurocopa: Su\u00ed\u00e7a elimina campe\u00e3 mundial Fran\u00e7a nos p\u00eanaltis","og_description":"Goleiro Sommer defende cobran\u00e7a de Mbapp\u00e9, O goleiro su\u00ed\u00e7o Yann Sommer defendeu a cobran\u00e7a de p\u00eanalti do atacante franc\u00eas Kylian Mbapp\u00e9 para garantir a vit\u00f3ria de 5 a 4 na disputa de p\u00eanaltis nesta segunda-feira (28), assegurando a classifica\u00e7\u00e3o da equipe para as quartas de final da Eurocopa de 2020, onde enfrentar\u00e1 a Espanha.ap\u00f3s empate [&hellip;]","og_url":"https:\/\/www.p31noticias.com.br\/?p=23227","og_site_name":"P31","article_published_time":"2021-06-29T11:20:06+00:00","og_image":[{"width":1170,"height":700,"url":"https:\/\/www.p31noticias.com.br\/wp-content\/uploads\/2021\/06\/2021-06-28t221756z_1_lynxnpeh5r1do_rtroptp_4_soccer-euro-fra-swi-report.jpg","type":"image\/jpeg"}],"author":"Gon\u00e7alves Junior","twitter_card":"summary_large_image","twitter_misc":{"Escrito por":"Gon\u00e7alves Junior","Est. tempo de leitura":"1 minuto"},"schema":{"@context":"https:\/\/schema.org","@graph":[{"@type":"Article","@id":"https:\/\/www.p31noticias.com.br\/?p=23227#article","isPartOf":{"@id":"https:\/\/www.p31noticias.com.br\/?p=23227"},"author":{"name":"Gon\u00e7alves Junior","@id":"https:\/\/www.p31noticias.com.br\/#\/schema\/person\/95f2ece30e3b4132065b915150cd0f94"},"headline":"Eurocopa: Su\u00ed\u00e7a elimina campe\u00e3 mundial Fran\u00e7a nos p\u00eanaltis","datePublished":"2021-06-29T11:20:06+00:00","mainEntityOfPage":{"@id":"https:\/\/www.p31noticias.com.br\/?p=23227"},"wordCount":235,"commentCount":0,"image":{"@id":"https:\/\/www.p31noticias.com.br\/?p=23227#primaryimage"},"thumbnailUrl":"https:\/\/www.p31noticias.com.br\/wp-content\/uploads\/2021\/06\/2021-06-28t221756z_1_lynxnpeh5r1do_rtroptp_4_soccer-euro-fra-swi-report.jpg","articleSection":["Outros"],"inLanguage":"pt-BR","potentialAction":[{"@type":"CommentAction","name":"Comment","target":["https:\/\/www.p31noticias.com.br\/?p=23227#respond"]}],"copyrightYear":"2021","copyrightHolder":{"@id":"https:\/\/www.p31noticias.com.br\/#organization"}},{"@type":"WebPage","@id":"https:\/\/www.p31noticias.com.br\/?p=23227","url":"https:\/\/www.p31noticias.com.br\/?p=23227","name":"Eurocopa: Su\u00ed\u00e7a elimina campe\u00e3 mundial Fran\u00e7a nos p\u00eanaltis - P31","isPartOf":{"@id":"https:\/\/www.p31noticias.com.br\/#website"},"primaryImageOfPage":{"@id":"https:\/\/www.p31noticias.com.br\/?p=23227#primaryimage"},"image":{"@id":"https:\/\/www.p31noticias.com.br\/?p=23227#primaryimage"},"thumbnailUrl":"https:\/\/www.p31noticias.com.br\/wp-content\/uploads\/2021\/06\/2021-06-28t221756z_1_lynxnpeh5r1do_rtroptp_4_soccer-euro-fra-swi-report.jpg","datePublished":"2021-06-29T11:20:06+00:00","author":{"@id":"https:\/\/www.p31noticias.com.br\/#\/schema\/person\/95f2ece30e3b4132065b915150cd0f94"},"breadcrumb":{"@id":"https:\/\/www.p31noticias.com.br\/?p=23227#breadcrumb"},"inLanguage":"pt-BR","potentialAction":[{"@type":"ReadAction","target":["https:\/\/www.p31noticias.com.br\/?p=23227"]}]},{"@type":"ImageObject","inLanguage":"pt-BR","@id":"https:\/\/www.p31noticias.com.br\/?p=23227#primaryimage","url":"https:\/\/www.p31noticias.com.br\/wp-content\/uploads\/2021\/06\/2021-06-28t221756z_1_lynxnpeh5r1do_rtroptp_4_soccer-euro-fra-swi-report.jpg","contentUrl":"https:\/\/www.p31noticias.com.br\/wp-content\/uploads\/2021\/06\/2021-06-28t221756z_1_lynxnpeh5r1do_rtroptp_4_soccer-euro-fra-swi-report.jpg","width":1170,"height":700},{"@type":"BreadcrumbList","@id":"https:\/\/www.p31noticias.com.br\/?p=23227#breadcrumb","itemListElement":[{"@type":"ListItem","position":1,"name":"In\u00edcio","item":"https:\/\/www.p31noticias.com.br\/"},{"@type":"ListItem","position":2,"name":"Eurocopa: Su\u00ed\u00e7a elimina campe\u00e3 mundial Fran\u00e7a nos p\u00eanaltis"}]},{"@type":"WebSite","@id":"https:\/\/www.p31noticias.com.br\/#website","url":"https:\/\/www.p31noticias.com.br\/","name":"P31","description":"NOT\u00cdCIAS","potentialAction":[{"@type":"SearchAction","target":{"@type":"EntryPoint","urlTemplate":"https:\/\/www.p31noticias.com.br\/?s={search_term_string}"},"query-input":{"@type":"PropertyValueSpecification","valueRequired":true,"valueName":"search_term_string"}}],"inLanguage":"pt-BR"},{"@type":"Person","@id":"https:\/\/www.p31noticias.com.br\/#\/schema\/person\/95f2ece30e3b4132065b915150cd0f94","name":"Gon\u00e7alves Junior","image":{"@type":"ImageObject","inLanguage":"pt-BR","@id":"https:\/\/secure.gravatar.com\/avatar\/6711f350116a89762687a48d66f723c799e5438a5b7578508d4294cd7a5d0800?s=96&d=mm&r=g","url":"https:\/\/secure.gravatar.com\/avatar\/6711f350116a89762687a48d66f723c799e5438a5b7578508d4294cd7a5d0800?s=96&d=mm&r=g","contentUrl":"https:\/\/secure.gravatar.com\/avatar\/6711f350116a89762687a48d66f723c799e5438a5b7578508d4294cd7a5d0800?s=96&d=mm&r=g","caption":"Gon\u00e7alves Junior"},"url":"https:\/\/www.p31noticias.com.br\/?author=2"}]}},"amp_enabled":true,"_links":{"self":[{"href":"https:\/\/www.p31noticias.com.br\/index.php?rest_route=\/wp\/v2\/posts\/23227","targetHints":{"allow":["GET"]}}],"collection":[{"href":"https:\/\/www.p31noticias.com.br\/index.php?rest_route=\/wp\/v2\/posts"}],"about":[{"href":"https:\/\/www.p31noticias.com.br\/index.php?rest_route=\/wp\/v2\/types\/post"}],"author":[{"embeddable":true,"href":"https:\/\/www.p31noticias.com.br\/index.php?rest_route=\/wp\/v2\/users\/2"}],"replies":[{"embeddable":true,"href":"https:\/\/www.p31noticias.com.br\/index.php?rest_route=%2Fwp%2Fv2%2Fcomments&post=23227"}],"version-history":[{"count":1,"href":"https:\/\/www.p31noticias.com.br\/index.php?rest_route=\/wp\/v2\/posts\/23227\/revisions"}],"predecessor-version":[{"id":23229,"href":"https:\/\/www.p31noticias.com.br\/index.php?rest_route=\/wp\/v2\/posts\/23227\/revisions\/23229"}],"wp:featuredmedia":[{"embeddable":true,"href":"https:\/\/www.p31noticias.com.br\/index.php?rest_route=\/wp\/v2\/media\/23228"}],"wp:attachment":[{"href":"https:\/\/www.p31noticias.com.br\/index.php?rest_route=%2Fwp%2Fv2%2Fmedia&parent=23227"}],"wp:term":[{"taxonomy":"category","embeddable":true,"href":"https:\/\/www.p31noticias.com.br\/index.php?rest_route=%2Fwp%2Fv2%2Fcategories&post=23227"},{"taxonomy":"post_tag","embeddable":true,"href":"https:\/\/www.p31noticias.com.br\/index.php?rest_route=%2Fwp%2Fv2%2Ftags&post=23227"}],"curies":[{"name":"wp","href":"https:\/\/api.w.org\/{rel}","templated":true}]}}