{"id":23206,"date":"2021-06-10T23:41:47","date_gmt":"2021-06-11T02:41:47","guid":{"rendered":"https:\/\/p31noticias.com.br\/?p=23206"},"modified":"2021-06-10T23:42:20","modified_gmt":"2021-06-11T02:42:20","slug":"profissionais-de-toda-a-educacao-do-gdf-vacinados-ate-23-6","status":"publish","type":"post","link":"https:\/\/www.p31noticias.com.br\/?p=23206","title":{"rendered":"Profissionais de toda a Educa\u00e7\u00e3o do GDF vacinados at\u00e9 23\/6."},"content":{"rendered":"<div class=\"single__topo--titulo\">\n<div class=\"single__topo--titulo--sutia\">\n<p><em><strong>Ser\u00e3o aplicadas 42 mil doses em 13 dias. Aulas presenciais retornam em agosto. Creches voltam antes, na \u00faltima semana deste m\u00eas<\/strong><\/em><\/p>\n<\/div>\n<\/div>\n<div class=\"single__topo--assinatura bold text-uppercase\">Em reuni\u00e3o com o secret\u00e1rio de Sa\u00fade, Osnei Okumoto, no fim da tarde desta quinta-feira (10), o secret\u00e1rio de Educa\u00e7\u00e3o, Leandro Cruz, acertou os detalhes do esfor\u00e7o de vacina\u00e7\u00e3o da Educa\u00e7\u00e3o: ser\u00e3o 42 mil doses nos pr\u00f3ximos 13 dias. Dessa forma, todos os profissionais das escolas da rede p\u00fablica de ensino ser\u00e3o vacinados, a maioria deles com a vacina fabricada pela Janssen Farmac\u00eautica, cujo protocolo requer apenas uma dose para imuniza\u00e7\u00e3o completa.<\/div>\n<div>\n<p>O esfor\u00e7o come\u00e7a neste fim de semana. Ser\u00e3o aplicadas oito mil doses, sendo metade no s\u00e1bado e metade no domingo. Este lote espec\u00edfico ser\u00e1 direcionado \u00e0s \u00faltimas creches que ainda n\u00e3o haviam sido chamadas \u2014 s\u00e3o todas privadas, a maior parte formada por conveniadas com o poder p\u00fablico.<\/p>\n<p>A lista com o nome dos convocados ser\u00e1 publicada nesta sexta-feira (11), no site da Secretaria de Educa\u00e7\u00e3o.<\/p>\n<p>A Secretaria de Sa\u00fade disponibilizou quatro locais de vacina\u00e7\u00e3o. Haver\u00e1 uma lista com mil nomes em cada um deles. O profissional convocado poder\u00e1 vacinar no per\u00edodo entre 9h e 17h.<\/p>\n<p>\u27a5 Drive-thru do Parque da Cidade \u2013 Estacionamento 12<\/p>\n<p>\u27a5 Drive-thru da Torre de TV<\/p>\n<p>\u27a5 Taguaparque<\/p>\n<p>\u27a5 Sesc da Ceil\u00e2ndia<\/p>\n<p>O secret\u00e1rio Leandro Cruz explica que o esquema de vacina\u00e7\u00e3o permanece o mesmo. O profissional listado no Parque da Cidade n\u00e3o ser\u00e1 vacinado se for ao Sesc da Ceil\u00e2ndia. \u201cCada um deve se dirigir ao local de vacina\u00e7\u00e3o para o qual foi convocado. A vacina\u00e7\u00e3o da educa\u00e7\u00e3o tem sido um grande exemplo de organiza\u00e7\u00e3o, tem ocorrido tranquilamente, sem tumultos, ent\u00e3o vamos manter a nossa marca\u201d, conclama.<\/p>\n<p>Com o fim da primeira etapa de vacina\u00e7\u00e3o, a volta do atendimento presencial das creches se dar\u00e1 na \u00faltima semana deste m\u00eas. \u201cNa segunda-feira, n\u00f3s vamos reunir o Sinproep e o Cepas para desenhar os detalhes da volta\u201d, anuncia o secret\u00e1rio executivo da Secretaria de Educa\u00e7\u00e3o, F\u00e1bio Sousa.<\/p>\n<p>Sinproep \u00e9 o Sindicato dos Professores em Estabelecimentos Particulares de Ensino do Distrito Federal. Cepas \u00e9 o Conselho de Entidades de Promo\u00e7\u00e3o e Assist\u00eancia Social, respons\u00e1vel pelas creches conveniadas com o poder p\u00fablico.<\/p>\n<p><strong>Esfor\u00e7o concentrado<\/strong><\/p>\n<p>A segunda e maior etapa do esfor\u00e7o de vacina\u00e7\u00e3o se dar\u00e1 a partir da quarta-feira, 16, e ir\u00e1 at\u00e9 a quarta-feira seguinte, 23. Nesse prazo, ser\u00e3o vacinados 34 mil profissionais de educa\u00e7\u00e3o com o lote de vacinas da Janssen. Essas vacinas est\u00e3o sendo enviadas pelo Minist\u00e9rio da Sa\u00fade com a recomenda\u00e7\u00e3o de serem rapidamente aplicadas, por causa do prazo de validade do lote.<\/p>\n<p>Ao fim do esfor\u00e7o, os profissionais de todas as escolas da rede p\u00fablica de ensino, da creche ao ensino m\u00e9dio, estar\u00e3o vacinados. A volta das aulas presenciais se dar\u00e1 ap\u00f3s o recesso de julho, que \u00e9 obrigat\u00f3rio por lei.<\/p>\n<p>O procedimento para a convoca\u00e7\u00e3o ser\u00e1 o mesmo adotado at\u00e9 agora. As escolas avisar\u00e3o por e-mail aos profissionais sobre o dia e lugar que dever\u00e3o comparecer. A lista com o nome dos convocados para vacina\u00e7\u00e3o ser\u00e1 publicada no site da Secretaria de Educa\u00e7\u00e3o como vem sendo feito desde o primeiro dia do Plano de Vacina\u00e7\u00e3o da Educa\u00e7\u00e3o.<\/p>\n<p><em>*Com informa\u00e7\u00f5es da Secretaria de Educa\u00e7\u00e3o<\/em><\/p>\n<\/div>\n","protected":false},"excerpt":{"rendered":"<p>Ser\u00e3o aplicadas 42 mil doses em 13 dias. Aulas presenciais retornam em agosto. Creches voltam antes, na \u00faltima semana deste m\u00eas Em reuni\u00e3o com o secret\u00e1rio de Sa\u00fade, Osnei Okumoto, no fim da tarde desta quinta-feira (10), o secret\u00e1rio de Educa\u00e7\u00e3o, Leandro Cruz, acertou os detalhes do esfor\u00e7o de vacina\u00e7\u00e3o da Educa\u00e7\u00e3o: ser\u00e3o 42 mil [&hellip;]<\/p>\n","protected":false},"author":2,"featured_media":23207,"comment_status":"open","ping_status":"open","sticky":false,"template":"","format":"standard","meta":{"footnotes":""},"categories":[21,1],"tags":[],"class_list":{"0":"post-23206","1":"post","2":"type-post","3":"status-publish","4":"format-standard","5":"has-post-thumbnail","7":"category-brasilia","8":"category-outros"},"yoast_head":"<!-- This site is optimized with the Yoast SEO Premium plugin v24.5 (Yoast SEO v27.5) - https:\/\/yoast.com\/product\/yoast-seo-premium-wordpress\/ -->\n<title>Profissionais de toda a Educa\u00e7\u00e3o do GDF vacinados at\u00e9 23\/6. - P31<\/title>\n<meta name=\"robots\" content=\"index, follow, max-snippet:-1, max-image-preview:large, max-video-preview:-1\" \/>\n<link rel=\"canonical\" href=\"https:\/\/www.p31noticias.com.br\/?p=23206\" \/>\n<meta property=\"og:locale\" content=\"pt_BR\" \/>\n<meta property=\"og:type\" content=\"article\" \/>\n<meta property=\"og:title\" content=\"Profissionais de toda a Educa\u00e7\u00e3o do GDF vacinados at\u00e9 23\/6.\" \/>\n<meta property=\"og:description\" content=\"Ser\u00e3o aplicadas 42 mil doses em 13 dias. Aulas presenciais retornam em agosto. Creches voltam antes, na \u00faltima semana deste m\u00eas Em reuni\u00e3o com o secret\u00e1rio de Sa\u00fade, Osnei Okumoto, no fim da tarde desta quinta-feira (10), o secret\u00e1rio de Educa\u00e7\u00e3o, Leandro Cruz, acertou os detalhes do esfor\u00e7o de vacina\u00e7\u00e3o da Educa\u00e7\u00e3o: ser\u00e3o 42 mil [&hellip;]\" \/>\n<meta property=\"og:url\" content=\"https:\/\/www.p31noticias.com.br\/?p=23206\" \/>\n<meta property=\"og:site_name\" content=\"P31\" \/>\n<meta property=\"article:published_time\" content=\"2021-06-11T02:41:47+00:00\" \/>\n<meta property=\"article:modified_time\" content=\"2021-06-11T02:42:20+00:00\" \/>\n<meta property=\"og:image\" content=\"https:\/\/www.p31noticias.com.br\/wp-content\/uploads\/2021\/06\/download-6.jpg\" \/>\n\t<meta property=\"og:image:width\" content=\"275\" \/>\n\t<meta property=\"og:image:height\" content=\"183\" \/>\n\t<meta property=\"og:image:type\" content=\"image\/jpeg\" \/>\n<meta name=\"author\" content=\"Gon\u00e7alves Junior\" \/>\n<meta name=\"twitter:card\" content=\"summary_large_image\" \/>\n<meta name=\"twitter:label1\" content=\"Escrito por\" \/>\n\t<meta name=\"twitter:data1\" content=\"Gon\u00e7alves Junior\" \/>\n\t<meta name=\"twitter:label2\" content=\"Est. tempo de leitura\" \/>\n\t<meta name=\"twitter:data2\" content=\"3 minutos\" \/>\n<script type=\"application\/ld+json\" class=\"yoast-schema-graph\">{\"@context\":\"https:\\\/\\\/schema.org\",\"@graph\":[{\"@type\":\"Article\",\"@id\":\"https:\\\/\\\/www.p31noticias.com.br\\\/?p=23206#article\",\"isPartOf\":{\"@id\":\"https:\\\/\\\/www.p31noticias.com.br\\\/?p=23206\"},\"author\":{\"name\":\"Gon\u00e7alves Junior\",\"@id\":\"https:\\\/\\\/www.p31noticias.com.br\\\/#\\\/schema\\\/person\\\/95f2ece30e3b4132065b915150cd0f94\"},\"headline\":\"Profissionais de toda a Educa\u00e7\u00e3o do GDF vacinados at\u00e9 23\\\/6.\",\"datePublished\":\"2021-06-11T02:41:47+00:00\",\"dateModified\":\"2021-06-11T02:42:20+00:00\",\"mainEntityOfPage\":{\"@id\":\"https:\\\/\\\/www.p31noticias.com.br\\\/?p=23206\"},\"wordCount\":587,\"commentCount\":0,\"image\":{\"@id\":\"https:\\\/\\\/www.p31noticias.com.br\\\/?p=23206#primaryimage\"},\"thumbnailUrl\":\"https:\\\/\\\/www.p31noticias.com.br\\\/wp-content\\\/uploads\\\/2021\\\/06\\\/download-6.jpg\",\"articleSection\":[\"Bras\u00edlia\",\"Outros\"],\"inLanguage\":\"pt-BR\",\"potentialAction\":[{\"@type\":\"CommentAction\",\"name\":\"Comment\",\"target\":[\"https:\\\/\\\/www.p31noticias.com.br\\\/?p=23206#respond\"]}],\"copyrightYear\":\"2021\",\"copyrightHolder\":{\"@id\":\"https:\\\/\\\/www.p31noticias.com.br\\\/#organization\"}},{\"@type\":\"WebPage\",\"@id\":\"https:\\\/\\\/www.p31noticias.com.br\\\/?p=23206\",\"url\":\"https:\\\/\\\/www.p31noticias.com.br\\\/?p=23206\",\"name\":\"Profissionais de toda a Educa\u00e7\u00e3o do GDF vacinados at\u00e9 23\\\/6. - P31\",\"isPartOf\":{\"@id\":\"https:\\\/\\\/www.p31noticias.com.br\\\/#website\"},\"primaryImageOfPage\":{\"@id\":\"https:\\\/\\\/www.p31noticias.com.br\\\/?p=23206#primaryimage\"},\"image\":{\"@id\":\"https:\\\/\\\/www.p31noticias.com.br\\\/?p=23206#primaryimage\"},\"thumbnailUrl\":\"https:\\\/\\\/www.p31noticias.com.br\\\/wp-content\\\/uploads\\\/2021\\\/06\\\/download-6.jpg\",\"datePublished\":\"2021-06-11T02:41:47+00:00\",\"dateModified\":\"2021-06-11T02:42:20+00:00\",\"author\":{\"@id\":\"https:\\\/\\\/www.p31noticias.com.br\\\/#\\\/schema\\\/person\\\/95f2ece30e3b4132065b915150cd0f94\"},\"breadcrumb\":{\"@id\":\"https:\\\/\\\/www.p31noticias.com.br\\\/?p=23206#breadcrumb\"},\"inLanguage\":\"pt-BR\",\"potentialAction\":[{\"@type\":\"ReadAction\",\"target\":[\"https:\\\/\\\/www.p31noticias.com.br\\\/?p=23206\"]}]},{\"@type\":\"ImageObject\",\"inLanguage\":\"pt-BR\",\"@id\":\"https:\\\/\\\/www.p31noticias.com.br\\\/?p=23206#primaryimage\",\"url\":\"https:\\\/\\\/www.p31noticias.com.br\\\/wp-content\\\/uploads\\\/2021\\\/06\\\/download-6.jpg\",\"contentUrl\":\"https:\\\/\\\/www.p31noticias.com.br\\\/wp-content\\\/uploads\\\/2021\\\/06\\\/download-6.jpg\",\"width\":275,\"height\":183},{\"@type\":\"BreadcrumbList\",\"@id\":\"https:\\\/\\\/www.p31noticias.com.br\\\/?p=23206#breadcrumb\",\"itemListElement\":[{\"@type\":\"ListItem\",\"position\":1,\"name\":\"In\u00edcio\",\"item\":\"https:\\\/\\\/www.p31noticias.com.br\\\/\"},{\"@type\":\"ListItem\",\"position\":2,\"name\":\"Profissionais de toda a Educa\u00e7\u00e3o do GDF vacinados at\u00e9 23\\\/6.\"}]},{\"@type\":\"WebSite\",\"@id\":\"https:\\\/\\\/www.p31noticias.com.br\\\/#website\",\"url\":\"https:\\\/\\\/www.p31noticias.com.br\\\/\",\"name\":\"P31\",\"description\":\"NOT\u00cdCIAS\",\"potentialAction\":[{\"@type\":\"SearchAction\",\"target\":{\"@type\":\"EntryPoint\",\"urlTemplate\":\"https:\\\/\\\/www.p31noticias.com.br\\\/?s={search_term_string}\"},\"query-input\":{\"@type\":\"PropertyValueSpecification\",\"valueRequired\":true,\"valueName\":\"search_term_string\"}}],\"inLanguage\":\"pt-BR\"},{\"@type\":\"Person\",\"@id\":\"https:\\\/\\\/www.p31noticias.com.br\\\/#\\\/schema\\\/person\\\/95f2ece30e3b4132065b915150cd0f94\",\"name\":\"Gon\u00e7alves Junior\",\"image\":{\"@type\":\"ImageObject\",\"inLanguage\":\"pt-BR\",\"@id\":\"https:\\\/\\\/secure.gravatar.com\\\/avatar\\\/6711f350116a89762687a48d66f723c799e5438a5b7578508d4294cd7a5d0800?s=96&d=mm&r=g\",\"url\":\"https:\\\/\\\/secure.gravatar.com\\\/avatar\\\/6711f350116a89762687a48d66f723c799e5438a5b7578508d4294cd7a5d0800?s=96&d=mm&r=g\",\"contentUrl\":\"https:\\\/\\\/secure.gravatar.com\\\/avatar\\\/6711f350116a89762687a48d66f723c799e5438a5b7578508d4294cd7a5d0800?s=96&d=mm&r=g\",\"caption\":\"Gon\u00e7alves Junior\"},\"url\":\"https:\\\/\\\/www.p31noticias.com.br\\\/?author=2\"}]}<\/script>\n<!-- \/ Yoast SEO Premium plugin. -->","yoast_head_json":{"title":"Profissionais de toda a Educa\u00e7\u00e3o do GDF vacinados at\u00e9 23\/6. - P31","robots":{"index":"index","follow":"follow","max-snippet":"max-snippet:-1","max-image-preview":"max-image-preview:large","max-video-preview":"max-video-preview:-1"},"canonical":"https:\/\/www.p31noticias.com.br\/?p=23206","og_locale":"pt_BR","og_type":"article","og_title":"Profissionais de toda a Educa\u00e7\u00e3o do GDF vacinados at\u00e9 23\/6.","og_description":"Ser\u00e3o aplicadas 42 mil doses em 13 dias. Aulas presenciais retornam em agosto. Creches voltam antes, na \u00faltima semana deste m\u00eas Em reuni\u00e3o com o secret\u00e1rio de Sa\u00fade, Osnei Okumoto, no fim da tarde desta quinta-feira (10), o secret\u00e1rio de Educa\u00e7\u00e3o, Leandro Cruz, acertou os detalhes do esfor\u00e7o de vacina\u00e7\u00e3o da Educa\u00e7\u00e3o: ser\u00e3o 42 mil [&hellip;]","og_url":"https:\/\/www.p31noticias.com.br\/?p=23206","og_site_name":"P31","article_published_time":"2021-06-11T02:41:47+00:00","article_modified_time":"2021-06-11T02:42:20+00:00","og_image":[{"width":275,"height":183,"url":"https:\/\/www.p31noticias.com.br\/wp-content\/uploads\/2021\/06\/download-6.jpg","type":"image\/jpeg"}],"author":"Gon\u00e7alves Junior","twitter_card":"summary_large_image","twitter_misc":{"Escrito por":"Gon\u00e7alves Junior","Est. tempo de leitura":"3 minutos"},"schema":{"@context":"https:\/\/schema.org","@graph":[{"@type":"Article","@id":"https:\/\/www.p31noticias.com.br\/?p=23206#article","isPartOf":{"@id":"https:\/\/www.p31noticias.com.br\/?p=23206"},"author":{"name":"Gon\u00e7alves Junior","@id":"https:\/\/www.p31noticias.com.br\/#\/schema\/person\/95f2ece30e3b4132065b915150cd0f94"},"headline":"Profissionais de toda a Educa\u00e7\u00e3o do GDF vacinados at\u00e9 23\/6.","datePublished":"2021-06-11T02:41:47+00:00","dateModified":"2021-06-11T02:42:20+00:00","mainEntityOfPage":{"@id":"https:\/\/www.p31noticias.com.br\/?p=23206"},"wordCount":587,"commentCount":0,"image":{"@id":"https:\/\/www.p31noticias.com.br\/?p=23206#primaryimage"},"thumbnailUrl":"https:\/\/www.p31noticias.com.br\/wp-content\/uploads\/2021\/06\/download-6.jpg","articleSection":["Bras\u00edlia","Outros"],"inLanguage":"pt-BR","potentialAction":[{"@type":"CommentAction","name":"Comment","target":["https:\/\/www.p31noticias.com.br\/?p=23206#respond"]}],"copyrightYear":"2021","copyrightHolder":{"@id":"https:\/\/www.p31noticias.com.br\/#organization"}},{"@type":"WebPage","@id":"https:\/\/www.p31noticias.com.br\/?p=23206","url":"https:\/\/www.p31noticias.com.br\/?p=23206","name":"Profissionais de toda a Educa\u00e7\u00e3o do GDF vacinados at\u00e9 23\/6. - P31","isPartOf":{"@id":"https:\/\/www.p31noticias.com.br\/#website"},"primaryImageOfPage":{"@id":"https:\/\/www.p31noticias.com.br\/?p=23206#primaryimage"},"image":{"@id":"https:\/\/www.p31noticias.com.br\/?p=23206#primaryimage"},"thumbnailUrl":"https:\/\/www.p31noticias.com.br\/wp-content\/uploads\/2021\/06\/download-6.jpg","datePublished":"2021-06-11T02:41:47+00:00","dateModified":"2021-06-11T02:42:20+00:00","author":{"@id":"https:\/\/www.p31noticias.com.br\/#\/schema\/person\/95f2ece30e3b4132065b915150cd0f94"},"breadcrumb":{"@id":"https:\/\/www.p31noticias.com.br\/?p=23206#breadcrumb"},"inLanguage":"pt-BR","potentialAction":[{"@type":"ReadAction","target":["https:\/\/www.p31noticias.com.br\/?p=23206"]}]},{"@type":"ImageObject","inLanguage":"pt-BR","@id":"https:\/\/www.p31noticias.com.br\/?p=23206#primaryimage","url":"https:\/\/www.p31noticias.com.br\/wp-content\/uploads\/2021\/06\/download-6.jpg","contentUrl":"https:\/\/www.p31noticias.com.br\/wp-content\/uploads\/2021\/06\/download-6.jpg","width":275,"height":183},{"@type":"BreadcrumbList","@id":"https:\/\/www.p31noticias.com.br\/?p=23206#breadcrumb","itemListElement":[{"@type":"ListItem","position":1,"name":"In\u00edcio","item":"https:\/\/www.p31noticias.com.br\/"},{"@type":"ListItem","position":2,"name":"Profissionais de toda a Educa\u00e7\u00e3o do GDF vacinados at\u00e9 23\/6."}]},{"@type":"WebSite","@id":"https:\/\/www.p31noticias.com.br\/#website","url":"https:\/\/www.p31noticias.com.br\/","name":"P31","description":"NOT\u00cdCIAS","potentialAction":[{"@type":"SearchAction","target":{"@type":"EntryPoint","urlTemplate":"https:\/\/www.p31noticias.com.br\/?s={search_term_string}"},"query-input":{"@type":"PropertyValueSpecification","valueRequired":true,"valueName":"search_term_string"}}],"inLanguage":"pt-BR"},{"@type":"Person","@id":"https:\/\/www.p31noticias.com.br\/#\/schema\/person\/95f2ece30e3b4132065b915150cd0f94","name":"Gon\u00e7alves Junior","image":{"@type":"ImageObject","inLanguage":"pt-BR","@id":"https:\/\/secure.gravatar.com\/avatar\/6711f350116a89762687a48d66f723c799e5438a5b7578508d4294cd7a5d0800?s=96&d=mm&r=g","url":"https:\/\/secure.gravatar.com\/avatar\/6711f350116a89762687a48d66f723c799e5438a5b7578508d4294cd7a5d0800?s=96&d=mm&r=g","contentUrl":"https:\/\/secure.gravatar.com\/avatar\/6711f350116a89762687a48d66f723c799e5438a5b7578508d4294cd7a5d0800?s=96&d=mm&r=g","caption":"Gon\u00e7alves Junior"},"url":"https:\/\/www.p31noticias.com.br\/?author=2"}]}},"amp_enabled":true,"_links":{"self":[{"href":"https:\/\/www.p31noticias.com.br\/index.php?rest_route=\/wp\/v2\/posts\/23206","targetHints":{"allow":["GET"]}}],"collection":[{"href":"https:\/\/www.p31noticias.com.br\/index.php?rest_route=\/wp\/v2\/posts"}],"about":[{"href":"https:\/\/www.p31noticias.com.br\/index.php?rest_route=\/wp\/v2\/types\/post"}],"author":[{"embeddable":true,"href":"https:\/\/www.p31noticias.com.br\/index.php?rest_route=\/wp\/v2\/users\/2"}],"replies":[{"embeddable":true,"href":"https:\/\/www.p31noticias.com.br\/index.php?rest_route=%2Fwp%2Fv2%2Fcomments&post=23206"}],"version-history":[{"count":1,"href":"https:\/\/www.p31noticias.com.br\/index.php?rest_route=\/wp\/v2\/posts\/23206\/revisions"}],"predecessor-version":[{"id":23208,"href":"https:\/\/www.p31noticias.com.br\/index.php?rest_route=\/wp\/v2\/posts\/23206\/revisions\/23208"}],"wp:featuredmedia":[{"embeddable":true,"href":"https:\/\/www.p31noticias.com.br\/index.php?rest_route=\/wp\/v2\/media\/23207"}],"wp:attachment":[{"href":"https:\/\/www.p31noticias.com.br\/index.php?rest_route=%2Fwp%2Fv2%2Fmedia&parent=23206"}],"wp:term":[{"taxonomy":"category","embeddable":true,"href":"https:\/\/www.p31noticias.com.br\/index.php?rest_route=%2Fwp%2Fv2%2Fcategories&post=23206"},{"taxonomy":"post_tag","embeddable":true,"href":"https:\/\/www.p31noticias.com.br\/index.php?rest_route=%2Fwp%2Fv2%2Ftags&post=23206"}],"curies":[{"name":"wp","href":"https:\/\/api.w.org\/{rel}","templated":true}]}}