{"id":23193,"date":"2021-06-10T23:33:55","date_gmt":"2021-06-11T02:33:55","guid":{"rendered":"https:\/\/p31noticias.com.br\/?p=23193"},"modified":"2021-06-10T23:33:55","modified_gmt":"2021-06-11T02:33:55","slug":"paula-belmonte-defende-projeto-que-aumenta-pena-para-crimes-contra-criancas-e-adolescentes","status":"publish","type":"post","link":"https:\/\/www.p31noticias.com.br\/?p=23193","title":{"rendered":"Paula Belmonte defende projeto que aumenta pena para crimes contra crian\u00e7as e adolescentes."},"content":{"rendered":"<p style=\"text-align: justify;\"><strong>Os deputados da Comiss\u00e3o de Constitui\u00e7\u00e3o e Justi\u00e7a e de Cidadania (CCJ) aprovaram\u00a0 31 de maio, o Projeto de Lei 3492\/2019, que aumenta pena para crimes de homic\u00eddio e de les\u00e3o corporal contra crian\u00e7as e adolescentes. A deputada federal Paula Belmonte (Cidadania-DF), que tem um projeto apensado \u00e0 proposta (PL 4153\/2019), defendeu o endurecimento das penas dessa natureza durante a sess\u00e3o.<\/strong><\/p>\n<p><strong>\u201cA minha defesa em prol das crian\u00e7as e dos adolescentes \u00e9 incondicional. Temos que penalizar todos que possam atentar contra a vida, a integridade f\u00edsica e psicol\u00f3gica e os sonhos deles\u201d, afirmou Paula Belmonte.<\/strong><\/p>\n<p><strong>A proposta, de autoria da deputada Carla Zambelli (PSL-SP), foi batizada de Lei &#8220;Rhuan Maycon&#8221;, em refer\u00eancia ao crime cometido em 2019, no Distrito Federal. O corpo de Rhuan Maycon, de 9 anos, foi encontrado esquartejado na madrugada do dia 1\u00ba junho de 2019, dentro de uma mala deixada em Samambaia, no Distrito Federal.<\/strong><\/p>\n<p><strong>\u201cMuitas crian\u00e7as passam por isso e, nesse sentido, o parlamento tem obriga\u00e7\u00e3o de se posicionar e de aprovar medidas para coibir esse tipo de pr\u00e1tica brutal e desumana\u201d, afirmou Paula Belmonte.<\/strong><\/p>\n<p><strong>O texto agora ser\u00e1 analisado pelo Plen\u00e1rio da C\u00e2mara dos Deputados.<\/strong><\/p>\n<p>Foto: Alexandre Motta<\/p>\n","protected":false},"excerpt":{"rendered":"<p>Os deputados da Comiss\u00e3o de Constitui\u00e7\u00e3o e Justi\u00e7a e de Cidadania (CCJ) aprovaram\u00a0 31 de maio, o Projeto de Lei 3492\/2019, que aumenta pena para crimes de homic\u00eddio e de les\u00e3o corporal contra crian\u00e7as e adolescentes. A deputada federal Paula Belmonte (Cidadania-DF), que tem um projeto apensado \u00e0 proposta (PL 4153\/2019), defendeu o endurecimento das [&hellip;]<\/p>\n","protected":false},"author":2,"featured_media":23204,"comment_status":"open","ping_status":"open","sticky":false,"template":"","format":"standard","meta":{"footnotes":""},"categories":[57],"tags":[],"class_list":{"0":"post-23193","1":"post","2":"type-post","3":"status-publish","4":"format-standard","5":"has-post-thumbnail","7":"category-politica"},"yoast_head":"<!-- This site is optimized with the Yoast SEO Premium plugin v24.5 (Yoast SEO v27.5) - https:\/\/yoast.com\/product\/yoast-seo-premium-wordpress\/ -->\n<title>Paula Belmonte defende projeto que aumenta pena para crimes contra crian\u00e7as e adolescentes. - P31<\/title>\n<meta name=\"robots\" content=\"index, follow, max-snippet:-1, max-image-preview:large, max-video-preview:-1\" \/>\n<link rel=\"canonical\" href=\"https:\/\/www.p31noticias.com.br\/?p=23193\" \/>\n<meta property=\"og:locale\" content=\"pt_BR\" \/>\n<meta property=\"og:type\" content=\"article\" \/>\n<meta property=\"og:title\" content=\"Paula Belmonte defende projeto que aumenta pena para crimes contra crian\u00e7as e adolescentes.\" \/>\n<meta property=\"og:description\" content=\"Os deputados da Comiss\u00e3o de Constitui\u00e7\u00e3o e Justi\u00e7a e de Cidadania (CCJ) aprovaram\u00a0 31 de maio, o Projeto de Lei 3492\/2019, que aumenta pena para crimes de homic\u00eddio e de les\u00e3o corporal contra crian\u00e7as e adolescentes. A deputada federal Paula Belmonte (Cidadania-DF), que tem um projeto apensado \u00e0 proposta (PL 4153\/2019), defendeu o endurecimento das [&hellip;]\" \/>\n<meta property=\"og:url\" content=\"https:\/\/www.p31noticias.com.br\/?p=23193\" \/>\n<meta property=\"og:site_name\" content=\"P31\" \/>\n<meta property=\"article:published_time\" content=\"2021-06-11T02:33:55+00:00\" \/>\n<meta property=\"og:image\" content=\"https:\/\/www.p31noticias.com.br\/wp-content\/uploads\/2021\/06\/unnamed-3.jpg\" \/>\n\t<meta property=\"og:image:width\" content=\"1280\" \/>\n\t<meta property=\"og:image:height\" content=\"718\" \/>\n\t<meta property=\"og:image:type\" content=\"image\/jpeg\" \/>\n<meta name=\"author\" content=\"Gon\u00e7alves Junior\" \/>\n<meta name=\"twitter:card\" content=\"summary_large_image\" \/>\n<meta name=\"twitter:label1\" content=\"Escrito por\" \/>\n\t<meta name=\"twitter:data1\" content=\"Gon\u00e7alves Junior\" \/>\n\t<meta name=\"twitter:label2\" content=\"Est. tempo de leitura\" \/>\n\t<meta name=\"twitter:data2\" content=\"1 minuto\" \/>\n<script type=\"application\/ld+json\" class=\"yoast-schema-graph\">{\"@context\":\"https:\\\/\\\/schema.org\",\"@graph\":[{\"@type\":\"Article\",\"@id\":\"https:\\\/\\\/www.p31noticias.com.br\\\/?p=23193#article\",\"isPartOf\":{\"@id\":\"https:\\\/\\\/www.p31noticias.com.br\\\/?p=23193\"},\"author\":{\"name\":\"Gon\u00e7alves Junior\",\"@id\":\"https:\\\/\\\/www.p31noticias.com.br\\\/#\\\/schema\\\/person\\\/95f2ece30e3b4132065b915150cd0f94\"},\"headline\":\"Paula Belmonte defende projeto que aumenta pena para crimes contra crian\u00e7as e adolescentes.\",\"datePublished\":\"2021-06-11T02:33:55+00:00\",\"mainEntityOfPage\":{\"@id\":\"https:\\\/\\\/www.p31noticias.com.br\\\/?p=23193\"},\"wordCount\":215,\"commentCount\":0,\"image\":{\"@id\":\"https:\\\/\\\/www.p31noticias.com.br\\\/?p=23193#primaryimage\"},\"thumbnailUrl\":\"https:\\\/\\\/www.p31noticias.com.br\\\/wp-content\\\/uploads\\\/2021\\\/06\\\/unnamed-3.jpg\",\"articleSection\":[\"Pol\u00edtica\"],\"inLanguage\":\"pt-BR\",\"potentialAction\":[{\"@type\":\"CommentAction\",\"name\":\"Comment\",\"target\":[\"https:\\\/\\\/www.p31noticias.com.br\\\/?p=23193#respond\"]}],\"copyrightYear\":\"2021\",\"copyrightHolder\":{\"@id\":\"https:\\\/\\\/www.p31noticias.com.br\\\/#organization\"}},{\"@type\":\"WebPage\",\"@id\":\"https:\\\/\\\/www.p31noticias.com.br\\\/?p=23193\",\"url\":\"https:\\\/\\\/www.p31noticias.com.br\\\/?p=23193\",\"name\":\"Paula Belmonte defende projeto que aumenta pena para crimes contra crian\u00e7as e adolescentes. - P31\",\"isPartOf\":{\"@id\":\"https:\\\/\\\/www.p31noticias.com.br\\\/#website\"},\"primaryImageOfPage\":{\"@id\":\"https:\\\/\\\/www.p31noticias.com.br\\\/?p=23193#primaryimage\"},\"image\":{\"@id\":\"https:\\\/\\\/www.p31noticias.com.br\\\/?p=23193#primaryimage\"},\"thumbnailUrl\":\"https:\\\/\\\/www.p31noticias.com.br\\\/wp-content\\\/uploads\\\/2021\\\/06\\\/unnamed-3.jpg\",\"datePublished\":\"2021-06-11T02:33:55+00:00\",\"author\":{\"@id\":\"https:\\\/\\\/www.p31noticias.com.br\\\/#\\\/schema\\\/person\\\/95f2ece30e3b4132065b915150cd0f94\"},\"breadcrumb\":{\"@id\":\"https:\\\/\\\/www.p31noticias.com.br\\\/?p=23193#breadcrumb\"},\"inLanguage\":\"pt-BR\",\"potentialAction\":[{\"@type\":\"ReadAction\",\"target\":[\"https:\\\/\\\/www.p31noticias.com.br\\\/?p=23193\"]}]},{\"@type\":\"ImageObject\",\"inLanguage\":\"pt-BR\",\"@id\":\"https:\\\/\\\/www.p31noticias.com.br\\\/?p=23193#primaryimage\",\"url\":\"https:\\\/\\\/www.p31noticias.com.br\\\/wp-content\\\/uploads\\\/2021\\\/06\\\/unnamed-3.jpg\",\"contentUrl\":\"https:\\\/\\\/www.p31noticias.com.br\\\/wp-content\\\/uploads\\\/2021\\\/06\\\/unnamed-3.jpg\",\"width\":1280,\"height\":718},{\"@type\":\"BreadcrumbList\",\"@id\":\"https:\\\/\\\/www.p31noticias.com.br\\\/?p=23193#breadcrumb\",\"itemListElement\":[{\"@type\":\"ListItem\",\"position\":1,\"name\":\"In\u00edcio\",\"item\":\"https:\\\/\\\/www.p31noticias.com.br\\\/\"},{\"@type\":\"ListItem\",\"position\":2,\"name\":\"Paula Belmonte defende projeto que aumenta pena para crimes contra crian\u00e7as e adolescentes.\"}]},{\"@type\":\"WebSite\",\"@id\":\"https:\\\/\\\/www.p31noticias.com.br\\\/#website\",\"url\":\"https:\\\/\\\/www.p31noticias.com.br\\\/\",\"name\":\"P31\",\"description\":\"NOT\u00cdCIAS\",\"potentialAction\":[{\"@type\":\"SearchAction\",\"target\":{\"@type\":\"EntryPoint\",\"urlTemplate\":\"https:\\\/\\\/www.p31noticias.com.br\\\/?s={search_term_string}\"},\"query-input\":{\"@type\":\"PropertyValueSpecification\",\"valueRequired\":true,\"valueName\":\"search_term_string\"}}],\"inLanguage\":\"pt-BR\"},{\"@type\":\"Person\",\"@id\":\"https:\\\/\\\/www.p31noticias.com.br\\\/#\\\/schema\\\/person\\\/95f2ece30e3b4132065b915150cd0f94\",\"name\":\"Gon\u00e7alves Junior\",\"image\":{\"@type\":\"ImageObject\",\"inLanguage\":\"pt-BR\",\"@id\":\"https:\\\/\\\/secure.gravatar.com\\\/avatar\\\/6711f350116a89762687a48d66f723c799e5438a5b7578508d4294cd7a5d0800?s=96&d=mm&r=g\",\"url\":\"https:\\\/\\\/secure.gravatar.com\\\/avatar\\\/6711f350116a89762687a48d66f723c799e5438a5b7578508d4294cd7a5d0800?s=96&d=mm&r=g\",\"contentUrl\":\"https:\\\/\\\/secure.gravatar.com\\\/avatar\\\/6711f350116a89762687a48d66f723c799e5438a5b7578508d4294cd7a5d0800?s=96&d=mm&r=g\",\"caption\":\"Gon\u00e7alves Junior\"},\"url\":\"https:\\\/\\\/www.p31noticias.com.br\\\/?author=2\"}]}<\/script>\n<!-- \/ Yoast SEO Premium plugin. -->","yoast_head_json":{"title":"Paula Belmonte defende projeto que aumenta pena para crimes contra crian\u00e7as e adolescentes. - P31","robots":{"index":"index","follow":"follow","max-snippet":"max-snippet:-1","max-image-preview":"max-image-preview:large","max-video-preview":"max-video-preview:-1"},"canonical":"https:\/\/www.p31noticias.com.br\/?p=23193","og_locale":"pt_BR","og_type":"article","og_title":"Paula Belmonte defende projeto que aumenta pena para crimes contra crian\u00e7as e adolescentes.","og_description":"Os deputados da Comiss\u00e3o de Constitui\u00e7\u00e3o e Justi\u00e7a e de Cidadania (CCJ) aprovaram\u00a0 31 de maio, o Projeto de Lei 3492\/2019, que aumenta pena para crimes de homic\u00eddio e de les\u00e3o corporal contra crian\u00e7as e adolescentes. A deputada federal Paula Belmonte (Cidadania-DF), que tem um projeto apensado \u00e0 proposta (PL 4153\/2019), defendeu o endurecimento das [&hellip;]","og_url":"https:\/\/www.p31noticias.com.br\/?p=23193","og_site_name":"P31","article_published_time":"2021-06-11T02:33:55+00:00","og_image":[{"width":1280,"height":718,"url":"https:\/\/www.p31noticias.com.br\/wp-content\/uploads\/2021\/06\/unnamed-3.jpg","type":"image\/jpeg"}],"author":"Gon\u00e7alves Junior","twitter_card":"summary_large_image","twitter_misc":{"Escrito por":"Gon\u00e7alves Junior","Est. tempo de leitura":"1 minuto"},"schema":{"@context":"https:\/\/schema.org","@graph":[{"@type":"Article","@id":"https:\/\/www.p31noticias.com.br\/?p=23193#article","isPartOf":{"@id":"https:\/\/www.p31noticias.com.br\/?p=23193"},"author":{"name":"Gon\u00e7alves Junior","@id":"https:\/\/www.p31noticias.com.br\/#\/schema\/person\/95f2ece30e3b4132065b915150cd0f94"},"headline":"Paula Belmonte defende projeto que aumenta pena para crimes contra crian\u00e7as e adolescentes.","datePublished":"2021-06-11T02:33:55+00:00","mainEntityOfPage":{"@id":"https:\/\/www.p31noticias.com.br\/?p=23193"},"wordCount":215,"commentCount":0,"image":{"@id":"https:\/\/www.p31noticias.com.br\/?p=23193#primaryimage"},"thumbnailUrl":"https:\/\/www.p31noticias.com.br\/wp-content\/uploads\/2021\/06\/unnamed-3.jpg","articleSection":["Pol\u00edtica"],"inLanguage":"pt-BR","potentialAction":[{"@type":"CommentAction","name":"Comment","target":["https:\/\/www.p31noticias.com.br\/?p=23193#respond"]}],"copyrightYear":"2021","copyrightHolder":{"@id":"https:\/\/www.p31noticias.com.br\/#organization"}},{"@type":"WebPage","@id":"https:\/\/www.p31noticias.com.br\/?p=23193","url":"https:\/\/www.p31noticias.com.br\/?p=23193","name":"Paula Belmonte defende projeto que aumenta pena para crimes contra crian\u00e7as e adolescentes. - P31","isPartOf":{"@id":"https:\/\/www.p31noticias.com.br\/#website"},"primaryImageOfPage":{"@id":"https:\/\/www.p31noticias.com.br\/?p=23193#primaryimage"},"image":{"@id":"https:\/\/www.p31noticias.com.br\/?p=23193#primaryimage"},"thumbnailUrl":"https:\/\/www.p31noticias.com.br\/wp-content\/uploads\/2021\/06\/unnamed-3.jpg","datePublished":"2021-06-11T02:33:55+00:00","author":{"@id":"https:\/\/www.p31noticias.com.br\/#\/schema\/person\/95f2ece30e3b4132065b915150cd0f94"},"breadcrumb":{"@id":"https:\/\/www.p31noticias.com.br\/?p=23193#breadcrumb"},"inLanguage":"pt-BR","potentialAction":[{"@type":"ReadAction","target":["https:\/\/www.p31noticias.com.br\/?p=23193"]}]},{"@type":"ImageObject","inLanguage":"pt-BR","@id":"https:\/\/www.p31noticias.com.br\/?p=23193#primaryimage","url":"https:\/\/www.p31noticias.com.br\/wp-content\/uploads\/2021\/06\/unnamed-3.jpg","contentUrl":"https:\/\/www.p31noticias.com.br\/wp-content\/uploads\/2021\/06\/unnamed-3.jpg","width":1280,"height":718},{"@type":"BreadcrumbList","@id":"https:\/\/www.p31noticias.com.br\/?p=23193#breadcrumb","itemListElement":[{"@type":"ListItem","position":1,"name":"In\u00edcio","item":"https:\/\/www.p31noticias.com.br\/"},{"@type":"ListItem","position":2,"name":"Paula Belmonte defende projeto que aumenta pena para crimes contra crian\u00e7as e adolescentes."}]},{"@type":"WebSite","@id":"https:\/\/www.p31noticias.com.br\/#website","url":"https:\/\/www.p31noticias.com.br\/","name":"P31","description":"NOT\u00cdCIAS","potentialAction":[{"@type":"SearchAction","target":{"@type":"EntryPoint","urlTemplate":"https:\/\/www.p31noticias.com.br\/?s={search_term_string}"},"query-input":{"@type":"PropertyValueSpecification","valueRequired":true,"valueName":"search_term_string"}}],"inLanguage":"pt-BR"},{"@type":"Person","@id":"https:\/\/www.p31noticias.com.br\/#\/schema\/person\/95f2ece30e3b4132065b915150cd0f94","name":"Gon\u00e7alves Junior","image":{"@type":"ImageObject","inLanguage":"pt-BR","@id":"https:\/\/secure.gravatar.com\/avatar\/6711f350116a89762687a48d66f723c799e5438a5b7578508d4294cd7a5d0800?s=96&d=mm&r=g","url":"https:\/\/secure.gravatar.com\/avatar\/6711f350116a89762687a48d66f723c799e5438a5b7578508d4294cd7a5d0800?s=96&d=mm&r=g","contentUrl":"https:\/\/secure.gravatar.com\/avatar\/6711f350116a89762687a48d66f723c799e5438a5b7578508d4294cd7a5d0800?s=96&d=mm&r=g","caption":"Gon\u00e7alves Junior"},"url":"https:\/\/www.p31noticias.com.br\/?author=2"}]}},"amp_enabled":true,"_links":{"self":[{"href":"https:\/\/www.p31noticias.com.br\/index.php?rest_route=\/wp\/v2\/posts\/23193","targetHints":{"allow":["GET"]}}],"collection":[{"href":"https:\/\/www.p31noticias.com.br\/index.php?rest_route=\/wp\/v2\/posts"}],"about":[{"href":"https:\/\/www.p31noticias.com.br\/index.php?rest_route=\/wp\/v2\/types\/post"}],"author":[{"embeddable":true,"href":"https:\/\/www.p31noticias.com.br\/index.php?rest_route=\/wp\/v2\/users\/2"}],"replies":[{"embeddable":true,"href":"https:\/\/www.p31noticias.com.br\/index.php?rest_route=%2Fwp%2Fv2%2Fcomments&post=23193"}],"version-history":[{"count":3,"href":"https:\/\/www.p31noticias.com.br\/index.php?rest_route=\/wp\/v2\/posts\/23193\/revisions"}],"predecessor-version":[{"id":23205,"href":"https:\/\/www.p31noticias.com.br\/index.php?rest_route=\/wp\/v2\/posts\/23193\/revisions\/23205"}],"wp:featuredmedia":[{"embeddable":true,"href":"https:\/\/www.p31noticias.com.br\/index.php?rest_route=\/wp\/v2\/media\/23204"}],"wp:attachment":[{"href":"https:\/\/www.p31noticias.com.br\/index.php?rest_route=%2Fwp%2Fv2%2Fmedia&parent=23193"}],"wp:term":[{"taxonomy":"category","embeddable":true,"href":"https:\/\/www.p31noticias.com.br\/index.php?rest_route=%2Fwp%2Fv2%2Fcategories&post=23193"},{"taxonomy":"post_tag","embeddable":true,"href":"https:\/\/www.p31noticias.com.br\/index.php?rest_route=%2Fwp%2Fv2%2Ftags&post=23193"}],"curies":[{"name":"wp","href":"https:\/\/api.w.org\/{rel}","templated":true}]}}