{"id":23180,"date":"2021-06-08T14:16:04","date_gmt":"2021-06-08T17:16:04","guid":{"rendered":"https:\/\/p31noticias.com.br\/?p=23180"},"modified":"2021-06-08T14:16:04","modified_gmt":"2021-06-08T17:16:04","slug":"forca-nacional-comeca-a-atuar-hoje-no-amazonas","status":"publish","type":"post","link":"https:\/\/www.p31noticias.com.br\/?p=23180","title":{"rendered":"For\u00e7a Nacional come\u00e7a a atuar hoje no Amazonas."},"content":{"rendered":"<h3 class=\"col-10 offset-1 animated fadeInDown dealy-900 display-8 display-md-8 alt-font font-italic my-1 text-center\" style=\"text-align: justify;\"><em><strong>Desde s\u00e1bado, Manaus e outras cidades s\u00e3o alvos de ataques criminosos.<\/strong><\/em><\/h3>\n<p style=\"text-align: justify;\">Militares da For\u00e7a Nacional de Seguran\u00e7a P\u00fablica (FNSP) dever\u00e3o ser deslocados para o Amazonas, em apoio ao governo do estado, nas a\u00e7\u00f5es de combate ao crime organizado em Manaus e munic\u00edpios do interior. A portaria do Minist\u00e9rio da Justi\u00e7a e Seguran\u00e7a P\u00fablica, autorizando o emprego da FNSP, est\u00e1 publicada no\u00a0<a href=\"https:\/\/www.in.gov.br\/en\/web\/dou\/-\/portaria-mjsp-n-254-de-7-de-junho-de-2021-324124535\" target=\"_blank\" rel=\"noopener noreferrer\"><em>Di\u00e1rio Oficial da Uni\u00e3o<\/em><\/a>\u00a0desta ter\u00e7a-feira (8).<img decoding=\"async\" src=\"https:\/\/agenciabrasil.ebc.com.br\/ebc.png?id=1411896&amp;o=node\" \/><img decoding=\"async\" src=\"https:\/\/agenciabrasil.ebc.com.br\/ebc.gif?id=1411896&amp;o=node\" \/><\/p>\n<p style=\"text-align: justify;\">De acordo com a portaria, os militares atuar\u00e3o em atividades e servi\u00e7os imprescind\u00edveis \u00e0 preserva\u00e7\u00e3o da ordem p\u00fablica e da incolumidade das pessoas e do patrim\u00f4nio, por 30 dias, a contar de hoje, data de publica\u00e7\u00e3o do documento. As a\u00e7\u00f5es ser\u00e3o em car\u00e1ter epis\u00f3dico e planejado.<\/p>\n<p style=\"text-align: justify;\">O documento diz ainda que a opera\u00e7\u00e3o ter\u00e1 o apoio log\u00edstico do governo amazonense, que dever\u00e1 dispor da infraestrutura necess\u00e1ria \u00e0 For\u00e7a Nacional de Seguran\u00e7a P\u00fablica. \u201cO contingente a ser disponibilizado obedecer\u00e1 ao planejamento definido pela diretoria da For\u00e7a Nacional\u201d.<\/p>\n<h2 style=\"text-align: justify;\">Ataques em Manaus<\/h2>\n<p style=\"text-align: justify;\">Desde a noite de s\u00e1bado (5), criminosos iniciaram uma s\u00e9rie de ataques a pr\u00e9dios p\u00fablicos em Manaus, entre eles uma Unidade B\u00e1sica de Sa\u00fade (UBS). Os marginais tamb\u00e9m atiraram contra a sede do Sindicato das Empresas de Transporte de Passageiros do Estado do Amazonas (Sinetram) e incendiaram ao menos um caixa eletr\u00f4nico na capital amazonense.<\/p>\n<p style=\"text-align: justify;\"><a href=\"https:\/\/agenciabrasil.ebc.com.br\/geral\/noticia\/2021-06\/cidades-do-amazonas-registram-segunda-noite-de-ataques-criminosos\" target=\"_blank\" rel=\"noopener noreferrer\">Novos ataques aconteceram na madrugada de domingo<\/a>\u00a0(6), quando ao menos 14 \u00f4nibus, duas viaturas policiais, um estabelecimento comercial e um transformador de energia el\u00e9trica foram incendiados na capital amazonense e pr\u00e9dios p\u00fablicos e ve\u00edculos depredados em outras cidades do estado.<\/p>\n<p style=\"text-align: justify;\">Nessa segunda-feira (7), o governo do Amazonas informou a pris\u00e3o de 31 suspeitos de envolvimento nos ataques criminosos. De acordo com a Secretaria de Seguran\u00e7a P\u00fablica, acusados de liderar os ataques est\u00e3o entre os presos.<\/p>\n<p style=\"text-align: justify;\">Nas a\u00e7\u00f5es de policiamento, foram apreendidas uma arma de fogo e uma metralhadora. Al\u00e9m disso, 40 barreiras de fiscaliza\u00e7\u00e3o foram montadas na capital para realiza\u00e7\u00e3o de abordagens e vistorias de ve\u00edculos. Cerca de 250 equipes das pol\u00edcias Civil e Militar est\u00e3o realizando rondas no estado.<\/p>\n<p style=\"text-align: justify;\">Na noite de domingo,\u00a0<a href=\"https:\/\/agenciabrasil.ebc.com.br\/geral\/noticia\/2021-06\/amazonas-prende-31-suspeitos-de-participar-de-ataques-criminosos\" target=\"_blank\" rel=\"noopener noreferrer\">o governador do Amazonas, Wilson Lima<\/a>, pediu ao Minist\u00e9rio da Justi\u00e7a o envio de tropas da For\u00e7a Nacional para refor\u00e7ar o trabalho de combate ao crime organizado no estado.<\/p>\n<p style=\"text-align: justify;\">Fonte : Ag\u00eancia Brasil.<\/p>\n","protected":false},"excerpt":{"rendered":"<p>Desde s\u00e1bado, Manaus e outras cidades s\u00e3o alvos de ataques criminosos. Militares da For\u00e7a Nacional de Seguran\u00e7a P\u00fablica (FNSP) dever\u00e3o ser deslocados para o Amazonas, em apoio ao governo do estado, nas a\u00e7\u00f5es de combate ao crime organizado em Manaus e munic\u00edpios do interior. A portaria do Minist\u00e9rio da Justi\u00e7a e Seguran\u00e7a P\u00fablica, autorizando o [&hellip;]<\/p>\n","protected":false},"author":2,"featured_media":23181,"comment_status":"open","ping_status":"open","sticky":false,"template":"","format":"standard","meta":{"footnotes":""},"categories":[1],"tags":[],"class_list":{"0":"post-23180","1":"post","2":"type-post","3":"status-publish","4":"format-standard","5":"has-post-thumbnail","7":"category-outros"},"yoast_head":"<!-- This site is optimized with the Yoast SEO Premium plugin v24.5 (Yoast SEO v27.5) - https:\/\/yoast.com\/product\/yoast-seo-premium-wordpress\/ -->\n<title>For\u00e7a Nacional come\u00e7a a atuar hoje no Amazonas. - P31<\/title>\n<meta name=\"robots\" content=\"index, follow, max-snippet:-1, max-image-preview:large, max-video-preview:-1\" \/>\n<link rel=\"canonical\" href=\"https:\/\/www.p31noticias.com.br\/?p=23180\" \/>\n<meta property=\"og:locale\" content=\"pt_BR\" \/>\n<meta property=\"og:type\" content=\"article\" \/>\n<meta property=\"og:title\" content=\"For\u00e7a Nacional come\u00e7a a atuar hoje no Amazonas.\" \/>\n<meta property=\"og:description\" content=\"Desde s\u00e1bado, Manaus e outras cidades s\u00e3o alvos de ataques criminosos. Militares da For\u00e7a Nacional de Seguran\u00e7a P\u00fablica (FNSP) dever\u00e3o ser deslocados para o Amazonas, em apoio ao governo do estado, nas a\u00e7\u00f5es de combate ao crime organizado em Manaus e munic\u00edpios do interior. A portaria do Minist\u00e9rio da Justi\u00e7a e Seguran\u00e7a P\u00fablica, autorizando o [&hellip;]\" \/>\n<meta property=\"og:url\" content=\"https:\/\/www.p31noticias.com.br\/?p=23180\" \/>\n<meta property=\"og:site_name\" content=\"P31\" \/>\n<meta property=\"article:published_time\" content=\"2021-06-08T17:16:04+00:00\" \/>\n<meta property=\"og:image\" content=\"https:\/\/www.p31noticias.com.br\/wp-content\/uploads\/2021\/06\/2020-02-21t224503z_1140205600_rc2a5f9xgpfp_rtrmadp_3_brazil-violence.jpg\" \/>\n\t<meta property=\"og:image:width\" content=\"1170\" \/>\n\t<meta property=\"og:image:height\" content=\"700\" \/>\n\t<meta property=\"og:image:type\" content=\"image\/jpeg\" \/>\n<meta name=\"author\" content=\"Gon\u00e7alves Junior\" \/>\n<meta name=\"twitter:card\" content=\"summary_large_image\" \/>\n<meta name=\"twitter:label1\" content=\"Escrito por\" \/>\n\t<meta name=\"twitter:data1\" content=\"Gon\u00e7alves Junior\" \/>\n\t<meta name=\"twitter:label2\" content=\"Est. tempo de leitura\" \/>\n\t<meta name=\"twitter:data2\" content=\"2 minutos\" \/>\n<script type=\"application\/ld+json\" class=\"yoast-schema-graph\">{\"@context\":\"https:\\\/\\\/schema.org\",\"@graph\":[{\"@type\":\"Article\",\"@id\":\"https:\\\/\\\/www.p31noticias.com.br\\\/?p=23180#article\",\"isPartOf\":{\"@id\":\"https:\\\/\\\/www.p31noticias.com.br\\\/?p=23180\"},\"author\":{\"name\":\"Gon\u00e7alves Junior\",\"@id\":\"https:\\\/\\\/www.p31noticias.com.br\\\/#\\\/schema\\\/person\\\/95f2ece30e3b4132065b915150cd0f94\"},\"headline\":\"For\u00e7a Nacional come\u00e7a a atuar hoje no Amazonas.\",\"datePublished\":\"2021-06-08T17:16:04+00:00\",\"mainEntityOfPage\":{\"@id\":\"https:\\\/\\\/www.p31noticias.com.br\\\/?p=23180\"},\"wordCount\":429,\"commentCount\":0,\"image\":{\"@id\":\"https:\\\/\\\/www.p31noticias.com.br\\\/?p=23180#primaryimage\"},\"thumbnailUrl\":\"https:\\\/\\\/www.p31noticias.com.br\\\/wp-content\\\/uploads\\\/2021\\\/06\\\/2020-02-21t224503z_1140205600_rc2a5f9xgpfp_rtrmadp_3_brazil-violence.jpg\",\"articleSection\":[\"Outros\"],\"inLanguage\":\"pt-BR\",\"potentialAction\":[{\"@type\":\"CommentAction\",\"name\":\"Comment\",\"target\":[\"https:\\\/\\\/www.p31noticias.com.br\\\/?p=23180#respond\"]}],\"copyrightYear\":\"2021\",\"copyrightHolder\":{\"@id\":\"https:\\\/\\\/www.p31noticias.com.br\\\/#organization\"}},{\"@type\":\"WebPage\",\"@id\":\"https:\\\/\\\/www.p31noticias.com.br\\\/?p=23180\",\"url\":\"https:\\\/\\\/www.p31noticias.com.br\\\/?p=23180\",\"name\":\"For\u00e7a Nacional come\u00e7a a atuar hoje no Amazonas. - P31\",\"isPartOf\":{\"@id\":\"https:\\\/\\\/www.p31noticias.com.br\\\/#website\"},\"primaryImageOfPage\":{\"@id\":\"https:\\\/\\\/www.p31noticias.com.br\\\/?p=23180#primaryimage\"},\"image\":{\"@id\":\"https:\\\/\\\/www.p31noticias.com.br\\\/?p=23180#primaryimage\"},\"thumbnailUrl\":\"https:\\\/\\\/www.p31noticias.com.br\\\/wp-content\\\/uploads\\\/2021\\\/06\\\/2020-02-21t224503z_1140205600_rc2a5f9xgpfp_rtrmadp_3_brazil-violence.jpg\",\"datePublished\":\"2021-06-08T17:16:04+00:00\",\"author\":{\"@id\":\"https:\\\/\\\/www.p31noticias.com.br\\\/#\\\/schema\\\/person\\\/95f2ece30e3b4132065b915150cd0f94\"},\"breadcrumb\":{\"@id\":\"https:\\\/\\\/www.p31noticias.com.br\\\/?p=23180#breadcrumb\"},\"inLanguage\":\"pt-BR\",\"potentialAction\":[{\"@type\":\"ReadAction\",\"target\":[\"https:\\\/\\\/www.p31noticias.com.br\\\/?p=23180\"]}]},{\"@type\":\"ImageObject\",\"inLanguage\":\"pt-BR\",\"@id\":\"https:\\\/\\\/www.p31noticias.com.br\\\/?p=23180#primaryimage\",\"url\":\"https:\\\/\\\/www.p31noticias.com.br\\\/wp-content\\\/uploads\\\/2021\\\/06\\\/2020-02-21t224503z_1140205600_rc2a5f9xgpfp_rtrmadp_3_brazil-violence.jpg\",\"contentUrl\":\"https:\\\/\\\/www.p31noticias.com.br\\\/wp-content\\\/uploads\\\/2021\\\/06\\\/2020-02-21t224503z_1140205600_rc2a5f9xgpfp_rtrmadp_3_brazil-violence.jpg\",\"width\":1170,\"height\":700},{\"@type\":\"BreadcrumbList\",\"@id\":\"https:\\\/\\\/www.p31noticias.com.br\\\/?p=23180#breadcrumb\",\"itemListElement\":[{\"@type\":\"ListItem\",\"position\":1,\"name\":\"In\u00edcio\",\"item\":\"https:\\\/\\\/www.p31noticias.com.br\\\/\"},{\"@type\":\"ListItem\",\"position\":2,\"name\":\"For\u00e7a Nacional come\u00e7a a atuar hoje no Amazonas.\"}]},{\"@type\":\"WebSite\",\"@id\":\"https:\\\/\\\/www.p31noticias.com.br\\\/#website\",\"url\":\"https:\\\/\\\/www.p31noticias.com.br\\\/\",\"name\":\"P31\",\"description\":\"NOT\u00cdCIAS\",\"potentialAction\":[{\"@type\":\"SearchAction\",\"target\":{\"@type\":\"EntryPoint\",\"urlTemplate\":\"https:\\\/\\\/www.p31noticias.com.br\\\/?s={search_term_string}\"},\"query-input\":{\"@type\":\"PropertyValueSpecification\",\"valueRequired\":true,\"valueName\":\"search_term_string\"}}],\"inLanguage\":\"pt-BR\"},{\"@type\":\"Person\",\"@id\":\"https:\\\/\\\/www.p31noticias.com.br\\\/#\\\/schema\\\/person\\\/95f2ece30e3b4132065b915150cd0f94\",\"name\":\"Gon\u00e7alves Junior\",\"image\":{\"@type\":\"ImageObject\",\"inLanguage\":\"pt-BR\",\"@id\":\"https:\\\/\\\/secure.gravatar.com\\\/avatar\\\/6711f350116a89762687a48d66f723c799e5438a5b7578508d4294cd7a5d0800?s=96&d=mm&r=g\",\"url\":\"https:\\\/\\\/secure.gravatar.com\\\/avatar\\\/6711f350116a89762687a48d66f723c799e5438a5b7578508d4294cd7a5d0800?s=96&d=mm&r=g\",\"contentUrl\":\"https:\\\/\\\/secure.gravatar.com\\\/avatar\\\/6711f350116a89762687a48d66f723c799e5438a5b7578508d4294cd7a5d0800?s=96&d=mm&r=g\",\"caption\":\"Gon\u00e7alves Junior\"},\"url\":\"https:\\\/\\\/www.p31noticias.com.br\\\/?author=2\"}]}<\/script>\n<!-- \/ Yoast SEO Premium plugin. -->","yoast_head_json":{"title":"For\u00e7a Nacional come\u00e7a a atuar hoje no Amazonas. - P31","robots":{"index":"index","follow":"follow","max-snippet":"max-snippet:-1","max-image-preview":"max-image-preview:large","max-video-preview":"max-video-preview:-1"},"canonical":"https:\/\/www.p31noticias.com.br\/?p=23180","og_locale":"pt_BR","og_type":"article","og_title":"For\u00e7a Nacional come\u00e7a a atuar hoje no Amazonas.","og_description":"Desde s\u00e1bado, Manaus e outras cidades s\u00e3o alvos de ataques criminosos. Militares da For\u00e7a Nacional de Seguran\u00e7a P\u00fablica (FNSP) dever\u00e3o ser deslocados para o Amazonas, em apoio ao governo do estado, nas a\u00e7\u00f5es de combate ao crime organizado em Manaus e munic\u00edpios do interior. A portaria do Minist\u00e9rio da Justi\u00e7a e Seguran\u00e7a P\u00fablica, autorizando o [&hellip;]","og_url":"https:\/\/www.p31noticias.com.br\/?p=23180","og_site_name":"P31","article_published_time":"2021-06-08T17:16:04+00:00","og_image":[{"width":1170,"height":700,"url":"https:\/\/www.p31noticias.com.br\/wp-content\/uploads\/2021\/06\/2020-02-21t224503z_1140205600_rc2a5f9xgpfp_rtrmadp_3_brazil-violence.jpg","type":"image\/jpeg"}],"author":"Gon\u00e7alves Junior","twitter_card":"summary_large_image","twitter_misc":{"Escrito por":"Gon\u00e7alves Junior","Est. tempo de leitura":"2 minutos"},"schema":{"@context":"https:\/\/schema.org","@graph":[{"@type":"Article","@id":"https:\/\/www.p31noticias.com.br\/?p=23180#article","isPartOf":{"@id":"https:\/\/www.p31noticias.com.br\/?p=23180"},"author":{"name":"Gon\u00e7alves Junior","@id":"https:\/\/www.p31noticias.com.br\/#\/schema\/person\/95f2ece30e3b4132065b915150cd0f94"},"headline":"For\u00e7a Nacional come\u00e7a a atuar hoje no Amazonas.","datePublished":"2021-06-08T17:16:04+00:00","mainEntityOfPage":{"@id":"https:\/\/www.p31noticias.com.br\/?p=23180"},"wordCount":429,"commentCount":0,"image":{"@id":"https:\/\/www.p31noticias.com.br\/?p=23180#primaryimage"},"thumbnailUrl":"https:\/\/www.p31noticias.com.br\/wp-content\/uploads\/2021\/06\/2020-02-21t224503z_1140205600_rc2a5f9xgpfp_rtrmadp_3_brazil-violence.jpg","articleSection":["Outros"],"inLanguage":"pt-BR","potentialAction":[{"@type":"CommentAction","name":"Comment","target":["https:\/\/www.p31noticias.com.br\/?p=23180#respond"]}],"copyrightYear":"2021","copyrightHolder":{"@id":"https:\/\/www.p31noticias.com.br\/#organization"}},{"@type":"WebPage","@id":"https:\/\/www.p31noticias.com.br\/?p=23180","url":"https:\/\/www.p31noticias.com.br\/?p=23180","name":"For\u00e7a Nacional come\u00e7a a atuar hoje no Amazonas. - P31","isPartOf":{"@id":"https:\/\/www.p31noticias.com.br\/#website"},"primaryImageOfPage":{"@id":"https:\/\/www.p31noticias.com.br\/?p=23180#primaryimage"},"image":{"@id":"https:\/\/www.p31noticias.com.br\/?p=23180#primaryimage"},"thumbnailUrl":"https:\/\/www.p31noticias.com.br\/wp-content\/uploads\/2021\/06\/2020-02-21t224503z_1140205600_rc2a5f9xgpfp_rtrmadp_3_brazil-violence.jpg","datePublished":"2021-06-08T17:16:04+00:00","author":{"@id":"https:\/\/www.p31noticias.com.br\/#\/schema\/person\/95f2ece30e3b4132065b915150cd0f94"},"breadcrumb":{"@id":"https:\/\/www.p31noticias.com.br\/?p=23180#breadcrumb"},"inLanguage":"pt-BR","potentialAction":[{"@type":"ReadAction","target":["https:\/\/www.p31noticias.com.br\/?p=23180"]}]},{"@type":"ImageObject","inLanguage":"pt-BR","@id":"https:\/\/www.p31noticias.com.br\/?p=23180#primaryimage","url":"https:\/\/www.p31noticias.com.br\/wp-content\/uploads\/2021\/06\/2020-02-21t224503z_1140205600_rc2a5f9xgpfp_rtrmadp_3_brazil-violence.jpg","contentUrl":"https:\/\/www.p31noticias.com.br\/wp-content\/uploads\/2021\/06\/2020-02-21t224503z_1140205600_rc2a5f9xgpfp_rtrmadp_3_brazil-violence.jpg","width":1170,"height":700},{"@type":"BreadcrumbList","@id":"https:\/\/www.p31noticias.com.br\/?p=23180#breadcrumb","itemListElement":[{"@type":"ListItem","position":1,"name":"In\u00edcio","item":"https:\/\/www.p31noticias.com.br\/"},{"@type":"ListItem","position":2,"name":"For\u00e7a Nacional come\u00e7a a atuar hoje no Amazonas."}]},{"@type":"WebSite","@id":"https:\/\/www.p31noticias.com.br\/#website","url":"https:\/\/www.p31noticias.com.br\/","name":"P31","description":"NOT\u00cdCIAS","potentialAction":[{"@type":"SearchAction","target":{"@type":"EntryPoint","urlTemplate":"https:\/\/www.p31noticias.com.br\/?s={search_term_string}"},"query-input":{"@type":"PropertyValueSpecification","valueRequired":true,"valueName":"search_term_string"}}],"inLanguage":"pt-BR"},{"@type":"Person","@id":"https:\/\/www.p31noticias.com.br\/#\/schema\/person\/95f2ece30e3b4132065b915150cd0f94","name":"Gon\u00e7alves Junior","image":{"@type":"ImageObject","inLanguage":"pt-BR","@id":"https:\/\/secure.gravatar.com\/avatar\/6711f350116a89762687a48d66f723c799e5438a5b7578508d4294cd7a5d0800?s=96&d=mm&r=g","url":"https:\/\/secure.gravatar.com\/avatar\/6711f350116a89762687a48d66f723c799e5438a5b7578508d4294cd7a5d0800?s=96&d=mm&r=g","contentUrl":"https:\/\/secure.gravatar.com\/avatar\/6711f350116a89762687a48d66f723c799e5438a5b7578508d4294cd7a5d0800?s=96&d=mm&r=g","caption":"Gon\u00e7alves Junior"},"url":"https:\/\/www.p31noticias.com.br\/?author=2"}]}},"amp_enabled":true,"_links":{"self":[{"href":"https:\/\/www.p31noticias.com.br\/index.php?rest_route=\/wp\/v2\/posts\/23180","targetHints":{"allow":["GET"]}}],"collection":[{"href":"https:\/\/www.p31noticias.com.br\/index.php?rest_route=\/wp\/v2\/posts"}],"about":[{"href":"https:\/\/www.p31noticias.com.br\/index.php?rest_route=\/wp\/v2\/types\/post"}],"author":[{"embeddable":true,"href":"https:\/\/www.p31noticias.com.br\/index.php?rest_route=\/wp\/v2\/users\/2"}],"replies":[{"embeddable":true,"href":"https:\/\/www.p31noticias.com.br\/index.php?rest_route=%2Fwp%2Fv2%2Fcomments&post=23180"}],"version-history":[{"count":1,"href":"https:\/\/www.p31noticias.com.br\/index.php?rest_route=\/wp\/v2\/posts\/23180\/revisions"}],"predecessor-version":[{"id":23182,"href":"https:\/\/www.p31noticias.com.br\/index.php?rest_route=\/wp\/v2\/posts\/23180\/revisions\/23182"}],"wp:featuredmedia":[{"embeddable":true,"href":"https:\/\/www.p31noticias.com.br\/index.php?rest_route=\/wp\/v2\/media\/23181"}],"wp:attachment":[{"href":"https:\/\/www.p31noticias.com.br\/index.php?rest_route=%2Fwp%2Fv2%2Fmedia&parent=23180"}],"wp:term":[{"taxonomy":"category","embeddable":true,"href":"https:\/\/www.p31noticias.com.br\/index.php?rest_route=%2Fwp%2Fv2%2Fcategories&post=23180"},{"taxonomy":"post_tag","embeddable":true,"href":"https:\/\/www.p31noticias.com.br\/index.php?rest_route=%2Fwp%2Fv2%2Ftags&post=23180"}],"curies":[{"name":"wp","href":"https:\/\/api.w.org\/{rel}","templated":true}]}}