{"id":23168,"date":"2021-06-05T13:15:26","date_gmt":"2021-06-05T13:15:26","guid":{"rendered":"https:\/\/p31noticias.com.br\/?p=23168"},"modified":"2021-06-05T13:15:48","modified_gmt":"2021-06-05T13:15:48","slug":"saiba-quais-sao-os-pontos-de-vacinacao-neste-fim-de-semana","status":"publish","type":"post","link":"https:\/\/www.p31noticias.com.br\/?p=23168","title":{"rendered":"Saiba quais s\u00e3o os pontos de vacina\u00e7\u00e3o neste fim de semana."},"content":{"rendered":"<p style=\"text-align: justify;\"><em><strong>Doses ser\u00e3o aplicadas em seis locais, no s\u00e1bado e no domingo, de 9h \u00e0s 17h, em tr\u00eas regi\u00f5es de sa\u00fade<\/strong><\/em><\/p>\n<p style=\"text-align: justify;\">Seis pontos de vacina\u00e7\u00e3o em tr\u00eas regi\u00f5es de sa\u00fade do DF atender\u00e3o os grupos priorit\u00e1rios j\u00e1 contemplados pela campanha de vacina\u00e7\u00e3o contra a covid-19. Os pontos funcionar\u00e3o no s\u00e1bado e no domingo, das 9h \u00e0s 17 horas. Confira abaixo a lista de locais que estar\u00e3o aplicando vacinas neste final de semana:<\/p>\n<p><img loading=\"lazy\" decoding=\"async\" class=\"aligncenter wp-image-302919 size-full\" src=\"http:\/\/www.agenciabrasilia.df.gov.br\/wp-conteudo\/uploads\/2021\/06\/Pontos-de-vacina%C3%A7%C3%A3o-1.png\" sizes=\"auto, (max-width: 769px) 100vw, 769px\" srcset=\"https:\/\/www.agenciabrasilia.df.gov.br\/wp-conteudo\/uploads\/2021\/06\/Pontos-de-vacina\u00e7\u00e3o-1.png 769w, https:\/\/www.agenciabrasilia.df.gov.br\/wp-conteudo\/uploads\/2021\/06\/Pontos-de-vacina\u00e7\u00e3o-1-288x300.png 288w, https:\/\/www.agenciabrasilia.df.gov.br\/wp-conteudo\/uploads\/2021\/06\/Pontos-de-vacina\u00e7\u00e3o-1-768x799.png 768w, https:\/\/www.agenciabrasilia.df.gov.br\/wp-conteudo\/uploads\/2021\/06\/Pontos-de-vacina\u00e7\u00e3o-1-95x99.png 95w, https:\/\/www.agenciabrasilia.df.gov.br\/wp-conteudo\/uploads\/2021\/06\/Pontos-de-vacina\u00e7\u00e3o-1-160x166.png 160w, https:\/\/www.agenciabrasilia.df.gov.br\/wp-conteudo\/uploads\/2021\/06\/Pontos-de-vacina\u00e7\u00e3o-1-256x266.png 256w\" alt=\"\" width=\"769\" height=\"800\" \/><\/p>\n<p style=\"text-align: justify;\">Nesta semana, os funcion\u00e1rios do sistema rodovi\u00e1rio de transporte foram inclu\u00eddos no grupo priorit\u00e1rio de vacina\u00e7\u00e3o. Os primeiros contemplados foram vacinados nesta quinta-feira (3), mediante lista nominal enviada pelo sindicato. Para o final de semana, ser\u00e3o disponibilizadas 1.200 doses especificamente para este p\u00fablico.<\/p>\n<p style=\"text-align: justify;\">Ainda nesta semana, a Secretaria de Sa\u00fade decidiu antecipar o agendamento da vacina contra covid-19 das pessoas com 59 anos . A partir das 14 horas desta sexta, o agendamento do grupo priorit\u00e1rio j\u00e1 estava dispon\u00edvel no site <a href=\"https:\/\/vacina.saude.df.gov.br\/\" target=\"_blank\" rel=\"noopener noreferrer\">vacina.saude.df.gov.br<\/a>. E, desde \u00e0s 10h, estava aberto o agendamento para o grupo priorit\u00e1rio que inclui deficientes sem BPC e comorbidades acima de 18 anos.<\/p>\n<p style=\"text-align: justify;\"><em>*Com informa\u00e7\u00f5es da Secretaria de Sa\u00fade<\/em><\/p>\n","protected":false},"excerpt":{"rendered":"<p>Doses ser\u00e3o aplicadas em seis locais, no s\u00e1bado e no domingo, de 9h \u00e0s 17h, em tr\u00eas regi\u00f5es de sa\u00fade Seis pontos de vacina\u00e7\u00e3o em tr\u00eas regi\u00f5es de sa\u00fade do DF atender\u00e3o os grupos priorit\u00e1rios j\u00e1 contemplados pela campanha de vacina\u00e7\u00e3o contra a covid-19. Os pontos funcionar\u00e3o no s\u00e1bado e no domingo, das 9h \u00e0s [&hellip;]<\/p>\n","protected":false},"author":2,"featured_media":23169,"comment_status":"open","ping_status":"open","sticky":false,"template":"","format":"standard","meta":{"footnotes":""},"categories":[21],"tags":[],"class_list":{"0":"post-23168","1":"post","2":"type-post","3":"status-publish","4":"format-standard","5":"has-post-thumbnail","7":"category-brasilia"},"yoast_head":"<!-- This site is optimized with the Yoast SEO Premium plugin v24.5 (Yoast SEO v27.5) - https:\/\/yoast.com\/product\/yoast-seo-premium-wordpress\/ -->\n<title>Saiba quais s\u00e3o os pontos de vacina\u00e7\u00e3o neste fim de semana. - P31<\/title>\n<meta name=\"robots\" content=\"index, follow, max-snippet:-1, max-image-preview:large, max-video-preview:-1\" \/>\n<link rel=\"canonical\" href=\"https:\/\/www.p31noticias.com.br\/?p=23168\" \/>\n<meta property=\"og:locale\" content=\"pt_BR\" \/>\n<meta property=\"og:type\" content=\"article\" \/>\n<meta property=\"og:title\" content=\"Saiba quais s\u00e3o os pontos de vacina\u00e7\u00e3o neste fim de semana.\" \/>\n<meta property=\"og:description\" content=\"Doses ser\u00e3o aplicadas em seis locais, no s\u00e1bado e no domingo, de 9h \u00e0s 17h, em tr\u00eas regi\u00f5es de sa\u00fade Seis pontos de vacina\u00e7\u00e3o em tr\u00eas regi\u00f5es de sa\u00fade do DF atender\u00e3o os grupos priorit\u00e1rios j\u00e1 contemplados pela campanha de vacina\u00e7\u00e3o contra a covid-19. Os pontos funcionar\u00e3o no s\u00e1bado e no domingo, das 9h \u00e0s [&hellip;]\" \/>\n<meta property=\"og:url\" content=\"https:\/\/www.p31noticias.com.br\/?p=23168\" \/>\n<meta property=\"og:site_name\" content=\"P31\" \/>\n<meta property=\"article:published_time\" content=\"2021-06-05T13:15:26+00:00\" \/>\n<meta property=\"article:modified_time\" content=\"2021-06-05T13:15:48+00:00\" \/>\n<meta property=\"og:image\" content=\"https:\/\/www.p31noticias.com.br\/wp-content\/uploads\/2021\/06\/drive-thru-df1-frame-1058.jpeg\" \/>\n\t<meta property=\"og:image:width\" content=\"984\" \/>\n\t<meta property=\"og:image:height\" content=\"434\" \/>\n\t<meta property=\"og:image:type\" content=\"image\/jpeg\" \/>\n<meta name=\"author\" content=\"Gon\u00e7alves Junior\" \/>\n<meta name=\"twitter:card\" content=\"summary_large_image\" \/>\n<meta name=\"twitter:label1\" content=\"Escrito por\" \/>\n\t<meta name=\"twitter:data1\" content=\"Gon\u00e7alves Junior\" \/>\n\t<meta name=\"twitter:label2\" content=\"Est. tempo de leitura\" \/>\n\t<meta name=\"twitter:data2\" content=\"1 minuto\" \/>\n<script type=\"application\/ld+json\" class=\"yoast-schema-graph\">{\"@context\":\"https:\\\/\\\/schema.org\",\"@graph\":[{\"@type\":\"Article\",\"@id\":\"https:\\\/\\\/www.p31noticias.com.br\\\/?p=23168#article\",\"isPartOf\":{\"@id\":\"https:\\\/\\\/www.p31noticias.com.br\\\/?p=23168\"},\"author\":{\"name\":\"Gon\u00e7alves Junior\",\"@id\":\"https:\\\/\\\/www.p31noticias.com.br\\\/#\\\/schema\\\/person\\\/95f2ece30e3b4132065b915150cd0f94\"},\"headline\":\"Saiba quais s\u00e3o os pontos de vacina\u00e7\u00e3o neste fim de semana.\",\"datePublished\":\"2021-06-05T13:15:26+00:00\",\"dateModified\":\"2021-06-05T13:15:48+00:00\",\"mainEntityOfPage\":{\"@id\":\"https:\\\/\\\/www.p31noticias.com.br\\\/?p=23168\"},\"wordCount\":220,\"commentCount\":0,\"image\":{\"@id\":\"https:\\\/\\\/www.p31noticias.com.br\\\/?p=23168#primaryimage\"},\"thumbnailUrl\":\"https:\\\/\\\/www.p31noticias.com.br\\\/wp-content\\\/uploads\\\/2021\\\/06\\\/drive-thru-df1-frame-1058.jpeg\",\"articleSection\":[\"Bras\u00edlia\"],\"inLanguage\":\"pt-BR\",\"potentialAction\":[{\"@type\":\"CommentAction\",\"name\":\"Comment\",\"target\":[\"https:\\\/\\\/www.p31noticias.com.br\\\/?p=23168#respond\"]}],\"copyrightYear\":\"2021\",\"copyrightHolder\":{\"@id\":\"https:\\\/\\\/www.p31noticias.com.br\\\/#organization\"}},{\"@type\":\"WebPage\",\"@id\":\"https:\\\/\\\/www.p31noticias.com.br\\\/?p=23168\",\"url\":\"https:\\\/\\\/www.p31noticias.com.br\\\/?p=23168\",\"name\":\"Saiba quais s\u00e3o os pontos de vacina\u00e7\u00e3o neste fim de semana. - P31\",\"isPartOf\":{\"@id\":\"https:\\\/\\\/www.p31noticias.com.br\\\/#website\"},\"primaryImageOfPage\":{\"@id\":\"https:\\\/\\\/www.p31noticias.com.br\\\/?p=23168#primaryimage\"},\"image\":{\"@id\":\"https:\\\/\\\/www.p31noticias.com.br\\\/?p=23168#primaryimage\"},\"thumbnailUrl\":\"https:\\\/\\\/www.p31noticias.com.br\\\/wp-content\\\/uploads\\\/2021\\\/06\\\/drive-thru-df1-frame-1058.jpeg\",\"datePublished\":\"2021-06-05T13:15:26+00:00\",\"dateModified\":\"2021-06-05T13:15:48+00:00\",\"author\":{\"@id\":\"https:\\\/\\\/www.p31noticias.com.br\\\/#\\\/schema\\\/person\\\/95f2ece30e3b4132065b915150cd0f94\"},\"breadcrumb\":{\"@id\":\"https:\\\/\\\/www.p31noticias.com.br\\\/?p=23168#breadcrumb\"},\"inLanguage\":\"pt-BR\",\"potentialAction\":[{\"@type\":\"ReadAction\",\"target\":[\"https:\\\/\\\/www.p31noticias.com.br\\\/?p=23168\"]}]},{\"@type\":\"ImageObject\",\"inLanguage\":\"pt-BR\",\"@id\":\"https:\\\/\\\/www.p31noticias.com.br\\\/?p=23168#primaryimage\",\"url\":\"https:\\\/\\\/www.p31noticias.com.br\\\/wp-content\\\/uploads\\\/2021\\\/06\\\/drive-thru-df1-frame-1058.jpeg\",\"contentUrl\":\"https:\\\/\\\/www.p31noticias.com.br\\\/wp-content\\\/uploads\\\/2021\\\/06\\\/drive-thru-df1-frame-1058.jpeg\",\"width\":984,\"height\":434},{\"@type\":\"BreadcrumbList\",\"@id\":\"https:\\\/\\\/www.p31noticias.com.br\\\/?p=23168#breadcrumb\",\"itemListElement\":[{\"@type\":\"ListItem\",\"position\":1,\"name\":\"In\u00edcio\",\"item\":\"https:\\\/\\\/www.p31noticias.com.br\\\/\"},{\"@type\":\"ListItem\",\"position\":2,\"name\":\"Saiba quais s\u00e3o os pontos de vacina\u00e7\u00e3o neste fim de semana.\"}]},{\"@type\":\"WebSite\",\"@id\":\"https:\\\/\\\/www.p31noticias.com.br\\\/#website\",\"url\":\"https:\\\/\\\/www.p31noticias.com.br\\\/\",\"name\":\"P31\",\"description\":\"NOT\u00cdCIAS\",\"potentialAction\":[{\"@type\":\"SearchAction\",\"target\":{\"@type\":\"EntryPoint\",\"urlTemplate\":\"https:\\\/\\\/www.p31noticias.com.br\\\/?s={search_term_string}\"},\"query-input\":{\"@type\":\"PropertyValueSpecification\",\"valueRequired\":true,\"valueName\":\"search_term_string\"}}],\"inLanguage\":\"pt-BR\"},{\"@type\":\"Person\",\"@id\":\"https:\\\/\\\/www.p31noticias.com.br\\\/#\\\/schema\\\/person\\\/95f2ece30e3b4132065b915150cd0f94\",\"name\":\"Gon\u00e7alves Junior\",\"image\":{\"@type\":\"ImageObject\",\"inLanguage\":\"pt-BR\",\"@id\":\"https:\\\/\\\/secure.gravatar.com\\\/avatar\\\/6711f350116a89762687a48d66f723c799e5438a5b7578508d4294cd7a5d0800?s=96&d=mm&r=g\",\"url\":\"https:\\\/\\\/secure.gravatar.com\\\/avatar\\\/6711f350116a89762687a48d66f723c799e5438a5b7578508d4294cd7a5d0800?s=96&d=mm&r=g\",\"contentUrl\":\"https:\\\/\\\/secure.gravatar.com\\\/avatar\\\/6711f350116a89762687a48d66f723c799e5438a5b7578508d4294cd7a5d0800?s=96&d=mm&r=g\",\"caption\":\"Gon\u00e7alves Junior\"},\"url\":\"https:\\\/\\\/www.p31noticias.com.br\\\/?author=2\"}]}<\/script>\n<!-- \/ Yoast SEO Premium plugin. -->","yoast_head_json":{"title":"Saiba quais s\u00e3o os pontos de vacina\u00e7\u00e3o neste fim de semana. - P31","robots":{"index":"index","follow":"follow","max-snippet":"max-snippet:-1","max-image-preview":"max-image-preview:large","max-video-preview":"max-video-preview:-1"},"canonical":"https:\/\/www.p31noticias.com.br\/?p=23168","og_locale":"pt_BR","og_type":"article","og_title":"Saiba quais s\u00e3o os pontos de vacina\u00e7\u00e3o neste fim de semana.","og_description":"Doses ser\u00e3o aplicadas em seis locais, no s\u00e1bado e no domingo, de 9h \u00e0s 17h, em tr\u00eas regi\u00f5es de sa\u00fade Seis pontos de vacina\u00e7\u00e3o em tr\u00eas regi\u00f5es de sa\u00fade do DF atender\u00e3o os grupos priorit\u00e1rios j\u00e1 contemplados pela campanha de vacina\u00e7\u00e3o contra a covid-19. Os pontos funcionar\u00e3o no s\u00e1bado e no domingo, das 9h \u00e0s [&hellip;]","og_url":"https:\/\/www.p31noticias.com.br\/?p=23168","og_site_name":"P31","article_published_time":"2021-06-05T13:15:26+00:00","article_modified_time":"2021-06-05T13:15:48+00:00","og_image":[{"width":984,"height":434,"url":"https:\/\/www.p31noticias.com.br\/wp-content\/uploads\/2021\/06\/drive-thru-df1-frame-1058.jpeg","type":"image\/jpeg"}],"author":"Gon\u00e7alves Junior","twitter_card":"summary_large_image","twitter_misc":{"Escrito por":"Gon\u00e7alves Junior","Est. tempo de leitura":"1 minuto"},"schema":{"@context":"https:\/\/schema.org","@graph":[{"@type":"Article","@id":"https:\/\/www.p31noticias.com.br\/?p=23168#article","isPartOf":{"@id":"https:\/\/www.p31noticias.com.br\/?p=23168"},"author":{"name":"Gon\u00e7alves Junior","@id":"https:\/\/www.p31noticias.com.br\/#\/schema\/person\/95f2ece30e3b4132065b915150cd0f94"},"headline":"Saiba quais s\u00e3o os pontos de vacina\u00e7\u00e3o neste fim de semana.","datePublished":"2021-06-05T13:15:26+00:00","dateModified":"2021-06-05T13:15:48+00:00","mainEntityOfPage":{"@id":"https:\/\/www.p31noticias.com.br\/?p=23168"},"wordCount":220,"commentCount":0,"image":{"@id":"https:\/\/www.p31noticias.com.br\/?p=23168#primaryimage"},"thumbnailUrl":"https:\/\/www.p31noticias.com.br\/wp-content\/uploads\/2021\/06\/drive-thru-df1-frame-1058.jpeg","articleSection":["Bras\u00edlia"],"inLanguage":"pt-BR","potentialAction":[{"@type":"CommentAction","name":"Comment","target":["https:\/\/www.p31noticias.com.br\/?p=23168#respond"]}],"copyrightYear":"2021","copyrightHolder":{"@id":"https:\/\/www.p31noticias.com.br\/#organization"}},{"@type":"WebPage","@id":"https:\/\/www.p31noticias.com.br\/?p=23168","url":"https:\/\/www.p31noticias.com.br\/?p=23168","name":"Saiba quais s\u00e3o os pontos de vacina\u00e7\u00e3o neste fim de semana. - P31","isPartOf":{"@id":"https:\/\/www.p31noticias.com.br\/#website"},"primaryImageOfPage":{"@id":"https:\/\/www.p31noticias.com.br\/?p=23168#primaryimage"},"image":{"@id":"https:\/\/www.p31noticias.com.br\/?p=23168#primaryimage"},"thumbnailUrl":"https:\/\/www.p31noticias.com.br\/wp-content\/uploads\/2021\/06\/drive-thru-df1-frame-1058.jpeg","datePublished":"2021-06-05T13:15:26+00:00","dateModified":"2021-06-05T13:15:48+00:00","author":{"@id":"https:\/\/www.p31noticias.com.br\/#\/schema\/person\/95f2ece30e3b4132065b915150cd0f94"},"breadcrumb":{"@id":"https:\/\/www.p31noticias.com.br\/?p=23168#breadcrumb"},"inLanguage":"pt-BR","potentialAction":[{"@type":"ReadAction","target":["https:\/\/www.p31noticias.com.br\/?p=23168"]}]},{"@type":"ImageObject","inLanguage":"pt-BR","@id":"https:\/\/www.p31noticias.com.br\/?p=23168#primaryimage","url":"https:\/\/www.p31noticias.com.br\/wp-content\/uploads\/2021\/06\/drive-thru-df1-frame-1058.jpeg","contentUrl":"https:\/\/www.p31noticias.com.br\/wp-content\/uploads\/2021\/06\/drive-thru-df1-frame-1058.jpeg","width":984,"height":434},{"@type":"BreadcrumbList","@id":"https:\/\/www.p31noticias.com.br\/?p=23168#breadcrumb","itemListElement":[{"@type":"ListItem","position":1,"name":"In\u00edcio","item":"https:\/\/www.p31noticias.com.br\/"},{"@type":"ListItem","position":2,"name":"Saiba quais s\u00e3o os pontos de vacina\u00e7\u00e3o neste fim de semana."}]},{"@type":"WebSite","@id":"https:\/\/www.p31noticias.com.br\/#website","url":"https:\/\/www.p31noticias.com.br\/","name":"P31","description":"NOT\u00cdCIAS","potentialAction":[{"@type":"SearchAction","target":{"@type":"EntryPoint","urlTemplate":"https:\/\/www.p31noticias.com.br\/?s={search_term_string}"},"query-input":{"@type":"PropertyValueSpecification","valueRequired":true,"valueName":"search_term_string"}}],"inLanguage":"pt-BR"},{"@type":"Person","@id":"https:\/\/www.p31noticias.com.br\/#\/schema\/person\/95f2ece30e3b4132065b915150cd0f94","name":"Gon\u00e7alves Junior","image":{"@type":"ImageObject","inLanguage":"pt-BR","@id":"https:\/\/secure.gravatar.com\/avatar\/6711f350116a89762687a48d66f723c799e5438a5b7578508d4294cd7a5d0800?s=96&d=mm&r=g","url":"https:\/\/secure.gravatar.com\/avatar\/6711f350116a89762687a48d66f723c799e5438a5b7578508d4294cd7a5d0800?s=96&d=mm&r=g","contentUrl":"https:\/\/secure.gravatar.com\/avatar\/6711f350116a89762687a48d66f723c799e5438a5b7578508d4294cd7a5d0800?s=96&d=mm&r=g","caption":"Gon\u00e7alves Junior"},"url":"https:\/\/www.p31noticias.com.br\/?author=2"}]}},"amp_enabled":true,"_links":{"self":[{"href":"https:\/\/www.p31noticias.com.br\/index.php?rest_route=\/wp\/v2\/posts\/23168","targetHints":{"allow":["GET"]}}],"collection":[{"href":"https:\/\/www.p31noticias.com.br\/index.php?rest_route=\/wp\/v2\/posts"}],"about":[{"href":"https:\/\/www.p31noticias.com.br\/index.php?rest_route=\/wp\/v2\/types\/post"}],"author":[{"embeddable":true,"href":"https:\/\/www.p31noticias.com.br\/index.php?rest_route=\/wp\/v2\/users\/2"}],"replies":[{"embeddable":true,"href":"https:\/\/www.p31noticias.com.br\/index.php?rest_route=%2Fwp%2Fv2%2Fcomments&post=23168"}],"version-history":[{"count":1,"href":"https:\/\/www.p31noticias.com.br\/index.php?rest_route=\/wp\/v2\/posts\/23168\/revisions"}],"predecessor-version":[{"id":23170,"href":"https:\/\/www.p31noticias.com.br\/index.php?rest_route=\/wp\/v2\/posts\/23168\/revisions\/23170"}],"wp:featuredmedia":[{"embeddable":true,"href":"https:\/\/www.p31noticias.com.br\/index.php?rest_route=\/wp\/v2\/media\/23169"}],"wp:attachment":[{"href":"https:\/\/www.p31noticias.com.br\/index.php?rest_route=%2Fwp%2Fv2%2Fmedia&parent=23168"}],"wp:term":[{"taxonomy":"category","embeddable":true,"href":"https:\/\/www.p31noticias.com.br\/index.php?rest_route=%2Fwp%2Fv2%2Fcategories&post=23168"},{"taxonomy":"post_tag","embeddable":true,"href":"https:\/\/www.p31noticias.com.br\/index.php?rest_route=%2Fwp%2Fv2%2Ftags&post=23168"}],"curies":[{"name":"wp","href":"https:\/\/api.w.org\/{rel}","templated":true}]}}