{"id":23164,"date":"2021-06-05T12:59:40","date_gmt":"2021-06-05T12:59:40","guid":{"rendered":"https:\/\/p31noticias.com.br\/?p=23164"},"modified":"2021-06-05T13:07:12","modified_gmt":"2021-06-05T13:07:12","slug":"brasil-vence-marcacao-do-equador-e-dispara-na-ponta-das-eliminatorias","status":"publish","type":"post","link":"https:\/\/www.p31noticias.com.br\/?p=23164","title":{"rendered":"Brasil vence marca\u00e7\u00e3o do Equador e dispara na ponta das Eliminat\u00f3rias."},"content":{"rendered":"<h3 class=\"col-10 offset-1 animated fadeInDown dealy-900 display-8 display-md-8 alt-font font-italic my-1 text-center\" style=\"text-align: justify;\"><em><strong>Sele\u00e7\u00e3o abre quatro pontos para Argentina e oito para o sexto colocado.<\/strong><\/em><\/h3>\n<p style=\"text-align: justify;\">O Brasil disparou na lideran\u00e7a das Eliminat\u00f3rias da Copa do Mundo de 2022, no Catar. Nesta sexta-feira (4), a sele\u00e7\u00e3o canarinho derrubou a forte marca\u00e7\u00e3o do Equador e venceu por 2 a 0 no Beira-Rio, em Porto Alegre, pela s\u00e9tima rodada. Vale lembrar que os jogos da quinta e da sexta rodadas foram adiadas pela Confedera\u00e7\u00e3o Sul-Americana de Futebol (Conmebol) por conta da pandemia do novo coronav\u00edrus (covid-19).<\/p>\n<p style=\"text-align: justify;\">Os brasileiros mantiveram os 100% de aproveitamento, com 15 pontos em cinco partidas. S\u00e3o quatro pontos de vantagem para a Argentina, segunda colocada nas Eliminat\u00f3rias, e oito a frente da Col\u00f4mbia, que est\u00e1 em sexto e \u00e9 a primeira sele\u00e7\u00e3o fora da zona de classifica\u00e7\u00e3o. Os quatro primeiros colocados se garantem no Catar e o quinto disputa uma repescagem.<\/p>\n<p style=\"text-align: justify;\">A sele\u00e7\u00e3o de Tite entrou bastante modificada na compara\u00e7\u00e3o com o time que derrotou o Uruguai na casa do rival, em Montevid\u00e9u, h\u00e1 quase sete meses. Apesar de o entrosamento n\u00e3o ser o ideal, o Brasil teve a iniciativa dos primeiros 45 minutos e pressionou atr\u00e1s do gol. Sem \u00eaxito, \u00e9 verdade, mas gra\u00e7as \u00e0 forte marca\u00e7\u00e3o equatoriana.<\/p>\n<p style=\"text-align: justify;\">Chances claras, foram duas. Aos 19 minutos, Neymar cobrou falta na ponta esquerda, o tamb\u00e9m atacante Richarlison desviou e quase surpreendeu o goleiro Alexander Dom\u00ednguez, que defendeu em dois tempos. Aos 42, o lateral Danilo cruzou rasteiro pela direita e o atacante Gabriel Barbosa completou mandou para as redes. Gabigol, por\u00e9m, estava impedimento e o lance foi anulado.<\/p>\n<p style=\"text-align: justify;\">No retorno do intervalo, o Brasil tentou apostar nos lan\u00e7amentos \u00e0s costas da marca\u00e7\u00e3o, apostando na velocidade dos jogadores de frente. Passado o primeiro ter\u00e7o da etapa final, Tite deixou a equipe mais agressiva com a entrada do atacante Gabriel Jesus no lugar do volante Fred, pendurado com o cart\u00e3o amarelo. Com mais homens no campo ofensivo, a rede enfim balan\u00e7ou. O meia Lucas Paquet\u00e1 retomou a bola na intermedi\u00e1ria e Neymar abriu na esquerda para o atacante Richarlison abrir o placar.<\/p>\n<p style=\"text-align: justify;\">O gol abriu a equipe equatoriana e o Brasil teve v\u00e1rias oportunidades em sequ\u00eancia. Aos 25 minutos, Gabriel Jesus cortou a marca\u00e7\u00e3o pela esquerda e chutou forte, dentro da \u00e1rea, para defesa de Dom\u00ednguez. Aos 26, Gabriel Barbosa recebeu pela direita, frente a frente com o goleiro, que defendeu com os p\u00e9s, no reflexo. No lance seguinte, Richarlison foi lan\u00e7ado por Neymar na direita, tirou o arqueiro e cruzou para Gabigol, sem goleiro, cabecear \u00e0 direita, rente \u00e0 trave, para desespero do atleta do Flamengo.<\/p>\n<p style=\"text-align: justify;\">A press\u00e3o brasileira n\u00e3o arrefeceu. Aos 39 minutos, com aux\u00edlio do \u00e1rbitro de v\u00eddeo (VAR), o \u00e1rbitro venezuelano Alexis Herrera marcou p\u00eanalti em cima de Gabriel Jesus, em meio a um bate-rebate na \u00e1rea. Ap\u00f3s sete minutos de paralisa\u00e7\u00e3o, Neymar cobrou mal a penalidade e Dom\u00ednguez defendeu, mas Herrera entendeu que o goleiro se adiantou e mandou voltar a batida. Na segunda tentativa, com o cron\u00f4metro j\u00e1 marcando 48 minutos, o camisa 10 mandou para as redes e deu n\u00fameros finais \u00e0 partida.<\/p>\n<p style=\"text-align: justify;\">O Brasil volta a campo pelas Eliminat\u00f3rias na pr\u00f3xima ter\u00e7a-feira (8), \u00e0s 21h30 (hor\u00e1rio de Bras\u00edlia), contra o Paraguai, fora de casa, no Defensores del Chaco, em Assun\u00e7\u00e3o.<\/p>\n<p style=\"text-align: justify;\">Fonte : Ag\u00eancia Brasil<\/p>\n<p style=\"text-align: justify;\"><img decoding=\"async\" src=\"https:\/\/agenciabrasil.ebc.com.br\/ebc.png?id=1411732&amp;o=node\" \/><img decoding=\"async\" src=\"https:\/\/agenciabrasil.ebc.com.br\/ebc.gif?id=1411732&amp;o=node\" \/><\/p>\n","protected":false},"excerpt":{"rendered":"<p>Sele\u00e7\u00e3o abre quatro pontos para Argentina e oito para o sexto colocado. O Brasil disparou na lideran\u00e7a das Eliminat\u00f3rias da Copa do Mundo de 2022, no Catar. Nesta sexta-feira (4), a sele\u00e7\u00e3o canarinho derrubou a forte marca\u00e7\u00e3o do Equador e venceu por 2 a 0 no Beira-Rio, em Porto Alegre, pela s\u00e9tima rodada. Vale lembrar [&hellip;]<\/p>\n","protected":false},"author":2,"featured_media":23165,"comment_status":"open","ping_status":"open","sticky":false,"template":"","format":"standard","meta":{"footnotes":""},"categories":[68],"tags":[],"class_list":{"0":"post-23164","1":"post","2":"type-post","3":"status-publish","4":"format-standard","5":"has-post-thumbnail","7":"category-brasil"},"yoast_head":"<!-- This site is optimized with the Yoast SEO Premium plugin v24.5 (Yoast SEO v27.5) - https:\/\/yoast.com\/product\/yoast-seo-premium-wordpress\/ -->\n<title>Brasil vence marca\u00e7\u00e3o do Equador e dispara na ponta das Eliminat\u00f3rias. - P31<\/title>\n<meta name=\"robots\" content=\"index, follow, max-snippet:-1, max-image-preview:large, max-video-preview:-1\" \/>\n<link rel=\"canonical\" href=\"https:\/\/www.p31noticias.com.br\/?p=23164\" \/>\n<meta property=\"og:locale\" content=\"pt_BR\" \/>\n<meta property=\"og:type\" content=\"article\" \/>\n<meta property=\"og:title\" content=\"Brasil vence marca\u00e7\u00e3o do Equador e dispara na ponta das Eliminat\u00f3rias.\" \/>\n<meta property=\"og:description\" content=\"Sele\u00e7\u00e3o abre quatro pontos para Argentina e oito para o sexto colocado. O Brasil disparou na lideran\u00e7a das Eliminat\u00f3rias da Copa do Mundo de 2022, no Catar. Nesta sexta-feira (4), a sele\u00e7\u00e3o canarinho derrubou a forte marca\u00e7\u00e3o do Equador e venceu por 2 a 0 no Beira-Rio, em Porto Alegre, pela s\u00e9tima rodada. Vale lembrar [&hellip;]\" \/>\n<meta property=\"og:url\" content=\"https:\/\/www.p31noticias.com.br\/?p=23164\" \/>\n<meta property=\"og:site_name\" content=\"P31\" \/>\n<meta property=\"article:published_time\" content=\"2021-06-05T12:59:40+00:00\" \/>\n<meta property=\"article:modified_time\" content=\"2021-06-05T13:07:12+00:00\" \/>\n<meta property=\"og:image\" content=\"https:\/\/www.p31noticias.com.br\/wp-content\/uploads\/2021\/06\/2021-06-05t020303z_374528869_hp1eh6505p0j9_rtrmadp_3_soccer-worldcup-bra-ecu-report.jpg\" \/>\n\t<meta property=\"og:image:width\" content=\"1170\" \/>\n\t<meta property=\"og:image:height\" content=\"700\" \/>\n\t<meta property=\"og:image:type\" content=\"image\/jpeg\" \/>\n<meta name=\"author\" content=\"Gon\u00e7alves Junior\" \/>\n<meta name=\"twitter:card\" content=\"summary_large_image\" \/>\n<meta name=\"twitter:label1\" content=\"Escrito por\" \/>\n\t<meta name=\"twitter:data1\" content=\"Gon\u00e7alves Junior\" \/>\n\t<meta name=\"twitter:label2\" content=\"Est. tempo de leitura\" \/>\n\t<meta name=\"twitter:data2\" content=\"3 minutos\" \/>\n<script type=\"application\/ld+json\" class=\"yoast-schema-graph\">{\"@context\":\"https:\\\/\\\/schema.org\",\"@graph\":[{\"@type\":\"Article\",\"@id\":\"https:\\\/\\\/www.p31noticias.com.br\\\/?p=23164#article\",\"isPartOf\":{\"@id\":\"https:\\\/\\\/www.p31noticias.com.br\\\/?p=23164\"},\"author\":{\"name\":\"Gon\u00e7alves Junior\",\"@id\":\"https:\\\/\\\/www.p31noticias.com.br\\\/#\\\/schema\\\/person\\\/95f2ece30e3b4132065b915150cd0f94\"},\"headline\":\"Brasil vence marca\u00e7\u00e3o do Equador e dispara na ponta das Eliminat\u00f3rias.\",\"datePublished\":\"2021-06-05T12:59:40+00:00\",\"dateModified\":\"2021-06-05T13:07:12+00:00\",\"mainEntityOfPage\":{\"@id\":\"https:\\\/\\\/www.p31noticias.com.br\\\/?p=23164\"},\"wordCount\":580,\"commentCount\":0,\"image\":{\"@id\":\"https:\\\/\\\/www.p31noticias.com.br\\\/?p=23164#primaryimage\"},\"thumbnailUrl\":\"https:\\\/\\\/www.p31noticias.com.br\\\/wp-content\\\/uploads\\\/2021\\\/06\\\/2021-06-05t020303z_374528869_hp1eh6505p0j9_rtrmadp_3_soccer-worldcup-bra-ecu-report.jpg\",\"articleSection\":[\"Brasil\"],\"inLanguage\":\"pt-BR\",\"potentialAction\":[{\"@type\":\"CommentAction\",\"name\":\"Comment\",\"target\":[\"https:\\\/\\\/www.p31noticias.com.br\\\/?p=23164#respond\"]}],\"copyrightYear\":\"2021\",\"copyrightHolder\":{\"@id\":\"https:\\\/\\\/www.p31noticias.com.br\\\/#organization\"}},{\"@type\":\"WebPage\",\"@id\":\"https:\\\/\\\/www.p31noticias.com.br\\\/?p=23164\",\"url\":\"https:\\\/\\\/www.p31noticias.com.br\\\/?p=23164\",\"name\":\"Brasil vence marca\u00e7\u00e3o do Equador e dispara na ponta das Eliminat\u00f3rias. - P31\",\"isPartOf\":{\"@id\":\"https:\\\/\\\/www.p31noticias.com.br\\\/#website\"},\"primaryImageOfPage\":{\"@id\":\"https:\\\/\\\/www.p31noticias.com.br\\\/?p=23164#primaryimage\"},\"image\":{\"@id\":\"https:\\\/\\\/www.p31noticias.com.br\\\/?p=23164#primaryimage\"},\"thumbnailUrl\":\"https:\\\/\\\/www.p31noticias.com.br\\\/wp-content\\\/uploads\\\/2021\\\/06\\\/2021-06-05t020303z_374528869_hp1eh6505p0j9_rtrmadp_3_soccer-worldcup-bra-ecu-report.jpg\",\"datePublished\":\"2021-06-05T12:59:40+00:00\",\"dateModified\":\"2021-06-05T13:07:12+00:00\",\"author\":{\"@id\":\"https:\\\/\\\/www.p31noticias.com.br\\\/#\\\/schema\\\/person\\\/95f2ece30e3b4132065b915150cd0f94\"},\"breadcrumb\":{\"@id\":\"https:\\\/\\\/www.p31noticias.com.br\\\/?p=23164#breadcrumb\"},\"inLanguage\":\"pt-BR\",\"potentialAction\":[{\"@type\":\"ReadAction\",\"target\":[\"https:\\\/\\\/www.p31noticias.com.br\\\/?p=23164\"]}]},{\"@type\":\"ImageObject\",\"inLanguage\":\"pt-BR\",\"@id\":\"https:\\\/\\\/www.p31noticias.com.br\\\/?p=23164#primaryimage\",\"url\":\"https:\\\/\\\/www.p31noticias.com.br\\\/wp-content\\\/uploads\\\/2021\\\/06\\\/2021-06-05t020303z_374528869_hp1eh6505p0j9_rtrmadp_3_soccer-worldcup-bra-ecu-report.jpg\",\"contentUrl\":\"https:\\\/\\\/www.p31noticias.com.br\\\/wp-content\\\/uploads\\\/2021\\\/06\\\/2021-06-05t020303z_374528869_hp1eh6505p0j9_rtrmadp_3_soccer-worldcup-bra-ecu-report.jpg\",\"width\":1170,\"height\":700},{\"@type\":\"BreadcrumbList\",\"@id\":\"https:\\\/\\\/www.p31noticias.com.br\\\/?p=23164#breadcrumb\",\"itemListElement\":[{\"@type\":\"ListItem\",\"position\":1,\"name\":\"In\u00edcio\",\"item\":\"https:\\\/\\\/www.p31noticias.com.br\\\/\"},{\"@type\":\"ListItem\",\"position\":2,\"name\":\"Brasil vence marca\u00e7\u00e3o do Equador e dispara na ponta das Eliminat\u00f3rias.\"}]},{\"@type\":\"WebSite\",\"@id\":\"https:\\\/\\\/www.p31noticias.com.br\\\/#website\",\"url\":\"https:\\\/\\\/www.p31noticias.com.br\\\/\",\"name\":\"P31\",\"description\":\"NOT\u00cdCIAS\",\"potentialAction\":[{\"@type\":\"SearchAction\",\"target\":{\"@type\":\"EntryPoint\",\"urlTemplate\":\"https:\\\/\\\/www.p31noticias.com.br\\\/?s={search_term_string}\"},\"query-input\":{\"@type\":\"PropertyValueSpecification\",\"valueRequired\":true,\"valueName\":\"search_term_string\"}}],\"inLanguage\":\"pt-BR\"},{\"@type\":\"Person\",\"@id\":\"https:\\\/\\\/www.p31noticias.com.br\\\/#\\\/schema\\\/person\\\/95f2ece30e3b4132065b915150cd0f94\",\"name\":\"Gon\u00e7alves Junior\",\"image\":{\"@type\":\"ImageObject\",\"inLanguage\":\"pt-BR\",\"@id\":\"https:\\\/\\\/secure.gravatar.com\\\/avatar\\\/6711f350116a89762687a48d66f723c799e5438a5b7578508d4294cd7a5d0800?s=96&d=mm&r=g\",\"url\":\"https:\\\/\\\/secure.gravatar.com\\\/avatar\\\/6711f350116a89762687a48d66f723c799e5438a5b7578508d4294cd7a5d0800?s=96&d=mm&r=g\",\"contentUrl\":\"https:\\\/\\\/secure.gravatar.com\\\/avatar\\\/6711f350116a89762687a48d66f723c799e5438a5b7578508d4294cd7a5d0800?s=96&d=mm&r=g\",\"caption\":\"Gon\u00e7alves Junior\"},\"url\":\"https:\\\/\\\/www.p31noticias.com.br\\\/?author=2\"}]}<\/script>\n<!-- \/ Yoast SEO Premium plugin. -->","yoast_head_json":{"title":"Brasil vence marca\u00e7\u00e3o do Equador e dispara na ponta das Eliminat\u00f3rias. - P31","robots":{"index":"index","follow":"follow","max-snippet":"max-snippet:-1","max-image-preview":"max-image-preview:large","max-video-preview":"max-video-preview:-1"},"canonical":"https:\/\/www.p31noticias.com.br\/?p=23164","og_locale":"pt_BR","og_type":"article","og_title":"Brasil vence marca\u00e7\u00e3o do Equador e dispara na ponta das Eliminat\u00f3rias.","og_description":"Sele\u00e7\u00e3o abre quatro pontos para Argentina e oito para o sexto colocado. O Brasil disparou na lideran\u00e7a das Eliminat\u00f3rias da Copa do Mundo de 2022, no Catar. Nesta sexta-feira (4), a sele\u00e7\u00e3o canarinho derrubou a forte marca\u00e7\u00e3o do Equador e venceu por 2 a 0 no Beira-Rio, em Porto Alegre, pela s\u00e9tima rodada. Vale lembrar [&hellip;]","og_url":"https:\/\/www.p31noticias.com.br\/?p=23164","og_site_name":"P31","article_published_time":"2021-06-05T12:59:40+00:00","article_modified_time":"2021-06-05T13:07:12+00:00","og_image":[{"width":1170,"height":700,"url":"https:\/\/www.p31noticias.com.br\/wp-content\/uploads\/2021\/06\/2021-06-05t020303z_374528869_hp1eh6505p0j9_rtrmadp_3_soccer-worldcup-bra-ecu-report.jpg","type":"image\/jpeg"}],"author":"Gon\u00e7alves Junior","twitter_card":"summary_large_image","twitter_misc":{"Escrito por":"Gon\u00e7alves Junior","Est. tempo de leitura":"3 minutos"},"schema":{"@context":"https:\/\/schema.org","@graph":[{"@type":"Article","@id":"https:\/\/www.p31noticias.com.br\/?p=23164#article","isPartOf":{"@id":"https:\/\/www.p31noticias.com.br\/?p=23164"},"author":{"name":"Gon\u00e7alves Junior","@id":"https:\/\/www.p31noticias.com.br\/#\/schema\/person\/95f2ece30e3b4132065b915150cd0f94"},"headline":"Brasil vence marca\u00e7\u00e3o do Equador e dispara na ponta das Eliminat\u00f3rias.","datePublished":"2021-06-05T12:59:40+00:00","dateModified":"2021-06-05T13:07:12+00:00","mainEntityOfPage":{"@id":"https:\/\/www.p31noticias.com.br\/?p=23164"},"wordCount":580,"commentCount":0,"image":{"@id":"https:\/\/www.p31noticias.com.br\/?p=23164#primaryimage"},"thumbnailUrl":"https:\/\/www.p31noticias.com.br\/wp-content\/uploads\/2021\/06\/2021-06-05t020303z_374528869_hp1eh6505p0j9_rtrmadp_3_soccer-worldcup-bra-ecu-report.jpg","articleSection":["Brasil"],"inLanguage":"pt-BR","potentialAction":[{"@type":"CommentAction","name":"Comment","target":["https:\/\/www.p31noticias.com.br\/?p=23164#respond"]}],"copyrightYear":"2021","copyrightHolder":{"@id":"https:\/\/www.p31noticias.com.br\/#organization"}},{"@type":"WebPage","@id":"https:\/\/www.p31noticias.com.br\/?p=23164","url":"https:\/\/www.p31noticias.com.br\/?p=23164","name":"Brasil vence marca\u00e7\u00e3o do Equador e dispara na ponta das Eliminat\u00f3rias. - P31","isPartOf":{"@id":"https:\/\/www.p31noticias.com.br\/#website"},"primaryImageOfPage":{"@id":"https:\/\/www.p31noticias.com.br\/?p=23164#primaryimage"},"image":{"@id":"https:\/\/www.p31noticias.com.br\/?p=23164#primaryimage"},"thumbnailUrl":"https:\/\/www.p31noticias.com.br\/wp-content\/uploads\/2021\/06\/2021-06-05t020303z_374528869_hp1eh6505p0j9_rtrmadp_3_soccer-worldcup-bra-ecu-report.jpg","datePublished":"2021-06-05T12:59:40+00:00","dateModified":"2021-06-05T13:07:12+00:00","author":{"@id":"https:\/\/www.p31noticias.com.br\/#\/schema\/person\/95f2ece30e3b4132065b915150cd0f94"},"breadcrumb":{"@id":"https:\/\/www.p31noticias.com.br\/?p=23164#breadcrumb"},"inLanguage":"pt-BR","potentialAction":[{"@type":"ReadAction","target":["https:\/\/www.p31noticias.com.br\/?p=23164"]}]},{"@type":"ImageObject","inLanguage":"pt-BR","@id":"https:\/\/www.p31noticias.com.br\/?p=23164#primaryimage","url":"https:\/\/www.p31noticias.com.br\/wp-content\/uploads\/2021\/06\/2021-06-05t020303z_374528869_hp1eh6505p0j9_rtrmadp_3_soccer-worldcup-bra-ecu-report.jpg","contentUrl":"https:\/\/www.p31noticias.com.br\/wp-content\/uploads\/2021\/06\/2021-06-05t020303z_374528869_hp1eh6505p0j9_rtrmadp_3_soccer-worldcup-bra-ecu-report.jpg","width":1170,"height":700},{"@type":"BreadcrumbList","@id":"https:\/\/www.p31noticias.com.br\/?p=23164#breadcrumb","itemListElement":[{"@type":"ListItem","position":1,"name":"In\u00edcio","item":"https:\/\/www.p31noticias.com.br\/"},{"@type":"ListItem","position":2,"name":"Brasil vence marca\u00e7\u00e3o do Equador e dispara na ponta das Eliminat\u00f3rias."}]},{"@type":"WebSite","@id":"https:\/\/www.p31noticias.com.br\/#website","url":"https:\/\/www.p31noticias.com.br\/","name":"P31","description":"NOT\u00cdCIAS","potentialAction":[{"@type":"SearchAction","target":{"@type":"EntryPoint","urlTemplate":"https:\/\/www.p31noticias.com.br\/?s={search_term_string}"},"query-input":{"@type":"PropertyValueSpecification","valueRequired":true,"valueName":"search_term_string"}}],"inLanguage":"pt-BR"},{"@type":"Person","@id":"https:\/\/www.p31noticias.com.br\/#\/schema\/person\/95f2ece30e3b4132065b915150cd0f94","name":"Gon\u00e7alves Junior","image":{"@type":"ImageObject","inLanguage":"pt-BR","@id":"https:\/\/secure.gravatar.com\/avatar\/6711f350116a89762687a48d66f723c799e5438a5b7578508d4294cd7a5d0800?s=96&d=mm&r=g","url":"https:\/\/secure.gravatar.com\/avatar\/6711f350116a89762687a48d66f723c799e5438a5b7578508d4294cd7a5d0800?s=96&d=mm&r=g","contentUrl":"https:\/\/secure.gravatar.com\/avatar\/6711f350116a89762687a48d66f723c799e5438a5b7578508d4294cd7a5d0800?s=96&d=mm&r=g","caption":"Gon\u00e7alves Junior"},"url":"https:\/\/www.p31noticias.com.br\/?author=2"}]}},"amp_enabled":true,"_links":{"self":[{"href":"https:\/\/www.p31noticias.com.br\/index.php?rest_route=\/wp\/v2\/posts\/23164","targetHints":{"allow":["GET"]}}],"collection":[{"href":"https:\/\/www.p31noticias.com.br\/index.php?rest_route=\/wp\/v2\/posts"}],"about":[{"href":"https:\/\/www.p31noticias.com.br\/index.php?rest_route=\/wp\/v2\/types\/post"}],"author":[{"embeddable":true,"href":"https:\/\/www.p31noticias.com.br\/index.php?rest_route=\/wp\/v2\/users\/2"}],"replies":[{"embeddable":true,"href":"https:\/\/www.p31noticias.com.br\/index.php?rest_route=%2Fwp%2Fv2%2Fcomments&post=23164"}],"version-history":[{"count":1,"href":"https:\/\/www.p31noticias.com.br\/index.php?rest_route=\/wp\/v2\/posts\/23164\/revisions"}],"predecessor-version":[{"id":23166,"href":"https:\/\/www.p31noticias.com.br\/index.php?rest_route=\/wp\/v2\/posts\/23164\/revisions\/23166"}],"wp:featuredmedia":[{"embeddable":true,"href":"https:\/\/www.p31noticias.com.br\/index.php?rest_route=\/wp\/v2\/media\/23165"}],"wp:attachment":[{"href":"https:\/\/www.p31noticias.com.br\/index.php?rest_route=%2Fwp%2Fv2%2Fmedia&parent=23164"}],"wp:term":[{"taxonomy":"category","embeddable":true,"href":"https:\/\/www.p31noticias.com.br\/index.php?rest_route=%2Fwp%2Fv2%2Fcategories&post=23164"},{"taxonomy":"post_tag","embeddable":true,"href":"https:\/\/www.p31noticias.com.br\/index.php?rest_route=%2Fwp%2Fv2%2Ftags&post=23164"}],"curies":[{"name":"wp","href":"https:\/\/api.w.org\/{rel}","templated":true}]}}