{"id":23159,"date":"2021-06-04T13:47:25","date_gmt":"2021-06-04T13:47:25","guid":{"rendered":"https:\/\/p31noticias.com.br\/?p=23159"},"modified":"2021-06-04T13:47:25","modified_gmt":"2021-06-04T13:47:25","slug":"em-2-anos-gdf-presente-muda-a-paisagem-nas-33-regioes-administrativas","status":"publish","type":"post","link":"https:\/\/www.p31noticias.com.br\/?p=23159","title":{"rendered":"Em 2 anos, GDF Presente muda a paisagem nas 33 regi\u00f5es administrativas."},"content":{"rendered":"<p style=\"text-align: justify;\">Ao circular pelo Distrito Federal \u00e9 comum encontrar uma plaquinha do\u00a0<em>GDF Presente<\/em>\u00a0acompanhada de oper\u00e1rios e m\u00e1quinas. H\u00e1 exatos dois anos, completados em maio de 2021, o programa vem percorrendo todos os dias as 33 regi\u00f5es administrativas da capital na execu\u00e7\u00e3o de servi\u00e7os de manuten\u00e7\u00e3o das cidades. S\u00e3o mais de mil trabalhadores e 500 equipamentos envolvidos em a\u00e7\u00f5es, que melhoram as condi\u00e7\u00f5es de vida da popula\u00e7\u00e3o.<\/p>\n<p style=\"text-align: justify;\">O programa tamb\u00e9m conta com a participa\u00e7\u00e3o de at\u00e9 15 internos do projeto M\u00e3os Dadas, formado por volunt\u00e1rios da Funda\u00e7\u00e3o de Amparo ao Trabalhador Preso (Funap) \u2013 vinculada \u00e0 Secretaria de Justi\u00e7a e Cidadania (Sejus).<\/p>\n<figure id=\"attachment_302738\" class=\"wp-caption aligncenter\" style=\"text-align: justify;\" aria-describedby=\"caption-attachment-302738\"><a href=\"http:\/\/www.agenciabrasilia.df.gov.br\/2021\/06\/04\/em-2-anos-gdf-presente-muda-a-paisagem-nas-cidades\/whatsapp-image-2021-06-04-at-09-41-07\/\" target=\"_blank\" rel=\"attachment noopener wp-att-302738 noreferrer\"><img loading=\"lazy\" decoding=\"async\" class=\"wp-image-302738 size-full\" src=\"http:\/\/www.agenciabrasilia.df.gov.br\/wp-conteudo\/uploads\/2021\/06\/WhatsApp-Image-2021-06-04-at-09.41.07.jpeg\" sizes=\"auto, (max-width: 1280px) 100vw, 1280px\" srcset=\"https:\/\/www.agenciabrasilia.df.gov.br\/wp-conteudo\/uploads\/2021\/06\/WhatsApp-Image-2021-06-04-at-09.41.07.jpeg 1280w, https:\/\/www.agenciabrasilia.df.gov.br\/wp-conteudo\/uploads\/2021\/06\/WhatsApp-Image-2021-06-04-at-09.41.07-300x200.jpeg 300w, https:\/\/www.agenciabrasilia.df.gov.br\/wp-conteudo\/uploads\/2021\/06\/WhatsApp-Image-2021-06-04-at-09.41.07-768x512.jpeg 768w, https:\/\/www.agenciabrasilia.df.gov.br\/wp-conteudo\/uploads\/2021\/06\/WhatsApp-Image-2021-06-04-at-09.41.07-1024x682.jpeg 1024w, https:\/\/www.agenciabrasilia.df.gov.br\/wp-conteudo\/uploads\/2021\/06\/WhatsApp-Image-2021-06-04-at-09.41.07-640x427.jpeg 640w, https:\/\/www.agenciabrasilia.df.gov.br\/wp-conteudo\/uploads\/2021\/06\/WhatsApp-Image-2021-06-04-at-09.41.07-149x99.jpeg 149w, https:\/\/www.agenciabrasilia.df.gov.br\/wp-conteudo\/uploads\/2021\/06\/WhatsApp-Image-2021-06-04-at-09.41.07-160x107.jpeg 160w, https:\/\/www.agenciabrasilia.df.gov.br\/wp-conteudo\/uploads\/2021\/06\/WhatsApp-Image-2021-06-04-at-09.41.07-256x171.jpeg 256w, https:\/\/www.agenciabrasilia.df.gov.br\/wp-conteudo\/uploads\/2021\/06\/WhatsApp-Image-2021-06-04-at-09.41.07-1200x800.jpeg 1200w\" alt=\"\" width=\"1280\" height=\"853\" \/><\/a><figcaption id=\"caption-attachment-302738\" class=\"wp-caption-text\">O GDF Presente nasceu com oito polos de atua\u00e7\u00e3o e no come\u00e7o deste ano saltou para 11: Central, Central I, Central II, Central III, Leste, Oeste, Oeste II, Norte, Sul, Sul II e Rural\u00a0| Foto: Divulga\u00e7\u00e3o GDF Presente<\/figcaption><\/figure>\n<p style=\"text-align: justify;\">Para se ter uma ideia da grandeza e da import\u00e2ncia desse trabalho, em 24 meses foram 1,7 bilh\u00e3o de metros quadrados de ro\u00e7agem \u2013 o que equivale a 170 mil campos de futebol. Durante todos esses meses, 423 mil metros de cal\u00e7adas e meios-fios foram constru\u00eddos. \u00c9 como se o governo tivesse constru\u00eddo um caminho de Bras\u00edlia a Goi\u00e2nia (211 km) s\u00f3 de passeios destinados a pedestres. E ainda tem muito mais.<\/p>\n<p style=\"text-align: justify;\">Nos balan\u00e7os de atividades, servidores registram ainda 91 mil toneladas de massa asf\u00e1ltica utilizadas para garantir a manuten\u00e7\u00e3o de 50 km de vias. Em todas as regi\u00f5es administrativas 760 milh\u00f5es de toneladas de entulhos recolhidos; 103 mil bocas de lobos limpas, constru\u00eddas ou reconstru\u00eddas; 140 mil \u00e1rvores podadas. 26,1 mil redes de \u00e1guas pluviais foram desobstru\u00eddas, constru\u00eddas ou reconstru\u00eddas; 23,7 mil l\u00e2mpadas foram trocadas; 7 mil quil\u00f4metros de vias patroladas; 5, 2 mil placas instaladas; 3,8 mil viagens feitas para o transporte de cascalho e 3 mil faixas de pedestres pintadas\u00a0<strong>(confira abaixo)<\/strong>.<\/p>\n<p style=\"text-align: justify;\">Respons\u00e1vel pela pasta que administra o\u00a0<em>GDF Presente<\/em>, o secret\u00e1rio de Governo Jos\u00e9 Humberto Pires diz que o programa despertou o trabalho integrado de v\u00e1rios \u00f3rg\u00e3os e empresas do governo no atendimento \u00e0 popula\u00e7\u00e3o. \u201cEu gosto de dizer o que eu ou\u00e7o nas ruas: [o\u00a0<em>GDF Presente<\/em>] \u00e9 a forma mais eficiente do governo chegar mais perto do cidad\u00e3o atendendo as demandas que chegam na Ouvidoria do GDF e nas administra\u00e7\u00f5es regionais.\u201d<\/p>\n<p style=\"text-align: justify;\"><strong><a href=\"http:\/\/www.agenciabrasilia.df.gov.br\/2021\/06\/04\/em-2-anos-gdf-presente-muda-a-paisagem-nas-cidades\/whatsapp-image-2021-06-04-at-09-28-28\/\" target=\"_blank\" rel=\"attachment noopener wp-att-302732 noreferrer\"><img loading=\"lazy\" decoding=\"async\" class=\"wp-image-302732 size-full alignright\" src=\"http:\/\/www.agenciabrasilia.df.gov.br\/wp-conteudo\/uploads\/2021\/06\/WhatsApp-Image-2021-06-04-at-09.28.28.jpeg\" sizes=\"auto, (max-width: 490px) 100vw, 490px\" srcset=\"https:\/\/www.agenciabrasilia.df.gov.br\/wp-conteudo\/uploads\/2021\/06\/WhatsApp-Image-2021-06-04-at-09.28.28.jpeg 490w, https:\/\/www.agenciabrasilia.df.gov.br\/wp-conteudo\/uploads\/2021\/06\/WhatsApp-Image-2021-06-04-at-09.28.28-144x300.jpeg 144w, https:\/\/www.agenciabrasilia.df.gov.br\/wp-conteudo\/uploads\/2021\/06\/WhatsApp-Image-2021-06-04-at-09.28.28-47x99.jpeg 47w, https:\/\/www.agenciabrasilia.df.gov.br\/wp-conteudo\/uploads\/2021\/06\/WhatsApp-Image-2021-06-04-at-09.28.28-160x334.jpeg 160w, https:\/\/www.agenciabrasilia.df.gov.br\/wp-conteudo\/uploads\/2021\/06\/WhatsApp-Image-2021-06-04-at-09.28.28-197x412.jpeg 197w\" alt=\"\" width=\"490\" height=\"1024\" \/><\/a>Refor\u00e7o<\/strong><\/p>\n<p style=\"text-align: justify;\">O\u00a0<em>GDF Presente<\/em>\u00a0nasceu com oito polos de atua\u00e7\u00e3o e no come\u00e7o deste ano saltou para 11: Central, Central I, Central II, Central III, Leste, Oeste, Oeste II, Norte, Sul, Sul II e Rural. O novo formato busca um trabalho mais \u00e1gil nas cidades, que segue um cronograma espec\u00edfico e quinzenal.<\/p>\n<p style=\"text-align: justify;\">Uma das vantagens dessa amplia\u00e7\u00e3o \u00e9 a redu\u00e7\u00e3o no intervalo de tempo de trabalho entre as regi\u00f5es. Um exemplo \u00e9 o Polo Sul, que se desmembrou em dois. Na antiga formata\u00e7\u00e3o, gastava at\u00e9 60 dias para fechar uma rodada de trabalhos entre o Gama, Santa Maria, o Recanto das Emas, o Riacho Fundo e o Riacho Fundo II. Dividido, o Polo Sul atende o Recanto das Emas, o Riacho Fundo, Riacho Fundo II, enquanto o Polo Sul II contempla o Gama e Santa Maria.<\/p>\n<p style=\"text-align: justify;\">O coordenador do Polo Norte, Ronaldo Alves, \u00e9 respons\u00e1vel pelas cidades de Planaltina, Sobradinho, Sobradinho II e Fercal. Ele participa do\u00a0<em>GDF Presente<\/em>\u00a0desde a cria\u00e7\u00e3o do programa e conta que se re\u00fane com anteced\u00eancia com os administradores regionais para decidir o que ser\u00e1 feito em cada regi\u00e3o.<\/p>\n<p style=\"text-align: justify;\">\u201cSomos o bra\u00e7o de trabalho deles porque temos nas m\u00e3os um conjunto de ferramentas, m\u00e1quinas e operadores para resolver os problemas da comunidade\u201d, explica.<\/p>\n<p style=\"text-align: justify;\">Outro papel do coordenador de polo \u00e9 intermediar as solu\u00e7\u00f5es emergenciais com os \u00f3rg\u00e3os parceiros. Al\u00e9m das administra\u00e7\u00f5es regionais, o\u00a0<em>GDF Presente<\/em>\u00a0conta com o apoio das companhias Urbanizadora da Nova Capital (Novacap), de Saneamento B\u00e1sico do DF (Caesb) e da Energ\u00e9tica de Bras\u00edlia (CEB); dos departamentos de Estradas de Rodagem (DER) e de Tr\u00e2nsito (Detran); do Servi\u00e7o de Limpeza Urbano (SLU), entre outros.<\/p>\n<p style=\"text-align: justify;\">Ilka Teodoro v\u00ea resultados positivos nessa parceria. Administradora regional do Plano Piloto, ela confirma que desde de que o programa foi lan\u00e7ado pelo Governo do Distrito Federal (GDF) muita coisa passou a ser executada em menos tempo de trabalho. \u201cO servi\u00e7o acaba sendo otimizado com a presen\u00e7a e o apoio das equipes do programa.\u201d<\/p>\n<p style=\"text-align: justify;\">As equipes do GDF est\u00e3o em todas as regi\u00f5es, procurando atender rapidamente as emerg\u00eancias e o desgaste causado pelo tempo. \u201cDurante muitos anos as cidades ficaram abandonadas, o que causou muitos desgastes nos equipamentos p\u00fablicos.<\/p>\n<p style=\"text-align: justify;\">Com o\u00a0<em>GDF Presente<\/em>, as administra\u00e7\u00f5es regionais podem dar uma resposta r\u00e1pida ao cidad\u00e3o. Em Ceil\u00e2ndia, por exemplo, o trabalho \u00e9 constante, recolhendo entulho, lixo, reparando vias, parques e revitalizando espa\u00e7os. A aprova\u00e7\u00e3o \u00e9 geral\u201d, afirma Marcelo Piau\u00ed, administrador de Ceil\u00e2ndia.<\/p>\n","protected":false},"excerpt":{"rendered":"<p>Ao circular pelo Distrito Federal \u00e9 comum encontrar uma plaquinha do\u00a0GDF Presente\u00a0acompanhada de oper\u00e1rios e m\u00e1quinas. H\u00e1 exatos dois anos, completados em maio de 2021, o programa vem percorrendo todos os dias as 33 regi\u00f5es administrativas da capital na execu\u00e7\u00e3o de servi\u00e7os de manuten\u00e7\u00e3o das cidades. S\u00e3o mais de mil trabalhadores e 500 equipamentos envolvidos [&hellip;]<\/p>\n","protected":false},"author":2,"featured_media":23160,"comment_status":"open","ping_status":"open","sticky":false,"template":"","format":"standard","meta":{"footnotes":""},"categories":[21],"tags":[],"class_list":{"0":"post-23159","1":"post","2":"type-post","3":"status-publish","4":"format-standard","5":"has-post-thumbnail","7":"category-brasilia"},"yoast_head":"<!-- This site is optimized with the Yoast SEO Premium plugin v24.5 (Yoast SEO v27.5) - https:\/\/yoast.com\/product\/yoast-seo-premium-wordpress\/ -->\n<title>Em 2 anos, GDF Presente muda a paisagem nas 33 regi\u00f5es administrativas. - P31<\/title>\n<meta name=\"robots\" content=\"index, follow, max-snippet:-1, max-image-preview:large, max-video-preview:-1\" \/>\n<link rel=\"canonical\" href=\"https:\/\/www.p31noticias.com.br\/?p=23159\" \/>\n<meta property=\"og:locale\" content=\"pt_BR\" \/>\n<meta property=\"og:type\" content=\"article\" \/>\n<meta property=\"og:title\" content=\"Em 2 anos, GDF Presente muda a paisagem nas 33 regi\u00f5es administrativas.\" \/>\n<meta property=\"og:description\" content=\"Ao circular pelo Distrito Federal \u00e9 comum encontrar uma plaquinha do\u00a0GDF Presente\u00a0acompanhada de oper\u00e1rios e m\u00e1quinas. H\u00e1 exatos dois anos, completados em maio de 2021, o programa vem percorrendo todos os dias as 33 regi\u00f5es administrativas da capital na execu\u00e7\u00e3o de servi\u00e7os de manuten\u00e7\u00e3o das cidades. S\u00e3o mais de mil trabalhadores e 500 equipamentos envolvidos [&hellip;]\" \/>\n<meta property=\"og:url\" content=\"https:\/\/www.p31noticias.com.br\/?p=23159\" \/>\n<meta property=\"og:site_name\" content=\"P31\" \/>\n<meta property=\"article:published_time\" content=\"2021-06-04T13:47:25+00:00\" \/>\n<meta property=\"og:image\" content=\"https:\/\/www.p31noticias.com.br\/wp-content\/uploads\/2021\/06\/images-15.jpg\" \/>\n\t<meta property=\"og:image:width\" content=\"275\" \/>\n\t<meta property=\"og:image:height\" content=\"183\" \/>\n\t<meta property=\"og:image:type\" content=\"image\/jpeg\" \/>\n<meta name=\"author\" content=\"Gon\u00e7alves Junior\" \/>\n<meta name=\"twitter:card\" content=\"summary_large_image\" \/>\n<meta name=\"twitter:label1\" content=\"Escrito por\" \/>\n\t<meta name=\"twitter:data1\" content=\"Gon\u00e7alves Junior\" \/>\n\t<meta name=\"twitter:label2\" content=\"Est. tempo de leitura\" \/>\n\t<meta name=\"twitter:data2\" content=\"4 minutos\" \/>\n<script type=\"application\/ld+json\" class=\"yoast-schema-graph\">{\"@context\":\"https:\\\/\\\/schema.org\",\"@graph\":[{\"@type\":\"Article\",\"@id\":\"https:\\\/\\\/www.p31noticias.com.br\\\/?p=23159#article\",\"isPartOf\":{\"@id\":\"https:\\\/\\\/www.p31noticias.com.br\\\/?p=23159\"},\"author\":{\"name\":\"Gon\u00e7alves Junior\",\"@id\":\"https:\\\/\\\/www.p31noticias.com.br\\\/#\\\/schema\\\/person\\\/95f2ece30e3b4132065b915150cd0f94\"},\"headline\":\"Em 2 anos, GDF Presente muda a paisagem nas 33 regi\u00f5es administrativas.\",\"datePublished\":\"2021-06-04T13:47:25+00:00\",\"mainEntityOfPage\":{\"@id\":\"https:\\\/\\\/www.p31noticias.com.br\\\/?p=23159\"},\"wordCount\":839,\"commentCount\":0,\"image\":{\"@id\":\"https:\\\/\\\/www.p31noticias.com.br\\\/?p=23159#primaryimage\"},\"thumbnailUrl\":\"https:\\\/\\\/www.p31noticias.com.br\\\/wp-content\\\/uploads\\\/2021\\\/06\\\/images-15.jpg\",\"articleSection\":[\"Bras\u00edlia\"],\"inLanguage\":\"pt-BR\",\"potentialAction\":[{\"@type\":\"CommentAction\",\"name\":\"Comment\",\"target\":[\"https:\\\/\\\/www.p31noticias.com.br\\\/?p=23159#respond\"]}],\"copyrightYear\":\"2021\",\"copyrightHolder\":{\"@id\":\"https:\\\/\\\/www.p31noticias.com.br\\\/#organization\"}},{\"@type\":\"WebPage\",\"@id\":\"https:\\\/\\\/www.p31noticias.com.br\\\/?p=23159\",\"url\":\"https:\\\/\\\/www.p31noticias.com.br\\\/?p=23159\",\"name\":\"Em 2 anos, GDF Presente muda a paisagem nas 33 regi\u00f5es administrativas. - P31\",\"isPartOf\":{\"@id\":\"https:\\\/\\\/www.p31noticias.com.br\\\/#website\"},\"primaryImageOfPage\":{\"@id\":\"https:\\\/\\\/www.p31noticias.com.br\\\/?p=23159#primaryimage\"},\"image\":{\"@id\":\"https:\\\/\\\/www.p31noticias.com.br\\\/?p=23159#primaryimage\"},\"thumbnailUrl\":\"https:\\\/\\\/www.p31noticias.com.br\\\/wp-content\\\/uploads\\\/2021\\\/06\\\/images-15.jpg\",\"datePublished\":\"2021-06-04T13:47:25+00:00\",\"author\":{\"@id\":\"https:\\\/\\\/www.p31noticias.com.br\\\/#\\\/schema\\\/person\\\/95f2ece30e3b4132065b915150cd0f94\"},\"breadcrumb\":{\"@id\":\"https:\\\/\\\/www.p31noticias.com.br\\\/?p=23159#breadcrumb\"},\"inLanguage\":\"pt-BR\",\"potentialAction\":[{\"@type\":\"ReadAction\",\"target\":[\"https:\\\/\\\/www.p31noticias.com.br\\\/?p=23159\"]}]},{\"@type\":\"ImageObject\",\"inLanguage\":\"pt-BR\",\"@id\":\"https:\\\/\\\/www.p31noticias.com.br\\\/?p=23159#primaryimage\",\"url\":\"https:\\\/\\\/www.p31noticias.com.br\\\/wp-content\\\/uploads\\\/2021\\\/06\\\/images-15.jpg\",\"contentUrl\":\"https:\\\/\\\/www.p31noticias.com.br\\\/wp-content\\\/uploads\\\/2021\\\/06\\\/images-15.jpg\",\"width\":275,\"height\":183},{\"@type\":\"BreadcrumbList\",\"@id\":\"https:\\\/\\\/www.p31noticias.com.br\\\/?p=23159#breadcrumb\",\"itemListElement\":[{\"@type\":\"ListItem\",\"position\":1,\"name\":\"In\u00edcio\",\"item\":\"https:\\\/\\\/www.p31noticias.com.br\\\/\"},{\"@type\":\"ListItem\",\"position\":2,\"name\":\"Em 2 anos, GDF Presente muda a paisagem nas 33 regi\u00f5es administrativas.\"}]},{\"@type\":\"WebSite\",\"@id\":\"https:\\\/\\\/www.p31noticias.com.br\\\/#website\",\"url\":\"https:\\\/\\\/www.p31noticias.com.br\\\/\",\"name\":\"P31\",\"description\":\"NOT\u00cdCIAS\",\"potentialAction\":[{\"@type\":\"SearchAction\",\"target\":{\"@type\":\"EntryPoint\",\"urlTemplate\":\"https:\\\/\\\/www.p31noticias.com.br\\\/?s={search_term_string}\"},\"query-input\":{\"@type\":\"PropertyValueSpecification\",\"valueRequired\":true,\"valueName\":\"search_term_string\"}}],\"inLanguage\":\"pt-BR\"},{\"@type\":\"Person\",\"@id\":\"https:\\\/\\\/www.p31noticias.com.br\\\/#\\\/schema\\\/person\\\/95f2ece30e3b4132065b915150cd0f94\",\"name\":\"Gon\u00e7alves Junior\",\"image\":{\"@type\":\"ImageObject\",\"inLanguage\":\"pt-BR\",\"@id\":\"https:\\\/\\\/secure.gravatar.com\\\/avatar\\\/6711f350116a89762687a48d66f723c799e5438a5b7578508d4294cd7a5d0800?s=96&d=mm&r=g\",\"url\":\"https:\\\/\\\/secure.gravatar.com\\\/avatar\\\/6711f350116a89762687a48d66f723c799e5438a5b7578508d4294cd7a5d0800?s=96&d=mm&r=g\",\"contentUrl\":\"https:\\\/\\\/secure.gravatar.com\\\/avatar\\\/6711f350116a89762687a48d66f723c799e5438a5b7578508d4294cd7a5d0800?s=96&d=mm&r=g\",\"caption\":\"Gon\u00e7alves Junior\"},\"url\":\"https:\\\/\\\/www.p31noticias.com.br\\\/?author=2\"}]}<\/script>\n<!-- \/ Yoast SEO Premium plugin. -->","yoast_head_json":{"title":"Em 2 anos, GDF Presente muda a paisagem nas 33 regi\u00f5es administrativas. - P31","robots":{"index":"index","follow":"follow","max-snippet":"max-snippet:-1","max-image-preview":"max-image-preview:large","max-video-preview":"max-video-preview:-1"},"canonical":"https:\/\/www.p31noticias.com.br\/?p=23159","og_locale":"pt_BR","og_type":"article","og_title":"Em 2 anos, GDF Presente muda a paisagem nas 33 regi\u00f5es administrativas.","og_description":"Ao circular pelo Distrito Federal \u00e9 comum encontrar uma plaquinha do\u00a0GDF Presente\u00a0acompanhada de oper\u00e1rios e m\u00e1quinas. H\u00e1 exatos dois anos, completados em maio de 2021, o programa vem percorrendo todos os dias as 33 regi\u00f5es administrativas da capital na execu\u00e7\u00e3o de servi\u00e7os de manuten\u00e7\u00e3o das cidades. S\u00e3o mais de mil trabalhadores e 500 equipamentos envolvidos [&hellip;]","og_url":"https:\/\/www.p31noticias.com.br\/?p=23159","og_site_name":"P31","article_published_time":"2021-06-04T13:47:25+00:00","og_image":[{"width":275,"height":183,"url":"https:\/\/www.p31noticias.com.br\/wp-content\/uploads\/2021\/06\/images-15.jpg","type":"image\/jpeg"}],"author":"Gon\u00e7alves Junior","twitter_card":"summary_large_image","twitter_misc":{"Escrito por":"Gon\u00e7alves Junior","Est. tempo de leitura":"4 minutos"},"schema":{"@context":"https:\/\/schema.org","@graph":[{"@type":"Article","@id":"https:\/\/www.p31noticias.com.br\/?p=23159#article","isPartOf":{"@id":"https:\/\/www.p31noticias.com.br\/?p=23159"},"author":{"name":"Gon\u00e7alves Junior","@id":"https:\/\/www.p31noticias.com.br\/#\/schema\/person\/95f2ece30e3b4132065b915150cd0f94"},"headline":"Em 2 anos, GDF Presente muda a paisagem nas 33 regi\u00f5es administrativas.","datePublished":"2021-06-04T13:47:25+00:00","mainEntityOfPage":{"@id":"https:\/\/www.p31noticias.com.br\/?p=23159"},"wordCount":839,"commentCount":0,"image":{"@id":"https:\/\/www.p31noticias.com.br\/?p=23159#primaryimage"},"thumbnailUrl":"https:\/\/www.p31noticias.com.br\/wp-content\/uploads\/2021\/06\/images-15.jpg","articleSection":["Bras\u00edlia"],"inLanguage":"pt-BR","potentialAction":[{"@type":"CommentAction","name":"Comment","target":["https:\/\/www.p31noticias.com.br\/?p=23159#respond"]}],"copyrightYear":"2021","copyrightHolder":{"@id":"https:\/\/www.p31noticias.com.br\/#organization"}},{"@type":"WebPage","@id":"https:\/\/www.p31noticias.com.br\/?p=23159","url":"https:\/\/www.p31noticias.com.br\/?p=23159","name":"Em 2 anos, GDF Presente muda a paisagem nas 33 regi\u00f5es administrativas. - P31","isPartOf":{"@id":"https:\/\/www.p31noticias.com.br\/#website"},"primaryImageOfPage":{"@id":"https:\/\/www.p31noticias.com.br\/?p=23159#primaryimage"},"image":{"@id":"https:\/\/www.p31noticias.com.br\/?p=23159#primaryimage"},"thumbnailUrl":"https:\/\/www.p31noticias.com.br\/wp-content\/uploads\/2021\/06\/images-15.jpg","datePublished":"2021-06-04T13:47:25+00:00","author":{"@id":"https:\/\/www.p31noticias.com.br\/#\/schema\/person\/95f2ece30e3b4132065b915150cd0f94"},"breadcrumb":{"@id":"https:\/\/www.p31noticias.com.br\/?p=23159#breadcrumb"},"inLanguage":"pt-BR","potentialAction":[{"@type":"ReadAction","target":["https:\/\/www.p31noticias.com.br\/?p=23159"]}]},{"@type":"ImageObject","inLanguage":"pt-BR","@id":"https:\/\/www.p31noticias.com.br\/?p=23159#primaryimage","url":"https:\/\/www.p31noticias.com.br\/wp-content\/uploads\/2021\/06\/images-15.jpg","contentUrl":"https:\/\/www.p31noticias.com.br\/wp-content\/uploads\/2021\/06\/images-15.jpg","width":275,"height":183},{"@type":"BreadcrumbList","@id":"https:\/\/www.p31noticias.com.br\/?p=23159#breadcrumb","itemListElement":[{"@type":"ListItem","position":1,"name":"In\u00edcio","item":"https:\/\/www.p31noticias.com.br\/"},{"@type":"ListItem","position":2,"name":"Em 2 anos, GDF Presente muda a paisagem nas 33 regi\u00f5es administrativas."}]},{"@type":"WebSite","@id":"https:\/\/www.p31noticias.com.br\/#website","url":"https:\/\/www.p31noticias.com.br\/","name":"P31","description":"NOT\u00cdCIAS","potentialAction":[{"@type":"SearchAction","target":{"@type":"EntryPoint","urlTemplate":"https:\/\/www.p31noticias.com.br\/?s={search_term_string}"},"query-input":{"@type":"PropertyValueSpecification","valueRequired":true,"valueName":"search_term_string"}}],"inLanguage":"pt-BR"},{"@type":"Person","@id":"https:\/\/www.p31noticias.com.br\/#\/schema\/person\/95f2ece30e3b4132065b915150cd0f94","name":"Gon\u00e7alves Junior","image":{"@type":"ImageObject","inLanguage":"pt-BR","@id":"https:\/\/secure.gravatar.com\/avatar\/6711f350116a89762687a48d66f723c799e5438a5b7578508d4294cd7a5d0800?s=96&d=mm&r=g","url":"https:\/\/secure.gravatar.com\/avatar\/6711f350116a89762687a48d66f723c799e5438a5b7578508d4294cd7a5d0800?s=96&d=mm&r=g","contentUrl":"https:\/\/secure.gravatar.com\/avatar\/6711f350116a89762687a48d66f723c799e5438a5b7578508d4294cd7a5d0800?s=96&d=mm&r=g","caption":"Gon\u00e7alves Junior"},"url":"https:\/\/www.p31noticias.com.br\/?author=2"}]}},"amp_enabled":true,"_links":{"self":[{"href":"https:\/\/www.p31noticias.com.br\/index.php?rest_route=\/wp\/v2\/posts\/23159","targetHints":{"allow":["GET"]}}],"collection":[{"href":"https:\/\/www.p31noticias.com.br\/index.php?rest_route=\/wp\/v2\/posts"}],"about":[{"href":"https:\/\/www.p31noticias.com.br\/index.php?rest_route=\/wp\/v2\/types\/post"}],"author":[{"embeddable":true,"href":"https:\/\/www.p31noticias.com.br\/index.php?rest_route=\/wp\/v2\/users\/2"}],"replies":[{"embeddable":true,"href":"https:\/\/www.p31noticias.com.br\/index.php?rest_route=%2Fwp%2Fv2%2Fcomments&post=23159"}],"version-history":[{"count":1,"href":"https:\/\/www.p31noticias.com.br\/index.php?rest_route=\/wp\/v2\/posts\/23159\/revisions"}],"predecessor-version":[{"id":23161,"href":"https:\/\/www.p31noticias.com.br\/index.php?rest_route=\/wp\/v2\/posts\/23159\/revisions\/23161"}],"wp:featuredmedia":[{"embeddable":true,"href":"https:\/\/www.p31noticias.com.br\/index.php?rest_route=\/wp\/v2\/media\/23160"}],"wp:attachment":[{"href":"https:\/\/www.p31noticias.com.br\/index.php?rest_route=%2Fwp%2Fv2%2Fmedia&parent=23159"}],"wp:term":[{"taxonomy":"category","embeddable":true,"href":"https:\/\/www.p31noticias.com.br\/index.php?rest_route=%2Fwp%2Fv2%2Fcategories&post=23159"},{"taxonomy":"post_tag","embeddable":true,"href":"https:\/\/www.p31noticias.com.br\/index.php?rest_route=%2Fwp%2Fv2%2Ftags&post=23159"}],"curies":[{"name":"wp","href":"https:\/\/api.w.org\/{rel}","templated":true}]}}