{"id":23103,"date":"2021-06-01T15:16:59","date_gmt":"2021-06-01T15:16:59","guid":{"rendered":"https:\/\/p31noticias.com.br\/?p=23103"},"modified":"2021-06-01T15:16:59","modified_gmt":"2021-06-01T15:16:59","slug":"pib-tem-alta-de-12-no-primeiro-trimestre-de-2021","status":"publish","type":"post","link":"https:\/\/www.p31noticias.com.br\/?p=23103","title":{"rendered":"PIB tem alta de 1,2% no primeiro trimestre de 2021."},"content":{"rendered":"<h3 class=\"col-10 offset-1 animated fadeInDown dealy-900 display-8 display-md-8 alt-font font-italic my-1 text-center\"><strong>Dados s\u00e3o do Sistema de Contas Nacionais Trimestrais do IBGE.<\/strong><\/h3>\n<p style=\"text-align: justify;\">O Produto Interno Bruto (PIB) &#8211; a soma dos bens e servi\u00e7os produzidos no Brasil &#8211;\u00a0cresceu 1,2%, no primeiro trimestre deste ano, na compara\u00e7\u00e3o com os \u00faltimos tr\u00eas meses do ano passado. \u00c9 o terceiro resultado positivo, depois dos recuos de 2,2% no primeiro e de 9,2% no segundo trimestres de 2020, quando a economia recuou 4,1%, atingida pela pandemia da covid-19.<img decoding=\"async\" src=\"https:\/\/agenciabrasil.ebc.com.br\/ebc.png?id=1411347&amp;o=node\" \/><img decoding=\"async\" src=\"https:\/\/agenciabrasil.ebc.com.br\/ebc.gif?id=1411347&amp;o=node\" \/><\/p>\n<p style=\"text-align: justify;\">Em valores correntes, o PIB chegou a R$ 2,048 trilh\u00f5es. Os dados s\u00e3o do Sistema de Contas Nacionais Trimestrais, divulgados hoje\u00a0(1\u00ba) pelo Instituto Brasileiro de Geografia e Estat\u00edstica (IBGE).<\/p>\n<p style=\"text-align: justify;\">Com a alta de 1,2% no primeiro trimestre, embora ainda esteja 3,1% abaixo do ponto mais alto da atividade econ\u00f4mica do pa\u00eds, alcan\u00e7ado no primeiro trimestre de 2014, o PIB retornou ao patamar do quarto trimestre de 2019, per\u00edodo pr\u00e9-pandemia.<\/p>\n<p style=\"text-align: justify;\">Os resultados positivos na agropecu\u00e1ria (5,7%), na ind\u00fastria (0,7%) e nos servi\u00e7os (0,4%) contribu\u00edram para a expans\u00e3o da economia brasileira. A coordenadora de Contas Nacionais do IBGE, Rebeca Palis, observou que esse crescimento ocorreu apesar da evolu\u00e7\u00e3o da pandemia no pa\u00eds, \u201cMesmo com a\u00a0segunda\u00a0onda da pandemia de covid-19, o PIB cresceu no primeiro trimestre, j\u00e1 que, diferente do ano passado, n\u00e3o houve tantas restri\u00e7\u00f5es que impediram o funcionamento das atividades econ\u00f4micas no pa\u00eds\u201d, disse.<\/p>\n<h2 style=\"text-align: justify;\">Agropecu\u00e1ria<\/h2>\n<p style=\"text-align: justify;\">Segundo o IBGE, a alta na agropecu\u00e1ria, foi favorecida pela melhora na produtividade e no desempenho de alguns produtos, sobretudo, a soja, que tem maior peso na lavoura brasileira e previs\u00e3o de safra recorde este ano.<\/p>\n<h2 style=\"text-align: justify;\">Ind\u00fastria<\/h2>\n<p style=\"text-align: justify;\">O avan\u00e7o das ind\u00fastrias extrativas (3,2%)\u00a0ajudou a atividade industrial, que tamb\u00e9m registrou crescimento na constru\u00e7\u00e3o (2,1%) e na atividade de eletricidade e g\u00e1s, \u00e1gua, esgoto, atividades de gest\u00e3o de res\u00edduos (0,9%).<\/p>\n<p style=\"text-align: justify;\">O \u00fanico resultado negativo ficou nas ind\u00fastrias de transforma\u00e7\u00e3o (-0,5%). \u201cTodos subsetores da ind\u00fastria cresceram, menos a ind\u00fastria de transforma\u00e7\u00e3o, que tem o maior peso, impactada pela ind\u00fastria aliment\u00edcia, que afetou o consumo das fam\u00edlias\u201d, comentou a coordenadora.<\/p>\n<h2 style=\"text-align: justify;\">Servi\u00e7os<\/h2>\n<p style=\"text-align: justify;\">De acordo com o IBGE, os resultados positivos nos servi\u00e7os, que contribuem com 73% do PIB, ocorreram em transporte, armazenagem e correio (3,6%), intermedia\u00e7\u00e3o financeira e seguros (1,7%), informa\u00e7\u00e3o e comunica\u00e7\u00e3o (1,4%), com\u00e9rcio (1,2%) e atividades imobili\u00e1rias (1,0%). Outros servi\u00e7os ficaram est\u00e1veis (0,1%).<\/p>\n<p style=\"text-align: justify;\">Rebeca Palis afirmou que a \u00fanica varia\u00e7\u00e3o negativa ocorreu em administra\u00e7\u00e3o, sa\u00fade e educa\u00e7\u00e3o p\u00fablica (-0,6%). \u201cN\u00e3o est\u00e1 havendo muitos concursos para o preenchimento de vagas e trabalhadores est\u00e3o se aposentam,\u00a0reduzindo a ocupa\u00e7\u00e3o do setor. Isso afeta a contribui\u00e7\u00e3o da atividade para o valor adicionado\u201d, ressaltou.<\/p>\n<h2 style=\"text-align: justify;\">Consumo<\/h2>\n<p style=\"text-align: justify;\">A pandemia influenciou a estabilidade no consumo das fam\u00edlias que caiu 0,1% no primeiro trimestre deste ano, se comparado ao quarto trimestre. No consumo do governo\u00a0houve recuo de 0,8%.<\/p>\n<p style=\"text-align: justify;\">Segundo a coordenadora, o aumento da infla\u00e7\u00e3o pesou\u00a0principalmente\u00a0no consumo de alimentos, ao longo do\u00a0per\u00edodo. \u201cO mercado de trabalho ficou\u00a0desaquecido. Houve ainda redu\u00e7\u00e3o significativa nos pagamentos dos programas do governo \u00e0s fam\u00edlias, como o aux\u00edlio emergencial\u201d, disse, acrescentando, que, por outro lado, ocorreu aumento no cr\u00e9dito para pessoas f\u00edsicas.<\/p>\n<p style=\"text-align: justify;\">Os investimentos &#8211; forma\u00e7\u00e3o bruta de capital fixo &#8211; avan\u00e7aram 4,6%. Contribu\u00edram para isso,\u00a0o aumento na produ\u00e7\u00e3o interna de bens de capital e no desenvolvimento de\u00a0<em>softwares<\/em>, a alta na constru\u00e7\u00e3o e os impactos do Repetro, regime aduaneiro especial que permite ao setor de petr\u00f3leo e g\u00e1s adquirir bens de capital sem pagar tributos federais.<\/p>\n<p style=\"text-align: justify;\">Em rela\u00e7\u00e3o ao quarto trimestre de 2020, a balan\u00e7a comercial brasileira registrou alta de 3,7% nas exporta\u00e7\u00f5es de bens e servi\u00e7os e crescimento de 11,6% nas importa\u00e7\u00f5es. Rebeca Palis informou que, na pauta de importa\u00e7\u00f5es, destacaram-se os produtos farmoqu\u00edmicos para a produ\u00e7\u00e3o de vacinas contra a covid-19, m\u00e1quinas e aparelhos el\u00e9tricos, e produtos de metal. Entre as exporta\u00e7\u00f5es, foram os produtos aliment\u00edcios e ve\u00edculo automotores.<\/p>\n<h2 style=\"text-align: justify;\">Anual<\/h2>\n<p style=\"text-align: justify;\">Na compara\u00e7\u00e3o\u00a0anual, no primeiro trimestre, o PIB cresceu 1%, com alta de 5,2% na agropecu\u00e1ria e de 3% na ind\u00fastria. Os servi\u00e7os, no entanto, tiveram queda de 0,8%. O motivo, para a coordenadora, \u00e9 o perfil dos servi\u00e7os, que em maioria \u00e9 feito de maneira presencial.<\/p>\n<p style=\"text-align: justify;\">\u201cAs atividades de outros servi\u00e7os, que s\u00e3o majoritariamente presenciais, e a administra\u00e7\u00e3o p\u00fablica puxaram o resultado dos servi\u00e7os para baixo. Esse \u00e9 um setor que ainda sofre os efeitos da pandemia\u201d, analisou.<\/p>\n<p style=\"text-align: justify;\">Nas despesas, houve destaque para os investimentos, com alta de 17%, sendo a maior taxa desde o segundo trimestre de 2010. O consumo das fam\u00edlias registrou queda de 1,7%. A explica\u00e7\u00e3o, segundo o IBGE, foram\u00a0o aumento da infla\u00e7\u00e3o e os reflexos da pandemia, que afetaram negativamente o mercado de trabalho, reduzindo o n\u00famero de ocupa\u00e7\u00f5es e a massa salarial real. O consumo do governo tamb\u00e9m apresentou recuo (-4,9%).<\/p>\n<p style=\"text-align: justify;\">Ainda na compara\u00e7\u00e3o anual, as exporta\u00e7\u00f5es subiram 0,8% e as importa\u00e7\u00f5es 7,7% em rela\u00e7\u00e3o ao terceiro trimestre de 2020.<\/p>\n<h2 style=\"text-align: justify;\">Contas nacionais<\/h2>\n<p style=\"text-align: justify;\">Conforme o IBGE, o Sistema de Contas Nacionais apresenta os valores correntes e os \u00edndices de volume trimestralmente para o PIB a pre\u00e7os de mercado, impostos sobre produtos, valor adicionado a pre\u00e7os b\u00e1sicos, consumo pessoal, consumo do governo, forma\u00e7\u00e3o bruta de capital fixo, varia\u00e7\u00e3o de estoques, exporta\u00e7\u00f5es e importa\u00e7\u00f5es de bens e servi\u00e7os. A pesquisa come\u00e7ou em 1988 no IBGE e foi reestruturada a partir de 1998, quando os seus resultados foram integrados ao Sistema de Contas Nacionais, de periodicidade anual.<\/p>\n<p>Com informa\u00e7\u00f5es da Ag\u00eancia Brasil.<\/p>\n","protected":false},"excerpt":{"rendered":"<p>Dados s\u00e3o do Sistema de Contas Nacionais Trimestrais do IBGE. O Produto Interno Bruto (PIB) &#8211; a soma dos bens e servi\u00e7os produzidos no Brasil &#8211;\u00a0cresceu 1,2%, no primeiro trimestre deste ano, na compara\u00e7\u00e3o com os \u00faltimos tr\u00eas meses do ano passado. \u00c9 o terceiro resultado positivo, depois dos recuos de 2,2% no primeiro e [&hellip;]<\/p>\n","protected":false},"author":2,"featured_media":23104,"comment_status":"open","ping_status":"open","sticky":false,"template":"","format":"standard","meta":{"footnotes":""},"categories":[1],"tags":[],"class_list":{"0":"post-23103","1":"post","2":"type-post","3":"status-publish","4":"format-standard","5":"has-post-thumbnail","7":"category-outros"},"yoast_head":"<!-- This site is optimized with the Yoast SEO Premium plugin v24.5 (Yoast SEO v27.5) - https:\/\/yoast.com\/product\/yoast-seo-premium-wordpress\/ -->\n<title>PIB tem alta de 1,2% no primeiro trimestre de 2021. - P31<\/title>\n<meta name=\"robots\" content=\"index, follow, max-snippet:-1, max-image-preview:large, max-video-preview:-1\" \/>\n<link rel=\"canonical\" href=\"https:\/\/www.p31noticias.com.br\/?p=23103\" \/>\n<meta property=\"og:locale\" content=\"pt_BR\" \/>\n<meta property=\"og:type\" content=\"article\" \/>\n<meta property=\"og:title\" content=\"PIB tem alta de 1,2% no primeiro trimestre de 2021.\" \/>\n<meta property=\"og:description\" content=\"Dados s\u00e3o do Sistema de Contas Nacionais Trimestrais do IBGE. O Produto Interno Bruto (PIB) &#8211; a soma dos bens e servi\u00e7os produzidos no Brasil &#8211;\u00a0cresceu 1,2%, no primeiro trimestre deste ano, na compara\u00e7\u00e3o com os \u00faltimos tr\u00eas meses do ano passado. \u00c9 o terceiro resultado positivo, depois dos recuos de 2,2% no primeiro e [&hellip;]\" \/>\n<meta property=\"og:url\" content=\"https:\/\/www.p31noticias.com.br\/?p=23103\" \/>\n<meta property=\"og:site_name\" content=\"P31\" \/>\n<meta property=\"article:published_time\" content=\"2021-06-01T15:16:59+00:00\" \/>\n<meta property=\"og:image\" content=\"https:\/\/www.p31noticias.com.br\/wp-content\/uploads\/2021\/06\/economia_ilustracao-5.jpg\" \/>\n\t<meta property=\"og:image:width\" content=\"1170\" \/>\n\t<meta property=\"og:image:height\" content=\"700\" \/>\n\t<meta property=\"og:image:type\" content=\"image\/jpeg\" \/>\n<meta name=\"author\" content=\"Gon\u00e7alves Junior\" \/>\n<meta name=\"twitter:card\" content=\"summary_large_image\" \/>\n<meta name=\"twitter:label1\" content=\"Escrito por\" \/>\n\t<meta name=\"twitter:data1\" content=\"Gon\u00e7alves Junior\" \/>\n\t<meta name=\"twitter:label2\" content=\"Est. tempo de leitura\" \/>\n\t<meta name=\"twitter:data2\" content=\"5 minutos\" \/>\n<script type=\"application\/ld+json\" class=\"yoast-schema-graph\">{\"@context\":\"https:\\\/\\\/schema.org\",\"@graph\":[{\"@type\":\"Article\",\"@id\":\"https:\\\/\\\/www.p31noticias.com.br\\\/?p=23103#article\",\"isPartOf\":{\"@id\":\"https:\\\/\\\/www.p31noticias.com.br\\\/?p=23103\"},\"author\":{\"name\":\"Gon\u00e7alves Junior\",\"@id\":\"https:\\\/\\\/www.p31noticias.com.br\\\/#\\\/schema\\\/person\\\/95f2ece30e3b4132065b915150cd0f94\"},\"headline\":\"PIB tem alta de 1,2% no primeiro trimestre de 2021.\",\"datePublished\":\"2021-06-01T15:16:59+00:00\",\"mainEntityOfPage\":{\"@id\":\"https:\\\/\\\/www.p31noticias.com.br\\\/?p=23103\"},\"wordCount\":959,\"commentCount\":0,\"image\":{\"@id\":\"https:\\\/\\\/www.p31noticias.com.br\\\/?p=23103#primaryimage\"},\"thumbnailUrl\":\"https:\\\/\\\/www.p31noticias.com.br\\\/wp-content\\\/uploads\\\/2021\\\/06\\\/economia_ilustracao-5.jpg\",\"articleSection\":[\"Outros\"],\"inLanguage\":\"pt-BR\",\"potentialAction\":[{\"@type\":\"CommentAction\",\"name\":\"Comment\",\"target\":[\"https:\\\/\\\/www.p31noticias.com.br\\\/?p=23103#respond\"]}],\"copyrightYear\":\"2021\",\"copyrightHolder\":{\"@id\":\"https:\\\/\\\/www.p31noticias.com.br\\\/#organization\"}},{\"@type\":\"WebPage\",\"@id\":\"https:\\\/\\\/www.p31noticias.com.br\\\/?p=23103\",\"url\":\"https:\\\/\\\/www.p31noticias.com.br\\\/?p=23103\",\"name\":\"PIB tem alta de 1,2% no primeiro trimestre de 2021. - P31\",\"isPartOf\":{\"@id\":\"https:\\\/\\\/www.p31noticias.com.br\\\/#website\"},\"primaryImageOfPage\":{\"@id\":\"https:\\\/\\\/www.p31noticias.com.br\\\/?p=23103#primaryimage\"},\"image\":{\"@id\":\"https:\\\/\\\/www.p31noticias.com.br\\\/?p=23103#primaryimage\"},\"thumbnailUrl\":\"https:\\\/\\\/www.p31noticias.com.br\\\/wp-content\\\/uploads\\\/2021\\\/06\\\/economia_ilustracao-5.jpg\",\"datePublished\":\"2021-06-01T15:16:59+00:00\",\"author\":{\"@id\":\"https:\\\/\\\/www.p31noticias.com.br\\\/#\\\/schema\\\/person\\\/95f2ece30e3b4132065b915150cd0f94\"},\"breadcrumb\":{\"@id\":\"https:\\\/\\\/www.p31noticias.com.br\\\/?p=23103#breadcrumb\"},\"inLanguage\":\"pt-BR\",\"potentialAction\":[{\"@type\":\"ReadAction\",\"target\":[\"https:\\\/\\\/www.p31noticias.com.br\\\/?p=23103\"]}]},{\"@type\":\"ImageObject\",\"inLanguage\":\"pt-BR\",\"@id\":\"https:\\\/\\\/www.p31noticias.com.br\\\/?p=23103#primaryimage\",\"url\":\"https:\\\/\\\/www.p31noticias.com.br\\\/wp-content\\\/uploads\\\/2021\\\/06\\\/economia_ilustracao-5.jpg\",\"contentUrl\":\"https:\\\/\\\/www.p31noticias.com.br\\\/wp-content\\\/uploads\\\/2021\\\/06\\\/economia_ilustracao-5.jpg\",\"width\":1170,\"height\":700},{\"@type\":\"BreadcrumbList\",\"@id\":\"https:\\\/\\\/www.p31noticias.com.br\\\/?p=23103#breadcrumb\",\"itemListElement\":[{\"@type\":\"ListItem\",\"position\":1,\"name\":\"In\u00edcio\",\"item\":\"https:\\\/\\\/www.p31noticias.com.br\\\/\"},{\"@type\":\"ListItem\",\"position\":2,\"name\":\"PIB tem alta de 1,2% no primeiro trimestre de 2021.\"}]},{\"@type\":\"WebSite\",\"@id\":\"https:\\\/\\\/www.p31noticias.com.br\\\/#website\",\"url\":\"https:\\\/\\\/www.p31noticias.com.br\\\/\",\"name\":\"P31\",\"description\":\"NOT\u00cdCIAS\",\"potentialAction\":[{\"@type\":\"SearchAction\",\"target\":{\"@type\":\"EntryPoint\",\"urlTemplate\":\"https:\\\/\\\/www.p31noticias.com.br\\\/?s={search_term_string}\"},\"query-input\":{\"@type\":\"PropertyValueSpecification\",\"valueRequired\":true,\"valueName\":\"search_term_string\"}}],\"inLanguage\":\"pt-BR\"},{\"@type\":\"Person\",\"@id\":\"https:\\\/\\\/www.p31noticias.com.br\\\/#\\\/schema\\\/person\\\/95f2ece30e3b4132065b915150cd0f94\",\"name\":\"Gon\u00e7alves Junior\",\"image\":{\"@type\":\"ImageObject\",\"inLanguage\":\"pt-BR\",\"@id\":\"https:\\\/\\\/secure.gravatar.com\\\/avatar\\\/6711f350116a89762687a48d66f723c799e5438a5b7578508d4294cd7a5d0800?s=96&d=mm&r=g\",\"url\":\"https:\\\/\\\/secure.gravatar.com\\\/avatar\\\/6711f350116a89762687a48d66f723c799e5438a5b7578508d4294cd7a5d0800?s=96&d=mm&r=g\",\"contentUrl\":\"https:\\\/\\\/secure.gravatar.com\\\/avatar\\\/6711f350116a89762687a48d66f723c799e5438a5b7578508d4294cd7a5d0800?s=96&d=mm&r=g\",\"caption\":\"Gon\u00e7alves Junior\"},\"url\":\"https:\\\/\\\/www.p31noticias.com.br\\\/?author=2\"}]}<\/script>\n<!-- \/ Yoast SEO Premium plugin. -->","yoast_head_json":{"title":"PIB tem alta de 1,2% no primeiro trimestre de 2021. - P31","robots":{"index":"index","follow":"follow","max-snippet":"max-snippet:-1","max-image-preview":"max-image-preview:large","max-video-preview":"max-video-preview:-1"},"canonical":"https:\/\/www.p31noticias.com.br\/?p=23103","og_locale":"pt_BR","og_type":"article","og_title":"PIB tem alta de 1,2% no primeiro trimestre de 2021.","og_description":"Dados s\u00e3o do Sistema de Contas Nacionais Trimestrais do IBGE. O Produto Interno Bruto (PIB) &#8211; a soma dos bens e servi\u00e7os produzidos no Brasil &#8211;\u00a0cresceu 1,2%, no primeiro trimestre deste ano, na compara\u00e7\u00e3o com os \u00faltimos tr\u00eas meses do ano passado. \u00c9 o terceiro resultado positivo, depois dos recuos de 2,2% no primeiro e [&hellip;]","og_url":"https:\/\/www.p31noticias.com.br\/?p=23103","og_site_name":"P31","article_published_time":"2021-06-01T15:16:59+00:00","og_image":[{"width":1170,"height":700,"url":"https:\/\/www.p31noticias.com.br\/wp-content\/uploads\/2021\/06\/economia_ilustracao-5.jpg","type":"image\/jpeg"}],"author":"Gon\u00e7alves Junior","twitter_card":"summary_large_image","twitter_misc":{"Escrito por":"Gon\u00e7alves Junior","Est. tempo de leitura":"5 minutos"},"schema":{"@context":"https:\/\/schema.org","@graph":[{"@type":"Article","@id":"https:\/\/www.p31noticias.com.br\/?p=23103#article","isPartOf":{"@id":"https:\/\/www.p31noticias.com.br\/?p=23103"},"author":{"name":"Gon\u00e7alves Junior","@id":"https:\/\/www.p31noticias.com.br\/#\/schema\/person\/95f2ece30e3b4132065b915150cd0f94"},"headline":"PIB tem alta de 1,2% no primeiro trimestre de 2021.","datePublished":"2021-06-01T15:16:59+00:00","mainEntityOfPage":{"@id":"https:\/\/www.p31noticias.com.br\/?p=23103"},"wordCount":959,"commentCount":0,"image":{"@id":"https:\/\/www.p31noticias.com.br\/?p=23103#primaryimage"},"thumbnailUrl":"https:\/\/www.p31noticias.com.br\/wp-content\/uploads\/2021\/06\/economia_ilustracao-5.jpg","articleSection":["Outros"],"inLanguage":"pt-BR","potentialAction":[{"@type":"CommentAction","name":"Comment","target":["https:\/\/www.p31noticias.com.br\/?p=23103#respond"]}],"copyrightYear":"2021","copyrightHolder":{"@id":"https:\/\/www.p31noticias.com.br\/#organization"}},{"@type":"WebPage","@id":"https:\/\/www.p31noticias.com.br\/?p=23103","url":"https:\/\/www.p31noticias.com.br\/?p=23103","name":"PIB tem alta de 1,2% no primeiro trimestre de 2021. - P31","isPartOf":{"@id":"https:\/\/www.p31noticias.com.br\/#website"},"primaryImageOfPage":{"@id":"https:\/\/www.p31noticias.com.br\/?p=23103#primaryimage"},"image":{"@id":"https:\/\/www.p31noticias.com.br\/?p=23103#primaryimage"},"thumbnailUrl":"https:\/\/www.p31noticias.com.br\/wp-content\/uploads\/2021\/06\/economia_ilustracao-5.jpg","datePublished":"2021-06-01T15:16:59+00:00","author":{"@id":"https:\/\/www.p31noticias.com.br\/#\/schema\/person\/95f2ece30e3b4132065b915150cd0f94"},"breadcrumb":{"@id":"https:\/\/www.p31noticias.com.br\/?p=23103#breadcrumb"},"inLanguage":"pt-BR","potentialAction":[{"@type":"ReadAction","target":["https:\/\/www.p31noticias.com.br\/?p=23103"]}]},{"@type":"ImageObject","inLanguage":"pt-BR","@id":"https:\/\/www.p31noticias.com.br\/?p=23103#primaryimage","url":"https:\/\/www.p31noticias.com.br\/wp-content\/uploads\/2021\/06\/economia_ilustracao-5.jpg","contentUrl":"https:\/\/www.p31noticias.com.br\/wp-content\/uploads\/2021\/06\/economia_ilustracao-5.jpg","width":1170,"height":700},{"@type":"BreadcrumbList","@id":"https:\/\/www.p31noticias.com.br\/?p=23103#breadcrumb","itemListElement":[{"@type":"ListItem","position":1,"name":"In\u00edcio","item":"https:\/\/www.p31noticias.com.br\/"},{"@type":"ListItem","position":2,"name":"PIB tem alta de 1,2% no primeiro trimestre de 2021."}]},{"@type":"WebSite","@id":"https:\/\/www.p31noticias.com.br\/#website","url":"https:\/\/www.p31noticias.com.br\/","name":"P31","description":"NOT\u00cdCIAS","potentialAction":[{"@type":"SearchAction","target":{"@type":"EntryPoint","urlTemplate":"https:\/\/www.p31noticias.com.br\/?s={search_term_string}"},"query-input":{"@type":"PropertyValueSpecification","valueRequired":true,"valueName":"search_term_string"}}],"inLanguage":"pt-BR"},{"@type":"Person","@id":"https:\/\/www.p31noticias.com.br\/#\/schema\/person\/95f2ece30e3b4132065b915150cd0f94","name":"Gon\u00e7alves Junior","image":{"@type":"ImageObject","inLanguage":"pt-BR","@id":"https:\/\/secure.gravatar.com\/avatar\/6711f350116a89762687a48d66f723c799e5438a5b7578508d4294cd7a5d0800?s=96&d=mm&r=g","url":"https:\/\/secure.gravatar.com\/avatar\/6711f350116a89762687a48d66f723c799e5438a5b7578508d4294cd7a5d0800?s=96&d=mm&r=g","contentUrl":"https:\/\/secure.gravatar.com\/avatar\/6711f350116a89762687a48d66f723c799e5438a5b7578508d4294cd7a5d0800?s=96&d=mm&r=g","caption":"Gon\u00e7alves Junior"},"url":"https:\/\/www.p31noticias.com.br\/?author=2"}]}},"amp_enabled":true,"_links":{"self":[{"href":"https:\/\/www.p31noticias.com.br\/index.php?rest_route=\/wp\/v2\/posts\/23103","targetHints":{"allow":["GET"]}}],"collection":[{"href":"https:\/\/www.p31noticias.com.br\/index.php?rest_route=\/wp\/v2\/posts"}],"about":[{"href":"https:\/\/www.p31noticias.com.br\/index.php?rest_route=\/wp\/v2\/types\/post"}],"author":[{"embeddable":true,"href":"https:\/\/www.p31noticias.com.br\/index.php?rest_route=\/wp\/v2\/users\/2"}],"replies":[{"embeddable":true,"href":"https:\/\/www.p31noticias.com.br\/index.php?rest_route=%2Fwp%2Fv2%2Fcomments&post=23103"}],"version-history":[{"count":1,"href":"https:\/\/www.p31noticias.com.br\/index.php?rest_route=\/wp\/v2\/posts\/23103\/revisions"}],"predecessor-version":[{"id":23105,"href":"https:\/\/www.p31noticias.com.br\/index.php?rest_route=\/wp\/v2\/posts\/23103\/revisions\/23105"}],"wp:featuredmedia":[{"embeddable":true,"href":"https:\/\/www.p31noticias.com.br\/index.php?rest_route=\/wp\/v2\/media\/23104"}],"wp:attachment":[{"href":"https:\/\/www.p31noticias.com.br\/index.php?rest_route=%2Fwp%2Fv2%2Fmedia&parent=23103"}],"wp:term":[{"taxonomy":"category","embeddable":true,"href":"https:\/\/www.p31noticias.com.br\/index.php?rest_route=%2Fwp%2Fv2%2Fcategories&post=23103"},{"taxonomy":"post_tag","embeddable":true,"href":"https:\/\/www.p31noticias.com.br\/index.php?rest_route=%2Fwp%2Fv2%2Ftags&post=23103"}],"curies":[{"name":"wp","href":"https:\/\/api.w.org\/{rel}","templated":true}]}}