{"id":23092,"date":"2021-05-31T12:31:32","date_gmt":"2021-05-31T12:31:32","guid":{"rendered":"https:\/\/p31noticias.com.br\/?p=23092"},"modified":"2021-05-31T12:31:32","modified_gmt":"2021-05-31T12:31:32","slug":"semana-do-meio-ambiente-valoriza-os-recursos-hidricos","status":"publish","type":"post","link":"https:\/\/www.p31noticias.com.br\/?p=23092","title":{"rendered":"Semana do Meio Ambiente valoriza os recursos h\u00eddricos."},"content":{"rendered":"<p style=\"text-align: justify;\"><em><strong>Em conson\u00e2ncia com a ONU, programa\u00e7\u00e3o no Distrito Federal destaca a\u00e7\u00f5es voltadas \u00e0 gest\u00e3o e conserva\u00e7\u00e3o .<\/strong><\/em><\/p>\n<p style=\"text-align: justify;\">A Secretaria de Meio Ambiente (Sema) e o Bras\u00edlia Ambiental dar\u00e3o in\u00edcio na ter\u00e7a-feira, (1\/6), \u00e0\u00a0<em>Semana do Meio Ambiente<\/em>, programa\u00e7\u00e3o alusiva ao Dia Mundial do Meio Ambiente, que transcorre no pr\u00f3ximo s\u00e1bado, 5 de junho. Este ano, o tema proposto pela Organiza\u00e7\u00e3o das Na\u00e7\u00f5es Unidas (ONU), \u00e9 a restaura\u00e7\u00e3o dos ecossistemas.<\/p>\n<figure id=\"attachment_300710\" class=\"wp-caption alignnone\" aria-describedby=\"caption-attachment-300710\"><img loading=\"lazy\" decoding=\"async\" class=\"size-full wp-image-300710\" src=\"http:\/\/www.agenciabrasilia.df.gov.br\/wp-conteudo\/uploads\/2021\/05\/WhatsApp-Image-2021-05-28-at-20.46.15.jpeg\" sizes=\"auto, (max-width: 786px) 100vw, 786px\" srcset=\"https:\/\/www.agenciabrasilia.df.gov.br\/wp-conteudo\/uploads\/2021\/05\/WhatsApp-Image-2021-05-28-at-20.46.15.jpeg 786w, https:\/\/www.agenciabrasilia.df.gov.br\/wp-conteudo\/uploads\/2021\/05\/WhatsApp-Image-2021-05-28-at-20.46.15-300x200.jpeg 300w, https:\/\/www.agenciabrasilia.df.gov.br\/wp-conteudo\/uploads\/2021\/05\/WhatsApp-Image-2021-05-28-at-20.46.15-768x512.jpeg 768w, https:\/\/www.agenciabrasilia.df.gov.br\/wp-conteudo\/uploads\/2021\/05\/WhatsApp-Image-2021-05-28-at-20.46.15-640x427.jpeg 640w, https:\/\/www.agenciabrasilia.df.gov.br\/wp-conteudo\/uploads\/2021\/05\/WhatsApp-Image-2021-05-28-at-20.46.15-149x99.jpeg 149w, https:\/\/www.agenciabrasilia.df.gov.br\/wp-conteudo\/uploads\/2021\/05\/WhatsApp-Image-2021-05-28-at-20.46.15-160x107.jpeg 160w, https:\/\/www.agenciabrasilia.df.gov.br\/wp-conteudo\/uploads\/2021\/05\/WhatsApp-Image-2021-05-28-at-20.46.15-256x171.jpeg 256w\" alt=\"\" width=\"786\" height=\"524\" \/><figcaption id=\"caption-attachment-300710\" class=\"wp-caption-text\">Sarney Filho explica que para garantir a seguran\u00e7a h\u00eddrica de Bras\u00edlia, a terceira cidade mais populosa do pa\u00eds, e que cresce em ritmo acelerado, \u201ca restaura\u00e7\u00e3o \u00e9 fundamental e urgente\u201d | Foto: Marcelo Camargo\/Ag\u00eancia Brasil<\/figcaption><\/figure>\n<p style=\"text-align: justify;\">Oficinas sobre \u00c1gua, G\u00eanero e Pertencimento \u00e0 Bacia Hidrogr\u00e1fica, webin\u00e1rio sobre o\u00a0<em>Mapa de Cobertura Vegetal e Uso do Solo do DF<\/em>, inaugura\u00e7\u00e3o de trilhas no Parque das Copa\u00edbas, no Lago Sul, e o lan\u00e7amento de um v\u00eddeo-document\u00e1rio sobre o\u00a0<em>Projeto de Recupera\u00e7\u00e3o da Orla Sul do Lago Sul<\/em>, est\u00e3o entre as principais iniciativas. Nas redes sociais, a Sema exibir\u00e1 outros v\u00eddeos sobre a\u00e7\u00f5es da secretaria.<\/p>\n<p style=\"text-align: justify;\">A restaura\u00e7\u00e3o de ecossistemas diz respeito \u00e0 busca por condi\u00e7\u00f5es que propiciem o reequil\u00edbrio da natureza e a melhor qualidade de vida. \u201cNa Sema cuidamos de um territ\u00f3rio que, apesar de pequeno, tem imenso valor ecossist\u00eamico. Temos aqu\u00edferos que alimentam algumas das principais bacias hidrogr\u00e1ficas do pa\u00eds, e nosso bioma \u00e9 o Cerrado, savana mais biodiversa do Planeta. Para Bras\u00edlia, que j\u00e1 \u00e9 a terceira cidade mais populosa do pa\u00eds e cresce em ritmo acelerado, a restaura\u00e7\u00e3o \u00e9 fundamental e urgente, de forma a mitigar as mudan\u00e7as clim\u00e1ticas e a inseguran\u00e7a h\u00eddrica\u201d, afirma o secret\u00e1rio do Meio Ambiente Sarney Filho.<\/p>\n<p style=\"text-align: justify;\">De acordo com ele, a Sema desenvolve diversas a\u00e7\u00f5es de recupera\u00e7\u00e3o da vegeta\u00e7\u00e3o nativa e prote\u00e7\u00e3o das \u00e1guas. \u201cV\u00e1rias delas contam com o apoio do Projeto CITinova, coordenado por n\u00f3s em Bras\u00edlia e executado em parceria com o Centro de Gest\u00e3o e Estudos Estrat\u00e9gicos (CGEE), com coordena\u00e7\u00e3o nacional do Minist\u00e9rio da Ci\u00eancia, Tecnologia, Inova\u00e7\u00f5es e Comunica\u00e7\u00f5es, recursos do Fundo Global para o Meio Ambiente (GEF) e gest\u00e3o do Programa das Na\u00e7\u00f5es Unidas para o Meio Ambiente (Pnuma)\u201d, diz.<\/p>\n<p style=\"text-align: justify;\"><strong>Recursos H\u00eddricos<\/strong><\/p>\n<p style=\"text-align: justify;\">Outras iniciativas da Sema incluem a restaura\u00e7\u00e3o de \u00e1reas de nascentes, recarga e preserva\u00e7\u00e3o permanente e a implanta\u00e7\u00e3o de sistemas agroflorestais mecanizados, incluindo a capacita\u00e7\u00e3o de agricultores e extensionistas em boas pr\u00e1ticas nas bacias hidrogr\u00e1ficas do Descoberto e do Parano\u00e1.<\/p>\n<p style=\"text-align: justify;\">A pasta tamb\u00e9m \u00e9 respons\u00e1vel pela elabora\u00e7\u00e3o do novo\u00a0<em>Mapa de Cobertura Vegetal e Uso do Solo do Distrito Federal<\/em>, ferramenta de apoio \u00e0 gest\u00e3o ambiental e territorial. O documento vai auxiliar na revis\u00e3o e no refinamento das \u00e1reas priorit\u00e1rias para a conserva\u00e7\u00e3o e restaura\u00e7\u00e3o da biodiversidade e ser\u00e1 tema de um webin\u00e1rio no dia 5.<\/p>\n<p style=\"text-align: justify;\">De acordo com a ONU, \u201co ser humano, vivendo sua natureza de ser social, usa, modifica, constr\u00f3i e, infelizmente, destr\u00f3i seu pr\u00f3prio ambiente. Por isso, ao se cuidar dos ecossistemas, protegendo e restaurando a natureza, resgata-se e garante-se seus servi\u00e7os essenciais, como a produ\u00e7\u00e3o de \u00e1gua, a estabilidade clim\u00e1tica, a fertilidade do solo e a riqueza da biodiversidade, elementos indispens\u00e1veis \u00e0 sobreviv\u00eancia dos povos\u201d.<\/p>\n<p style=\"text-align: justify;\"><strong>D\u00e9cada<\/strong><\/p>\n<p style=\"text-align: justify;\">No dia 5 de junho, ser\u00e1 lan\u00e7ada a D\u00e9cada das Na\u00e7\u00f5es Unidas da Restaura\u00e7\u00e3o de Ecossistemas 2021-2030, com o objetivo de aumentar em grande escala a restaura\u00e7\u00e3o de ecossistemas degradados e destru\u00eddos para combater a crise clim\u00e1tica, evitar a perda de um milh\u00e3o de esp\u00e9cies e aumentar a seguran\u00e7a alimentar, o abastecimento de \u00e1gua e a subsist\u00eancia.<\/p>\n<p style=\"text-align: justify;\">A D\u00e9cada da ONU vai de 2021 at\u00e9 2030,\u00a0prazo final para se atingir os Objetivos de Desenvolvimento Sustent\u00e1vel (ODS) e a linha do tempo que os cientistas identificaram como cr\u00edtica para evitar os piores impactos da mudan\u00e7a clim\u00e1tica.<\/p>\n<p style=\"text-align: justify;\">*<em>Com informa\u00e7\u00f5es da Secretaria do Meio Ambiente<\/em><\/p>\n","protected":false},"excerpt":{"rendered":"<p>Em conson\u00e2ncia com a ONU, programa\u00e7\u00e3o no Distrito Federal destaca a\u00e7\u00f5es voltadas \u00e0 gest\u00e3o e conserva\u00e7\u00e3o . A Secretaria de Meio Ambiente (Sema) e o Bras\u00edlia Ambiental dar\u00e3o in\u00edcio na ter\u00e7a-feira, (1\/6), \u00e0\u00a0Semana do Meio Ambiente, programa\u00e7\u00e3o alusiva ao Dia Mundial do Meio Ambiente, que transcorre no pr\u00f3ximo s\u00e1bado, 5 de junho. Este ano, o [&hellip;]<\/p>\n","protected":false},"author":2,"featured_media":23093,"comment_status":"open","ping_status":"open","sticky":false,"template":"","format":"standard","meta":{"footnotes":""},"categories":[21],"tags":[],"class_list":{"0":"post-23092","1":"post","2":"type-post","3":"status-publish","4":"format-standard","5":"has-post-thumbnail","7":"category-brasilia"},"yoast_head":"<!-- This site is optimized with the Yoast SEO Premium plugin v24.5 (Yoast SEO v27.5) - https:\/\/yoast.com\/product\/yoast-seo-premium-wordpress\/ -->\n<title>Semana do Meio Ambiente valoriza os recursos h\u00eddricos. - P31<\/title>\n<meta name=\"robots\" content=\"index, follow, max-snippet:-1, max-image-preview:large, max-video-preview:-1\" \/>\n<link rel=\"canonical\" href=\"https:\/\/www.p31noticias.com.br\/?p=23092\" \/>\n<meta property=\"og:locale\" content=\"pt_BR\" \/>\n<meta property=\"og:type\" content=\"article\" \/>\n<meta property=\"og:title\" content=\"Semana do Meio Ambiente valoriza os recursos h\u00eddricos.\" \/>\n<meta property=\"og:description\" content=\"Em conson\u00e2ncia com a ONU, programa\u00e7\u00e3o no Distrito Federal destaca a\u00e7\u00f5es voltadas \u00e0 gest\u00e3o e conserva\u00e7\u00e3o . A Secretaria de Meio Ambiente (Sema) e o Bras\u00edlia Ambiental dar\u00e3o in\u00edcio na ter\u00e7a-feira, (1\/6), \u00e0\u00a0Semana do Meio Ambiente, programa\u00e7\u00e3o alusiva ao Dia Mundial do Meio Ambiente, que transcorre no pr\u00f3ximo s\u00e1bado, 5 de junho. Este ano, o [&hellip;]\" \/>\n<meta property=\"og:url\" content=\"https:\/\/www.p31noticias.com.br\/?p=23092\" \/>\n<meta property=\"og:site_name\" content=\"P31\" \/>\n<meta property=\"article:published_time\" content=\"2021-05-31T12:31:32+00:00\" \/>\n<meta property=\"og:image\" content=\"https:\/\/www.p31noticias.com.br\/wp-content\/uploads\/2021\/05\/images-8.jpg\" \/>\n\t<meta property=\"og:image:width\" content=\"275\" \/>\n\t<meta property=\"og:image:height\" content=\"183\" \/>\n\t<meta property=\"og:image:type\" content=\"image\/jpeg\" \/>\n<meta name=\"author\" content=\"Gon\u00e7alves Junior\" \/>\n<meta name=\"twitter:card\" content=\"summary_large_image\" \/>\n<meta name=\"twitter:label1\" content=\"Escrito por\" \/>\n\t<meta name=\"twitter:data1\" content=\"Gon\u00e7alves Junior\" \/>\n\t<meta name=\"twitter:label2\" content=\"Est. tempo de leitura\" \/>\n\t<meta name=\"twitter:data2\" content=\"4 minutos\" \/>\n<script type=\"application\/ld+json\" class=\"yoast-schema-graph\">{\"@context\":\"https:\\\/\\\/schema.org\",\"@graph\":[{\"@type\":\"Article\",\"@id\":\"https:\\\/\\\/www.p31noticias.com.br\\\/?p=23092#article\",\"isPartOf\":{\"@id\":\"https:\\\/\\\/www.p31noticias.com.br\\\/?p=23092\"},\"author\":{\"name\":\"Gon\u00e7alves Junior\",\"@id\":\"https:\\\/\\\/www.p31noticias.com.br\\\/#\\\/schema\\\/person\\\/95f2ece30e3b4132065b915150cd0f94\"},\"headline\":\"Semana do Meio Ambiente valoriza os recursos h\u00eddricos.\",\"datePublished\":\"2021-05-31T12:31:32+00:00\",\"mainEntityOfPage\":{\"@id\":\"https:\\\/\\\/www.p31noticias.com.br\\\/?p=23092\"},\"wordCount\":711,\"commentCount\":0,\"image\":{\"@id\":\"https:\\\/\\\/www.p31noticias.com.br\\\/?p=23092#primaryimage\"},\"thumbnailUrl\":\"https:\\\/\\\/www.p31noticias.com.br\\\/wp-content\\\/uploads\\\/2021\\\/05\\\/images-8.jpg\",\"articleSection\":[\"Bras\u00edlia\"],\"inLanguage\":\"pt-BR\",\"potentialAction\":[{\"@type\":\"CommentAction\",\"name\":\"Comment\",\"target\":[\"https:\\\/\\\/www.p31noticias.com.br\\\/?p=23092#respond\"]}],\"copyrightYear\":\"2021\",\"copyrightHolder\":{\"@id\":\"https:\\\/\\\/www.p31noticias.com.br\\\/#organization\"}},{\"@type\":\"WebPage\",\"@id\":\"https:\\\/\\\/www.p31noticias.com.br\\\/?p=23092\",\"url\":\"https:\\\/\\\/www.p31noticias.com.br\\\/?p=23092\",\"name\":\"Semana do Meio Ambiente valoriza os recursos h\u00eddricos. - P31\",\"isPartOf\":{\"@id\":\"https:\\\/\\\/www.p31noticias.com.br\\\/#website\"},\"primaryImageOfPage\":{\"@id\":\"https:\\\/\\\/www.p31noticias.com.br\\\/?p=23092#primaryimage\"},\"image\":{\"@id\":\"https:\\\/\\\/www.p31noticias.com.br\\\/?p=23092#primaryimage\"},\"thumbnailUrl\":\"https:\\\/\\\/www.p31noticias.com.br\\\/wp-content\\\/uploads\\\/2021\\\/05\\\/images-8.jpg\",\"datePublished\":\"2021-05-31T12:31:32+00:00\",\"author\":{\"@id\":\"https:\\\/\\\/www.p31noticias.com.br\\\/#\\\/schema\\\/person\\\/95f2ece30e3b4132065b915150cd0f94\"},\"breadcrumb\":{\"@id\":\"https:\\\/\\\/www.p31noticias.com.br\\\/?p=23092#breadcrumb\"},\"inLanguage\":\"pt-BR\",\"potentialAction\":[{\"@type\":\"ReadAction\",\"target\":[\"https:\\\/\\\/www.p31noticias.com.br\\\/?p=23092\"]}]},{\"@type\":\"ImageObject\",\"inLanguage\":\"pt-BR\",\"@id\":\"https:\\\/\\\/www.p31noticias.com.br\\\/?p=23092#primaryimage\",\"url\":\"https:\\\/\\\/www.p31noticias.com.br\\\/wp-content\\\/uploads\\\/2021\\\/05\\\/images-8.jpg\",\"contentUrl\":\"https:\\\/\\\/www.p31noticias.com.br\\\/wp-content\\\/uploads\\\/2021\\\/05\\\/images-8.jpg\",\"width\":275,\"height\":183},{\"@type\":\"BreadcrumbList\",\"@id\":\"https:\\\/\\\/www.p31noticias.com.br\\\/?p=23092#breadcrumb\",\"itemListElement\":[{\"@type\":\"ListItem\",\"position\":1,\"name\":\"In\u00edcio\",\"item\":\"https:\\\/\\\/www.p31noticias.com.br\\\/\"},{\"@type\":\"ListItem\",\"position\":2,\"name\":\"Semana do Meio Ambiente valoriza os recursos h\u00eddricos.\"}]},{\"@type\":\"WebSite\",\"@id\":\"https:\\\/\\\/www.p31noticias.com.br\\\/#website\",\"url\":\"https:\\\/\\\/www.p31noticias.com.br\\\/\",\"name\":\"P31\",\"description\":\"NOT\u00cdCIAS\",\"potentialAction\":[{\"@type\":\"SearchAction\",\"target\":{\"@type\":\"EntryPoint\",\"urlTemplate\":\"https:\\\/\\\/www.p31noticias.com.br\\\/?s={search_term_string}\"},\"query-input\":{\"@type\":\"PropertyValueSpecification\",\"valueRequired\":true,\"valueName\":\"search_term_string\"}}],\"inLanguage\":\"pt-BR\"},{\"@type\":\"Person\",\"@id\":\"https:\\\/\\\/www.p31noticias.com.br\\\/#\\\/schema\\\/person\\\/95f2ece30e3b4132065b915150cd0f94\",\"name\":\"Gon\u00e7alves Junior\",\"image\":{\"@type\":\"ImageObject\",\"inLanguage\":\"pt-BR\",\"@id\":\"https:\\\/\\\/secure.gravatar.com\\\/avatar\\\/6711f350116a89762687a48d66f723c799e5438a5b7578508d4294cd7a5d0800?s=96&d=mm&r=g\",\"url\":\"https:\\\/\\\/secure.gravatar.com\\\/avatar\\\/6711f350116a89762687a48d66f723c799e5438a5b7578508d4294cd7a5d0800?s=96&d=mm&r=g\",\"contentUrl\":\"https:\\\/\\\/secure.gravatar.com\\\/avatar\\\/6711f350116a89762687a48d66f723c799e5438a5b7578508d4294cd7a5d0800?s=96&d=mm&r=g\",\"caption\":\"Gon\u00e7alves Junior\"},\"url\":\"https:\\\/\\\/www.p31noticias.com.br\\\/?author=2\"}]}<\/script>\n<!-- \/ Yoast SEO Premium plugin. -->","yoast_head_json":{"title":"Semana do Meio Ambiente valoriza os recursos h\u00eddricos. - P31","robots":{"index":"index","follow":"follow","max-snippet":"max-snippet:-1","max-image-preview":"max-image-preview:large","max-video-preview":"max-video-preview:-1"},"canonical":"https:\/\/www.p31noticias.com.br\/?p=23092","og_locale":"pt_BR","og_type":"article","og_title":"Semana do Meio Ambiente valoriza os recursos h\u00eddricos.","og_description":"Em conson\u00e2ncia com a ONU, programa\u00e7\u00e3o no Distrito Federal destaca a\u00e7\u00f5es voltadas \u00e0 gest\u00e3o e conserva\u00e7\u00e3o . A Secretaria de Meio Ambiente (Sema) e o Bras\u00edlia Ambiental dar\u00e3o in\u00edcio na ter\u00e7a-feira, (1\/6), \u00e0\u00a0Semana do Meio Ambiente, programa\u00e7\u00e3o alusiva ao Dia Mundial do Meio Ambiente, que transcorre no pr\u00f3ximo s\u00e1bado, 5 de junho. Este ano, o [&hellip;]","og_url":"https:\/\/www.p31noticias.com.br\/?p=23092","og_site_name":"P31","article_published_time":"2021-05-31T12:31:32+00:00","og_image":[{"width":275,"height":183,"url":"https:\/\/www.p31noticias.com.br\/wp-content\/uploads\/2021\/05\/images-8.jpg","type":"image\/jpeg"}],"author":"Gon\u00e7alves Junior","twitter_card":"summary_large_image","twitter_misc":{"Escrito por":"Gon\u00e7alves Junior","Est. tempo de leitura":"4 minutos"},"schema":{"@context":"https:\/\/schema.org","@graph":[{"@type":"Article","@id":"https:\/\/www.p31noticias.com.br\/?p=23092#article","isPartOf":{"@id":"https:\/\/www.p31noticias.com.br\/?p=23092"},"author":{"name":"Gon\u00e7alves Junior","@id":"https:\/\/www.p31noticias.com.br\/#\/schema\/person\/95f2ece30e3b4132065b915150cd0f94"},"headline":"Semana do Meio Ambiente valoriza os recursos h\u00eddricos.","datePublished":"2021-05-31T12:31:32+00:00","mainEntityOfPage":{"@id":"https:\/\/www.p31noticias.com.br\/?p=23092"},"wordCount":711,"commentCount":0,"image":{"@id":"https:\/\/www.p31noticias.com.br\/?p=23092#primaryimage"},"thumbnailUrl":"https:\/\/www.p31noticias.com.br\/wp-content\/uploads\/2021\/05\/images-8.jpg","articleSection":["Bras\u00edlia"],"inLanguage":"pt-BR","potentialAction":[{"@type":"CommentAction","name":"Comment","target":["https:\/\/www.p31noticias.com.br\/?p=23092#respond"]}],"copyrightYear":"2021","copyrightHolder":{"@id":"https:\/\/www.p31noticias.com.br\/#organization"}},{"@type":"WebPage","@id":"https:\/\/www.p31noticias.com.br\/?p=23092","url":"https:\/\/www.p31noticias.com.br\/?p=23092","name":"Semana do Meio Ambiente valoriza os recursos h\u00eddricos. - P31","isPartOf":{"@id":"https:\/\/www.p31noticias.com.br\/#website"},"primaryImageOfPage":{"@id":"https:\/\/www.p31noticias.com.br\/?p=23092#primaryimage"},"image":{"@id":"https:\/\/www.p31noticias.com.br\/?p=23092#primaryimage"},"thumbnailUrl":"https:\/\/www.p31noticias.com.br\/wp-content\/uploads\/2021\/05\/images-8.jpg","datePublished":"2021-05-31T12:31:32+00:00","author":{"@id":"https:\/\/www.p31noticias.com.br\/#\/schema\/person\/95f2ece30e3b4132065b915150cd0f94"},"breadcrumb":{"@id":"https:\/\/www.p31noticias.com.br\/?p=23092#breadcrumb"},"inLanguage":"pt-BR","potentialAction":[{"@type":"ReadAction","target":["https:\/\/www.p31noticias.com.br\/?p=23092"]}]},{"@type":"ImageObject","inLanguage":"pt-BR","@id":"https:\/\/www.p31noticias.com.br\/?p=23092#primaryimage","url":"https:\/\/www.p31noticias.com.br\/wp-content\/uploads\/2021\/05\/images-8.jpg","contentUrl":"https:\/\/www.p31noticias.com.br\/wp-content\/uploads\/2021\/05\/images-8.jpg","width":275,"height":183},{"@type":"BreadcrumbList","@id":"https:\/\/www.p31noticias.com.br\/?p=23092#breadcrumb","itemListElement":[{"@type":"ListItem","position":1,"name":"In\u00edcio","item":"https:\/\/www.p31noticias.com.br\/"},{"@type":"ListItem","position":2,"name":"Semana do Meio Ambiente valoriza os recursos h\u00eddricos."}]},{"@type":"WebSite","@id":"https:\/\/www.p31noticias.com.br\/#website","url":"https:\/\/www.p31noticias.com.br\/","name":"P31","description":"NOT\u00cdCIAS","potentialAction":[{"@type":"SearchAction","target":{"@type":"EntryPoint","urlTemplate":"https:\/\/www.p31noticias.com.br\/?s={search_term_string}"},"query-input":{"@type":"PropertyValueSpecification","valueRequired":true,"valueName":"search_term_string"}}],"inLanguage":"pt-BR"},{"@type":"Person","@id":"https:\/\/www.p31noticias.com.br\/#\/schema\/person\/95f2ece30e3b4132065b915150cd0f94","name":"Gon\u00e7alves Junior","image":{"@type":"ImageObject","inLanguage":"pt-BR","@id":"https:\/\/secure.gravatar.com\/avatar\/6711f350116a89762687a48d66f723c799e5438a5b7578508d4294cd7a5d0800?s=96&d=mm&r=g","url":"https:\/\/secure.gravatar.com\/avatar\/6711f350116a89762687a48d66f723c799e5438a5b7578508d4294cd7a5d0800?s=96&d=mm&r=g","contentUrl":"https:\/\/secure.gravatar.com\/avatar\/6711f350116a89762687a48d66f723c799e5438a5b7578508d4294cd7a5d0800?s=96&d=mm&r=g","caption":"Gon\u00e7alves Junior"},"url":"https:\/\/www.p31noticias.com.br\/?author=2"}]}},"amp_enabled":true,"_links":{"self":[{"href":"https:\/\/www.p31noticias.com.br\/index.php?rest_route=\/wp\/v2\/posts\/23092","targetHints":{"allow":["GET"]}}],"collection":[{"href":"https:\/\/www.p31noticias.com.br\/index.php?rest_route=\/wp\/v2\/posts"}],"about":[{"href":"https:\/\/www.p31noticias.com.br\/index.php?rest_route=\/wp\/v2\/types\/post"}],"author":[{"embeddable":true,"href":"https:\/\/www.p31noticias.com.br\/index.php?rest_route=\/wp\/v2\/users\/2"}],"replies":[{"embeddable":true,"href":"https:\/\/www.p31noticias.com.br\/index.php?rest_route=%2Fwp%2Fv2%2Fcomments&post=23092"}],"version-history":[{"count":1,"href":"https:\/\/www.p31noticias.com.br\/index.php?rest_route=\/wp\/v2\/posts\/23092\/revisions"}],"predecessor-version":[{"id":23094,"href":"https:\/\/www.p31noticias.com.br\/index.php?rest_route=\/wp\/v2\/posts\/23092\/revisions\/23094"}],"wp:featuredmedia":[{"embeddable":true,"href":"https:\/\/www.p31noticias.com.br\/index.php?rest_route=\/wp\/v2\/media\/23093"}],"wp:attachment":[{"href":"https:\/\/www.p31noticias.com.br\/index.php?rest_route=%2Fwp%2Fv2%2Fmedia&parent=23092"}],"wp:term":[{"taxonomy":"category","embeddable":true,"href":"https:\/\/www.p31noticias.com.br\/index.php?rest_route=%2Fwp%2Fv2%2Fcategories&post=23092"},{"taxonomy":"post_tag","embeddable":true,"href":"https:\/\/www.p31noticias.com.br\/index.php?rest_route=%2Fwp%2Fv2%2Ftags&post=23092"}],"curies":[{"name":"wp","href":"https:\/\/api.w.org\/{rel}","templated":true}]}}