{"id":23089,"date":"2021-05-30T16:44:41","date_gmt":"2021-05-30T16:44:41","guid":{"rendered":"https:\/\/p31noticias.com.br\/?p=23089"},"modified":"2021-05-30T16:44:41","modified_gmt":"2021-05-30T16:44:41","slug":"primeira-semana-de-vacinacao-concluida-com-sucesso","status":"publish","type":"post","link":"https:\/\/www.p31noticias.com.br\/?p=23089","title":{"rendered":"Primeira semana de vacina\u00e7\u00e3o conclu\u00edda com sucesso."},"content":{"rendered":"<p><strong><em>Nesta sexta-feira (28) come\u00e7aram a ser imunizados os vice-diretores de escolas p\u00fablicas.<\/em><\/strong><\/p>\n<p>A vacina\u00e7\u00e3o dos profissionais da educa\u00e7\u00e3o completou a primeira semana nesta sexta-feira (28) com sucesso. Foram cinco mil educadores imunizados \u2014 todos os diretores das 689 escolas p\u00fablicas e mais os profissionais de 172 creches p\u00fablicas e privadas.<\/p>\n<figure id=\"attachment_300643\" class=\"wp-caption aligncenter\" aria-describedby=\"caption-attachment-300643\"><img loading=\"lazy\" decoding=\"async\" class=\"wp-image-300643 \" src=\"http:\/\/www.agenciabrasilia.df.gov.br\/wp-conteudo\/uploads\/2021\/05\/vacina%C3%A7%C3%A3o-6o-grupo-foto-%C3%81lvaro-Henrique-Ascom-SEEDF-1-1024x714.jpeg\" sizes=\"auto, (max-width: 1169px) 100vw, 1169px\" srcset=\"https:\/\/www.agenciabrasilia.df.gov.br\/wp-conteudo\/uploads\/2021\/05\/vacina\u00e7\u00e3o-6o-grupo-foto-\u00c1lvaro-Henrique-Ascom-SEEDF-1-1024x714.jpeg 1024w, https:\/\/www.agenciabrasilia.df.gov.br\/wp-conteudo\/uploads\/2021\/05\/vacina\u00e7\u00e3o-6o-grupo-foto-\u00c1lvaro-Henrique-Ascom-SEEDF-1-300x209.jpeg 300w, https:\/\/www.agenciabrasilia.df.gov.br\/wp-conteudo\/uploads\/2021\/05\/vacina\u00e7\u00e3o-6o-grupo-foto-\u00c1lvaro-Henrique-Ascom-SEEDF-1-768x535.jpeg 768w, https:\/\/www.agenciabrasilia.df.gov.br\/wp-conteudo\/uploads\/2021\/05\/vacina\u00e7\u00e3o-6o-grupo-foto-\u00c1lvaro-Henrique-Ascom-SEEDF-1-142x99.jpeg 142w, https:\/\/www.agenciabrasilia.df.gov.br\/wp-conteudo\/uploads\/2021\/05\/vacina\u00e7\u00e3o-6o-grupo-foto-\u00c1lvaro-Henrique-Ascom-SEEDF-1-160x112.jpeg 160w, https:\/\/www.agenciabrasilia.df.gov.br\/wp-conteudo\/uploads\/2021\/05\/vacina\u00e7\u00e3o-6o-grupo-foto-\u00c1lvaro-Henrique-Ascom-SEEDF-1-256x178.jpeg 256w, https:\/\/www.agenciabrasilia.df.gov.br\/wp-conteudo\/uploads\/2021\/05\/vacina\u00e7\u00e3o-6o-grupo-foto-\u00c1lvaro-Henrique-Ascom-SEEDF-1-1200x836.jpeg 1200w, https:\/\/www.agenciabrasilia.df.gov.br\/wp-conteudo\/uploads\/2021\/05\/vacina\u00e7\u00e3o-6o-grupo-foto-\u00c1lvaro-Henrique-Ascom-SEEDF-1.jpeg 1280w\" alt=\"Secret\u00e1rio de Educa\u00e7\u00e3o do DF, Leandro Cruz, tem visitado a UBS diariamente, vendo de perto o andamento dos trabalhos | Foto: \u00c1lvaro Henrique\/SEEDF\" width=\"1169\" height=\"815\" \/><figcaption id=\"caption-attachment-300643\" class=\"wp-caption-text\">Secret\u00e1rio de Educa\u00e7\u00e3o do DF, Leandro Cruz, tem visitado a UBS diariamente, vendo de perto o andamento dos trabalhos | Foto: \u00c1lvaro Henrique\/SEEDF<\/figcaption><\/figure>\n<p>Agora, chegou a vez dos vice-diretores de escolas p\u00fablicas, que j\u00e1 est\u00e3o sendo convocados. Al\u00e9m deles, a pr\u00f3xima lista de convoca\u00e7\u00e3o continua chamando o pessoal das creches.<\/p>\n<p>O secret\u00e1rio de Educa\u00e7\u00e3o, Leandro Cruz, tem visitado a UBS diariamente, vendo de perto o andamento dos trabalhos e conversado com os profissionais. Ele comemorou o \u00eaxito da primeira semana. \u201cMuita ansiedade, muita luta e muito trabalho duro. Contamos com a parceria do Governo do Distrito Federal \u2013 da Secretaria de Sa\u00fade, da Casa Civil, do governador Ibaneis Rocha. Assim, conseguimos chegar nesse dia. Sexta-feira passada, come\u00e7amos a nossa vacina\u00e7\u00e3o dominando aquela ansiedade do in\u00edcio e, agora, voc\u00ea v\u00ea uma grande festa. A vacina\u00e7\u00e3o dos profissionais da educa\u00e7\u00e3o d\u00e1 uma grande aula de organiza\u00e7\u00e3o e alegria. Vacina \u00e9 vida, vacina \u00e9 ci\u00eancia. Educa\u00e7\u00e3o sempre em defesa da vida\u201d, afirmou.<\/p>\n<p>O secret\u00e1rio executivo, F\u00e1bio Sousa, tamb\u00e9m acompanhou a visita. \u201cNossa expectativa \u00e9 fechar hoje com as doses iniciais que foram disponibilizadas para a Secretaria de Educa\u00e7\u00e3o, lembrando que, nessa primeira fase, os que atuam nas creches p\u00fablicas j\u00e1 foram vacinados, incluindo equipes gestoras, professores, monitores, al\u00e9m dos diretores de escolas p\u00fablicas\u201d, informou.<\/p>\n<figure id=\"attachment_300646\" class=\"wp-caption aligncenter\" aria-describedby=\"caption-attachment-300646\"><img loading=\"lazy\" decoding=\"async\" class=\"wp-image-300646 \" src=\"http:\/\/www.agenciabrasilia.df.gov.br\/wp-conteudo\/uploads\/2021\/05\/vacina%C3%A7%C3%A3o-6o-grupo-foto-%C3%81lvaro-Henrique-Ascom-SEEDF-2-1024x636.jpeg\" sizes=\"auto, (max-width: 1167px) 100vw, 1167px\" srcset=\"https:\/\/www.agenciabrasilia.df.gov.br\/wp-conteudo\/uploads\/2021\/05\/vacina\u00e7\u00e3o-6o-grupo-foto-\u00c1lvaro-Henrique-Ascom-SEEDF-2-1024x636.jpeg 1024w, https:\/\/www.agenciabrasilia.df.gov.br\/wp-conteudo\/uploads\/2021\/05\/vacina\u00e7\u00e3o-6o-grupo-foto-\u00c1lvaro-Henrique-Ascom-SEEDF-2-300x186.jpeg 300w, https:\/\/www.agenciabrasilia.df.gov.br\/wp-conteudo\/uploads\/2021\/05\/vacina\u00e7\u00e3o-6o-grupo-foto-\u00c1lvaro-Henrique-Ascom-SEEDF-2-768x477.jpeg 768w, https:\/\/www.agenciabrasilia.df.gov.br\/wp-conteudo\/uploads\/2021\/05\/vacina\u00e7\u00e3o-6o-grupo-foto-\u00c1lvaro-Henrique-Ascom-SEEDF-2-159x99.jpeg 159w, https:\/\/www.agenciabrasilia.df.gov.br\/wp-conteudo\/uploads\/2021\/05\/vacina\u00e7\u00e3o-6o-grupo-foto-\u00c1lvaro-Henrique-Ascom-SEEDF-2-160x99.jpeg 160w, https:\/\/www.agenciabrasilia.df.gov.br\/wp-conteudo\/uploads\/2021\/05\/vacina\u00e7\u00e3o-6o-grupo-foto-\u00c1lvaro-Henrique-Ascom-SEEDF-2-256x159.jpeg 256w, https:\/\/www.agenciabrasilia.df.gov.br\/wp-conteudo\/uploads\/2021\/05\/vacina\u00e7\u00e3o-6o-grupo-foto-\u00c1lvaro-Henrique-Ascom-SEEDF-2-1200x746.jpeg 1200w, https:\/\/www.agenciabrasilia.df.gov.br\/wp-conteudo\/uploads\/2021\/05\/vacina\u00e7\u00e3o-6o-grupo-foto-\u00c1lvaro-Henrique-Ascom-SEEDF-2.jpeg 1265w\" alt=\"\" width=\"1167\" height=\"725\" \/><figcaption id=\"caption-attachment-300646\" class=\"wp-caption-text\">Logo no come\u00e7o da tarde, Geilza Medeiros, vice-diretora da EC 02, do Riacho Fundo II, foi receber a vacina | Foto: \u00c1lvaro Henrique\/SEEDF<\/figcaption><\/figure>\n<p><strong>Esperan\u00e7a<\/strong><\/p>\n<p>A vice-diretora da Escola Classe 02, Geilza Medeiros, do Riacho Fundo II, foi logo no come\u00e7o da tarde receber a vacina. \u201c\u00c9 um momento de expectativa e esperan\u00e7a. Aguardamos com muita emo\u00e7\u00e3o o retorno presencial das crian\u00e7as. Nunca paramos de trabalhar, de ir \u00e0 escola, sempre com muita garra\u201d.<\/p>\n<p>A monitora J\u00e9ssica Lu\u00edza Fonseca Rodrigues, do CEPI Papagaio, inaugurado em 2020 pela Secretaria de Educa\u00e7\u00e3o, disse estar aliviada e se prepara para a volta presencial. \u201c\u00c9 uma sensa\u00e7\u00e3o boa, de estar protegida. \u00c9 um passo importante, tamb\u00e9m para voltarmos \u00e0s atividades presenciais, para prestarmos o atendimento que nossas crian\u00e7as precisam.\u201d<\/p>\n<p>Raquel Abreu, da unidade de Brazl\u00e2ndia do Centro Social Comunit\u00e1rio Tia Angelina, parceiro da secretaria, expressou o mesmo sentimento. \u201c\u00c9 uma dose de esperan\u00e7a, em um pa\u00eds onde tantas pessoas est\u00e3o morrendo. Termos a oportunidade de nos vacinar, para poder voltar \u00e0 normalidade, \u00e9 muito reconfortante.\u201d<\/p>\n<p>Para marcar o fechamento da semana, teve apresenta\u00e7\u00e3o de MPB com os professores Jo\u00e3o Marinho (viol\u00e3o) e Denilson Bianchine (percuss\u00e3o erudita), da escola de m\u00fasica popular brasileira da Escola de M\u00fasica de Bras\u00edlia.<\/p>\n<p>Segue ainda a campanha Vacina\u00e7\u00e3o Solid\u00e1ria, pela qual os profissionais da educa\u00e7\u00e3o que est\u00e3o sendo imunizados doam alimentos n\u00e3o perec\u00edveis que ser\u00e3o entregues \u00e0s fam\u00edlias de estudantes em situa\u00e7\u00e3o de vulnerabilidade social.<\/p>\n<p><strong>Convoca\u00e7\u00e3o<\/strong><\/p>\n<p>A\u00a0<a href=\"http:\/\/www.educacao.df.gov.br\/plano-de-vacinacao-da-educacao\/\" target=\"_blank\" rel=\"noopener noreferrer\">lista dos convocados<\/a>\u00a0pode ser acessada na p\u00e1gina destinada ao acompanhamento da vacina\u00e7\u00e3o dos profissionais de educa\u00e7\u00e3o.<\/p>\n<p>Na UBS, volunt\u00e1rios das coordena\u00e7\u00f5es regionais de ensino, por revezamento, ajudam na organiza\u00e7\u00e3o e conferem o documento de identidade dos profissionais, de acordo com a lista de convoca\u00e7\u00e3o.<\/p>\n<p>&nbsp;<\/p>\n<p><em>*Com informa\u00e7\u00f5es da Secretaria de Educa\u00e7\u00e3o<\/em><\/p>\n","protected":false},"excerpt":{"rendered":"<p>Nesta sexta-feira (28) come\u00e7aram a ser imunizados os vice-diretores de escolas p\u00fablicas. A vacina\u00e7\u00e3o dos profissionais da educa\u00e7\u00e3o completou a primeira semana nesta sexta-feira (28) com sucesso. Foram cinco mil educadores imunizados \u2014 todos os diretores das 689 escolas p\u00fablicas e mais os profissionais de 172 creches p\u00fablicas e privadas. Secret\u00e1rio de Educa\u00e7\u00e3o do DF, [&hellip;]<\/p>\n","protected":false},"author":2,"featured_media":23090,"comment_status":"open","ping_status":"open","sticky":false,"template":"","format":"standard","meta":{"footnotes":""},"categories":[21],"tags":[],"class_list":{"0":"post-23089","1":"post","2":"type-post","3":"status-publish","4":"format-standard","5":"has-post-thumbnail","7":"category-brasilia"},"yoast_head":"<!-- This site is optimized with the Yoast SEO Premium plugin v24.5 (Yoast SEO v27.5) - https:\/\/yoast.com\/product\/yoast-seo-premium-wordpress\/ -->\n<title>Primeira semana de vacina\u00e7\u00e3o conclu\u00edda com sucesso. - P31<\/title>\n<meta name=\"robots\" content=\"index, follow, max-snippet:-1, max-image-preview:large, max-video-preview:-1\" \/>\n<link rel=\"canonical\" href=\"https:\/\/www.p31noticias.com.br\/?p=23089\" \/>\n<meta property=\"og:locale\" content=\"pt_BR\" \/>\n<meta property=\"og:type\" content=\"article\" \/>\n<meta property=\"og:title\" content=\"Primeira semana de vacina\u00e7\u00e3o conclu\u00edda com sucesso.\" \/>\n<meta property=\"og:description\" content=\"Nesta sexta-feira (28) come\u00e7aram a ser imunizados os vice-diretores de escolas p\u00fablicas. A vacina\u00e7\u00e3o dos profissionais da educa\u00e7\u00e3o completou a primeira semana nesta sexta-feira (28) com sucesso. Foram cinco mil educadores imunizados \u2014 todos os diretores das 689 escolas p\u00fablicas e mais os profissionais de 172 creches p\u00fablicas e privadas. Secret\u00e1rio de Educa\u00e7\u00e3o do DF, [&hellip;]\" \/>\n<meta property=\"og:url\" content=\"https:\/\/www.p31noticias.com.br\/?p=23089\" \/>\n<meta property=\"og:site_name\" content=\"P31\" \/>\n<meta property=\"article:published_time\" content=\"2021-05-30T16:44:41+00:00\" \/>\n<meta property=\"og:image\" content=\"https:\/\/www.p31noticias.com.br\/wp-content\/uploads\/2021\/05\/9131413_640x360.jpg\" \/>\n\t<meta property=\"og:image:width\" content=\"640\" \/>\n\t<meta property=\"og:image:height\" content=\"360\" \/>\n\t<meta property=\"og:image:type\" content=\"image\/jpeg\" \/>\n<meta name=\"author\" content=\"Gon\u00e7alves Junior\" \/>\n<meta name=\"twitter:card\" content=\"summary_large_image\" \/>\n<meta name=\"twitter:label1\" content=\"Escrito por\" \/>\n\t<meta name=\"twitter:data1\" content=\"Gon\u00e7alves Junior\" \/>\n\t<meta name=\"twitter:label2\" content=\"Est. tempo de leitura\" \/>\n\t<meta name=\"twitter:data2\" content=\"3 minutos\" \/>\n<script type=\"application\/ld+json\" class=\"yoast-schema-graph\">{\"@context\":\"https:\\\/\\\/schema.org\",\"@graph\":[{\"@type\":\"Article\",\"@id\":\"https:\\\/\\\/www.p31noticias.com.br\\\/?p=23089#article\",\"isPartOf\":{\"@id\":\"https:\\\/\\\/www.p31noticias.com.br\\\/?p=23089\"},\"author\":{\"name\":\"Gon\u00e7alves Junior\",\"@id\":\"https:\\\/\\\/www.p31noticias.com.br\\\/#\\\/schema\\\/person\\\/95f2ece30e3b4132065b915150cd0f94\"},\"headline\":\"Primeira semana de vacina\u00e7\u00e3o conclu\u00edda com sucesso.\",\"datePublished\":\"2021-05-30T16:44:41+00:00\",\"mainEntityOfPage\":{\"@id\":\"https:\\\/\\\/www.p31noticias.com.br\\\/?p=23089\"},\"wordCount\":614,\"commentCount\":0,\"image\":{\"@id\":\"https:\\\/\\\/www.p31noticias.com.br\\\/?p=23089#primaryimage\"},\"thumbnailUrl\":\"https:\\\/\\\/www.p31noticias.com.br\\\/wp-content\\\/uploads\\\/2021\\\/05\\\/9131413_640x360.jpg\",\"articleSection\":[\"Bras\u00edlia\"],\"inLanguage\":\"pt-BR\",\"potentialAction\":[{\"@type\":\"CommentAction\",\"name\":\"Comment\",\"target\":[\"https:\\\/\\\/www.p31noticias.com.br\\\/?p=23089#respond\"]}],\"copyrightYear\":\"2021\",\"copyrightHolder\":{\"@id\":\"https:\\\/\\\/www.p31noticias.com.br\\\/#organization\"}},{\"@type\":\"WebPage\",\"@id\":\"https:\\\/\\\/www.p31noticias.com.br\\\/?p=23089\",\"url\":\"https:\\\/\\\/www.p31noticias.com.br\\\/?p=23089\",\"name\":\"Primeira semana de vacina\u00e7\u00e3o conclu\u00edda com sucesso. - P31\",\"isPartOf\":{\"@id\":\"https:\\\/\\\/www.p31noticias.com.br\\\/#website\"},\"primaryImageOfPage\":{\"@id\":\"https:\\\/\\\/www.p31noticias.com.br\\\/?p=23089#primaryimage\"},\"image\":{\"@id\":\"https:\\\/\\\/www.p31noticias.com.br\\\/?p=23089#primaryimage\"},\"thumbnailUrl\":\"https:\\\/\\\/www.p31noticias.com.br\\\/wp-content\\\/uploads\\\/2021\\\/05\\\/9131413_640x360.jpg\",\"datePublished\":\"2021-05-30T16:44:41+00:00\",\"author\":{\"@id\":\"https:\\\/\\\/www.p31noticias.com.br\\\/#\\\/schema\\\/person\\\/95f2ece30e3b4132065b915150cd0f94\"},\"breadcrumb\":{\"@id\":\"https:\\\/\\\/www.p31noticias.com.br\\\/?p=23089#breadcrumb\"},\"inLanguage\":\"pt-BR\",\"potentialAction\":[{\"@type\":\"ReadAction\",\"target\":[\"https:\\\/\\\/www.p31noticias.com.br\\\/?p=23089\"]}]},{\"@type\":\"ImageObject\",\"inLanguage\":\"pt-BR\",\"@id\":\"https:\\\/\\\/www.p31noticias.com.br\\\/?p=23089#primaryimage\",\"url\":\"https:\\\/\\\/www.p31noticias.com.br\\\/wp-content\\\/uploads\\\/2021\\\/05\\\/9131413_640x360.jpg\",\"contentUrl\":\"https:\\\/\\\/www.p31noticias.com.br\\\/wp-content\\\/uploads\\\/2021\\\/05\\\/9131413_640x360.jpg\",\"width\":640,\"height\":360},{\"@type\":\"BreadcrumbList\",\"@id\":\"https:\\\/\\\/www.p31noticias.com.br\\\/?p=23089#breadcrumb\",\"itemListElement\":[{\"@type\":\"ListItem\",\"position\":1,\"name\":\"In\u00edcio\",\"item\":\"https:\\\/\\\/www.p31noticias.com.br\\\/\"},{\"@type\":\"ListItem\",\"position\":2,\"name\":\"Primeira semana de vacina\u00e7\u00e3o conclu\u00edda com sucesso.\"}]},{\"@type\":\"WebSite\",\"@id\":\"https:\\\/\\\/www.p31noticias.com.br\\\/#website\",\"url\":\"https:\\\/\\\/www.p31noticias.com.br\\\/\",\"name\":\"P31\",\"description\":\"NOT\u00cdCIAS\",\"potentialAction\":[{\"@type\":\"SearchAction\",\"target\":{\"@type\":\"EntryPoint\",\"urlTemplate\":\"https:\\\/\\\/www.p31noticias.com.br\\\/?s={search_term_string}\"},\"query-input\":{\"@type\":\"PropertyValueSpecification\",\"valueRequired\":true,\"valueName\":\"search_term_string\"}}],\"inLanguage\":\"pt-BR\"},{\"@type\":\"Person\",\"@id\":\"https:\\\/\\\/www.p31noticias.com.br\\\/#\\\/schema\\\/person\\\/95f2ece30e3b4132065b915150cd0f94\",\"name\":\"Gon\u00e7alves Junior\",\"image\":{\"@type\":\"ImageObject\",\"inLanguage\":\"pt-BR\",\"@id\":\"https:\\\/\\\/secure.gravatar.com\\\/avatar\\\/6711f350116a89762687a48d66f723c799e5438a5b7578508d4294cd7a5d0800?s=96&d=mm&r=g\",\"url\":\"https:\\\/\\\/secure.gravatar.com\\\/avatar\\\/6711f350116a89762687a48d66f723c799e5438a5b7578508d4294cd7a5d0800?s=96&d=mm&r=g\",\"contentUrl\":\"https:\\\/\\\/secure.gravatar.com\\\/avatar\\\/6711f350116a89762687a48d66f723c799e5438a5b7578508d4294cd7a5d0800?s=96&d=mm&r=g\",\"caption\":\"Gon\u00e7alves Junior\"},\"url\":\"https:\\\/\\\/www.p31noticias.com.br\\\/?author=2\"}]}<\/script>\n<!-- \/ Yoast SEO Premium plugin. -->","yoast_head_json":{"title":"Primeira semana de vacina\u00e7\u00e3o conclu\u00edda com sucesso. - P31","robots":{"index":"index","follow":"follow","max-snippet":"max-snippet:-1","max-image-preview":"max-image-preview:large","max-video-preview":"max-video-preview:-1"},"canonical":"https:\/\/www.p31noticias.com.br\/?p=23089","og_locale":"pt_BR","og_type":"article","og_title":"Primeira semana de vacina\u00e7\u00e3o conclu\u00edda com sucesso.","og_description":"Nesta sexta-feira (28) come\u00e7aram a ser imunizados os vice-diretores de escolas p\u00fablicas. A vacina\u00e7\u00e3o dos profissionais da educa\u00e7\u00e3o completou a primeira semana nesta sexta-feira (28) com sucesso. Foram cinco mil educadores imunizados \u2014 todos os diretores das 689 escolas p\u00fablicas e mais os profissionais de 172 creches p\u00fablicas e privadas. Secret\u00e1rio de Educa\u00e7\u00e3o do DF, [&hellip;]","og_url":"https:\/\/www.p31noticias.com.br\/?p=23089","og_site_name":"P31","article_published_time":"2021-05-30T16:44:41+00:00","og_image":[{"width":640,"height":360,"url":"https:\/\/www.p31noticias.com.br\/wp-content\/uploads\/2021\/05\/9131413_640x360.jpg","type":"image\/jpeg"}],"author":"Gon\u00e7alves Junior","twitter_card":"summary_large_image","twitter_misc":{"Escrito por":"Gon\u00e7alves Junior","Est. tempo de leitura":"3 minutos"},"schema":{"@context":"https:\/\/schema.org","@graph":[{"@type":"Article","@id":"https:\/\/www.p31noticias.com.br\/?p=23089#article","isPartOf":{"@id":"https:\/\/www.p31noticias.com.br\/?p=23089"},"author":{"name":"Gon\u00e7alves Junior","@id":"https:\/\/www.p31noticias.com.br\/#\/schema\/person\/95f2ece30e3b4132065b915150cd0f94"},"headline":"Primeira semana de vacina\u00e7\u00e3o conclu\u00edda com sucesso.","datePublished":"2021-05-30T16:44:41+00:00","mainEntityOfPage":{"@id":"https:\/\/www.p31noticias.com.br\/?p=23089"},"wordCount":614,"commentCount":0,"image":{"@id":"https:\/\/www.p31noticias.com.br\/?p=23089#primaryimage"},"thumbnailUrl":"https:\/\/www.p31noticias.com.br\/wp-content\/uploads\/2021\/05\/9131413_640x360.jpg","articleSection":["Bras\u00edlia"],"inLanguage":"pt-BR","potentialAction":[{"@type":"CommentAction","name":"Comment","target":["https:\/\/www.p31noticias.com.br\/?p=23089#respond"]}],"copyrightYear":"2021","copyrightHolder":{"@id":"https:\/\/www.p31noticias.com.br\/#organization"}},{"@type":"WebPage","@id":"https:\/\/www.p31noticias.com.br\/?p=23089","url":"https:\/\/www.p31noticias.com.br\/?p=23089","name":"Primeira semana de vacina\u00e7\u00e3o conclu\u00edda com sucesso. - P31","isPartOf":{"@id":"https:\/\/www.p31noticias.com.br\/#website"},"primaryImageOfPage":{"@id":"https:\/\/www.p31noticias.com.br\/?p=23089#primaryimage"},"image":{"@id":"https:\/\/www.p31noticias.com.br\/?p=23089#primaryimage"},"thumbnailUrl":"https:\/\/www.p31noticias.com.br\/wp-content\/uploads\/2021\/05\/9131413_640x360.jpg","datePublished":"2021-05-30T16:44:41+00:00","author":{"@id":"https:\/\/www.p31noticias.com.br\/#\/schema\/person\/95f2ece30e3b4132065b915150cd0f94"},"breadcrumb":{"@id":"https:\/\/www.p31noticias.com.br\/?p=23089#breadcrumb"},"inLanguage":"pt-BR","potentialAction":[{"@type":"ReadAction","target":["https:\/\/www.p31noticias.com.br\/?p=23089"]}]},{"@type":"ImageObject","inLanguage":"pt-BR","@id":"https:\/\/www.p31noticias.com.br\/?p=23089#primaryimage","url":"https:\/\/www.p31noticias.com.br\/wp-content\/uploads\/2021\/05\/9131413_640x360.jpg","contentUrl":"https:\/\/www.p31noticias.com.br\/wp-content\/uploads\/2021\/05\/9131413_640x360.jpg","width":640,"height":360},{"@type":"BreadcrumbList","@id":"https:\/\/www.p31noticias.com.br\/?p=23089#breadcrumb","itemListElement":[{"@type":"ListItem","position":1,"name":"In\u00edcio","item":"https:\/\/www.p31noticias.com.br\/"},{"@type":"ListItem","position":2,"name":"Primeira semana de vacina\u00e7\u00e3o conclu\u00edda com sucesso."}]},{"@type":"WebSite","@id":"https:\/\/www.p31noticias.com.br\/#website","url":"https:\/\/www.p31noticias.com.br\/","name":"P31","description":"NOT\u00cdCIAS","potentialAction":[{"@type":"SearchAction","target":{"@type":"EntryPoint","urlTemplate":"https:\/\/www.p31noticias.com.br\/?s={search_term_string}"},"query-input":{"@type":"PropertyValueSpecification","valueRequired":true,"valueName":"search_term_string"}}],"inLanguage":"pt-BR"},{"@type":"Person","@id":"https:\/\/www.p31noticias.com.br\/#\/schema\/person\/95f2ece30e3b4132065b915150cd0f94","name":"Gon\u00e7alves Junior","image":{"@type":"ImageObject","inLanguage":"pt-BR","@id":"https:\/\/secure.gravatar.com\/avatar\/6711f350116a89762687a48d66f723c799e5438a5b7578508d4294cd7a5d0800?s=96&d=mm&r=g","url":"https:\/\/secure.gravatar.com\/avatar\/6711f350116a89762687a48d66f723c799e5438a5b7578508d4294cd7a5d0800?s=96&d=mm&r=g","contentUrl":"https:\/\/secure.gravatar.com\/avatar\/6711f350116a89762687a48d66f723c799e5438a5b7578508d4294cd7a5d0800?s=96&d=mm&r=g","caption":"Gon\u00e7alves Junior"},"url":"https:\/\/www.p31noticias.com.br\/?author=2"}]}},"amp_enabled":true,"_links":{"self":[{"href":"https:\/\/www.p31noticias.com.br\/index.php?rest_route=\/wp\/v2\/posts\/23089","targetHints":{"allow":["GET"]}}],"collection":[{"href":"https:\/\/www.p31noticias.com.br\/index.php?rest_route=\/wp\/v2\/posts"}],"about":[{"href":"https:\/\/www.p31noticias.com.br\/index.php?rest_route=\/wp\/v2\/types\/post"}],"author":[{"embeddable":true,"href":"https:\/\/www.p31noticias.com.br\/index.php?rest_route=\/wp\/v2\/users\/2"}],"replies":[{"embeddable":true,"href":"https:\/\/www.p31noticias.com.br\/index.php?rest_route=%2Fwp%2Fv2%2Fcomments&post=23089"}],"version-history":[{"count":1,"href":"https:\/\/www.p31noticias.com.br\/index.php?rest_route=\/wp\/v2\/posts\/23089\/revisions"}],"predecessor-version":[{"id":23091,"href":"https:\/\/www.p31noticias.com.br\/index.php?rest_route=\/wp\/v2\/posts\/23089\/revisions\/23091"}],"wp:featuredmedia":[{"embeddable":true,"href":"https:\/\/www.p31noticias.com.br\/index.php?rest_route=\/wp\/v2\/media\/23090"}],"wp:attachment":[{"href":"https:\/\/www.p31noticias.com.br\/index.php?rest_route=%2Fwp%2Fv2%2Fmedia&parent=23089"}],"wp:term":[{"taxonomy":"category","embeddable":true,"href":"https:\/\/www.p31noticias.com.br\/index.php?rest_route=%2Fwp%2Fv2%2Fcategories&post=23089"},{"taxonomy":"post_tag","embeddable":true,"href":"https:\/\/www.p31noticias.com.br\/index.php?rest_route=%2Fwp%2Fv2%2Ftags&post=23089"}],"curies":[{"name":"wp","href":"https:\/\/api.w.org\/{rel}","templated":true}]}}