{"id":23081,"date":"2021-05-30T16:25:25","date_gmt":"2021-05-30T16:25:25","guid":{"rendered":"https:\/\/p31noticias.com.br\/?p=23081"},"modified":"2021-05-30T16:36:03","modified_gmt":"2021-05-30T16:36:03","slug":"distrito-federal-faz-casamento-comunitario-no-museu-nacional","status":"publish","type":"post","link":"https:\/\/www.p31noticias.com.br\/?p=23081","title":{"rendered":"Distrito Federal faz casamento comunit\u00e1rio no Museu Nacional."},"content":{"rendered":"<h3 class=\"col-10 offset-1 animated fadeInDown dealy-900 display-8 display-md-8 alt-font font-italic my-1 text-center\" style=\"text-align: justify;\"><em><strong>Cerim\u00f4nia, com 40 casais, est\u00e1 marcada para as 17h.<\/strong><\/em><\/h3>\n<p style=\"text-align: justify;\">Ap\u00f3s 11\u00a0anos vivendo juntos, Gerlane de Sousa Felisbino, 38, e Ant\u00f4nio de Aquino, 48, v\u00e3o se casar \u201cde papel passado\u201d. A celebra\u00e7\u00e3o ocorre neste\u00a0domingo\u00a0(30), \u00e0s 17h, em um dos famosos cart\u00f5es-postais de Bras\u00edlia, o Museu Nacional, projetado pelo arquiteto Oscar Niemeyer e constru\u00eddo na Esplanada dos Minist\u00e9rios.<img decoding=\"async\" src=\"https:\/\/agenciabrasil.ebc.com.br\/ebc.png?id=1411146&amp;o=node\" \/><img decoding=\"async\" src=\"https:\/\/agenciabrasil.ebc.com.br\/ebc.gif?id=1411146&amp;o=node\" \/><\/p>\n<p style=\"text-align: justify;\">Quando ingressarem no audit\u00f3rio e caminharem em dire\u00e7\u00e3o \u00e0 ju\u00edza de paz e mestre de cerim\u00f4nia Joyce Albuquerque, a t\u00e9cnica em enfermagem e o chefe de cozinha estar\u00e3o acompanhados, a certa dist\u00e2ncia, por mais\u00a039 casais. Todos\u00a0<a href=\"http:\/\/www.sejus.df.gov.br\/wp-conteudo\/uploads\/2021\/04\/Planilha_Habilitados_ASCOM.pdf\" target=\"_blank\" rel=\"noopener noreferrer\">selecionados<\/a>\u00a0para participar do primeiro casamento comunit\u00e1rio que a\u00a0Secretaria de Justi\u00e7a e Cidadania (Sejus)\u00a0promove depois que o governo do Distrito Federal\u00a0<a href=\"http:\/\/www.sinj.df.gov.br\/sinj\/Norma\/fca173f79fd64e0f8076d7ff6f205d5a\/exec_dec_41971_2021.html\" target=\"_blank\" rel=\"noopener noreferrer\">transformou\u00a0em programa<\/a>\u00a0de governo a iniciativa de oficializar a uni\u00e3o civil de pessoas sem condi\u00e7\u00f5es financeiras para pagar\u00a0pela documenta\u00e7\u00e3o e\u00a0por\u00a0uma solenidade com direito a vestido de noiva, maquiagem,\u00a0buffet\u00a0e alguns poucos convidados.<\/p>\n<p style=\"text-align: justify;\">\u201cH\u00e1 muito tempo planejamos\u00a0fazer isso,\u00a0mas nunca dava certo. Engravidamos,\u00a0nosso filho nasceu, os gastos aumentaram e acabou que a gente\u00a0teve que\u00a0adiar,\u00a0porque sempre\u00a0t\u00ednhamos que colocar\u00a0outras\u00a0prioridades na balan\u00e7a\u201d,\u00a0contou Gerlane \u00e0\u00a0<strong>Ag\u00eancia Brasil<\/strong>.<\/p>\n<p style=\"text-align: justify;\">Desempregada h\u00e1 pouco mais de um ano,\u00a0com um filho de oito anos e contando apenas com o sal\u00e1rio de Ant\u00f4nio para custear as despesas familiares (incluindo o aluguel), Gerlane\u00a0soube que o governo do Distrito Federal selecionaria 40 casais\u00a0interessados em\u00a0participar do evento comunit\u00e1rio. E\u00a0decidiu arriscar a sorte\u00a0antes mesmo de\u00a0comunicar ao companheiro.<\/p>\n<p style=\"text-align: justify;\">\u201cQuando ele chegou em casa,\u00a0contei que\u00a0est\u00e1vamos\u00a0inscritos\u00a0para participar da sele\u00e7\u00e3o.\u00a0E\u00a0que \u00edamos nos casar\u201d,\u00a0lembra Gerlane. Questionada se\u00a0Ant\u00f4nio ficou animado\u00a0ao saber de\u00a0sua\u00a0iniciativa, ela\u00a0riu e respondeu:\u00a0\u201cOu fica, ou fica\u201d.\u00a0Afinal,\u00a0uma vez selecionados,\u00a0estaria superado o principal impedimento \u00e0 realiza\u00e7\u00e3o do plano que o casal vinha acalentando h\u00e1 anos.<\/p>\n<p style=\"text-align: justify;\">\u201cDa \u00faltima vez que olhei, s\u00f3 o aluguel de um vestido de noiva, dos mais baratos, sa\u00eda por mais de R$ 900. Um profissional de maquiagem cobrava mais de R$ 200. E mesmo que pag\u00e1ssemos s\u00f3 o cart\u00f3rio, os gastos podiam chegar a R$ 400, dependendo do local. Voc\u00ea soma tudo e v\u00ea que \u00e9 um gasto significativo. Principalmente agora, em um momento de pandemia e desemprego\u201d, destaca a noiva.<\/p>\n<p style=\"text-align: justify;\">Devido \u00e0 crise sanit\u00e1ria, Felipe, o filho do casal, n\u00e3o ir\u00e1 \u00e0 cerim\u00f4nia. Al\u00e9m de preferirem n\u00e3o expor o garoto ao risco, cada casal s\u00f3 pode convidar at\u00e9 quatro pessoas para acompanhar a solenidade dentro do Museu Nacional. Gerlane e Ant\u00f4nio chamaram seus pais. Outros parentes e amigos poder\u00e3o assistir ao casamento em tempo real, pela internet. Al\u00e9m disso, um tel\u00e3o ser\u00e1 montado na \u00e1rea externa do museu, onde cadeiras estar\u00e3o dispon\u00edveis para quem, respeitando o distanciamento social, preferir esperar do lado de fora.<\/p>\n<div class=\"dnd-widget-wrapper context-cheio_8colunas type-image\" style=\"text-align: justify;\">\n<div class=\"dnd-atom-rendered\">\n<div class=\"shadow overflow-hidden rounded-lg d-block zoom-on-hover-sm shadow-hover w-100\"><img decoding=\"async\" class=\"flex-fill img-cover\" title=\"Marcelo Camargo\/Ag\u00eancia Brasil\" src=\"https:\/\/imagens.ebc.com.br\/qgDy9ZDAMdpgfPPai9z5tjMl5Ow=\/754x0\/smart\/https:\/\/agenciabrasil.ebc.com.br\/sites\/default\/files\/thumbnails\/image\/ensaio-casamento-comunitario_mcamgo_abr_270520211818-7.jpg?itok=-HZNEv1Y\" alt=\"Casais selecionados por meio de edital da Secretaria de Justi\u00e7a e Cidadania do DF participam de ensaio para o primeiro casamento comunit\u00e1rio de 2021.\" \/><\/div>\n<\/div>\n<div class=\"dnd-caption-wrapper\">\n<div class=\"meta\">Casais selecionados por meio de edital da Secretaria de Justi\u00e7a e Cidadania do DF participam de ensaio para o primeiro casamento comunit\u00e1rio de 2021. &#8211;\u00a0<strong>Marcelo Camargo\/Ag\u00eancia Brasil<\/strong><\/div>\n<\/div>\n<\/div>\n<p style=\"text-align: justify;\">Na\u00a0\u00faltima\u00a0quinta-feira (27), a\u00a0Secretaria de Justi\u00e7a\u00a0reuniu\u00a0os\u00a0casais\u00a0para\u00a0orient\u00e1-los sobre como evitar\u00a0aglomera\u00e7\u00f5es durante a cerim\u00f4nia,\u00a0j\u00e1 que boa\u00a0parte deles ir\u00e1 se vestir\u00a0no pr\u00f3prio local\u00a0do evento. Parceiro da iniciativa, o Servi\u00e7o Nacional de Aprendizagem Comercial (Senac-DF) vai instalar um sal\u00e3o de beleza volante ao lado do museu,\u00a0onde\u00a0alunos e instrutores dos cursos de cabeleireiro e maquiador\u00a0preparar\u00e3o\u00a0as noivas e noivos. Restaurantes fornecer\u00e3o almo\u00e7o\u00a0e salgados.\u00a0As roupas cedidas a alguns dos casais vieram, em parte, do acervo da pr\u00f3pria secretaria,\u00a0e foram ajustadas por estudantes e professores do Senac.<\/p>\n<p style=\"text-align: justify;\">Segundo a Sejus, as parcerias permitem ao governo do Distrito Federal\u00a0realizar o sonho dessas pessoas a um custo m\u00ednimo para os cofres p\u00fablicos, cerca de R$ 7,2 mil.\u00a0E a iniciativa, lembra\u00a0a secretaria, cumpre\u00a0o objetivo de \u201cconsolidar a fam\u00edlia como n\u00facleo social b\u00e1sico de acolhida, conv\u00edvio, autonomia, sustentabilidade e protagonismo social\u201d,\u00a0conforme prev\u00ea o decreto que instituiu o Programa Casamento Comunit\u00e1rio &#8211; que tem mais\u00a0dois prop\u00f3sitos legais:\u00a0a defesa do direito \u00e0 conviv\u00eancia familiar e a promo\u00e7\u00e3o dos direitos humanos, a prote\u00e7\u00e3o jur\u00eddica e garantia dos direitos civis da fam\u00edlia e sucess\u00f5es.<\/p>\n<p style=\"text-align: justify;\">\u201cIsso \u00e9 algo muito importante. Principalmente se o casal tem filhos, como \u00e9 o nosso caso. Porque, queira ou n\u00e3o, s\u00f3 com a oficializa\u00e7\u00e3o [da uni\u00e3o civil] n\u00f3s temos certeza de que garantiremos alguns direitos, um amparo\u201d, afirma Ant\u00f4nio, admitindo estar se sentindo cada vez mais ansioso com a aproxima\u00e7\u00e3o do casamento. \u00a0\u201cQuer\u00edamos\u00a0muito isso. E se n\u00e3o fosse desta vez, tentar\u00edamos de novo na pr\u00f3xima\u201d, acrescentou o noivo.<\/p>\n<p style=\"text-align: justify;\">Ag\u00eancia Brasil.<\/p>\n","protected":false},"excerpt":{"rendered":"<p>Cerim\u00f4nia, com 40 casais, est\u00e1 marcada para as 17h. Ap\u00f3s 11\u00a0anos vivendo juntos, Gerlane de Sousa Felisbino, 38, e Ant\u00f4nio de Aquino, 48, v\u00e3o se casar \u201cde papel passado\u201d. A celebra\u00e7\u00e3o ocorre neste\u00a0domingo\u00a0(30), \u00e0s 17h, em um dos famosos cart\u00f5es-postais de Bras\u00edlia, o Museu Nacional, projetado pelo arquiteto Oscar Niemeyer e constru\u00eddo na Esplanada dos [&hellip;]<\/p>\n","protected":false},"author":2,"featured_media":23082,"comment_status":"open","ping_status":"open","sticky":false,"template":"","format":"standard","meta":{"footnotes":""},"categories":[68],"tags":[],"class_list":{"0":"post-23081","1":"post","2":"type-post","3":"status-publish","4":"format-standard","5":"has-post-thumbnail","7":"category-brasil"},"yoast_head":"<!-- This site is optimized with the Yoast SEO Premium plugin v24.5 (Yoast SEO v27.5) - https:\/\/yoast.com\/product\/yoast-seo-premium-wordpress\/ -->\n<title>Distrito Federal faz casamento comunit\u00e1rio no Museu Nacional. - P31<\/title>\n<meta name=\"robots\" content=\"index, follow, max-snippet:-1, max-image-preview:large, max-video-preview:-1\" \/>\n<link rel=\"canonical\" href=\"https:\/\/www.p31noticias.com.br\/?p=23081\" \/>\n<meta property=\"og:locale\" content=\"pt_BR\" \/>\n<meta property=\"og:type\" content=\"article\" \/>\n<meta property=\"og:title\" content=\"Distrito Federal faz casamento comunit\u00e1rio no Museu Nacional.\" \/>\n<meta property=\"og:description\" content=\"Cerim\u00f4nia, com 40 casais, est\u00e1 marcada para as 17h. Ap\u00f3s 11\u00a0anos vivendo juntos, Gerlane de Sousa Felisbino, 38, e Ant\u00f4nio de Aquino, 48, v\u00e3o se casar \u201cde papel passado\u201d. A celebra\u00e7\u00e3o ocorre neste\u00a0domingo\u00a0(30), \u00e0s 17h, em um dos famosos cart\u00f5es-postais de Bras\u00edlia, o Museu Nacional, projetado pelo arquiteto Oscar Niemeyer e constru\u00eddo na Esplanada dos [&hellip;]\" \/>\n<meta property=\"og:url\" content=\"https:\/\/www.p31noticias.com.br\/?p=23081\" \/>\n<meta property=\"og:site_name\" content=\"P31\" \/>\n<meta property=\"article:published_time\" content=\"2021-05-30T16:25:25+00:00\" \/>\n<meta property=\"article:modified_time\" content=\"2021-05-30T16:36:03+00:00\" \/>\n<meta property=\"og:image\" content=\"https:\/\/www.p31noticias.com.br\/wp-content\/uploads\/2021\/05\/ensaio-casamento-comunitario_mcamgo_abr_270520211818-14.jpg\" \/>\n\t<meta property=\"og:image:width\" content=\"1170\" \/>\n\t<meta property=\"og:image:height\" content=\"700\" \/>\n\t<meta property=\"og:image:type\" content=\"image\/jpeg\" \/>\n<meta name=\"author\" content=\"Gon\u00e7alves Junior\" \/>\n<meta name=\"twitter:card\" content=\"summary_large_image\" \/>\n<meta name=\"twitter:label1\" content=\"Escrito por\" \/>\n\t<meta name=\"twitter:data1\" content=\"Gon\u00e7alves Junior\" \/>\n\t<meta name=\"twitter:label2\" content=\"Est. tempo de leitura\" \/>\n\t<meta name=\"twitter:data2\" content=\"4 minutos\" \/>\n<script type=\"application\/ld+json\" class=\"yoast-schema-graph\">{\"@context\":\"https:\\\/\\\/schema.org\",\"@graph\":[{\"@type\":\"Article\",\"@id\":\"https:\\\/\\\/www.p31noticias.com.br\\\/?p=23081#article\",\"isPartOf\":{\"@id\":\"https:\\\/\\\/www.p31noticias.com.br\\\/?p=23081\"},\"author\":{\"name\":\"Gon\u00e7alves Junior\",\"@id\":\"https:\\\/\\\/www.p31noticias.com.br\\\/#\\\/schema\\\/person\\\/95f2ece30e3b4132065b915150cd0f94\"},\"headline\":\"Distrito Federal faz casamento comunit\u00e1rio no Museu Nacional.\",\"datePublished\":\"2021-05-30T16:25:25+00:00\",\"dateModified\":\"2021-05-30T16:36:03+00:00\",\"mainEntityOfPage\":{\"@id\":\"https:\\\/\\\/www.p31noticias.com.br\\\/?p=23081\"},\"wordCount\":829,\"commentCount\":0,\"image\":{\"@id\":\"https:\\\/\\\/www.p31noticias.com.br\\\/?p=23081#primaryimage\"},\"thumbnailUrl\":\"https:\\\/\\\/www.p31noticias.com.br\\\/wp-content\\\/uploads\\\/2021\\\/05\\\/ensaio-casamento-comunitario_mcamgo_abr_270520211818-14.jpg\",\"articleSection\":[\"Brasil\"],\"inLanguage\":\"pt-BR\",\"potentialAction\":[{\"@type\":\"CommentAction\",\"name\":\"Comment\",\"target\":[\"https:\\\/\\\/www.p31noticias.com.br\\\/?p=23081#respond\"]}],\"copyrightYear\":\"2021\",\"copyrightHolder\":{\"@id\":\"https:\\\/\\\/www.p31noticias.com.br\\\/#organization\"}},{\"@type\":\"WebPage\",\"@id\":\"https:\\\/\\\/www.p31noticias.com.br\\\/?p=23081\",\"url\":\"https:\\\/\\\/www.p31noticias.com.br\\\/?p=23081\",\"name\":\"Distrito Federal faz casamento comunit\u00e1rio no Museu Nacional. - P31\",\"isPartOf\":{\"@id\":\"https:\\\/\\\/www.p31noticias.com.br\\\/#website\"},\"primaryImageOfPage\":{\"@id\":\"https:\\\/\\\/www.p31noticias.com.br\\\/?p=23081#primaryimage\"},\"image\":{\"@id\":\"https:\\\/\\\/www.p31noticias.com.br\\\/?p=23081#primaryimage\"},\"thumbnailUrl\":\"https:\\\/\\\/www.p31noticias.com.br\\\/wp-content\\\/uploads\\\/2021\\\/05\\\/ensaio-casamento-comunitario_mcamgo_abr_270520211818-14.jpg\",\"datePublished\":\"2021-05-30T16:25:25+00:00\",\"dateModified\":\"2021-05-30T16:36:03+00:00\",\"author\":{\"@id\":\"https:\\\/\\\/www.p31noticias.com.br\\\/#\\\/schema\\\/person\\\/95f2ece30e3b4132065b915150cd0f94\"},\"breadcrumb\":{\"@id\":\"https:\\\/\\\/www.p31noticias.com.br\\\/?p=23081#breadcrumb\"},\"inLanguage\":\"pt-BR\",\"potentialAction\":[{\"@type\":\"ReadAction\",\"target\":[\"https:\\\/\\\/www.p31noticias.com.br\\\/?p=23081\"]}]},{\"@type\":\"ImageObject\",\"inLanguage\":\"pt-BR\",\"@id\":\"https:\\\/\\\/www.p31noticias.com.br\\\/?p=23081#primaryimage\",\"url\":\"https:\\\/\\\/www.p31noticias.com.br\\\/wp-content\\\/uploads\\\/2021\\\/05\\\/ensaio-casamento-comunitario_mcamgo_abr_270520211818-14.jpg\",\"contentUrl\":\"https:\\\/\\\/www.p31noticias.com.br\\\/wp-content\\\/uploads\\\/2021\\\/05\\\/ensaio-casamento-comunitario_mcamgo_abr_270520211818-14.jpg\",\"width\":1170,\"height\":700,\"caption\":\"O casal Gerlane de Sousa Felisbino e Ant\u00f4nio de Aquino, selecionados por meio de edital da Secretaria de Justi\u00e7a e Cidadania do DF, participam de ensaio para o primeiro casamento comunit\u00e1rio de 2021.\"},{\"@type\":\"BreadcrumbList\",\"@id\":\"https:\\\/\\\/www.p31noticias.com.br\\\/?p=23081#breadcrumb\",\"itemListElement\":[{\"@type\":\"ListItem\",\"position\":1,\"name\":\"In\u00edcio\",\"item\":\"https:\\\/\\\/www.p31noticias.com.br\\\/\"},{\"@type\":\"ListItem\",\"position\":2,\"name\":\"Distrito Federal faz casamento comunit\u00e1rio no Museu Nacional.\"}]},{\"@type\":\"WebSite\",\"@id\":\"https:\\\/\\\/www.p31noticias.com.br\\\/#website\",\"url\":\"https:\\\/\\\/www.p31noticias.com.br\\\/\",\"name\":\"P31\",\"description\":\"NOT\u00cdCIAS\",\"potentialAction\":[{\"@type\":\"SearchAction\",\"target\":{\"@type\":\"EntryPoint\",\"urlTemplate\":\"https:\\\/\\\/www.p31noticias.com.br\\\/?s={search_term_string}\"},\"query-input\":{\"@type\":\"PropertyValueSpecification\",\"valueRequired\":true,\"valueName\":\"search_term_string\"}}],\"inLanguage\":\"pt-BR\"},{\"@type\":\"Person\",\"@id\":\"https:\\\/\\\/www.p31noticias.com.br\\\/#\\\/schema\\\/person\\\/95f2ece30e3b4132065b915150cd0f94\",\"name\":\"Gon\u00e7alves Junior\",\"image\":{\"@type\":\"ImageObject\",\"inLanguage\":\"pt-BR\",\"@id\":\"https:\\\/\\\/secure.gravatar.com\\\/avatar\\\/6711f350116a89762687a48d66f723c799e5438a5b7578508d4294cd7a5d0800?s=96&d=mm&r=g\",\"url\":\"https:\\\/\\\/secure.gravatar.com\\\/avatar\\\/6711f350116a89762687a48d66f723c799e5438a5b7578508d4294cd7a5d0800?s=96&d=mm&r=g\",\"contentUrl\":\"https:\\\/\\\/secure.gravatar.com\\\/avatar\\\/6711f350116a89762687a48d66f723c799e5438a5b7578508d4294cd7a5d0800?s=96&d=mm&r=g\",\"caption\":\"Gon\u00e7alves Junior\"},\"url\":\"https:\\\/\\\/www.p31noticias.com.br\\\/?author=2\"}]}<\/script>\n<!-- \/ Yoast SEO Premium plugin. -->","yoast_head_json":{"title":"Distrito Federal faz casamento comunit\u00e1rio no Museu Nacional. - P31","robots":{"index":"index","follow":"follow","max-snippet":"max-snippet:-1","max-image-preview":"max-image-preview:large","max-video-preview":"max-video-preview:-1"},"canonical":"https:\/\/www.p31noticias.com.br\/?p=23081","og_locale":"pt_BR","og_type":"article","og_title":"Distrito Federal faz casamento comunit\u00e1rio no Museu Nacional.","og_description":"Cerim\u00f4nia, com 40 casais, est\u00e1 marcada para as 17h. Ap\u00f3s 11\u00a0anos vivendo juntos, Gerlane de Sousa Felisbino, 38, e Ant\u00f4nio de Aquino, 48, v\u00e3o se casar \u201cde papel passado\u201d. A celebra\u00e7\u00e3o ocorre neste\u00a0domingo\u00a0(30), \u00e0s 17h, em um dos famosos cart\u00f5es-postais de Bras\u00edlia, o Museu Nacional, projetado pelo arquiteto Oscar Niemeyer e constru\u00eddo na Esplanada dos [&hellip;]","og_url":"https:\/\/www.p31noticias.com.br\/?p=23081","og_site_name":"P31","article_published_time":"2021-05-30T16:25:25+00:00","article_modified_time":"2021-05-30T16:36:03+00:00","og_image":[{"width":1170,"height":700,"url":"https:\/\/www.p31noticias.com.br\/wp-content\/uploads\/2021\/05\/ensaio-casamento-comunitario_mcamgo_abr_270520211818-14.jpg","type":"image\/jpeg"}],"author":"Gon\u00e7alves Junior","twitter_card":"summary_large_image","twitter_misc":{"Escrito por":"Gon\u00e7alves Junior","Est. tempo de leitura":"4 minutos"},"schema":{"@context":"https:\/\/schema.org","@graph":[{"@type":"Article","@id":"https:\/\/www.p31noticias.com.br\/?p=23081#article","isPartOf":{"@id":"https:\/\/www.p31noticias.com.br\/?p=23081"},"author":{"name":"Gon\u00e7alves Junior","@id":"https:\/\/www.p31noticias.com.br\/#\/schema\/person\/95f2ece30e3b4132065b915150cd0f94"},"headline":"Distrito Federal faz casamento comunit\u00e1rio no Museu Nacional.","datePublished":"2021-05-30T16:25:25+00:00","dateModified":"2021-05-30T16:36:03+00:00","mainEntityOfPage":{"@id":"https:\/\/www.p31noticias.com.br\/?p=23081"},"wordCount":829,"commentCount":0,"image":{"@id":"https:\/\/www.p31noticias.com.br\/?p=23081#primaryimage"},"thumbnailUrl":"https:\/\/www.p31noticias.com.br\/wp-content\/uploads\/2021\/05\/ensaio-casamento-comunitario_mcamgo_abr_270520211818-14.jpg","articleSection":["Brasil"],"inLanguage":"pt-BR","potentialAction":[{"@type":"CommentAction","name":"Comment","target":["https:\/\/www.p31noticias.com.br\/?p=23081#respond"]}],"copyrightYear":"2021","copyrightHolder":{"@id":"https:\/\/www.p31noticias.com.br\/#organization"}},{"@type":"WebPage","@id":"https:\/\/www.p31noticias.com.br\/?p=23081","url":"https:\/\/www.p31noticias.com.br\/?p=23081","name":"Distrito Federal faz casamento comunit\u00e1rio no Museu Nacional. - P31","isPartOf":{"@id":"https:\/\/www.p31noticias.com.br\/#website"},"primaryImageOfPage":{"@id":"https:\/\/www.p31noticias.com.br\/?p=23081#primaryimage"},"image":{"@id":"https:\/\/www.p31noticias.com.br\/?p=23081#primaryimage"},"thumbnailUrl":"https:\/\/www.p31noticias.com.br\/wp-content\/uploads\/2021\/05\/ensaio-casamento-comunitario_mcamgo_abr_270520211818-14.jpg","datePublished":"2021-05-30T16:25:25+00:00","dateModified":"2021-05-30T16:36:03+00:00","author":{"@id":"https:\/\/www.p31noticias.com.br\/#\/schema\/person\/95f2ece30e3b4132065b915150cd0f94"},"breadcrumb":{"@id":"https:\/\/www.p31noticias.com.br\/?p=23081#breadcrumb"},"inLanguage":"pt-BR","potentialAction":[{"@type":"ReadAction","target":["https:\/\/www.p31noticias.com.br\/?p=23081"]}]},{"@type":"ImageObject","inLanguage":"pt-BR","@id":"https:\/\/www.p31noticias.com.br\/?p=23081#primaryimage","url":"https:\/\/www.p31noticias.com.br\/wp-content\/uploads\/2021\/05\/ensaio-casamento-comunitario_mcamgo_abr_270520211818-14.jpg","contentUrl":"https:\/\/www.p31noticias.com.br\/wp-content\/uploads\/2021\/05\/ensaio-casamento-comunitario_mcamgo_abr_270520211818-14.jpg","width":1170,"height":700,"caption":"O casal Gerlane de Sousa Felisbino e Ant\u00f4nio de Aquino, selecionados por meio de edital da Secretaria de Justi\u00e7a e Cidadania do DF, participam de ensaio para o primeiro casamento comunit\u00e1rio de 2021."},{"@type":"BreadcrumbList","@id":"https:\/\/www.p31noticias.com.br\/?p=23081#breadcrumb","itemListElement":[{"@type":"ListItem","position":1,"name":"In\u00edcio","item":"https:\/\/www.p31noticias.com.br\/"},{"@type":"ListItem","position":2,"name":"Distrito Federal faz casamento comunit\u00e1rio no Museu Nacional."}]},{"@type":"WebSite","@id":"https:\/\/www.p31noticias.com.br\/#website","url":"https:\/\/www.p31noticias.com.br\/","name":"P31","description":"NOT\u00cdCIAS","potentialAction":[{"@type":"SearchAction","target":{"@type":"EntryPoint","urlTemplate":"https:\/\/www.p31noticias.com.br\/?s={search_term_string}"},"query-input":{"@type":"PropertyValueSpecification","valueRequired":true,"valueName":"search_term_string"}}],"inLanguage":"pt-BR"},{"@type":"Person","@id":"https:\/\/www.p31noticias.com.br\/#\/schema\/person\/95f2ece30e3b4132065b915150cd0f94","name":"Gon\u00e7alves Junior","image":{"@type":"ImageObject","inLanguage":"pt-BR","@id":"https:\/\/secure.gravatar.com\/avatar\/6711f350116a89762687a48d66f723c799e5438a5b7578508d4294cd7a5d0800?s=96&d=mm&r=g","url":"https:\/\/secure.gravatar.com\/avatar\/6711f350116a89762687a48d66f723c799e5438a5b7578508d4294cd7a5d0800?s=96&d=mm&r=g","contentUrl":"https:\/\/secure.gravatar.com\/avatar\/6711f350116a89762687a48d66f723c799e5438a5b7578508d4294cd7a5d0800?s=96&d=mm&r=g","caption":"Gon\u00e7alves Junior"},"url":"https:\/\/www.p31noticias.com.br\/?author=2"}]}},"amp_enabled":true,"_links":{"self":[{"href":"https:\/\/www.p31noticias.com.br\/index.php?rest_route=\/wp\/v2\/posts\/23081","targetHints":{"allow":["GET"]}}],"collection":[{"href":"https:\/\/www.p31noticias.com.br\/index.php?rest_route=\/wp\/v2\/posts"}],"about":[{"href":"https:\/\/www.p31noticias.com.br\/index.php?rest_route=\/wp\/v2\/types\/post"}],"author":[{"embeddable":true,"href":"https:\/\/www.p31noticias.com.br\/index.php?rest_route=\/wp\/v2\/users\/2"}],"replies":[{"embeddable":true,"href":"https:\/\/www.p31noticias.com.br\/index.php?rest_route=%2Fwp%2Fv2%2Fcomments&post=23081"}],"version-history":[{"count":2,"href":"https:\/\/www.p31noticias.com.br\/index.php?rest_route=\/wp\/v2\/posts\/23081\/revisions"}],"predecessor-version":[{"id":23088,"href":"https:\/\/www.p31noticias.com.br\/index.php?rest_route=\/wp\/v2\/posts\/23081\/revisions\/23088"}],"wp:featuredmedia":[{"embeddable":true,"href":"https:\/\/www.p31noticias.com.br\/index.php?rest_route=\/wp\/v2\/media\/23082"}],"wp:attachment":[{"href":"https:\/\/www.p31noticias.com.br\/index.php?rest_route=%2Fwp%2Fv2%2Fmedia&parent=23081"}],"wp:term":[{"taxonomy":"category","embeddable":true,"href":"https:\/\/www.p31noticias.com.br\/index.php?rest_route=%2Fwp%2Fv2%2Fcategories&post=23081"},{"taxonomy":"post_tag","embeddable":true,"href":"https:\/\/www.p31noticias.com.br\/index.php?rest_route=%2Fwp%2Fv2%2Ftags&post=23081"}],"curies":[{"name":"wp","href":"https:\/\/api.w.org\/{rel}","templated":true}]}}