{"id":23067,"date":"2021-05-29T12:14:07","date_gmt":"2021-05-29T12:14:07","guid":{"rendered":"https:\/\/p31noticias.com.br\/?p=23067"},"modified":"2021-05-29T12:14:07","modified_gmt":"2021-05-29T12:14:07","slug":"terracap-faz-a-venda-do-primeiro-imovel-em-arniqueira","status":"publish","type":"post","link":"https:\/\/www.p31noticias.com.br\/?p=23067","title":{"rendered":"Terracap faz a venda do primeiro im\u00f3vel em Arniqueira."},"content":{"rendered":"<p style=\"text-align: justify;\"><em><strong>Ag\u00eancia publica no DODF habilita\u00e7\u00e3o de lote de moradora, que h\u00e1 16 anos aguardava regulariza\u00e7\u00e3o.<\/strong><\/em><\/p>\n<p style=\"text-align: justify;\">A Ag\u00eancia de Desenvolvimento do Distrito Federal (Terracap) habilitou a primeira proposta de compra de um im\u00f3vel do Setor Habitacional Arniqueira. O processo de regulariza\u00e7\u00e3o fundi\u00e1ria da regi\u00e3o administrativa foi iniciado pela Terracap no dia 20 de maio. Inicialmente, 300 ocupa\u00e7\u00f5es da URB 005, localizados nos antigos conjuntos 5 e 6, foram contemplados em edital de venda direta.<\/p>\n<p style=\"text-align: justify;\">A primeira ocupa\u00e7\u00e3o habilitada foi publicada no Di\u00e1rio Oficial do DF (DODF) desta\u00a0 sexta-feira (28). O im\u00f3vel corresponde a um lote com \u00e1rea de 809,77m2, com valor final de R$ 176.843,69.<\/p>\n<p style=\"text-align: justify;\">Na pr\u00e1tica, o im\u00f3vel de M\u00f4nica Barbosa tem valor de mercado igual a R$ 419 mil. Com os descontos legais (infraestrutura e valoriza\u00e7\u00e3o dela decorrente), o valor do lote no edital ficou em R$ 235.791,59. A moradora optou pelo financiamento via BRB, ao longo de 20 anos. O banco tem linha exclusiva para lotes em situa\u00e7\u00e3o de regulariza\u00e7\u00e3o fundi\u00e1ria. Assim, p\u00f4de pagar \u00e0 vista para a Terracap e, sobre esse valor, foi aplicado o desconto de 25%, totalizando os R$ 176.843,69.<\/p>\n<p style=\"text-align: justify;\">A primeira compradora conta que mora h\u00e1 quase 16 anos na cidade. Ela se mudou de um apartamento e construiu sua casa a duras penas, pois tem um filho cadeirante e precisava de mais espa\u00e7o para a fam\u00edlia. \u201cA escritura desta resid\u00eancia \u00e9 mais que um sonho, at\u00e9 para, se um dia, eu precisar colocar a minha casa \u00e0 venda, o que n\u00e3o \u00e9 minha pretens\u00e3o no momento\u201d, destaca. \u201cJ\u00e1 que tinha de fazer, fiz logo. Todo o processo foi muito r\u00e1pido, achei at\u00e9 que fosse demorar mais\u201d, conta.<\/p>\n<p style=\"text-align: justify;\">Os valores dos im\u00f3veis foram obtidos ap\u00f3s a dedu\u00e7\u00e3o do valor da infraestrutura implantada pelos moradores e da valoriza\u00e7\u00e3o imobili\u00e1ria dela decorrente, conforme determina a Lei 13.465\/2017.<\/p>\n<p style=\"text-align: justify;\">Segundo o diretor de comercializa\u00e7\u00e3o da Terracap, J\u00falio C\u00e9sar Reis, a regulariza\u00e7\u00e3o fundi\u00e1ria traz seguran\u00e7a jur\u00eddica e tranquilidade ao morador do setor, possibilita a implanta\u00e7\u00e3o de equipamentos p\u00fablicos que ir\u00e3o servir \u00e0 popula\u00e7\u00e3o local, bem como a implanta\u00e7\u00e3o de infraestrutura devidamente licenciada, provendo assim recupera\u00e7\u00e3o dos corpos h\u00eddricos e o reequil\u00edbrio ambiental.<\/p>\n<p style=\"text-align: justify;\">Os recursos oriundos da venda direta ser\u00e3o revertidos em benef\u00edcios para a popula\u00e7\u00e3o. De imediato, o governo local j\u00e1 anunciou a constru\u00e7\u00e3o de equipamentos p\u00fablicos como: Unidade de Sa\u00fade B\u00e1sica (UBS), feira permanente, restaurante comunit\u00e1rio, escola e sede da administra\u00e7\u00e3o regional, com investimentos na ordem de R$ 35,7 milh\u00f5es. Al\u00e9m disso, outros R$ 160 milh\u00f5es ir\u00e3o para implanta\u00e7\u00e3o de infraestrutura.<\/p>\n<p style=\"text-align: justify;\"><strong>Servi\u00e7o<\/strong><\/p>\n<p style=\"text-align: justify;\">Os ocupantes t\u00eam at\u00e9 18 de junho para apresentar a proposta de compra do terreno junto \u00e0 Terracap. O edital j\u00e1 est\u00e1 dispon\u00edvel para download no\u00a0<a href=\"https:\/\/www.terracap.df.gov.br\/\" target=\"_blank\" rel=\"noopener noreferrer\">site da Ag\u00eancia<\/a>.<\/p>\n<p style=\"text-align: justify;\">A procura de moradores tem sido grande. A fim de descentralizar esse processo e evitar aglomera\u00e7\u00f5es, h\u00e1 tr\u00eas maneiras de realizar este procedimento. Presencialmente, no edif\u00edcio-sede da Terracap, localizado no Bloco \u201cF\u201d, Setor de \u00c1reas Municipais (SAM) \u2013 atr\u00e1s do anexo do Pal\u00e1cio do Buriti, das 7h \u00e0s 19h; na Administra\u00e7\u00e3o de Arniqueira, no endere\u00e7o SHA conjunto 04 AE 01, de 8h \u00e0s 12 e de 13h \u00e0s 17h; ou de forma remota, pelo\u00a0<a href=\"https:\/\/www.terracap.df.gov.br\/\" target=\"_blank\" rel=\"noopener noreferrer\">site da Terracap<\/a>.<\/p>\n<p style=\"text-align: justify;\">Nos pr\u00f3ximos dias, a empresa ir\u00e1 publicar a habilita\u00e7\u00e3o de outras ocupa\u00e7\u00f5es.<\/p>\n<p style=\"text-align: justify;\">Mais informa\u00e7\u00f5es podem ser obtidas por meio dos canais de atendimento da Terracap, no call center (61) 3342-1103, ou pelo atendimento remoto, por meio do chat online. \u00c9 s\u00f3 acessar:\u00a0<a href=\"https:\/\/www.terracap.df.gov.br\/\" target=\"_blank\" rel=\"noopener noreferrer\">www.terracap.df.gov.br<\/a>.<\/p>\n<p style=\"text-align: justify;\">\n<p style=\"text-align: justify;\"><em>*Com informa\u00e7\u00f5es da Terracap<\/em><\/p>\n","protected":false},"excerpt":{"rendered":"<p>Ag\u00eancia publica no DODF habilita\u00e7\u00e3o de lote de moradora, que h\u00e1 16 anos aguardava regulariza\u00e7\u00e3o. A Ag\u00eancia de Desenvolvimento do Distrito Federal (Terracap) habilitou a primeira proposta de compra de um im\u00f3vel do Setor Habitacional Arniqueira. O processo de regulariza\u00e7\u00e3o fundi\u00e1ria da regi\u00e3o administrativa foi iniciado pela Terracap no dia 20 de maio. Inicialmente, 300 [&hellip;]<\/p>\n","protected":false},"author":2,"featured_media":23068,"comment_status":"open","ping_status":"open","sticky":false,"template":"","format":"standard","meta":{"footnotes":""},"categories":[21],"tags":[],"class_list":{"0":"post-23067","1":"post","2":"type-post","3":"status-publish","4":"format-standard","5":"has-post-thumbnail","7":"category-brasilia"},"yoast_head":"<!-- This site is optimized with the Yoast SEO Premium plugin v24.5 (Yoast SEO v27.5) - https:\/\/yoast.com\/product\/yoast-seo-premium-wordpress\/ -->\n<title>Terracap faz a venda do primeiro im\u00f3vel em Arniqueira. - P31<\/title>\n<meta name=\"robots\" content=\"index, follow, max-snippet:-1, max-image-preview:large, max-video-preview:-1\" \/>\n<link rel=\"canonical\" href=\"https:\/\/www.p31noticias.com.br\/?p=23067\" \/>\n<meta property=\"og:locale\" content=\"pt_BR\" \/>\n<meta property=\"og:type\" content=\"article\" \/>\n<meta property=\"og:title\" content=\"Terracap faz a venda do primeiro im\u00f3vel em Arniqueira.\" \/>\n<meta property=\"og:description\" content=\"Ag\u00eancia publica no DODF habilita\u00e7\u00e3o de lote de moradora, que h\u00e1 16 anos aguardava regulariza\u00e7\u00e3o. A Ag\u00eancia de Desenvolvimento do Distrito Federal (Terracap) habilitou a primeira proposta de compra de um im\u00f3vel do Setor Habitacional Arniqueira. O processo de regulariza\u00e7\u00e3o fundi\u00e1ria da regi\u00e3o administrativa foi iniciado pela Terracap no dia 20 de maio. Inicialmente, 300 [&hellip;]\" \/>\n<meta property=\"og:url\" content=\"https:\/\/www.p31noticias.com.br\/?p=23067\" \/>\n<meta property=\"og:site_name\" content=\"P31\" \/>\n<meta property=\"article:published_time\" content=\"2021-05-29T12:14:07+00:00\" \/>\n<meta property=\"og:image\" content=\"https:\/\/www.p31noticias.com.br\/wp-content\/uploads\/2021\/05\/20160325215118824919o.jpg\" \/>\n\t<meta property=\"og:image:width\" content=\"750\" \/>\n\t<meta property=\"og:image:height\" content=\"498\" \/>\n\t<meta property=\"og:image:type\" content=\"image\/jpeg\" \/>\n<meta name=\"author\" content=\"Gon\u00e7alves Junior\" \/>\n<meta name=\"twitter:card\" content=\"summary_large_image\" \/>\n<meta name=\"twitter:label1\" content=\"Escrito por\" \/>\n\t<meta name=\"twitter:data1\" content=\"Gon\u00e7alves Junior\" \/>\n\t<meta name=\"twitter:label2\" content=\"Est. tempo de leitura\" \/>\n\t<meta name=\"twitter:data2\" content=\"3 minutos\" \/>\n<script type=\"application\/ld+json\" class=\"yoast-schema-graph\">{\"@context\":\"https:\\\/\\\/schema.org\",\"@graph\":[{\"@type\":\"Article\",\"@id\":\"https:\\\/\\\/www.p31noticias.com.br\\\/?p=23067#article\",\"isPartOf\":{\"@id\":\"https:\\\/\\\/www.p31noticias.com.br\\\/?p=23067\"},\"author\":{\"name\":\"Gon\u00e7alves Junior\",\"@id\":\"https:\\\/\\\/www.p31noticias.com.br\\\/#\\\/schema\\\/person\\\/95f2ece30e3b4132065b915150cd0f94\"},\"headline\":\"Terracap faz a venda do primeiro im\u00f3vel em Arniqueira.\",\"datePublished\":\"2021-05-29T12:14:07+00:00\",\"mainEntityOfPage\":{\"@id\":\"https:\\\/\\\/www.p31noticias.com.br\\\/?p=23067\"},\"wordCount\":627,\"commentCount\":0,\"image\":{\"@id\":\"https:\\\/\\\/www.p31noticias.com.br\\\/?p=23067#primaryimage\"},\"thumbnailUrl\":\"https:\\\/\\\/www.p31noticias.com.br\\\/wp-content\\\/uploads\\\/2021\\\/05\\\/20160325215118824919o.jpg\",\"articleSection\":[\"Bras\u00edlia\"],\"inLanguage\":\"pt-BR\",\"potentialAction\":[{\"@type\":\"CommentAction\",\"name\":\"Comment\",\"target\":[\"https:\\\/\\\/www.p31noticias.com.br\\\/?p=23067#respond\"]}],\"copyrightYear\":\"2021\",\"copyrightHolder\":{\"@id\":\"https:\\\/\\\/www.p31noticias.com.br\\\/#organization\"}},{\"@type\":\"WebPage\",\"@id\":\"https:\\\/\\\/www.p31noticias.com.br\\\/?p=23067\",\"url\":\"https:\\\/\\\/www.p31noticias.com.br\\\/?p=23067\",\"name\":\"Terracap faz a venda do primeiro im\u00f3vel em Arniqueira. - P31\",\"isPartOf\":{\"@id\":\"https:\\\/\\\/www.p31noticias.com.br\\\/#website\"},\"primaryImageOfPage\":{\"@id\":\"https:\\\/\\\/www.p31noticias.com.br\\\/?p=23067#primaryimage\"},\"image\":{\"@id\":\"https:\\\/\\\/www.p31noticias.com.br\\\/?p=23067#primaryimage\"},\"thumbnailUrl\":\"https:\\\/\\\/www.p31noticias.com.br\\\/wp-content\\\/uploads\\\/2021\\\/05\\\/20160325215118824919o.jpg\",\"datePublished\":\"2021-05-29T12:14:07+00:00\",\"author\":{\"@id\":\"https:\\\/\\\/www.p31noticias.com.br\\\/#\\\/schema\\\/person\\\/95f2ece30e3b4132065b915150cd0f94\"},\"breadcrumb\":{\"@id\":\"https:\\\/\\\/www.p31noticias.com.br\\\/?p=23067#breadcrumb\"},\"inLanguage\":\"pt-BR\",\"potentialAction\":[{\"@type\":\"ReadAction\",\"target\":[\"https:\\\/\\\/www.p31noticias.com.br\\\/?p=23067\"]}]},{\"@type\":\"ImageObject\",\"inLanguage\":\"pt-BR\",\"@id\":\"https:\\\/\\\/www.p31noticias.com.br\\\/?p=23067#primaryimage\",\"url\":\"https:\\\/\\\/www.p31noticias.com.br\\\/wp-content\\\/uploads\\\/2021\\\/05\\\/20160325215118824919o.jpg\",\"contentUrl\":\"https:\\\/\\\/www.p31noticias.com.br\\\/wp-content\\\/uploads\\\/2021\\\/05\\\/20160325215118824919o.jpg\",\"width\":750,\"height\":498},{\"@type\":\"BreadcrumbList\",\"@id\":\"https:\\\/\\\/www.p31noticias.com.br\\\/?p=23067#breadcrumb\",\"itemListElement\":[{\"@type\":\"ListItem\",\"position\":1,\"name\":\"In\u00edcio\",\"item\":\"https:\\\/\\\/www.p31noticias.com.br\\\/\"},{\"@type\":\"ListItem\",\"position\":2,\"name\":\"Terracap faz a venda do primeiro im\u00f3vel em Arniqueira.\"}]},{\"@type\":\"WebSite\",\"@id\":\"https:\\\/\\\/www.p31noticias.com.br\\\/#website\",\"url\":\"https:\\\/\\\/www.p31noticias.com.br\\\/\",\"name\":\"P31\",\"description\":\"NOT\u00cdCIAS\",\"potentialAction\":[{\"@type\":\"SearchAction\",\"target\":{\"@type\":\"EntryPoint\",\"urlTemplate\":\"https:\\\/\\\/www.p31noticias.com.br\\\/?s={search_term_string}\"},\"query-input\":{\"@type\":\"PropertyValueSpecification\",\"valueRequired\":true,\"valueName\":\"search_term_string\"}}],\"inLanguage\":\"pt-BR\"},{\"@type\":\"Person\",\"@id\":\"https:\\\/\\\/www.p31noticias.com.br\\\/#\\\/schema\\\/person\\\/95f2ece30e3b4132065b915150cd0f94\",\"name\":\"Gon\u00e7alves Junior\",\"image\":{\"@type\":\"ImageObject\",\"inLanguage\":\"pt-BR\",\"@id\":\"https:\\\/\\\/secure.gravatar.com\\\/avatar\\\/6711f350116a89762687a48d66f723c799e5438a5b7578508d4294cd7a5d0800?s=96&d=mm&r=g\",\"url\":\"https:\\\/\\\/secure.gravatar.com\\\/avatar\\\/6711f350116a89762687a48d66f723c799e5438a5b7578508d4294cd7a5d0800?s=96&d=mm&r=g\",\"contentUrl\":\"https:\\\/\\\/secure.gravatar.com\\\/avatar\\\/6711f350116a89762687a48d66f723c799e5438a5b7578508d4294cd7a5d0800?s=96&d=mm&r=g\",\"caption\":\"Gon\u00e7alves Junior\"},\"url\":\"https:\\\/\\\/www.p31noticias.com.br\\\/?author=2\"}]}<\/script>\n<!-- \/ Yoast SEO Premium plugin. -->","yoast_head_json":{"title":"Terracap faz a venda do primeiro im\u00f3vel em Arniqueira. - P31","robots":{"index":"index","follow":"follow","max-snippet":"max-snippet:-1","max-image-preview":"max-image-preview:large","max-video-preview":"max-video-preview:-1"},"canonical":"https:\/\/www.p31noticias.com.br\/?p=23067","og_locale":"pt_BR","og_type":"article","og_title":"Terracap faz a venda do primeiro im\u00f3vel em Arniqueira.","og_description":"Ag\u00eancia publica no DODF habilita\u00e7\u00e3o de lote de moradora, que h\u00e1 16 anos aguardava regulariza\u00e7\u00e3o. A Ag\u00eancia de Desenvolvimento do Distrito Federal (Terracap) habilitou a primeira proposta de compra de um im\u00f3vel do Setor Habitacional Arniqueira. O processo de regulariza\u00e7\u00e3o fundi\u00e1ria da regi\u00e3o administrativa foi iniciado pela Terracap no dia 20 de maio. Inicialmente, 300 [&hellip;]","og_url":"https:\/\/www.p31noticias.com.br\/?p=23067","og_site_name":"P31","article_published_time":"2021-05-29T12:14:07+00:00","og_image":[{"width":750,"height":498,"url":"https:\/\/www.p31noticias.com.br\/wp-content\/uploads\/2021\/05\/20160325215118824919o.jpg","type":"image\/jpeg"}],"author":"Gon\u00e7alves Junior","twitter_card":"summary_large_image","twitter_misc":{"Escrito por":"Gon\u00e7alves Junior","Est. tempo de leitura":"3 minutos"},"schema":{"@context":"https:\/\/schema.org","@graph":[{"@type":"Article","@id":"https:\/\/www.p31noticias.com.br\/?p=23067#article","isPartOf":{"@id":"https:\/\/www.p31noticias.com.br\/?p=23067"},"author":{"name":"Gon\u00e7alves Junior","@id":"https:\/\/www.p31noticias.com.br\/#\/schema\/person\/95f2ece30e3b4132065b915150cd0f94"},"headline":"Terracap faz a venda do primeiro im\u00f3vel em Arniqueira.","datePublished":"2021-05-29T12:14:07+00:00","mainEntityOfPage":{"@id":"https:\/\/www.p31noticias.com.br\/?p=23067"},"wordCount":627,"commentCount":0,"image":{"@id":"https:\/\/www.p31noticias.com.br\/?p=23067#primaryimage"},"thumbnailUrl":"https:\/\/www.p31noticias.com.br\/wp-content\/uploads\/2021\/05\/20160325215118824919o.jpg","articleSection":["Bras\u00edlia"],"inLanguage":"pt-BR","potentialAction":[{"@type":"CommentAction","name":"Comment","target":["https:\/\/www.p31noticias.com.br\/?p=23067#respond"]}],"copyrightYear":"2021","copyrightHolder":{"@id":"https:\/\/www.p31noticias.com.br\/#organization"}},{"@type":"WebPage","@id":"https:\/\/www.p31noticias.com.br\/?p=23067","url":"https:\/\/www.p31noticias.com.br\/?p=23067","name":"Terracap faz a venda do primeiro im\u00f3vel em Arniqueira. - P31","isPartOf":{"@id":"https:\/\/www.p31noticias.com.br\/#website"},"primaryImageOfPage":{"@id":"https:\/\/www.p31noticias.com.br\/?p=23067#primaryimage"},"image":{"@id":"https:\/\/www.p31noticias.com.br\/?p=23067#primaryimage"},"thumbnailUrl":"https:\/\/www.p31noticias.com.br\/wp-content\/uploads\/2021\/05\/20160325215118824919o.jpg","datePublished":"2021-05-29T12:14:07+00:00","author":{"@id":"https:\/\/www.p31noticias.com.br\/#\/schema\/person\/95f2ece30e3b4132065b915150cd0f94"},"breadcrumb":{"@id":"https:\/\/www.p31noticias.com.br\/?p=23067#breadcrumb"},"inLanguage":"pt-BR","potentialAction":[{"@type":"ReadAction","target":["https:\/\/www.p31noticias.com.br\/?p=23067"]}]},{"@type":"ImageObject","inLanguage":"pt-BR","@id":"https:\/\/www.p31noticias.com.br\/?p=23067#primaryimage","url":"https:\/\/www.p31noticias.com.br\/wp-content\/uploads\/2021\/05\/20160325215118824919o.jpg","contentUrl":"https:\/\/www.p31noticias.com.br\/wp-content\/uploads\/2021\/05\/20160325215118824919o.jpg","width":750,"height":498},{"@type":"BreadcrumbList","@id":"https:\/\/www.p31noticias.com.br\/?p=23067#breadcrumb","itemListElement":[{"@type":"ListItem","position":1,"name":"In\u00edcio","item":"https:\/\/www.p31noticias.com.br\/"},{"@type":"ListItem","position":2,"name":"Terracap faz a venda do primeiro im\u00f3vel em Arniqueira."}]},{"@type":"WebSite","@id":"https:\/\/www.p31noticias.com.br\/#website","url":"https:\/\/www.p31noticias.com.br\/","name":"P31","description":"NOT\u00cdCIAS","potentialAction":[{"@type":"SearchAction","target":{"@type":"EntryPoint","urlTemplate":"https:\/\/www.p31noticias.com.br\/?s={search_term_string}"},"query-input":{"@type":"PropertyValueSpecification","valueRequired":true,"valueName":"search_term_string"}}],"inLanguage":"pt-BR"},{"@type":"Person","@id":"https:\/\/www.p31noticias.com.br\/#\/schema\/person\/95f2ece30e3b4132065b915150cd0f94","name":"Gon\u00e7alves Junior","image":{"@type":"ImageObject","inLanguage":"pt-BR","@id":"https:\/\/secure.gravatar.com\/avatar\/6711f350116a89762687a48d66f723c799e5438a5b7578508d4294cd7a5d0800?s=96&d=mm&r=g","url":"https:\/\/secure.gravatar.com\/avatar\/6711f350116a89762687a48d66f723c799e5438a5b7578508d4294cd7a5d0800?s=96&d=mm&r=g","contentUrl":"https:\/\/secure.gravatar.com\/avatar\/6711f350116a89762687a48d66f723c799e5438a5b7578508d4294cd7a5d0800?s=96&d=mm&r=g","caption":"Gon\u00e7alves Junior"},"url":"https:\/\/www.p31noticias.com.br\/?author=2"}]}},"amp_enabled":true,"_links":{"self":[{"href":"https:\/\/www.p31noticias.com.br\/index.php?rest_route=\/wp\/v2\/posts\/23067","targetHints":{"allow":["GET"]}}],"collection":[{"href":"https:\/\/www.p31noticias.com.br\/index.php?rest_route=\/wp\/v2\/posts"}],"about":[{"href":"https:\/\/www.p31noticias.com.br\/index.php?rest_route=\/wp\/v2\/types\/post"}],"author":[{"embeddable":true,"href":"https:\/\/www.p31noticias.com.br\/index.php?rest_route=\/wp\/v2\/users\/2"}],"replies":[{"embeddable":true,"href":"https:\/\/www.p31noticias.com.br\/index.php?rest_route=%2Fwp%2Fv2%2Fcomments&post=23067"}],"version-history":[{"count":1,"href":"https:\/\/www.p31noticias.com.br\/index.php?rest_route=\/wp\/v2\/posts\/23067\/revisions"}],"predecessor-version":[{"id":23069,"href":"https:\/\/www.p31noticias.com.br\/index.php?rest_route=\/wp\/v2\/posts\/23067\/revisions\/23069"}],"wp:featuredmedia":[{"embeddable":true,"href":"https:\/\/www.p31noticias.com.br\/index.php?rest_route=\/wp\/v2\/media\/23068"}],"wp:attachment":[{"href":"https:\/\/www.p31noticias.com.br\/index.php?rest_route=%2Fwp%2Fv2%2Fmedia&parent=23067"}],"wp:term":[{"taxonomy":"category","embeddable":true,"href":"https:\/\/www.p31noticias.com.br\/index.php?rest_route=%2Fwp%2Fv2%2Fcategories&post=23067"},{"taxonomy":"post_tag","embeddable":true,"href":"https:\/\/www.p31noticias.com.br\/index.php?rest_route=%2Fwp%2Fv2%2Ftags&post=23067"}],"curies":[{"name":"wp","href":"https:\/\/api.w.org\/{rel}","templated":true}]}}