{"id":23055,"date":"2021-05-25T02:20:06","date_gmt":"2021-05-25T02:20:06","guid":{"rendered":"https:\/\/p31noticias.com.br\/?p=23055"},"modified":"2021-05-25T02:44:37","modified_gmt":"2021-05-25T02:44:37","slug":"reeducandos-vao-produzir-mascaras-e-capotes-para-hospitais-publicos","status":"publish","type":"post","link":"https:\/\/www.p31noticias.com.br\/?p=23055","title":{"rendered":"Reeducandos v\u00e3o produzir m\u00e1scaras e capotes para hospitais p\u00fablicos."},"content":{"rendered":"<p style=\"text-align: justify;\"><em><strong>Dez costureiras da Funap v\u00e3o trabalhar na produ\u00e7\u00e3o dos equipamentos de prote\u00e7\u00e3o individual pelo per\u00edodo de dois meses.<\/strong><\/em><\/p>\n<p style=\"text-align: justify;\">Secretaria de Sa\u00fade firmou contrato com a Funda\u00e7\u00e3o de Amparo ao Trabalhador Preso (Funap), \u00f3rg\u00e3o vinculado \u00e0 Secretaria de Justi\u00e7a e Cidadania (Sejus), para a\u00a0 fabrica\u00e7\u00e3o de Equipamento de Prote\u00e7\u00e3o Individual (EPI) para o Distrito Federal. A m\u00e3o de obra vir\u00e1 da penitenci\u00e1ria feminina por meio de oficina de costura.<\/p>\n<figure id=\"attachment_298645\" class=\"wp-caption alignright\" style=\"text-align: justify;\" aria-describedby=\"caption-attachment-298645\"><img loading=\"lazy\" decoding=\"async\" class=\" wp-image-298645\" src=\"http:\/\/www.agenciabrasilia.df.gov.br\/wp-conteudo\/uploads\/2021\/05\/WhatsApp-Image-2021-05-24-at-14.22.58.jpeg\" sizes=\"auto, (max-width: 483px) 100vw, 483px\" srcset=\"https:\/\/www.agenciabrasilia.df.gov.br\/wp-conteudo\/uploads\/2021\/05\/WhatsApp-Image-2021-05-24-at-14.22.58.jpeg 356w, https:\/\/www.agenciabrasilia.df.gov.br\/wp-conteudo\/uploads\/2021\/05\/WhatsApp-Image-2021-05-24-at-14.22.58-200x300.jpeg 200w, https:\/\/www.agenciabrasilia.df.gov.br\/wp-conteudo\/uploads\/2021\/05\/WhatsApp-Image-2021-05-24-at-14.22.58-66x99.jpeg 66w, https:\/\/www.agenciabrasilia.df.gov.br\/wp-conteudo\/uploads\/2021\/05\/WhatsApp-Image-2021-05-24-at-14.22.58-160x240.jpeg 160w, https:\/\/www.agenciabrasilia.df.gov.br\/wp-conteudo\/uploads\/2021\/05\/WhatsApp-Image-2021-05-24-at-14.22.58-256x383.jpeg 256w\" alt=\"\" width=\"483\" height=\"723\" \/><figcaption id=\"caption-attachment-298645\" class=\"wp-caption-text\">Materiais ser\u00e3o produzidos em car\u00e1ter de urg\u00eancia para atender \u00e0 crescente demanda nos servi\u00e7os de sa\u00fade | Foto: Divulga\u00e7\u00e3o \/ Sejus<\/figcaption><\/figure>\n<p style=\"text-align: justify;\">O contrato ser\u00e1 destinado \u00e0 fabrica\u00e7\u00e3o de toucas, capotes e m\u00e1scaras, considerando a necessidade de atender \u00e0 crescente demanda nos servi\u00e7os de sa\u00fade, diante da pandemia de covid-19.\u00a0 Os materiais ser\u00e3o produzidos por dez reeducandas, em car\u00e1ter de urg\u00eancia, pelo per\u00edodo de dois meses.<\/p>\n<p style=\"text-align: justify;\"><strong>Cursos profissionalizantes<\/strong><\/p>\n<p style=\"text-align: justify;\">A Funap tem centrado esfor\u00e7os na busca por parcerias que ofertem cursos profissionalizantes, com vagas focadas nas pessoas encarceradas. As parcerias tamb\u00e9m englobam entes p\u00fablicos do Governo do Distrito Federal (GDF) e organiza\u00e7\u00f5es de capacita\u00e7\u00e3o de m\u00e3o de obra e empreendedores do chamado Sistema S. Por exemplo, o Servi\u00e7o Nacional de Aprendizagem Industrial (Senai),\u00a0 o Servi\u00e7o Nacional de Aprendizagem Comercial (Senac) e o Servi\u00e7o Brasileiro de Apoio \u00e0s Micro e Pequenas Empresas (Sebrae).<\/p>\n<p style=\"text-align: justify;\">Nesses 34 anos de exist\u00eancia, a Funap vem atuando para a inclus\u00e3o e a reintegra\u00e7\u00e3o social das pessoas encarceradas, promovendo melhorias em suas condi\u00e7\u00f5es de vida, por meio da qualifica\u00e7\u00e3o profissional e de oportunidades de inser\u00e7\u00e3o no mercado de trabalho.<\/p>\n<p style=\"text-align: justify;\">A secret\u00e1ria de Justi\u00e7a e Cidadania, Marcela Passamani, destaca que \u201cprogramas voltados \u00e0 capacita\u00e7\u00e3o profissional dos apenados visam garantir que o sentenciado possa, ainda no cumprimento da pena, adquirir conhecimentos que qualifiquem sua m\u00e3o de obra, o que possibilita a sua reinser\u00e7\u00e3o no mercado de trabalho, al\u00e9m de fomentar a eleva\u00e7\u00e3o de sua escolaridade e a presta\u00e7\u00e3o de apoio social \u00e0s fam\u00edlias dos apenados\u201d.<\/p>\n<p style=\"text-align: justify;\"><strong>Oportunidades<\/strong><\/p>\n<p style=\"text-align: justify;\">No momento, a Funap tem 77 contratos ativos, sendo 73 em \u00f3rg\u00e3os p\u00fablicos e institui\u00e7\u00f5es. Em 2020, a funda\u00e7\u00e3o\u00a0 foi respons\u00e1vel por 3.373 sentenciados que foram inseridos no mercado de trabalho. Em 2021, s\u00e3o mais de 2 mil reeducandos inseridos no\u00a0<em>Programa de Amparo ao Trabalhador<\/em>.<\/p>\n<p style=\"text-align: justify;\">Atualmente,\u00a0 a Funap atua com o projeto\u00a0<em>M\u00e3os Dadas pela Cidadania<\/em>, em trabalhos volunt\u00e1rios, al\u00e9m de oficinas de marcenaria, costura industrial, serralheria e pr\u00e1ticas agr\u00edcolas.<\/p>\n<p style=\"text-align: justify;\">\u201cEssas experi\u00eancias positivas apontam que o reeducando que trabalha dificilmente volta a transgredir a lei\u201d, ressaltou a diretora da Funda\u00e7\u00e3o de Amparo ao Trabalhador Preso (Funap-DF), delegada Deuselita Martins.<\/p>\n<p style=\"text-align: justify;\"><strong>Pr\u00eamios<\/strong><\/p>\n<p style=\"text-align: justify;\">Em 2020, o projeto\u00a0<em>M\u00e1scara Solid\u00e1ria<\/em>, desenvolvido pela Secretaria de Justi\u00e7a e Cidadania (Sejus), foi uma das iniciativas do Distrito Federal reconhecidas pelo Selo Social, certifica\u00e7\u00e3o concedida pelo Instituto Aba\u00e7a\u00ed. A edi\u00e7\u00e3o homenageou as a\u00e7\u00f5es de combate aos problemas sociais causados ou potencializados pela pandemia no pa\u00eds.<\/p>\n<p style=\"text-align: justify;\">O projeto da Sejus conquistou esse reconhecimento por conciliar a preven\u00e7\u00e3o ao novo coronav\u00edrus, por meio da produ\u00e7\u00e3o de m\u00e1scaras lav\u00e1veis, com a ressocializa\u00e7\u00e3o dos internos do sistema prisional, respons\u00e1veis pela confec\u00e7\u00e3o desses itens de prote\u00e7\u00e3o facial nas oficinas de costura na Penitenci\u00e1ria do Distrito Federal I.<\/p>\n<p style=\"text-align: justify;\">Outro pr\u00eamio recebido em 2020 foi o Selo Resgata, por inserir presos e egressos do sistema prisional no mercado de trabalho. Em reconhecimento ao impacto dessa iniciativa no processo de ressocializa\u00e7\u00e3o, a Funap foi certificada no\u00a0<em>3\u00ba Ciclo de Concess\u00e3o do Selo Resgata,<\/em>\u00a0promovido pelo Minist\u00e9rio da Justi\u00e7a e Seguran\u00e7a P\u00fablica (MJSP).<\/p>\n<p style=\"text-align: justify;\"><em>*Com informa\u00e7\u00f5es da Secretaria de Justi\u00e7a e Cidadania\u00a0<\/em><\/p>\n","protected":false},"excerpt":{"rendered":"<p>Dez costureiras da Funap v\u00e3o trabalhar na produ\u00e7\u00e3o dos equipamentos de prote\u00e7\u00e3o individual pelo per\u00edodo de dois meses. Secretaria de Sa\u00fade firmou contrato com a Funda\u00e7\u00e3o de Amparo ao Trabalhador Preso (Funap), \u00f3rg\u00e3o vinculado \u00e0 Secretaria de Justi\u00e7a e Cidadania (Sejus), para a\u00a0 fabrica\u00e7\u00e3o de Equipamento de Prote\u00e7\u00e3o Individual (EPI) para o Distrito Federal. A [&hellip;]<\/p>\n","protected":false},"author":2,"featured_media":23056,"comment_status":"open","ping_status":"open","sticky":false,"template":"","format":"standard","meta":{"footnotes":""},"categories":[21],"tags":[],"class_list":{"0":"post-23055","1":"post","2":"type-post","3":"status-publish","4":"format-standard","5":"has-post-thumbnail","7":"category-brasilia"},"yoast_head":"<!-- This site is optimized with the Yoast SEO Premium plugin v24.5 (Yoast SEO v27.5) - https:\/\/yoast.com\/product\/yoast-seo-premium-wordpress\/ -->\n<title>Reeducandos v\u00e3o produzir m\u00e1scaras e capotes para hospitais p\u00fablicos. - P31<\/title>\n<meta name=\"robots\" content=\"index, follow, max-snippet:-1, max-image-preview:large, max-video-preview:-1\" \/>\n<link rel=\"canonical\" href=\"https:\/\/www.p31noticias.com.br\/?p=23055\" \/>\n<meta property=\"og:locale\" content=\"pt_BR\" \/>\n<meta property=\"og:type\" content=\"article\" \/>\n<meta property=\"og:title\" content=\"Reeducandos v\u00e3o produzir m\u00e1scaras e capotes para hospitais p\u00fablicos.\" \/>\n<meta property=\"og:description\" content=\"Dez costureiras da Funap v\u00e3o trabalhar na produ\u00e7\u00e3o dos equipamentos de prote\u00e7\u00e3o individual pelo per\u00edodo de dois meses. Secretaria de Sa\u00fade firmou contrato com a Funda\u00e7\u00e3o de Amparo ao Trabalhador Preso (Funap), \u00f3rg\u00e3o vinculado \u00e0 Secretaria de Justi\u00e7a e Cidadania (Sejus), para a\u00a0 fabrica\u00e7\u00e3o de Equipamento de Prote\u00e7\u00e3o Individual (EPI) para o Distrito Federal. A [&hellip;]\" \/>\n<meta property=\"og:url\" content=\"https:\/\/www.p31noticias.com.br\/?p=23055\" \/>\n<meta property=\"og:site_name\" content=\"P31\" \/>\n<meta property=\"article:published_time\" content=\"2021-05-25T02:20:06+00:00\" \/>\n<meta property=\"article:modified_time\" content=\"2021-05-25T02:44:37+00:00\" \/>\n<meta property=\"og:image\" content=\"https:\/\/www.p31noticias.com.br\/wp-content\/uploads\/2021\/05\/download-1.jpg\" \/>\n\t<meta property=\"og:image:width\" content=\"259\" \/>\n\t<meta property=\"og:image:height\" content=\"194\" \/>\n\t<meta property=\"og:image:type\" content=\"image\/jpeg\" \/>\n<meta name=\"author\" content=\"Gon\u00e7alves Junior\" \/>\n<meta name=\"twitter:card\" content=\"summary_large_image\" \/>\n<meta name=\"twitter:label1\" content=\"Escrito por\" \/>\n\t<meta name=\"twitter:data1\" content=\"Gon\u00e7alves Junior\" \/>\n\t<meta name=\"twitter:label2\" content=\"Est. tempo de leitura\" \/>\n\t<meta name=\"twitter:data2\" content=\"3 minutos\" \/>\n<script type=\"application\/ld+json\" class=\"yoast-schema-graph\">{\"@context\":\"https:\\\/\\\/schema.org\",\"@graph\":[{\"@type\":\"Article\",\"@id\":\"https:\\\/\\\/www.p31noticias.com.br\\\/?p=23055#article\",\"isPartOf\":{\"@id\":\"https:\\\/\\\/www.p31noticias.com.br\\\/?p=23055\"},\"author\":{\"name\":\"Gon\u00e7alves Junior\",\"@id\":\"https:\\\/\\\/www.p31noticias.com.br\\\/#\\\/schema\\\/person\\\/95f2ece30e3b4132065b915150cd0f94\"},\"headline\":\"Reeducandos v\u00e3o produzir m\u00e1scaras e capotes para hospitais p\u00fablicos.\",\"datePublished\":\"2021-05-25T02:20:06+00:00\",\"dateModified\":\"2021-05-25T02:44:37+00:00\",\"mainEntityOfPage\":{\"@id\":\"https:\\\/\\\/www.p31noticias.com.br\\\/?p=23055\"},\"wordCount\":654,\"commentCount\":0,\"image\":{\"@id\":\"https:\\\/\\\/www.p31noticias.com.br\\\/?p=23055#primaryimage\"},\"thumbnailUrl\":\"https:\\\/\\\/www.p31noticias.com.br\\\/wp-content\\\/uploads\\\/2021\\\/05\\\/download-1.jpg\",\"articleSection\":[\"Bras\u00edlia\"],\"inLanguage\":\"pt-BR\",\"potentialAction\":[{\"@type\":\"CommentAction\",\"name\":\"Comment\",\"target\":[\"https:\\\/\\\/www.p31noticias.com.br\\\/?p=23055#respond\"]}],\"copyrightYear\":\"2021\",\"copyrightHolder\":{\"@id\":\"https:\\\/\\\/www.p31noticias.com.br\\\/#organization\"}},{\"@type\":\"WebPage\",\"@id\":\"https:\\\/\\\/www.p31noticias.com.br\\\/?p=23055\",\"url\":\"https:\\\/\\\/www.p31noticias.com.br\\\/?p=23055\",\"name\":\"Reeducandos v\u00e3o produzir m\u00e1scaras e capotes para hospitais p\u00fablicos. - P31\",\"isPartOf\":{\"@id\":\"https:\\\/\\\/www.p31noticias.com.br\\\/#website\"},\"primaryImageOfPage\":{\"@id\":\"https:\\\/\\\/www.p31noticias.com.br\\\/?p=23055#primaryimage\"},\"image\":{\"@id\":\"https:\\\/\\\/www.p31noticias.com.br\\\/?p=23055#primaryimage\"},\"thumbnailUrl\":\"https:\\\/\\\/www.p31noticias.com.br\\\/wp-content\\\/uploads\\\/2021\\\/05\\\/download-1.jpg\",\"datePublished\":\"2021-05-25T02:20:06+00:00\",\"dateModified\":\"2021-05-25T02:44:37+00:00\",\"author\":{\"@id\":\"https:\\\/\\\/www.p31noticias.com.br\\\/#\\\/schema\\\/person\\\/95f2ece30e3b4132065b915150cd0f94\"},\"breadcrumb\":{\"@id\":\"https:\\\/\\\/www.p31noticias.com.br\\\/?p=23055#breadcrumb\"},\"inLanguage\":\"pt-BR\",\"potentialAction\":[{\"@type\":\"ReadAction\",\"target\":[\"https:\\\/\\\/www.p31noticias.com.br\\\/?p=23055\"]}]},{\"@type\":\"ImageObject\",\"inLanguage\":\"pt-BR\",\"@id\":\"https:\\\/\\\/www.p31noticias.com.br\\\/?p=23055#primaryimage\",\"url\":\"https:\\\/\\\/www.p31noticias.com.br\\\/wp-content\\\/uploads\\\/2021\\\/05\\\/download-1.jpg\",\"contentUrl\":\"https:\\\/\\\/www.p31noticias.com.br\\\/wp-content\\\/uploads\\\/2021\\\/05\\\/download-1.jpg\",\"width\":259,\"height\":194},{\"@type\":\"BreadcrumbList\",\"@id\":\"https:\\\/\\\/www.p31noticias.com.br\\\/?p=23055#breadcrumb\",\"itemListElement\":[{\"@type\":\"ListItem\",\"position\":1,\"name\":\"In\u00edcio\",\"item\":\"https:\\\/\\\/www.p31noticias.com.br\\\/\"},{\"@type\":\"ListItem\",\"position\":2,\"name\":\"Reeducandos v\u00e3o produzir m\u00e1scaras e capotes para hospitais p\u00fablicos.\"}]},{\"@type\":\"WebSite\",\"@id\":\"https:\\\/\\\/www.p31noticias.com.br\\\/#website\",\"url\":\"https:\\\/\\\/www.p31noticias.com.br\\\/\",\"name\":\"P31\",\"description\":\"NOT\u00cdCIAS\",\"potentialAction\":[{\"@type\":\"SearchAction\",\"target\":{\"@type\":\"EntryPoint\",\"urlTemplate\":\"https:\\\/\\\/www.p31noticias.com.br\\\/?s={search_term_string}\"},\"query-input\":{\"@type\":\"PropertyValueSpecification\",\"valueRequired\":true,\"valueName\":\"search_term_string\"}}],\"inLanguage\":\"pt-BR\"},{\"@type\":\"Person\",\"@id\":\"https:\\\/\\\/www.p31noticias.com.br\\\/#\\\/schema\\\/person\\\/95f2ece30e3b4132065b915150cd0f94\",\"name\":\"Gon\u00e7alves Junior\",\"image\":{\"@type\":\"ImageObject\",\"inLanguage\":\"pt-BR\",\"@id\":\"https:\\\/\\\/secure.gravatar.com\\\/avatar\\\/6711f350116a89762687a48d66f723c799e5438a5b7578508d4294cd7a5d0800?s=96&d=mm&r=g\",\"url\":\"https:\\\/\\\/secure.gravatar.com\\\/avatar\\\/6711f350116a89762687a48d66f723c799e5438a5b7578508d4294cd7a5d0800?s=96&d=mm&r=g\",\"contentUrl\":\"https:\\\/\\\/secure.gravatar.com\\\/avatar\\\/6711f350116a89762687a48d66f723c799e5438a5b7578508d4294cd7a5d0800?s=96&d=mm&r=g\",\"caption\":\"Gon\u00e7alves Junior\"},\"url\":\"https:\\\/\\\/www.p31noticias.com.br\\\/?author=2\"}]}<\/script>\n<!-- \/ Yoast SEO Premium plugin. -->","yoast_head_json":{"title":"Reeducandos v\u00e3o produzir m\u00e1scaras e capotes para hospitais p\u00fablicos. - P31","robots":{"index":"index","follow":"follow","max-snippet":"max-snippet:-1","max-image-preview":"max-image-preview:large","max-video-preview":"max-video-preview:-1"},"canonical":"https:\/\/www.p31noticias.com.br\/?p=23055","og_locale":"pt_BR","og_type":"article","og_title":"Reeducandos v\u00e3o produzir m\u00e1scaras e capotes para hospitais p\u00fablicos.","og_description":"Dez costureiras da Funap v\u00e3o trabalhar na produ\u00e7\u00e3o dos equipamentos de prote\u00e7\u00e3o individual pelo per\u00edodo de dois meses. Secretaria de Sa\u00fade firmou contrato com a Funda\u00e7\u00e3o de Amparo ao Trabalhador Preso (Funap), \u00f3rg\u00e3o vinculado \u00e0 Secretaria de Justi\u00e7a e Cidadania (Sejus), para a\u00a0 fabrica\u00e7\u00e3o de Equipamento de Prote\u00e7\u00e3o Individual (EPI) para o Distrito Federal. A [&hellip;]","og_url":"https:\/\/www.p31noticias.com.br\/?p=23055","og_site_name":"P31","article_published_time":"2021-05-25T02:20:06+00:00","article_modified_time":"2021-05-25T02:44:37+00:00","og_image":[{"width":259,"height":194,"url":"https:\/\/www.p31noticias.com.br\/wp-content\/uploads\/2021\/05\/download-1.jpg","type":"image\/jpeg"}],"author":"Gon\u00e7alves Junior","twitter_card":"summary_large_image","twitter_misc":{"Escrito por":"Gon\u00e7alves Junior","Est. tempo de leitura":"3 minutos"},"schema":{"@context":"https:\/\/schema.org","@graph":[{"@type":"Article","@id":"https:\/\/www.p31noticias.com.br\/?p=23055#article","isPartOf":{"@id":"https:\/\/www.p31noticias.com.br\/?p=23055"},"author":{"name":"Gon\u00e7alves Junior","@id":"https:\/\/www.p31noticias.com.br\/#\/schema\/person\/95f2ece30e3b4132065b915150cd0f94"},"headline":"Reeducandos v\u00e3o produzir m\u00e1scaras e capotes para hospitais p\u00fablicos.","datePublished":"2021-05-25T02:20:06+00:00","dateModified":"2021-05-25T02:44:37+00:00","mainEntityOfPage":{"@id":"https:\/\/www.p31noticias.com.br\/?p=23055"},"wordCount":654,"commentCount":0,"image":{"@id":"https:\/\/www.p31noticias.com.br\/?p=23055#primaryimage"},"thumbnailUrl":"https:\/\/www.p31noticias.com.br\/wp-content\/uploads\/2021\/05\/download-1.jpg","articleSection":["Bras\u00edlia"],"inLanguage":"pt-BR","potentialAction":[{"@type":"CommentAction","name":"Comment","target":["https:\/\/www.p31noticias.com.br\/?p=23055#respond"]}],"copyrightYear":"2021","copyrightHolder":{"@id":"https:\/\/www.p31noticias.com.br\/#organization"}},{"@type":"WebPage","@id":"https:\/\/www.p31noticias.com.br\/?p=23055","url":"https:\/\/www.p31noticias.com.br\/?p=23055","name":"Reeducandos v\u00e3o produzir m\u00e1scaras e capotes para hospitais p\u00fablicos. - P31","isPartOf":{"@id":"https:\/\/www.p31noticias.com.br\/#website"},"primaryImageOfPage":{"@id":"https:\/\/www.p31noticias.com.br\/?p=23055#primaryimage"},"image":{"@id":"https:\/\/www.p31noticias.com.br\/?p=23055#primaryimage"},"thumbnailUrl":"https:\/\/www.p31noticias.com.br\/wp-content\/uploads\/2021\/05\/download-1.jpg","datePublished":"2021-05-25T02:20:06+00:00","dateModified":"2021-05-25T02:44:37+00:00","author":{"@id":"https:\/\/www.p31noticias.com.br\/#\/schema\/person\/95f2ece30e3b4132065b915150cd0f94"},"breadcrumb":{"@id":"https:\/\/www.p31noticias.com.br\/?p=23055#breadcrumb"},"inLanguage":"pt-BR","potentialAction":[{"@type":"ReadAction","target":["https:\/\/www.p31noticias.com.br\/?p=23055"]}]},{"@type":"ImageObject","inLanguage":"pt-BR","@id":"https:\/\/www.p31noticias.com.br\/?p=23055#primaryimage","url":"https:\/\/www.p31noticias.com.br\/wp-content\/uploads\/2021\/05\/download-1.jpg","contentUrl":"https:\/\/www.p31noticias.com.br\/wp-content\/uploads\/2021\/05\/download-1.jpg","width":259,"height":194},{"@type":"BreadcrumbList","@id":"https:\/\/www.p31noticias.com.br\/?p=23055#breadcrumb","itemListElement":[{"@type":"ListItem","position":1,"name":"In\u00edcio","item":"https:\/\/www.p31noticias.com.br\/"},{"@type":"ListItem","position":2,"name":"Reeducandos v\u00e3o produzir m\u00e1scaras e capotes para hospitais p\u00fablicos."}]},{"@type":"WebSite","@id":"https:\/\/www.p31noticias.com.br\/#website","url":"https:\/\/www.p31noticias.com.br\/","name":"P31","description":"NOT\u00cdCIAS","potentialAction":[{"@type":"SearchAction","target":{"@type":"EntryPoint","urlTemplate":"https:\/\/www.p31noticias.com.br\/?s={search_term_string}"},"query-input":{"@type":"PropertyValueSpecification","valueRequired":true,"valueName":"search_term_string"}}],"inLanguage":"pt-BR"},{"@type":"Person","@id":"https:\/\/www.p31noticias.com.br\/#\/schema\/person\/95f2ece30e3b4132065b915150cd0f94","name":"Gon\u00e7alves Junior","image":{"@type":"ImageObject","inLanguage":"pt-BR","@id":"https:\/\/secure.gravatar.com\/avatar\/6711f350116a89762687a48d66f723c799e5438a5b7578508d4294cd7a5d0800?s=96&d=mm&r=g","url":"https:\/\/secure.gravatar.com\/avatar\/6711f350116a89762687a48d66f723c799e5438a5b7578508d4294cd7a5d0800?s=96&d=mm&r=g","contentUrl":"https:\/\/secure.gravatar.com\/avatar\/6711f350116a89762687a48d66f723c799e5438a5b7578508d4294cd7a5d0800?s=96&d=mm&r=g","caption":"Gon\u00e7alves Junior"},"url":"https:\/\/www.p31noticias.com.br\/?author=2"}]}},"amp_enabled":true,"_links":{"self":[{"href":"https:\/\/www.p31noticias.com.br\/index.php?rest_route=\/wp\/v2\/posts\/23055","targetHints":{"allow":["GET"]}}],"collection":[{"href":"https:\/\/www.p31noticias.com.br\/index.php?rest_route=\/wp\/v2\/posts"}],"about":[{"href":"https:\/\/www.p31noticias.com.br\/index.php?rest_route=\/wp\/v2\/types\/post"}],"author":[{"embeddable":true,"href":"https:\/\/www.p31noticias.com.br\/index.php?rest_route=\/wp\/v2\/users\/2"}],"replies":[{"embeddable":true,"href":"https:\/\/www.p31noticias.com.br\/index.php?rest_route=%2Fwp%2Fv2%2Fcomments&post=23055"}],"version-history":[{"count":2,"href":"https:\/\/www.p31noticias.com.br\/index.php?rest_route=\/wp\/v2\/posts\/23055\/revisions"}],"predecessor-version":[{"id":23062,"href":"https:\/\/www.p31noticias.com.br\/index.php?rest_route=\/wp\/v2\/posts\/23055\/revisions\/23062"}],"wp:featuredmedia":[{"embeddable":true,"href":"https:\/\/www.p31noticias.com.br\/index.php?rest_route=\/wp\/v2\/media\/23056"}],"wp:attachment":[{"href":"https:\/\/www.p31noticias.com.br\/index.php?rest_route=%2Fwp%2Fv2%2Fmedia&parent=23055"}],"wp:term":[{"taxonomy":"category","embeddable":true,"href":"https:\/\/www.p31noticias.com.br\/index.php?rest_route=%2Fwp%2Fv2%2Fcategories&post=23055"},{"taxonomy":"post_tag","embeddable":true,"href":"https:\/\/www.p31noticias.com.br\/index.php?rest_route=%2Fwp%2Fv2%2Ftags&post=23055"}],"curies":[{"name":"wp","href":"https:\/\/api.w.org\/{rel}","templated":true}]}}