{"id":23034,"date":"2021-05-05T21:28:34","date_gmt":"2021-05-05T21:28:34","guid":{"rendered":"https:\/\/p31noticias.com.br\/?p=23034"},"modified":"2021-05-05T21:28:34","modified_gmt":"2021-05-05T21:28:34","slug":"saude-lanca-campanha-nao-importa-a-marca-o-importante-e-vacinar","status":"publish","type":"post","link":"https:\/\/www.p31noticias.com.br\/?p=23034","title":{"rendered":"Sa\u00fade lan\u00e7a campanha \u2018N\u00e3o importa a marca, o importante \u00e9 vacinar\u2019."},"content":{"rendered":"<p><em><strong>Iniciativa busca conscientizar e informar que todos os imunizantes contra a covid-19 s\u00e3o seguros e eficazes.<\/strong><\/em><\/p>\n<div class=\"col-md-12 no-padding\"><\/div>\n<div class=\"col-sm-offset-0 col-md-offset-2 col-md-8\">\n<header class=\"single__topo \">\n<div class=\"single__topo--data data\">\n<div class=\"no-padding-right col-xs-12 col-md-6 col-sm-6 text-right single__topo--data--atualizacao text-uppercase\"><\/div>\n<\/div>\n<div class=\"single__topo--titulo\">\n<h1 class=\"bold h2\">Sa\u00fade lan\u00e7a campanha \u2018N\u00e3o importa a marca, o importante \u00e9 vacinar\u2019<\/h1>\n<div class=\"single__topo--titulo--sutia\">\n<p>Iniciativa busca conscientizar e informar que todos os imunizantes contra a covid-19 s\u00e3o seguros e eficazes<\/p>\n<\/div>\n<\/div>\n<div class=\"single__topo--assinatura bold text-uppercase\"><span class=\"author\">AG\u00caNCIA BRAS\u00cdLIA* | EDI\u00c7\u00c3O: M\u00d4NICA PEDROSO<\/span><\/div>\n<\/header>\n<div class=\"single__redes clearfix\"><\/div>\n<div class=\"single__conteudo noticia\">\n<p><a href=\"http:\/\/www.agenciabrasilia.df.gov.br\/2021\/05\/05\/saude-lanca-campanha-nao-importa-a-marca-o-importante-e-vacinar\/banner_tirinha_x2\/\" target=\"_blank\" rel=\"attachment noopener wp-att-292025 noreferrer\"><img loading=\"lazy\" decoding=\"async\" class=\"aligncenter wp-image-292025 size-full\" src=\"http:\/\/www.agenciabrasilia.df.gov.br\/wp-conteudo\/uploads\/2021\/05\/banner_tirinha_x2.png\" sizes=\"auto, (max-width: 1659px) 100vw, 1659px\" srcset=\"https:\/\/www.agenciabrasilia.df.gov.br\/wp-conteudo\/uploads\/2021\/05\/banner_tirinha_x2.png 1659w, https:\/\/www.agenciabrasilia.df.gov.br\/wp-conteudo\/uploads\/2021\/05\/banner_tirinha_x2-300x285.png 300w, https:\/\/www.agenciabrasilia.df.gov.br\/wp-conteudo\/uploads\/2021\/05\/banner_tirinha_x2-768x729.png 768w, https:\/\/www.agenciabrasilia.df.gov.br\/wp-conteudo\/uploads\/2021\/05\/banner_tirinha_x2-1024x972.png 1024w, https:\/\/www.agenciabrasilia.df.gov.br\/wp-conteudo\/uploads\/2021\/05\/banner_tirinha_x2-104x99.png 104w, https:\/\/www.agenciabrasilia.df.gov.br\/wp-conteudo\/uploads\/2021\/05\/banner_tirinha_x2-160x152.png 160w, https:\/\/www.agenciabrasilia.df.gov.br\/wp-conteudo\/uploads\/2021\/05\/banner_tirinha_x2-256x243.png 256w, https:\/\/www.agenciabrasilia.df.gov.br\/wp-conteudo\/uploads\/2021\/05\/banner_tirinha_x2-1200x1139.png 1200w\" alt=\"\" width=\"1659\" height=\"1575\" \/><\/a><\/p>\n<p>A tirinha acima \u00e9 uma situa\u00e7\u00e3o corriqueira nas unidades de vacina\u00e7\u00e3o. Para conscientizar a popula\u00e7\u00e3o, a Secretaria de Sa\u00fade lan\u00e7a a campanha \u201cN\u00e3o importa a marca, o importante \u00e9 vacinar\u201d. \u00c9 uma forma de as pessoas serem informadas de que as tr\u00eas vacinas oferecidas atualmente no Brasil s\u00e3o eficazes, seguras e garantem prote\u00e7\u00e3o contra a covid-19.<\/p>\n<p>O subsecret\u00e1rio de Aten\u00e7\u00e3o Integral \u00e0 Sa\u00fade, Alexandre Garcia, explica, em v\u00eddeo, a import\u00e2ncia de se buscar a imuniza\u00e7\u00e3o independentemente da marca da vacina.\u201dCada vacina possui caracter\u00edsticas pr\u00f3prias, pois s\u00e3o fabricadas por laborat\u00f3rios diferentes. Mas, no final das contas, todas buscam e alcan\u00e7am um mesmo prop\u00f3sito: a imuniza\u00e7\u00e3o\u201d, diz.<\/p>\n<p><iframe loading=\"lazy\" title=\"YouTube video player\" src=\"https:\/\/www.youtube.com\/embed\/0pM5bIbB3P8\" width=\"560\" height=\"315\" frameborder=\"0\" allowfullscreen=\"allowfullscreen\" data-mce-fragment=\"1\"><\/iframe>A primeira vacina oferecida no Brasil foi a CoronaVac, produzida pelo Instituto Butantan em parceria com o laborat\u00f3rio chin\u00eas Sinovac. O primeiro lote do imunizante desembarcou no Distrito Federal no dia 18 de janeiro e, no dia seguinte, foi utilizado na imuniza\u00e7\u00e3o dos primeiros profissionais de sa\u00fade.<\/p>\n<blockquote class=\"olho esquerda\"><p><span class=\"olho__texto h2 clearfix\">Para se chegar a uma conclus\u00e3o quanto \u00e0 efic\u00e1cia de um imunobiol\u00f3gico, v\u00e1rios testes e pesquisas s\u00e3o feitos antes mesmo de ele ser disponibilizado para uso em humanos<\/span><\/p><\/blockquote>\n<p>No dia 24 de janeiro, o DF recebeu a primeira remessa da vacina Oxford\/AstraZeneca. O imunizante foi desenvolvido pela universidade inglesa de Oxford em parceria com o laborat\u00f3rio sueco-brit\u00e2nico AstraZeneca. No Brasil, a Funda\u00e7\u00e3o Oswaldo Cruz faz a produ\u00e7\u00e3o para o Programa Nacional de Imuniza\u00e7\u00e3o (PNI). O primeiro lote que chegou na capital e foi aplicado em profissionais de sa\u00fade e idosos com 80 anos ou mais.<\/p>\n<p>A vacina Pfizer\/BioNTech foi desenvolvida pela farmac\u00eautica norte-americana Pfizer em parceria com o laborat\u00f3rio alem\u00e3o BioNTech. A primeira remessa chegou \u00e0 capital federal no dia 3 de maio e ser\u00e1 utilizada para vacinar pessoas com comorbidades. As 5.850 doses foram produzidas na B\u00e9lgica e est\u00e3o armazenadas em um ultracongelador a uma temperatura de at\u00e9 -80\u00b0C.<\/p>\n<p><strong>Efic\u00e1cia das vacinas<\/strong><\/p>\n<p>Para se chegar a uma conclus\u00e3o quanto \u00e0 efic\u00e1cia de um imunobiol\u00f3gico, v\u00e1rios testes e pesquisas s\u00e3o feitas antes mesmo de ele ser disponibilizado para uso em humanos. A efic\u00e1cia nada mais \u00e9 que a capacidade de a vacina oferecer prote\u00e7\u00e3o imunol\u00f3gica ao indiv\u00edduo que a recebe. S\u00e3o feitas tr\u00eas fases de estudos para se chegar a uma conclus\u00e3o.<\/p>\n<blockquote class=\"olho direita\"><p><span class=\"olho__texto h2 clearfix\">A Secretaria de Sa\u00fade recomenda que, se chegou a sua hora de receber a vacina, v\u00e1 at\u00e9 a unidade de vacina\u00e7\u00e3o e vacine com o imunizante dispon\u00edvel<\/span><\/p><\/blockquote>\n<p>Vale destacar que a efic\u00e1cia atual representa o resultado de estudos cl\u00ednicos feitos em volunt\u00e1rios em determinada pesquisa. O impacto real sobre a prote\u00e7\u00e3o \u00e9 avaliado quanto \u00e0 efetividade, que \u00e9 medida com a imuniza\u00e7\u00e3o em massa da popula\u00e7\u00e3o. Portanto, n\u00e3o \u00e9 o momento de escolher qual vacina tomar e, sim, receber aquela que est\u00e1 sendo oferecida.<\/p>\n<p>Todas as vacinas oferecidas no Programa Nacional de Imuniza\u00e7\u00e3o (PNI) \u2013 n\u00e3o somente a que previne a covid-19 \u2013 t\u00eam efic\u00e1cia contra as doen\u00e7as que s\u00e3o indicadas. Nenhuma delas apresenta 100% de efic\u00e1cia. Essa considera\u00e7\u00e3o t\u00e9cnica \u00e9 global e n\u00e3o somente em territ\u00f3rio nacional.<\/p>\n<p>A Secretaria de Sa\u00fade recomenda que, se chegou a sua hora de receber a vacina, v\u00e1 at\u00e9 uma unidade de vacina\u00e7\u00e3o e vacine com o imunizante dispon\u00edvel.<\/p>\n<p><em>*Com informa\u00e7\u00f5es da Secretaria de Sa\u00fade<\/em><\/p>\n<\/div>\n<\/div>\n","protected":false},"excerpt":{"rendered":"<p>Iniciativa busca conscientizar e informar que todos os imunizantes contra a covid-19 s\u00e3o seguros e eficazes. Sa\u00fade lan\u00e7a campanha \u2018N\u00e3o importa a marca, o importante \u00e9 vacinar\u2019 Iniciativa busca conscientizar e informar que todos os imunizantes contra a covid-19 s\u00e3o seguros e eficazes AG\u00caNCIA BRAS\u00cdLIA* | EDI\u00c7\u00c3O: M\u00d4NICA PEDROSO A tirinha acima \u00e9 uma situa\u00e7\u00e3o [&hellip;]<\/p>\n","protected":false},"author":2,"featured_media":23035,"comment_status":"open","ping_status":"open","sticky":false,"template":"","format":"standard","meta":{"footnotes":""},"categories":[1],"tags":[],"class_list":{"0":"post-23034","1":"post","2":"type-post","3":"status-publish","4":"format-standard","5":"has-post-thumbnail","7":"category-outros"},"yoast_head":"<!-- This site is optimized with the Yoast SEO Premium plugin v24.5 (Yoast SEO v27.5) - https:\/\/yoast.com\/product\/yoast-seo-premium-wordpress\/ -->\n<title>Sa\u00fade lan\u00e7a campanha \u2018N\u00e3o importa a marca, o importante \u00e9 vacinar\u2019. - P31<\/title>\n<meta name=\"robots\" content=\"index, follow, max-snippet:-1, max-image-preview:large, max-video-preview:-1\" \/>\n<link rel=\"canonical\" href=\"https:\/\/www.p31noticias.com.br\/?p=23034\" \/>\n<meta property=\"og:locale\" content=\"pt_BR\" \/>\n<meta property=\"og:type\" content=\"article\" \/>\n<meta property=\"og:title\" content=\"Sa\u00fade lan\u00e7a campanha \u2018N\u00e3o importa a marca, o importante \u00e9 vacinar\u2019.\" \/>\n<meta property=\"og:description\" content=\"Iniciativa busca conscientizar e informar que todos os imunizantes contra a covid-19 s\u00e3o seguros e eficazes. Sa\u00fade lan\u00e7a campanha \u2018N\u00e3o importa a marca, o importante \u00e9 vacinar\u2019 Iniciativa busca conscientizar e informar que todos os imunizantes contra a covid-19 s\u00e3o seguros e eficazes AG\u00caNCIA BRAS\u00cdLIA* | EDI\u00c7\u00c3O: M\u00d4NICA PEDROSO A tirinha acima \u00e9 uma situa\u00e7\u00e3o [&hellip;]\" \/>\n<meta property=\"og:url\" content=\"https:\/\/www.p31noticias.com.br\/?p=23034\" \/>\n<meta property=\"og:site_name\" content=\"P31\" \/>\n<meta property=\"article:published_time\" content=\"2021-05-05T21:28:34+00:00\" \/>\n<meta property=\"og:image\" content=\"https:\/\/www.p31noticias.com.br\/wp-content\/uploads\/2021\/05\/unnamed-8.jpg\" \/>\n\t<meta property=\"og:image:width\" content=\"1159\" \/>\n\t<meta property=\"og:image:height\" content=\"788\" \/>\n\t<meta property=\"og:image:type\" content=\"image\/jpeg\" \/>\n<meta name=\"author\" content=\"Gon\u00e7alves Junior\" \/>\n<meta name=\"twitter:card\" content=\"summary_large_image\" \/>\n<meta name=\"twitter:label1\" content=\"Escrito por\" \/>\n\t<meta name=\"twitter:data1\" content=\"Gon\u00e7alves Junior\" \/>\n\t<meta name=\"twitter:label2\" content=\"Est. tempo de leitura\" \/>\n\t<meta name=\"twitter:data2\" content=\"3 minutos\" \/>\n<script type=\"application\/ld+json\" class=\"yoast-schema-graph\">{\"@context\":\"https:\\\/\\\/schema.org\",\"@graph\":[{\"@type\":\"Article\",\"@id\":\"https:\\\/\\\/www.p31noticias.com.br\\\/?p=23034#article\",\"isPartOf\":{\"@id\":\"https:\\\/\\\/www.p31noticias.com.br\\\/?p=23034\"},\"author\":{\"name\":\"Gon\u00e7alves Junior\",\"@id\":\"https:\\\/\\\/www.p31noticias.com.br\\\/#\\\/schema\\\/person\\\/95f2ece30e3b4132065b915150cd0f94\"},\"headline\":\"Sa\u00fade lan\u00e7a campanha \u2018N\u00e3o importa a marca, o importante \u00e9 vacinar\u2019.\",\"datePublished\":\"2021-05-05T21:28:34+00:00\",\"mainEntityOfPage\":{\"@id\":\"https:\\\/\\\/www.p31noticias.com.br\\\/?p=23034\"},\"wordCount\":658,\"commentCount\":0,\"image\":{\"@id\":\"https:\\\/\\\/www.p31noticias.com.br\\\/?p=23034#primaryimage\"},\"thumbnailUrl\":\"https:\\\/\\\/www.p31noticias.com.br\\\/wp-content\\\/uploads\\\/2021\\\/05\\\/unnamed-8.jpg\",\"articleSection\":[\"Outros\"],\"inLanguage\":\"pt-BR\",\"potentialAction\":[{\"@type\":\"CommentAction\",\"name\":\"Comment\",\"target\":[\"https:\\\/\\\/www.p31noticias.com.br\\\/?p=23034#respond\"]}],\"copyrightYear\":\"2021\",\"copyrightHolder\":{\"@id\":\"https:\\\/\\\/www.p31noticias.com.br\\\/#organization\"}},{\"@type\":\"WebPage\",\"@id\":\"https:\\\/\\\/www.p31noticias.com.br\\\/?p=23034\",\"url\":\"https:\\\/\\\/www.p31noticias.com.br\\\/?p=23034\",\"name\":\"Sa\u00fade lan\u00e7a campanha \u2018N\u00e3o importa a marca, o importante \u00e9 vacinar\u2019. - P31\",\"isPartOf\":{\"@id\":\"https:\\\/\\\/www.p31noticias.com.br\\\/#website\"},\"primaryImageOfPage\":{\"@id\":\"https:\\\/\\\/www.p31noticias.com.br\\\/?p=23034#primaryimage\"},\"image\":{\"@id\":\"https:\\\/\\\/www.p31noticias.com.br\\\/?p=23034#primaryimage\"},\"thumbnailUrl\":\"https:\\\/\\\/www.p31noticias.com.br\\\/wp-content\\\/uploads\\\/2021\\\/05\\\/unnamed-8.jpg\",\"datePublished\":\"2021-05-05T21:28:34+00:00\",\"author\":{\"@id\":\"https:\\\/\\\/www.p31noticias.com.br\\\/#\\\/schema\\\/person\\\/95f2ece30e3b4132065b915150cd0f94\"},\"breadcrumb\":{\"@id\":\"https:\\\/\\\/www.p31noticias.com.br\\\/?p=23034#breadcrumb\"},\"inLanguage\":\"pt-BR\",\"potentialAction\":[{\"@type\":\"ReadAction\",\"target\":[\"https:\\\/\\\/www.p31noticias.com.br\\\/?p=23034\"]}]},{\"@type\":\"ImageObject\",\"inLanguage\":\"pt-BR\",\"@id\":\"https:\\\/\\\/www.p31noticias.com.br\\\/?p=23034#primaryimage\",\"url\":\"https:\\\/\\\/www.p31noticias.com.br\\\/wp-content\\\/uploads\\\/2021\\\/05\\\/unnamed-8.jpg\",\"contentUrl\":\"https:\\\/\\\/www.p31noticias.com.br\\\/wp-content\\\/uploads\\\/2021\\\/05\\\/unnamed-8.jpg\",\"width\":1159,\"height\":788},{\"@type\":\"BreadcrumbList\",\"@id\":\"https:\\\/\\\/www.p31noticias.com.br\\\/?p=23034#breadcrumb\",\"itemListElement\":[{\"@type\":\"ListItem\",\"position\":1,\"name\":\"In\u00edcio\",\"item\":\"https:\\\/\\\/www.p31noticias.com.br\\\/\"},{\"@type\":\"ListItem\",\"position\":2,\"name\":\"Sa\u00fade lan\u00e7a campanha \u2018N\u00e3o importa a marca, o importante \u00e9 vacinar\u2019.\"}]},{\"@type\":\"WebSite\",\"@id\":\"https:\\\/\\\/www.p31noticias.com.br\\\/#website\",\"url\":\"https:\\\/\\\/www.p31noticias.com.br\\\/\",\"name\":\"P31\",\"description\":\"NOT\u00cdCIAS\",\"potentialAction\":[{\"@type\":\"SearchAction\",\"target\":{\"@type\":\"EntryPoint\",\"urlTemplate\":\"https:\\\/\\\/www.p31noticias.com.br\\\/?s={search_term_string}\"},\"query-input\":{\"@type\":\"PropertyValueSpecification\",\"valueRequired\":true,\"valueName\":\"search_term_string\"}}],\"inLanguage\":\"pt-BR\"},{\"@type\":\"Person\",\"@id\":\"https:\\\/\\\/www.p31noticias.com.br\\\/#\\\/schema\\\/person\\\/95f2ece30e3b4132065b915150cd0f94\",\"name\":\"Gon\u00e7alves Junior\",\"image\":{\"@type\":\"ImageObject\",\"inLanguage\":\"pt-BR\",\"@id\":\"https:\\\/\\\/secure.gravatar.com\\\/avatar\\\/6711f350116a89762687a48d66f723c799e5438a5b7578508d4294cd7a5d0800?s=96&d=mm&r=g\",\"url\":\"https:\\\/\\\/secure.gravatar.com\\\/avatar\\\/6711f350116a89762687a48d66f723c799e5438a5b7578508d4294cd7a5d0800?s=96&d=mm&r=g\",\"contentUrl\":\"https:\\\/\\\/secure.gravatar.com\\\/avatar\\\/6711f350116a89762687a48d66f723c799e5438a5b7578508d4294cd7a5d0800?s=96&d=mm&r=g\",\"caption\":\"Gon\u00e7alves Junior\"},\"url\":\"https:\\\/\\\/www.p31noticias.com.br\\\/?author=2\"}]}<\/script>\n<!-- \/ Yoast SEO Premium plugin. -->","yoast_head_json":{"title":"Sa\u00fade lan\u00e7a campanha \u2018N\u00e3o importa a marca, o importante \u00e9 vacinar\u2019. - P31","robots":{"index":"index","follow":"follow","max-snippet":"max-snippet:-1","max-image-preview":"max-image-preview:large","max-video-preview":"max-video-preview:-1"},"canonical":"https:\/\/www.p31noticias.com.br\/?p=23034","og_locale":"pt_BR","og_type":"article","og_title":"Sa\u00fade lan\u00e7a campanha \u2018N\u00e3o importa a marca, o importante \u00e9 vacinar\u2019.","og_description":"Iniciativa busca conscientizar e informar que todos os imunizantes contra a covid-19 s\u00e3o seguros e eficazes. Sa\u00fade lan\u00e7a campanha \u2018N\u00e3o importa a marca, o importante \u00e9 vacinar\u2019 Iniciativa busca conscientizar e informar que todos os imunizantes contra a covid-19 s\u00e3o seguros e eficazes AG\u00caNCIA BRAS\u00cdLIA* | EDI\u00c7\u00c3O: M\u00d4NICA PEDROSO A tirinha acima \u00e9 uma situa\u00e7\u00e3o [&hellip;]","og_url":"https:\/\/www.p31noticias.com.br\/?p=23034","og_site_name":"P31","article_published_time":"2021-05-05T21:28:34+00:00","og_image":[{"width":1159,"height":788,"url":"https:\/\/www.p31noticias.com.br\/wp-content\/uploads\/2021\/05\/unnamed-8.jpg","type":"image\/jpeg"}],"author":"Gon\u00e7alves Junior","twitter_card":"summary_large_image","twitter_misc":{"Escrito por":"Gon\u00e7alves Junior","Est. tempo de leitura":"3 minutos"},"schema":{"@context":"https:\/\/schema.org","@graph":[{"@type":"Article","@id":"https:\/\/www.p31noticias.com.br\/?p=23034#article","isPartOf":{"@id":"https:\/\/www.p31noticias.com.br\/?p=23034"},"author":{"name":"Gon\u00e7alves Junior","@id":"https:\/\/www.p31noticias.com.br\/#\/schema\/person\/95f2ece30e3b4132065b915150cd0f94"},"headline":"Sa\u00fade lan\u00e7a campanha \u2018N\u00e3o importa a marca, o importante \u00e9 vacinar\u2019.","datePublished":"2021-05-05T21:28:34+00:00","mainEntityOfPage":{"@id":"https:\/\/www.p31noticias.com.br\/?p=23034"},"wordCount":658,"commentCount":0,"image":{"@id":"https:\/\/www.p31noticias.com.br\/?p=23034#primaryimage"},"thumbnailUrl":"https:\/\/www.p31noticias.com.br\/wp-content\/uploads\/2021\/05\/unnamed-8.jpg","articleSection":["Outros"],"inLanguage":"pt-BR","potentialAction":[{"@type":"CommentAction","name":"Comment","target":["https:\/\/www.p31noticias.com.br\/?p=23034#respond"]}],"copyrightYear":"2021","copyrightHolder":{"@id":"https:\/\/www.p31noticias.com.br\/#organization"}},{"@type":"WebPage","@id":"https:\/\/www.p31noticias.com.br\/?p=23034","url":"https:\/\/www.p31noticias.com.br\/?p=23034","name":"Sa\u00fade lan\u00e7a campanha \u2018N\u00e3o importa a marca, o importante \u00e9 vacinar\u2019. - P31","isPartOf":{"@id":"https:\/\/www.p31noticias.com.br\/#website"},"primaryImageOfPage":{"@id":"https:\/\/www.p31noticias.com.br\/?p=23034#primaryimage"},"image":{"@id":"https:\/\/www.p31noticias.com.br\/?p=23034#primaryimage"},"thumbnailUrl":"https:\/\/www.p31noticias.com.br\/wp-content\/uploads\/2021\/05\/unnamed-8.jpg","datePublished":"2021-05-05T21:28:34+00:00","author":{"@id":"https:\/\/www.p31noticias.com.br\/#\/schema\/person\/95f2ece30e3b4132065b915150cd0f94"},"breadcrumb":{"@id":"https:\/\/www.p31noticias.com.br\/?p=23034#breadcrumb"},"inLanguage":"pt-BR","potentialAction":[{"@type":"ReadAction","target":["https:\/\/www.p31noticias.com.br\/?p=23034"]}]},{"@type":"ImageObject","inLanguage":"pt-BR","@id":"https:\/\/www.p31noticias.com.br\/?p=23034#primaryimage","url":"https:\/\/www.p31noticias.com.br\/wp-content\/uploads\/2021\/05\/unnamed-8.jpg","contentUrl":"https:\/\/www.p31noticias.com.br\/wp-content\/uploads\/2021\/05\/unnamed-8.jpg","width":1159,"height":788},{"@type":"BreadcrumbList","@id":"https:\/\/www.p31noticias.com.br\/?p=23034#breadcrumb","itemListElement":[{"@type":"ListItem","position":1,"name":"In\u00edcio","item":"https:\/\/www.p31noticias.com.br\/"},{"@type":"ListItem","position":2,"name":"Sa\u00fade lan\u00e7a campanha \u2018N\u00e3o importa a marca, o importante \u00e9 vacinar\u2019."}]},{"@type":"WebSite","@id":"https:\/\/www.p31noticias.com.br\/#website","url":"https:\/\/www.p31noticias.com.br\/","name":"P31","description":"NOT\u00cdCIAS","potentialAction":[{"@type":"SearchAction","target":{"@type":"EntryPoint","urlTemplate":"https:\/\/www.p31noticias.com.br\/?s={search_term_string}"},"query-input":{"@type":"PropertyValueSpecification","valueRequired":true,"valueName":"search_term_string"}}],"inLanguage":"pt-BR"},{"@type":"Person","@id":"https:\/\/www.p31noticias.com.br\/#\/schema\/person\/95f2ece30e3b4132065b915150cd0f94","name":"Gon\u00e7alves Junior","image":{"@type":"ImageObject","inLanguage":"pt-BR","@id":"https:\/\/secure.gravatar.com\/avatar\/6711f350116a89762687a48d66f723c799e5438a5b7578508d4294cd7a5d0800?s=96&d=mm&r=g","url":"https:\/\/secure.gravatar.com\/avatar\/6711f350116a89762687a48d66f723c799e5438a5b7578508d4294cd7a5d0800?s=96&d=mm&r=g","contentUrl":"https:\/\/secure.gravatar.com\/avatar\/6711f350116a89762687a48d66f723c799e5438a5b7578508d4294cd7a5d0800?s=96&d=mm&r=g","caption":"Gon\u00e7alves Junior"},"url":"https:\/\/www.p31noticias.com.br\/?author=2"}]}},"amp_enabled":true,"_links":{"self":[{"href":"https:\/\/www.p31noticias.com.br\/index.php?rest_route=\/wp\/v2\/posts\/23034","targetHints":{"allow":["GET"]}}],"collection":[{"href":"https:\/\/www.p31noticias.com.br\/index.php?rest_route=\/wp\/v2\/posts"}],"about":[{"href":"https:\/\/www.p31noticias.com.br\/index.php?rest_route=\/wp\/v2\/types\/post"}],"author":[{"embeddable":true,"href":"https:\/\/www.p31noticias.com.br\/index.php?rest_route=\/wp\/v2\/users\/2"}],"replies":[{"embeddable":true,"href":"https:\/\/www.p31noticias.com.br\/index.php?rest_route=%2Fwp%2Fv2%2Fcomments&post=23034"}],"version-history":[{"count":1,"href":"https:\/\/www.p31noticias.com.br\/index.php?rest_route=\/wp\/v2\/posts\/23034\/revisions"}],"predecessor-version":[{"id":23036,"href":"https:\/\/www.p31noticias.com.br\/index.php?rest_route=\/wp\/v2\/posts\/23034\/revisions\/23036"}],"wp:featuredmedia":[{"embeddable":true,"href":"https:\/\/www.p31noticias.com.br\/index.php?rest_route=\/wp\/v2\/media\/23035"}],"wp:attachment":[{"href":"https:\/\/www.p31noticias.com.br\/index.php?rest_route=%2Fwp%2Fv2%2Fmedia&parent=23034"}],"wp:term":[{"taxonomy":"category","embeddable":true,"href":"https:\/\/www.p31noticias.com.br\/index.php?rest_route=%2Fwp%2Fv2%2Fcategories&post=23034"},{"taxonomy":"post_tag","embeddable":true,"href":"https:\/\/www.p31noticias.com.br\/index.php?rest_route=%2Fwp%2Fv2%2Ftags&post=23034"}],"curies":[{"name":"wp","href":"https:\/\/api.w.org\/{rel}","templated":true}]}}