{"id":23022,"date":"2021-04-27T18:03:51","date_gmt":"2021-04-27T18:03:51","guid":{"rendered":"https:\/\/p31noticias.com.br\/?p=23022"},"modified":"2021-04-27T18:03:51","modified_gmt":"2021-04-27T18:03:51","slug":"covid-19-pessoas-com-comorbidades-serao-imunizadas-a-partir-de-maio","status":"publish","type":"post","link":"https:\/\/www.p31noticias.com.br\/?p=23022","title":{"rendered":"Covid-19: pessoas com comorbidades ser\u00e3o imunizadas a partir de maio."},"content":{"rendered":"<h3 class=\"col-10 offset-1 animated fadeInDown dealy-900 display-8 display-md-8 alt-font font-italic my-1 text-center\"><strong><em>Minist\u00e9rio da Sa\u00fade diz que p\u00fablico ser\u00e1 vacinado de acordo com idade.<\/em><\/strong><\/h3>\n<p>Em maio come\u00e7a uma nova fase da vacina\u00e7\u00e3o contra a covid-19 no pa\u00eds. O foco agora s\u00e3o as pessoas com doen\u00e7as pr\u00e9-existentes como problemas card\u00edacos e do pulm\u00e3o, hipertens\u00e3o arterial e diabetes que podem oferecer risco\u00a0<span id=\"DWT546\">de<\/span>\u00a0agravamento da doen\u00e7a. Veja a rela\u00e7\u00e3o completa de\u00a0<a href=\"https:\/\/www.gov.br\/saude\/pt-br\/media\/pdf\/2021\/marco\/23\/plano-nacional-de-vacinacao-covid-19-de-2021\" target=\"_blank\" rel=\"noopener noreferrer\">comorbidades do Minist\u00e9rio da Sa\u00fade.<\/a><img decoding=\"async\" src=\"https:\/\/agenciabrasil.ebc.com.br\/ebc.png?id=1407433&amp;o=node\" \/><img decoding=\"async\" src=\"https:\/\/agenciabrasil.ebc.com.br\/ebc.gif?id=1407433&amp;o=node\" \/><\/p>\n<p>Para garantir a vacina\u00e7\u00e3o desse grupo, o Minist\u00e9rio da Sa\u00fa<span id=\"DWT548\">de<\/span>\u00a0explica que \u00e9 importante que essas pessoas estejam pr\u00e9-cadastradas no Sistema\u00a0<span id=\"DWT550\">de<\/span>\u00a0Informa\u00e7\u00e3o do Programa Nacional\u00a0<span id=\"DWT552\">de<\/span>\u00a0Imuniza\u00e7\u00f5es ou em alguma unidade\u00a0<span id=\"DWT554\">de<\/span>\u00a0sa\u00fa<span id=\"DWT556\">de<\/span>\u00a0do SUS.<\/p>\n<p>Mas, quem n\u00e3o tiver a inscri\u00e7\u00e3o vai poder tomar a vacina. Para isso, \u00e9 preciso apresentar no momento da imuniza\u00e7\u00e3o, um comprovante da comorbidade, como exames, receitas, relat\u00f3rio m\u00e9dico ou prescri\u00e7\u00e3o m\u00e9dica.<\/p>\n<p>A convoca\u00e7\u00e3o desse grupo ser\u00e1\u00a0<span id=\"DWT558\">de<\/span>\u00a0acordo com a idade, dos mais velhos aos mais jovens. Ent\u00e3o os primeiros a serem convocados ser\u00e3o as pessoas\u00a0<span id=\"DWT560\">de<\/span>\u00a055 a 59 anos, depois\u00a0<span id=\"DWT562\">de<\/span>\u00a050 a 54 anos, e assim por diante.<\/p>\n<p>Desde o in\u00edcio da campanha\u00a0<span id=\"DWT564\">de<\/span>\u00a0vacina\u00e7\u00e3o, no dia\u00a0<span id=\"OBJ_PREFIX_DWT565_com_zimbra_date\" role=\"link\">18 de janeiro<\/span>, j\u00e1 foram distribu\u00eddas mais\u00a0<span id=\"DWT567\">de<\/span>\u00a053 milh\u00f5es\u00a0<span id=\"DWT569\">de<\/span>\u00a0doses\u00a0<span id=\"DWT571\">de<\/span>\u00a0vacinas covid-19, alcan\u00e7ando aproximadamente 30 milh\u00f5es\u00a0<span id=\"DWT573\">de<\/span>\u00a0pessoas.<\/p>\n<p>At\u00e9 o momento foram vacinados os seguintes grupos priorit\u00e1rios: Trabalhadores\u00a0<span id=\"DWT575\">de<\/span>\u00a0sa\u00fa<span id=\"DWT577\">de<\/span>; pessoas acima\u00a0<span id=\"DWT579\">de<\/span>\u00a060 anos que morem em abrigos, pessoas com mais\u00a0<span id=\"DWT581\">de<\/span>\u00a018 anos com defici\u00eancia que tamb\u00e9m morem em abrigos. Idosos a partir\u00a0<span id=\"DWT583\">de<\/span>\u00a065 anos, povos ind\u00edgenas, quilombolas e a popula\u00e7\u00e3o ribeirinha.<\/p>\n<p>Al\u00e9m das For\u00e7as\u00a0<span id=\"DWT585\">de<\/span>\u00a0seguran\u00e7a e salvamento e For\u00e7as Armadas as pessoas com mais\u00a0<span id=\"DWT587\">de<\/span>\u00a060 anos est\u00e3o sendo vacinadas conforme o calend\u00e1rio\u00a0<span id=\"DWT589\">de<\/span>\u00a0cada estado, mas est\u00e3o garantidas ainda nessa primeira fase\u00a0<span id=\"DWT591\">de<\/span>\u00a0vacina\u00e7\u00e3o.<\/p>\n<p>Ag\u00eancia Brasil<\/p>\n","protected":false},"excerpt":{"rendered":"<p>Minist\u00e9rio da Sa\u00fade diz que p\u00fablico ser\u00e1 vacinado de acordo com idade. Em maio come\u00e7a uma nova fase da vacina\u00e7\u00e3o contra a covid-19 no pa\u00eds. O foco agora s\u00e3o as pessoas com doen\u00e7as pr\u00e9-existentes como problemas card\u00edacos e do pulm\u00e3o, hipertens\u00e3o arterial e diabetes que podem oferecer risco\u00a0de\u00a0agravamento da doen\u00e7a. Veja a rela\u00e7\u00e3o completa de\u00a0comorbidades [&hellip;]<\/p>\n","protected":false},"author":2,"featured_media":23024,"comment_status":"open","ping_status":"open","sticky":false,"template":"","format":"standard","meta":{"footnotes":""},"categories":[1],"tags":[],"class_list":{"0":"post-23022","1":"post","2":"type-post","3":"status-publish","4":"format-standard","5":"has-post-thumbnail","7":"category-outros"},"yoast_head":"<!-- This site is optimized with the Yoast SEO Premium plugin v24.5 (Yoast SEO v27.5) - https:\/\/yoast.com\/product\/yoast-seo-premium-wordpress\/ -->\n<title>Covid-19: pessoas com comorbidades ser\u00e3o imunizadas a partir de maio. - P31<\/title>\n<meta name=\"robots\" content=\"index, follow, max-snippet:-1, max-image-preview:large, max-video-preview:-1\" \/>\n<link rel=\"canonical\" href=\"https:\/\/www.p31noticias.com.br\/?p=23022\" \/>\n<meta property=\"og:locale\" content=\"pt_BR\" \/>\n<meta property=\"og:type\" content=\"article\" \/>\n<meta property=\"og:title\" content=\"Covid-19: pessoas com comorbidades ser\u00e3o imunizadas a partir de maio.\" \/>\n<meta property=\"og:description\" content=\"Minist\u00e9rio da Sa\u00fade diz que p\u00fablico ser\u00e1 vacinado de acordo com idade. Em maio come\u00e7a uma nova fase da vacina\u00e7\u00e3o contra a covid-19 no pa\u00eds. O foco agora s\u00e3o as pessoas com doen\u00e7as pr\u00e9-existentes como problemas card\u00edacos e do pulm\u00e3o, hipertens\u00e3o arterial e diabetes que podem oferecer risco\u00a0de\u00a0agravamento da doen\u00e7a. Veja a rela\u00e7\u00e3o completa de\u00a0comorbidades [&hellip;]\" \/>\n<meta property=\"og:url\" content=\"https:\/\/www.p31noticias.com.br\/?p=23022\" \/>\n<meta property=\"og:site_name\" content=\"P31\" \/>\n<meta property=\"article:published_time\" content=\"2021-04-27T18:03:51+00:00\" \/>\n<meta property=\"og:image\" content=\"https:\/\/www.p31noticias.com.br\/wp-content\/uploads\/2021\/04\/vacina-cremerj-1.jpg\" \/>\n\t<meta property=\"og:image:width\" content=\"1170\" \/>\n\t<meta property=\"og:image:height\" content=\"700\" \/>\n\t<meta property=\"og:image:type\" content=\"image\/jpeg\" \/>\n<meta name=\"author\" content=\"Gon\u00e7alves Junior\" \/>\n<meta name=\"twitter:card\" content=\"summary_large_image\" \/>\n<meta name=\"twitter:label1\" content=\"Escrito por\" \/>\n\t<meta name=\"twitter:data1\" content=\"Gon\u00e7alves Junior\" \/>\n\t<meta name=\"twitter:label2\" content=\"Est. tempo de leitura\" \/>\n\t<meta name=\"twitter:data2\" content=\"2 minutos\" \/>\n<script type=\"application\/ld+json\" class=\"yoast-schema-graph\">{\"@context\":\"https:\\\/\\\/schema.org\",\"@graph\":[{\"@type\":\"Article\",\"@id\":\"https:\\\/\\\/www.p31noticias.com.br\\\/?p=23022#article\",\"isPartOf\":{\"@id\":\"https:\\\/\\\/www.p31noticias.com.br\\\/?p=23022\"},\"author\":{\"name\":\"Gon\u00e7alves Junior\",\"@id\":\"https:\\\/\\\/www.p31noticias.com.br\\\/#\\\/schema\\\/person\\\/95f2ece30e3b4132065b915150cd0f94\"},\"headline\":\"Covid-19: pessoas com comorbidades ser\u00e3o imunizadas a partir de maio.\",\"datePublished\":\"2021-04-27T18:03:51+00:00\",\"mainEntityOfPage\":{\"@id\":\"https:\\\/\\\/www.p31noticias.com.br\\\/?p=23022\"},\"wordCount\":336,\"commentCount\":2,\"image\":{\"@id\":\"https:\\\/\\\/www.p31noticias.com.br\\\/?p=23022#primaryimage\"},\"thumbnailUrl\":\"https:\\\/\\\/www.p31noticias.com.br\\\/wp-content\\\/uploads\\\/2021\\\/04\\\/vacina-cremerj-1.jpg\",\"articleSection\":[\"Outros\"],\"inLanguage\":\"pt-BR\",\"potentialAction\":[{\"@type\":\"CommentAction\",\"name\":\"Comment\",\"target\":[\"https:\\\/\\\/www.p31noticias.com.br\\\/?p=23022#respond\"]}],\"copyrightYear\":\"2021\",\"copyrightHolder\":{\"@id\":\"https:\\\/\\\/www.p31noticias.com.br\\\/#organization\"}},{\"@type\":\"WebPage\",\"@id\":\"https:\\\/\\\/www.p31noticias.com.br\\\/?p=23022\",\"url\":\"https:\\\/\\\/www.p31noticias.com.br\\\/?p=23022\",\"name\":\"Covid-19: pessoas com comorbidades ser\u00e3o imunizadas a partir de maio. - P31\",\"isPartOf\":{\"@id\":\"https:\\\/\\\/www.p31noticias.com.br\\\/#website\"},\"primaryImageOfPage\":{\"@id\":\"https:\\\/\\\/www.p31noticias.com.br\\\/?p=23022#primaryimage\"},\"image\":{\"@id\":\"https:\\\/\\\/www.p31noticias.com.br\\\/?p=23022#primaryimage\"},\"thumbnailUrl\":\"https:\\\/\\\/www.p31noticias.com.br\\\/wp-content\\\/uploads\\\/2021\\\/04\\\/vacina-cremerj-1.jpg\",\"datePublished\":\"2021-04-27T18:03:51+00:00\",\"author\":{\"@id\":\"https:\\\/\\\/www.p31noticias.com.br\\\/#\\\/schema\\\/person\\\/95f2ece30e3b4132065b915150cd0f94\"},\"breadcrumb\":{\"@id\":\"https:\\\/\\\/www.p31noticias.com.br\\\/?p=23022#breadcrumb\"},\"inLanguage\":\"pt-BR\",\"potentialAction\":[{\"@type\":\"ReadAction\",\"target\":[\"https:\\\/\\\/www.p31noticias.com.br\\\/?p=23022\"]}]},{\"@type\":\"ImageObject\",\"inLanguage\":\"pt-BR\",\"@id\":\"https:\\\/\\\/www.p31noticias.com.br\\\/?p=23022#primaryimage\",\"url\":\"https:\\\/\\\/www.p31noticias.com.br\\\/wp-content\\\/uploads\\\/2021\\\/04\\\/vacina-cremerj-1.jpg\",\"contentUrl\":\"https:\\\/\\\/www.p31noticias.com.br\\\/wp-content\\\/uploads\\\/2021\\\/04\\\/vacina-cremerj-1.jpg\",\"width\":1170,\"height\":700},{\"@type\":\"BreadcrumbList\",\"@id\":\"https:\\\/\\\/www.p31noticias.com.br\\\/?p=23022#breadcrumb\",\"itemListElement\":[{\"@type\":\"ListItem\",\"position\":1,\"name\":\"In\u00edcio\",\"item\":\"https:\\\/\\\/www.p31noticias.com.br\\\/\"},{\"@type\":\"ListItem\",\"position\":2,\"name\":\"Covid-19: pessoas com comorbidades ser\u00e3o imunizadas a partir de maio.\"}]},{\"@type\":\"WebSite\",\"@id\":\"https:\\\/\\\/www.p31noticias.com.br\\\/#website\",\"url\":\"https:\\\/\\\/www.p31noticias.com.br\\\/\",\"name\":\"P31\",\"description\":\"NOT\u00cdCIAS\",\"potentialAction\":[{\"@type\":\"SearchAction\",\"target\":{\"@type\":\"EntryPoint\",\"urlTemplate\":\"https:\\\/\\\/www.p31noticias.com.br\\\/?s={search_term_string}\"},\"query-input\":{\"@type\":\"PropertyValueSpecification\",\"valueRequired\":true,\"valueName\":\"search_term_string\"}}],\"inLanguage\":\"pt-BR\"},{\"@type\":\"Person\",\"@id\":\"https:\\\/\\\/www.p31noticias.com.br\\\/#\\\/schema\\\/person\\\/95f2ece30e3b4132065b915150cd0f94\",\"name\":\"Gon\u00e7alves Junior\",\"image\":{\"@type\":\"ImageObject\",\"inLanguage\":\"pt-BR\",\"@id\":\"https:\\\/\\\/secure.gravatar.com\\\/avatar\\\/6711f350116a89762687a48d66f723c799e5438a5b7578508d4294cd7a5d0800?s=96&d=mm&r=g\",\"url\":\"https:\\\/\\\/secure.gravatar.com\\\/avatar\\\/6711f350116a89762687a48d66f723c799e5438a5b7578508d4294cd7a5d0800?s=96&d=mm&r=g\",\"contentUrl\":\"https:\\\/\\\/secure.gravatar.com\\\/avatar\\\/6711f350116a89762687a48d66f723c799e5438a5b7578508d4294cd7a5d0800?s=96&d=mm&r=g\",\"caption\":\"Gon\u00e7alves Junior\"},\"url\":\"https:\\\/\\\/www.p31noticias.com.br\\\/?author=2\"}]}<\/script>\n<!-- \/ Yoast SEO Premium plugin. -->","yoast_head_json":{"title":"Covid-19: pessoas com comorbidades ser\u00e3o imunizadas a partir de maio. - P31","robots":{"index":"index","follow":"follow","max-snippet":"max-snippet:-1","max-image-preview":"max-image-preview:large","max-video-preview":"max-video-preview:-1"},"canonical":"https:\/\/www.p31noticias.com.br\/?p=23022","og_locale":"pt_BR","og_type":"article","og_title":"Covid-19: pessoas com comorbidades ser\u00e3o imunizadas a partir de maio.","og_description":"Minist\u00e9rio da Sa\u00fade diz que p\u00fablico ser\u00e1 vacinado de acordo com idade. Em maio come\u00e7a uma nova fase da vacina\u00e7\u00e3o contra a covid-19 no pa\u00eds. O foco agora s\u00e3o as pessoas com doen\u00e7as pr\u00e9-existentes como problemas card\u00edacos e do pulm\u00e3o, hipertens\u00e3o arterial e diabetes que podem oferecer risco\u00a0de\u00a0agravamento da doen\u00e7a. Veja a rela\u00e7\u00e3o completa de\u00a0comorbidades [&hellip;]","og_url":"https:\/\/www.p31noticias.com.br\/?p=23022","og_site_name":"P31","article_published_time":"2021-04-27T18:03:51+00:00","og_image":[{"width":1170,"height":700,"url":"https:\/\/www.p31noticias.com.br\/wp-content\/uploads\/2021\/04\/vacina-cremerj-1.jpg","type":"image\/jpeg"}],"author":"Gon\u00e7alves Junior","twitter_card":"summary_large_image","twitter_misc":{"Escrito por":"Gon\u00e7alves Junior","Est. tempo de leitura":"2 minutos"},"schema":{"@context":"https:\/\/schema.org","@graph":[{"@type":"Article","@id":"https:\/\/www.p31noticias.com.br\/?p=23022#article","isPartOf":{"@id":"https:\/\/www.p31noticias.com.br\/?p=23022"},"author":{"name":"Gon\u00e7alves Junior","@id":"https:\/\/www.p31noticias.com.br\/#\/schema\/person\/95f2ece30e3b4132065b915150cd0f94"},"headline":"Covid-19: pessoas com comorbidades ser\u00e3o imunizadas a partir de maio.","datePublished":"2021-04-27T18:03:51+00:00","mainEntityOfPage":{"@id":"https:\/\/www.p31noticias.com.br\/?p=23022"},"wordCount":336,"commentCount":2,"image":{"@id":"https:\/\/www.p31noticias.com.br\/?p=23022#primaryimage"},"thumbnailUrl":"https:\/\/www.p31noticias.com.br\/wp-content\/uploads\/2021\/04\/vacina-cremerj-1.jpg","articleSection":["Outros"],"inLanguage":"pt-BR","potentialAction":[{"@type":"CommentAction","name":"Comment","target":["https:\/\/www.p31noticias.com.br\/?p=23022#respond"]}],"copyrightYear":"2021","copyrightHolder":{"@id":"https:\/\/www.p31noticias.com.br\/#organization"}},{"@type":"WebPage","@id":"https:\/\/www.p31noticias.com.br\/?p=23022","url":"https:\/\/www.p31noticias.com.br\/?p=23022","name":"Covid-19: pessoas com comorbidades ser\u00e3o imunizadas a partir de maio. - P31","isPartOf":{"@id":"https:\/\/www.p31noticias.com.br\/#website"},"primaryImageOfPage":{"@id":"https:\/\/www.p31noticias.com.br\/?p=23022#primaryimage"},"image":{"@id":"https:\/\/www.p31noticias.com.br\/?p=23022#primaryimage"},"thumbnailUrl":"https:\/\/www.p31noticias.com.br\/wp-content\/uploads\/2021\/04\/vacina-cremerj-1.jpg","datePublished":"2021-04-27T18:03:51+00:00","author":{"@id":"https:\/\/www.p31noticias.com.br\/#\/schema\/person\/95f2ece30e3b4132065b915150cd0f94"},"breadcrumb":{"@id":"https:\/\/www.p31noticias.com.br\/?p=23022#breadcrumb"},"inLanguage":"pt-BR","potentialAction":[{"@type":"ReadAction","target":["https:\/\/www.p31noticias.com.br\/?p=23022"]}]},{"@type":"ImageObject","inLanguage":"pt-BR","@id":"https:\/\/www.p31noticias.com.br\/?p=23022#primaryimage","url":"https:\/\/www.p31noticias.com.br\/wp-content\/uploads\/2021\/04\/vacina-cremerj-1.jpg","contentUrl":"https:\/\/www.p31noticias.com.br\/wp-content\/uploads\/2021\/04\/vacina-cremerj-1.jpg","width":1170,"height":700},{"@type":"BreadcrumbList","@id":"https:\/\/www.p31noticias.com.br\/?p=23022#breadcrumb","itemListElement":[{"@type":"ListItem","position":1,"name":"In\u00edcio","item":"https:\/\/www.p31noticias.com.br\/"},{"@type":"ListItem","position":2,"name":"Covid-19: pessoas com comorbidades ser\u00e3o imunizadas a partir de maio."}]},{"@type":"WebSite","@id":"https:\/\/www.p31noticias.com.br\/#website","url":"https:\/\/www.p31noticias.com.br\/","name":"P31","description":"NOT\u00cdCIAS","potentialAction":[{"@type":"SearchAction","target":{"@type":"EntryPoint","urlTemplate":"https:\/\/www.p31noticias.com.br\/?s={search_term_string}"},"query-input":{"@type":"PropertyValueSpecification","valueRequired":true,"valueName":"search_term_string"}}],"inLanguage":"pt-BR"},{"@type":"Person","@id":"https:\/\/www.p31noticias.com.br\/#\/schema\/person\/95f2ece30e3b4132065b915150cd0f94","name":"Gon\u00e7alves Junior","image":{"@type":"ImageObject","inLanguage":"pt-BR","@id":"https:\/\/secure.gravatar.com\/avatar\/6711f350116a89762687a48d66f723c799e5438a5b7578508d4294cd7a5d0800?s=96&d=mm&r=g","url":"https:\/\/secure.gravatar.com\/avatar\/6711f350116a89762687a48d66f723c799e5438a5b7578508d4294cd7a5d0800?s=96&d=mm&r=g","contentUrl":"https:\/\/secure.gravatar.com\/avatar\/6711f350116a89762687a48d66f723c799e5438a5b7578508d4294cd7a5d0800?s=96&d=mm&r=g","caption":"Gon\u00e7alves Junior"},"url":"https:\/\/www.p31noticias.com.br\/?author=2"}]}},"amp_enabled":true,"_links":{"self":[{"href":"https:\/\/www.p31noticias.com.br\/index.php?rest_route=\/wp\/v2\/posts\/23022","targetHints":{"allow":["GET"]}}],"collection":[{"href":"https:\/\/www.p31noticias.com.br\/index.php?rest_route=\/wp\/v2\/posts"}],"about":[{"href":"https:\/\/www.p31noticias.com.br\/index.php?rest_route=\/wp\/v2\/types\/post"}],"author":[{"embeddable":true,"href":"https:\/\/www.p31noticias.com.br\/index.php?rest_route=\/wp\/v2\/users\/2"}],"replies":[{"embeddable":true,"href":"https:\/\/www.p31noticias.com.br\/index.php?rest_route=%2Fwp%2Fv2%2Fcomments&post=23022"}],"version-history":[{"count":1,"href":"https:\/\/www.p31noticias.com.br\/index.php?rest_route=\/wp\/v2\/posts\/23022\/revisions"}],"predecessor-version":[{"id":23025,"href":"https:\/\/www.p31noticias.com.br\/index.php?rest_route=\/wp\/v2\/posts\/23022\/revisions\/23025"}],"wp:featuredmedia":[{"embeddable":true,"href":"https:\/\/www.p31noticias.com.br\/index.php?rest_route=\/wp\/v2\/media\/23024"}],"wp:attachment":[{"href":"https:\/\/www.p31noticias.com.br\/index.php?rest_route=%2Fwp%2Fv2%2Fmedia&parent=23022"}],"wp:term":[{"taxonomy":"category","embeddable":true,"href":"https:\/\/www.p31noticias.com.br\/index.php?rest_route=%2Fwp%2Fv2%2Fcategories&post=23022"},{"taxonomy":"post_tag","embeddable":true,"href":"https:\/\/www.p31noticias.com.br\/index.php?rest_route=%2Fwp%2Fv2%2Ftags&post=23022"}],"curies":[{"name":"wp","href":"https:\/\/api.w.org\/{rel}","templated":true}]}}