{"id":23016,"date":"2021-04-27T17:41:11","date_gmt":"2021-04-27T17:41:11","guid":{"rendered":"https:\/\/p31noticias.com.br\/?p=23016"},"modified":"2021-04-27T17:52:12","modified_gmt":"2021-04-27T17:52:12","slug":"cpi-da-pandemia-e-instalada-e-renan-calheiros-e-confirmado-relator","status":"publish","type":"post","link":"https:\/\/www.p31noticias.com.br\/?p=23016","title":{"rendered":"CPI da Pandemia \u00e9 instalada e Renan Calheiros \u00e9 confirmado relator."},"content":{"rendered":"<h3 class=\"col-10 offset-1 animated fadeInDown dealy-900 display-8 display-md-8 alt-font font-italic my-1 text-center\">Liminar contra a indica\u00e7\u00e3o de Calheiros foi cassada pelo TRF1<\/h3>\n<p>Em meio a muita pol\u00eamica sobre a indica\u00e7\u00e3o do senador Renan Calheiros (MDB-AL) para a relatoria, a Comiss\u00e3o Parlamentar de Inqu\u00e9rito (CPI) da Pandemia foi instalada no Senado nesta ter\u00e7a-feira (27), confirmando o parlamentar no posto.\u00a0<img decoding=\"async\" src=\"https:\/\/agenciabrasil.ebc.com.br\/ebc.png?id=1407922&amp;o=node\" \/><img decoding=\"async\" src=\"https:\/\/agenciabrasil.ebc.com.br\/ebc.gif?id=1407922&amp;o=node\" \/><\/p>\n<p>Depois de uma tentativa fracassada do senador Eduardo Gir\u00e3o (Podemos-CE) de assumir a presid\u00eancia da CPI, foi eleita, por oito votos, a chapa encabe\u00e7ada pelo senador Omar Aziz (PSD-AM) com Randolfe Rodrigues (Rede- AP) na vice-presid\u00eancia. Conforme o Regimento Interno da Casa, a elei\u00e7\u00e3o secreta foi feita por meio de urna eletr\u00f4nica.<\/p>\n<p>Durante a reuni\u00e3o, uma liminar da Justi\u00e7a Federal de Bras\u00edlia, concedida ontem (26), que\u00a0<a href=\"https:\/\/agenciabrasil.ebc.com.br\/politica\/noticia\/2021-04\/juiz-suspende-indicacao-de-renan-para-relatoria-da-cpi-da-pandemia\" target=\"_blank\" rel=\"noopener noreferrer\">vetava a indica\u00e7\u00e3o de Calheiros<\/a>\u00a0ao posto de relator, foi\u00a0<a href=\"https:\/\/agenciabrasil.ebc.com.br\/politica\/noticia\/2021-04\/trf1-derruba-liminar-que-barrou-renan-calheiros-em-relatoria-de-cpi\" target=\"_blank\" rel=\"noopener noreferrer\">cassada pelo Tribunal Regional Federal da 1\u00aa Regi\u00e3o (TRF1)<\/a>\u00a0por meio de um recurso apresentado pela Advocacia-Geral do Senado e pelo MDB.<\/p>\n<p>Ao assumir oficialmente os trabalhos, Aziz anunciou Renan na relatoria e se comprometeu em conduzir os trabalhos de forma t\u00e9cnica, \u201csem buscar nada al\u00e9m da verdade, seja contra quem for\u201d.<\/p>\n<p>\u201cN\u00e3o podemos proteger ningu\u00e9m em nome de quase 400 mil \u00f3bitos\u201d, ressaltou.<\/p>\n<h2>Quest\u00f5es de ordem<\/h2>\n<p>O presidente eleito indeferiu a quest\u00e3o de ordem dos senadores Jorginho Mello e Marcos Rog\u00e9rio (DEM-RO) contra as indica\u00e7\u00f5es dos senadores emedebistas Renan Calheiros e Jader Barbalho (PA) para integrar o colegiado. Para os senadores, como pais de governadores de estado, Renan Filho (AL) e Helder Barbalho (PA), respectivamente, os parlamentares seriam suspeitos. O questionamento foi feito porque os chefes dos executivos estaduais podem ter que explicar \u00e0 CPI a aplica\u00e7\u00e3o de recursos repassados pela Uni\u00e3o para o enfrentamento da pandemia.<\/p>\n<h2>L\u00edder do governo<\/h2>\n<p>Ap\u00f3s fazer uma ampla defesa da atua\u00e7\u00e3o do governo federal, cujas a\u00e7\u00f5es no combate \u00e0 pandemia s\u00e3o o principal alvo da CPI, o l\u00edder do governo no Senado, Fernando Bezerra Coelho (MDB-PE), afirmou que o Executivo n\u00e3o teme as investiga\u00e7\u00f5es e assume o compromisso de oferecer a sua contribui\u00e7\u00e3o com transpar\u00eancia e fornecendo todas as informa\u00e7\u00f5es necess\u00e1rias para a apura\u00e7\u00e3o dos fatos, \u201csem perder de vista o interesse p\u00fablico, que deve nortear o roteiro de trabalho a ser seguido por esta CPI\u201d.<\/p>\n<p>Bezerra disse ainda que est\u00e1 convencido de que o julgamento das a\u00e7\u00f5es de enfrentamento \u201cda maior crise sanit\u00e1ria da hist\u00f3ria revelar\u00e1 a lisura da conduta do governo, e, \u00e0 luz dos fatos, ficar\u00e1 comprovado que nenhum ato doloso de omiss\u00e3o foi cometido no combate \u00e0 pandemia\u201d.<\/p>\n<p>Ag\u00eancia Brasil<\/p>\n","protected":false},"excerpt":{"rendered":"<p>Liminar contra a indica\u00e7\u00e3o de Calheiros foi cassada pelo TRF1 Em meio a muita pol\u00eamica sobre a indica\u00e7\u00e3o do senador Renan Calheiros (MDB-AL) para a relatoria, a Comiss\u00e3o Parlamentar de Inqu\u00e9rito (CPI) da Pandemia foi instalada no Senado nesta ter\u00e7a-feira (27), confirmando o parlamentar no posto.\u00a0 Depois de uma tentativa fracassada do senador Eduardo Gir\u00e3o [&hellip;]<\/p>\n","protected":false},"author":2,"featured_media":23017,"comment_status":"open","ping_status":"open","sticky":false,"template":"","format":"standard","meta":{"footnotes":""},"categories":[68,1],"tags":[],"class_list":{"0":"post-23016","1":"post","2":"type-post","3":"status-publish","4":"format-standard","5":"has-post-thumbnail","7":"category-brasil","8":"category-outros"},"yoast_head":"<!-- This site is optimized with the Yoast SEO Premium plugin v24.5 (Yoast SEO v27.5) - https:\/\/yoast.com\/product\/yoast-seo-premium-wordpress\/ -->\n<title>CPI da Pandemia \u00e9 instalada e Renan Calheiros \u00e9 confirmado relator. - P31<\/title>\n<meta name=\"robots\" content=\"index, follow, max-snippet:-1, max-image-preview:large, max-video-preview:-1\" \/>\n<link rel=\"canonical\" href=\"https:\/\/www.p31noticias.com.br\/?p=23016\" \/>\n<meta property=\"og:locale\" content=\"pt_BR\" \/>\n<meta property=\"og:type\" content=\"article\" \/>\n<meta property=\"og:title\" content=\"CPI da Pandemia \u00e9 instalada e Renan Calheiros \u00e9 confirmado relator.\" \/>\n<meta property=\"og:description\" content=\"Liminar contra a indica\u00e7\u00e3o de Calheiros foi cassada pelo TRF1 Em meio a muita pol\u00eamica sobre a indica\u00e7\u00e3o do senador Renan Calheiros (MDB-AL) para a relatoria, a Comiss\u00e3o Parlamentar de Inqu\u00e9rito (CPI) da Pandemia foi instalada no Senado nesta ter\u00e7a-feira (27), confirmando o parlamentar no posto.\u00a0 Depois de uma tentativa fracassada do senador Eduardo Gir\u00e3o [&hellip;]\" \/>\n<meta property=\"og:url\" content=\"https:\/\/www.p31noticias.com.br\/?p=23016\" \/>\n<meta property=\"og:site_name\" content=\"P31\" \/>\n<meta property=\"article:published_time\" content=\"2021-04-27T17:41:11+00:00\" \/>\n<meta property=\"article:modified_time\" content=\"2021-04-27T17:52:12+00:00\" \/>\n<meta property=\"og:image\" content=\"https:\/\/www.p31noticias.com.br\/wp-content\/uploads\/2021\/04\/51142195226_6b70077807_o.jpg\" \/>\n\t<meta property=\"og:image:width\" content=\"1170\" \/>\n\t<meta property=\"og:image:height\" content=\"700\" \/>\n\t<meta property=\"og:image:type\" content=\"image\/jpeg\" \/>\n<meta name=\"author\" content=\"Gon\u00e7alves Junior\" \/>\n<meta name=\"twitter:card\" content=\"summary_large_image\" \/>\n<meta name=\"twitter:label1\" content=\"Escrito por\" \/>\n\t<meta name=\"twitter:data1\" content=\"Gon\u00e7alves Junior\" \/>\n\t<meta name=\"twitter:label2\" content=\"Est. tempo de leitura\" \/>\n\t<meta name=\"twitter:data2\" content=\"2 minutos\" \/>\n<script type=\"application\/ld+json\" class=\"yoast-schema-graph\">{\"@context\":\"https:\\\/\\\/schema.org\",\"@graph\":[{\"@type\":\"Article\",\"@id\":\"https:\\\/\\\/www.p31noticias.com.br\\\/?p=23016#article\",\"isPartOf\":{\"@id\":\"https:\\\/\\\/www.p31noticias.com.br\\\/?p=23016\"},\"author\":{\"name\":\"Gon\u00e7alves Junior\",\"@id\":\"https:\\\/\\\/www.p31noticias.com.br\\\/#\\\/schema\\\/person\\\/95f2ece30e3b4132065b915150cd0f94\"},\"headline\":\"CPI da Pandemia \u00e9 instalada e Renan Calheiros \u00e9 confirmado relator.\",\"datePublished\":\"2021-04-27T17:41:11+00:00\",\"dateModified\":\"2021-04-27T17:52:12+00:00\",\"mainEntityOfPage\":{\"@id\":\"https:\\\/\\\/www.p31noticias.com.br\\\/?p=23016\"},\"wordCount\":450,\"commentCount\":0,\"image\":{\"@id\":\"https:\\\/\\\/www.p31noticias.com.br\\\/?p=23016#primaryimage\"},\"thumbnailUrl\":\"https:\\\/\\\/www.p31noticias.com.br\\\/wp-content\\\/uploads\\\/2021\\\/04\\\/51142195226_6b70077807_o.jpg\",\"articleSection\":[\"Brasil\",\"Outros\"],\"inLanguage\":\"pt-BR\",\"potentialAction\":[{\"@type\":\"CommentAction\",\"name\":\"Comment\",\"target\":[\"https:\\\/\\\/www.p31noticias.com.br\\\/?p=23016#respond\"]}],\"copyrightYear\":\"2021\",\"copyrightHolder\":{\"@id\":\"https:\\\/\\\/www.p31noticias.com.br\\\/#organization\"}},{\"@type\":\"WebPage\",\"@id\":\"https:\\\/\\\/www.p31noticias.com.br\\\/?p=23016\",\"url\":\"https:\\\/\\\/www.p31noticias.com.br\\\/?p=23016\",\"name\":\"CPI da Pandemia \u00e9 instalada e Renan Calheiros \u00e9 confirmado relator. - P31\",\"isPartOf\":{\"@id\":\"https:\\\/\\\/www.p31noticias.com.br\\\/#website\"},\"primaryImageOfPage\":{\"@id\":\"https:\\\/\\\/www.p31noticias.com.br\\\/?p=23016#primaryimage\"},\"image\":{\"@id\":\"https:\\\/\\\/www.p31noticias.com.br\\\/?p=23016#primaryimage\"},\"thumbnailUrl\":\"https:\\\/\\\/www.p31noticias.com.br\\\/wp-content\\\/uploads\\\/2021\\\/04\\\/51142195226_6b70077807_o.jpg\",\"datePublished\":\"2021-04-27T17:41:11+00:00\",\"dateModified\":\"2021-04-27T17:52:12+00:00\",\"author\":{\"@id\":\"https:\\\/\\\/www.p31noticias.com.br\\\/#\\\/schema\\\/person\\\/95f2ece30e3b4132065b915150cd0f94\"},\"breadcrumb\":{\"@id\":\"https:\\\/\\\/www.p31noticias.com.br\\\/?p=23016#breadcrumb\"},\"inLanguage\":\"pt-BR\",\"potentialAction\":[{\"@type\":\"ReadAction\",\"target\":[\"https:\\\/\\\/www.p31noticias.com.br\\\/?p=23016\"]}]},{\"@type\":\"ImageObject\",\"inLanguage\":\"pt-BR\",\"@id\":\"https:\\\/\\\/www.p31noticias.com.br\\\/?p=23016#primaryimage\",\"url\":\"https:\\\/\\\/www.p31noticias.com.br\\\/wp-content\\\/uploads\\\/2021\\\/04\\\/51142195226_6b70077807_o.jpg\",\"contentUrl\":\"https:\\\/\\\/www.p31noticias.com.br\\\/wp-content\\\/uploads\\\/2021\\\/04\\\/51142195226_6b70077807_o.jpg\",\"width\":1170,\"height\":700,\"caption\":\"Comiss\u00e3o Parlamentar Mista de Inqu\u00e9rito da Pandemia (CPIPANDEMIA) realiza reuni\u00e3o para instala\u00e7\u00e3o e elei\u00e7\u00e3o para os cargos de presidente e vice-presidente. A Comiss\u00e3o Parlamentar de Inqu\u00e9rito vai investigar as a\u00e7\u00f5es do governo federal no enfrentamento da pandemia e a aplica\u00e7\u00e3o de recursos da Uni\u00e3o transferidos para estados, Distrito Federal e munic\u00edpios para essa finalidade. A reuni\u00e3o acontece no formato semipresencial por decis\u00e3o do presidente do Senado Federal. Mesa: presidente eventual da CPIPANDEMIA, senador Otto Alencar (PSD-BA). Foto: Jefferson Rudy\\\/Ag\u00eancia Senado\"},{\"@type\":\"BreadcrumbList\",\"@id\":\"https:\\\/\\\/www.p31noticias.com.br\\\/?p=23016#breadcrumb\",\"itemListElement\":[{\"@type\":\"ListItem\",\"position\":1,\"name\":\"In\u00edcio\",\"item\":\"https:\\\/\\\/www.p31noticias.com.br\\\/\"},{\"@type\":\"ListItem\",\"position\":2,\"name\":\"CPI da Pandemia \u00e9 instalada e Renan Calheiros \u00e9 confirmado relator.\"}]},{\"@type\":\"WebSite\",\"@id\":\"https:\\\/\\\/www.p31noticias.com.br\\\/#website\",\"url\":\"https:\\\/\\\/www.p31noticias.com.br\\\/\",\"name\":\"P31\",\"description\":\"NOT\u00cdCIAS\",\"potentialAction\":[{\"@type\":\"SearchAction\",\"target\":{\"@type\":\"EntryPoint\",\"urlTemplate\":\"https:\\\/\\\/www.p31noticias.com.br\\\/?s={search_term_string}\"},\"query-input\":{\"@type\":\"PropertyValueSpecification\",\"valueRequired\":true,\"valueName\":\"search_term_string\"}}],\"inLanguage\":\"pt-BR\"},{\"@type\":\"Person\",\"@id\":\"https:\\\/\\\/www.p31noticias.com.br\\\/#\\\/schema\\\/person\\\/95f2ece30e3b4132065b915150cd0f94\",\"name\":\"Gon\u00e7alves Junior\",\"image\":{\"@type\":\"ImageObject\",\"inLanguage\":\"pt-BR\",\"@id\":\"https:\\\/\\\/secure.gravatar.com\\\/avatar\\\/6711f350116a89762687a48d66f723c799e5438a5b7578508d4294cd7a5d0800?s=96&d=mm&r=g\",\"url\":\"https:\\\/\\\/secure.gravatar.com\\\/avatar\\\/6711f350116a89762687a48d66f723c799e5438a5b7578508d4294cd7a5d0800?s=96&d=mm&r=g\",\"contentUrl\":\"https:\\\/\\\/secure.gravatar.com\\\/avatar\\\/6711f350116a89762687a48d66f723c799e5438a5b7578508d4294cd7a5d0800?s=96&d=mm&r=g\",\"caption\":\"Gon\u00e7alves Junior\"},\"url\":\"https:\\\/\\\/www.p31noticias.com.br\\\/?author=2\"}]}<\/script>\n<!-- \/ Yoast SEO Premium plugin. -->","yoast_head_json":{"title":"CPI da Pandemia \u00e9 instalada e Renan Calheiros \u00e9 confirmado relator. - P31","robots":{"index":"index","follow":"follow","max-snippet":"max-snippet:-1","max-image-preview":"max-image-preview:large","max-video-preview":"max-video-preview:-1"},"canonical":"https:\/\/www.p31noticias.com.br\/?p=23016","og_locale":"pt_BR","og_type":"article","og_title":"CPI da Pandemia \u00e9 instalada e Renan Calheiros \u00e9 confirmado relator.","og_description":"Liminar contra a indica\u00e7\u00e3o de Calheiros foi cassada pelo TRF1 Em meio a muita pol\u00eamica sobre a indica\u00e7\u00e3o do senador Renan Calheiros (MDB-AL) para a relatoria, a Comiss\u00e3o Parlamentar de Inqu\u00e9rito (CPI) da Pandemia foi instalada no Senado nesta ter\u00e7a-feira (27), confirmando o parlamentar no posto.\u00a0 Depois de uma tentativa fracassada do senador Eduardo Gir\u00e3o [&hellip;]","og_url":"https:\/\/www.p31noticias.com.br\/?p=23016","og_site_name":"P31","article_published_time":"2021-04-27T17:41:11+00:00","article_modified_time":"2021-04-27T17:52:12+00:00","og_image":[{"width":1170,"height":700,"url":"https:\/\/www.p31noticias.com.br\/wp-content\/uploads\/2021\/04\/51142195226_6b70077807_o.jpg","type":"image\/jpeg"}],"author":"Gon\u00e7alves Junior","twitter_card":"summary_large_image","twitter_misc":{"Escrito por":"Gon\u00e7alves Junior","Est. tempo de leitura":"2 minutos"},"schema":{"@context":"https:\/\/schema.org","@graph":[{"@type":"Article","@id":"https:\/\/www.p31noticias.com.br\/?p=23016#article","isPartOf":{"@id":"https:\/\/www.p31noticias.com.br\/?p=23016"},"author":{"name":"Gon\u00e7alves Junior","@id":"https:\/\/www.p31noticias.com.br\/#\/schema\/person\/95f2ece30e3b4132065b915150cd0f94"},"headline":"CPI da Pandemia \u00e9 instalada e Renan Calheiros \u00e9 confirmado relator.","datePublished":"2021-04-27T17:41:11+00:00","dateModified":"2021-04-27T17:52:12+00:00","mainEntityOfPage":{"@id":"https:\/\/www.p31noticias.com.br\/?p=23016"},"wordCount":450,"commentCount":0,"image":{"@id":"https:\/\/www.p31noticias.com.br\/?p=23016#primaryimage"},"thumbnailUrl":"https:\/\/www.p31noticias.com.br\/wp-content\/uploads\/2021\/04\/51142195226_6b70077807_o.jpg","articleSection":["Brasil","Outros"],"inLanguage":"pt-BR","potentialAction":[{"@type":"CommentAction","name":"Comment","target":["https:\/\/www.p31noticias.com.br\/?p=23016#respond"]}],"copyrightYear":"2021","copyrightHolder":{"@id":"https:\/\/www.p31noticias.com.br\/#organization"}},{"@type":"WebPage","@id":"https:\/\/www.p31noticias.com.br\/?p=23016","url":"https:\/\/www.p31noticias.com.br\/?p=23016","name":"CPI da Pandemia \u00e9 instalada e Renan Calheiros \u00e9 confirmado relator. - P31","isPartOf":{"@id":"https:\/\/www.p31noticias.com.br\/#website"},"primaryImageOfPage":{"@id":"https:\/\/www.p31noticias.com.br\/?p=23016#primaryimage"},"image":{"@id":"https:\/\/www.p31noticias.com.br\/?p=23016#primaryimage"},"thumbnailUrl":"https:\/\/www.p31noticias.com.br\/wp-content\/uploads\/2021\/04\/51142195226_6b70077807_o.jpg","datePublished":"2021-04-27T17:41:11+00:00","dateModified":"2021-04-27T17:52:12+00:00","author":{"@id":"https:\/\/www.p31noticias.com.br\/#\/schema\/person\/95f2ece30e3b4132065b915150cd0f94"},"breadcrumb":{"@id":"https:\/\/www.p31noticias.com.br\/?p=23016#breadcrumb"},"inLanguage":"pt-BR","potentialAction":[{"@type":"ReadAction","target":["https:\/\/www.p31noticias.com.br\/?p=23016"]}]},{"@type":"ImageObject","inLanguage":"pt-BR","@id":"https:\/\/www.p31noticias.com.br\/?p=23016#primaryimage","url":"https:\/\/www.p31noticias.com.br\/wp-content\/uploads\/2021\/04\/51142195226_6b70077807_o.jpg","contentUrl":"https:\/\/www.p31noticias.com.br\/wp-content\/uploads\/2021\/04\/51142195226_6b70077807_o.jpg","width":1170,"height":700,"caption":"Comiss\u00e3o Parlamentar Mista de Inqu\u00e9rito da Pandemia (CPIPANDEMIA) realiza reuni\u00e3o para instala\u00e7\u00e3o e elei\u00e7\u00e3o para os cargos de presidente e vice-presidente. A Comiss\u00e3o Parlamentar de Inqu\u00e9rito vai investigar as a\u00e7\u00f5es do governo federal no enfrentamento da pandemia e a aplica\u00e7\u00e3o de recursos da Uni\u00e3o transferidos para estados, Distrito Federal e munic\u00edpios para essa finalidade. A reuni\u00e3o acontece no formato semipresencial por decis\u00e3o do presidente do Senado Federal. Mesa: presidente eventual da CPIPANDEMIA, senador Otto Alencar (PSD-BA). Foto: Jefferson Rudy\/Ag\u00eancia Senado"},{"@type":"BreadcrumbList","@id":"https:\/\/www.p31noticias.com.br\/?p=23016#breadcrumb","itemListElement":[{"@type":"ListItem","position":1,"name":"In\u00edcio","item":"https:\/\/www.p31noticias.com.br\/"},{"@type":"ListItem","position":2,"name":"CPI da Pandemia \u00e9 instalada e Renan Calheiros \u00e9 confirmado relator."}]},{"@type":"WebSite","@id":"https:\/\/www.p31noticias.com.br\/#website","url":"https:\/\/www.p31noticias.com.br\/","name":"P31","description":"NOT\u00cdCIAS","potentialAction":[{"@type":"SearchAction","target":{"@type":"EntryPoint","urlTemplate":"https:\/\/www.p31noticias.com.br\/?s={search_term_string}"},"query-input":{"@type":"PropertyValueSpecification","valueRequired":true,"valueName":"search_term_string"}}],"inLanguage":"pt-BR"},{"@type":"Person","@id":"https:\/\/www.p31noticias.com.br\/#\/schema\/person\/95f2ece30e3b4132065b915150cd0f94","name":"Gon\u00e7alves Junior","image":{"@type":"ImageObject","inLanguage":"pt-BR","@id":"https:\/\/secure.gravatar.com\/avatar\/6711f350116a89762687a48d66f723c799e5438a5b7578508d4294cd7a5d0800?s=96&d=mm&r=g","url":"https:\/\/secure.gravatar.com\/avatar\/6711f350116a89762687a48d66f723c799e5438a5b7578508d4294cd7a5d0800?s=96&d=mm&r=g","contentUrl":"https:\/\/secure.gravatar.com\/avatar\/6711f350116a89762687a48d66f723c799e5438a5b7578508d4294cd7a5d0800?s=96&d=mm&r=g","caption":"Gon\u00e7alves Junior"},"url":"https:\/\/www.p31noticias.com.br\/?author=2"}]}},"amp_enabled":true,"_links":{"self":[{"href":"https:\/\/www.p31noticias.com.br\/index.php?rest_route=\/wp\/v2\/posts\/23016","targetHints":{"allow":["GET"]}}],"collection":[{"href":"https:\/\/www.p31noticias.com.br\/index.php?rest_route=\/wp\/v2\/posts"}],"about":[{"href":"https:\/\/www.p31noticias.com.br\/index.php?rest_route=\/wp\/v2\/types\/post"}],"author":[{"embeddable":true,"href":"https:\/\/www.p31noticias.com.br\/index.php?rest_route=\/wp\/v2\/users\/2"}],"replies":[{"embeddable":true,"href":"https:\/\/www.p31noticias.com.br\/index.php?rest_route=%2Fwp%2Fv2%2Fcomments&post=23016"}],"version-history":[{"count":1,"href":"https:\/\/www.p31noticias.com.br\/index.php?rest_route=\/wp\/v2\/posts\/23016\/revisions"}],"predecessor-version":[{"id":23018,"href":"https:\/\/www.p31noticias.com.br\/index.php?rest_route=\/wp\/v2\/posts\/23016\/revisions\/23018"}],"wp:featuredmedia":[{"embeddable":true,"href":"https:\/\/www.p31noticias.com.br\/index.php?rest_route=\/wp\/v2\/media\/23017"}],"wp:attachment":[{"href":"https:\/\/www.p31noticias.com.br\/index.php?rest_route=%2Fwp%2Fv2%2Fmedia&parent=23016"}],"wp:term":[{"taxonomy":"category","embeddable":true,"href":"https:\/\/www.p31noticias.com.br\/index.php?rest_route=%2Fwp%2Fv2%2Fcategories&post=23016"},{"taxonomy":"post_tag","embeddable":true,"href":"https:\/\/www.p31noticias.com.br\/index.php?rest_route=%2Fwp%2Fv2%2Ftags&post=23016"}],"curies":[{"name":"wp","href":"https:\/\/api.w.org\/{rel}","templated":true}]}}