{"id":23006,"date":"2021-04-14T17:06:03","date_gmt":"2021-04-14T17:06:03","guid":{"rendered":"https:\/\/p31noticias.com.br\/?p=23006"},"modified":"2021-04-14T17:08:55","modified_gmt":"2021-04-14T17:08:55","slug":"queiroga-anuncia-155-milhoes-de-doses-de-vacina-da-pfizer-ate-junho","status":"publish","type":"post","link":"https:\/\/www.p31noticias.com.br\/?p=23006","title":{"rendered":"Queiroga anuncia 15,5 milh\u00f5es de doses de vacina da Pfizer at\u00e9 junho."},"content":{"rendered":"<h3 class=\"col-10 offset-1 animated fadeInDown dealy-900 display-8 display-md-8 alt-font font-italic my-1 text-center\"><em><strong>An\u00fancio foi feito ap\u00f3s reuni\u00e3o do comit\u00ea da covid-19.<\/strong><\/em><\/h3>\n<p style=\"text-align: justify;\">O ministro da Sa\u00fade, Marcelo Queiroga, informou hoje (14) que a Pfizer vai antecipar, para o primeiro semestre, a entrega de 2 milh\u00f5es de doses da vacina contra covid-19 para o Brasil. O governo brasileiro tem um contrato com a farmac\u00eautica para a entrega 100 milh\u00f5es de doses at\u00e9 o final do ano.<img decoding=\"async\" src=\"https:\/\/agenciabrasil.ebc.com.br\/ebc.png?id=1406762&amp;o=node\" \/><img decoding=\"async\" src=\"https:\/\/agenciabrasil.ebc.com.br\/ebc.gif?id=1406762&amp;o=node\" \/><\/p>\n<p style=\"text-align: justify;\">Com a antecipa\u00e7\u00e3o, segundo Queiroga, est\u00e3o garantidos 15,5 milh\u00f5es de doses da vacina da Pfizer para os meses de abril, maio e junho. No m\u00eas passado, o presidente\u00a0<a href=\"https:\/\/agenciabrasil.ebc.com.br\/saude\/noticia\/2021-03\/pfizer-vai-entregar-14-milhoes-de-doses-de-vacina-ate-junho-diz-gover\">Jair Bolsonaro se reuniu com o presidente da Pfizer<\/a>, Albert Bourla, e pediu a antecipa\u00e7\u00e3o dos imunizantes.<\/p>\n<p style=\"text-align: justify;\">\u201cTrago para os senhores uma boa not\u00edcia: a antecipa\u00e7\u00e3o de doses da vacina da Pfizer, fruto de a\u00e7\u00e3o direta do presidente da Rep\u00fablica, Jair Bolsonaro, com o principal executivo da Pfizer, que resulta em 15,5 milh\u00f5es da Pfizer j\u00e1 no m\u00eas de abril, maio e junho\u201d, disse em pronunciamento ap\u00f3s participar da segunda reuni\u00e3o do Comit\u00ea de Coordena\u00e7\u00e3o Nacional para Enfrentamento da Pandemia da Covid-19, no Pal\u00e1cio do Planalto, em Bras\u00edlia.<\/p>\n<p style=\"text-align: justify;\">Tamb\u00e9m participaram da reuni\u00e3o e do pronunciamento o presidente do Senado, Rodrigo Pacheco, o deputado federal Dr. Luizinho (PP-RJ), representando o presidente da C\u00e2mara, Arthur Lira, e a enfermeira Francieli Fantinato, que foi anunciada por Queiroga como secret\u00e1ria extraordin\u00e1ria de Enfrentamento \u00e0 Covid-19 do Minist\u00e9rio da Sa\u00fade.<\/p>\n<p style=\"text-align: justify;\">Francieli \u00e9 funcion\u00e1ria de carreira do Minist\u00e9rio da Sa\u00fade e atual coordenadora do Programa Nacional de Imuniza\u00e7\u00f5es (PNI). \u201cCom essa indica\u00e7\u00e3o, sinalizamos que o nosso objetivo principal \u00e9 fortalecer nossa campanha de vacina\u00e7\u00e3o\u201d, disse Queiroga.<\/p>\n<h2 style=\"text-align: justify;\">Imuniza\u00e7\u00e3o<\/h2>\n<p style=\"text-align: justify;\">De acordo com Pacheco, o cronograma de vacinas apresentado hoje pelo minist\u00e9rio prev\u00ea 520 milh\u00f5es de doses de vacina em 2021, a maioria produzidas pelo Instituto Butantan (CoronaVac) e pela Funda\u00e7\u00e3o Oswaldo Cruz (Oxford\/AstraZeneca).<\/p>\n<p style=\"text-align: justify;\">O senador pediu que o ministro atue junto \u00e0 Ag\u00eancia Nacional de Vigil\u00e2ncia Sanit\u00e1ria (Anvisa) para viabilizar a autoriza\u00e7\u00e3o de\u00a0<a href=\"https:\/\/agenciabrasil.ebc.com.br\/justica\/noticia\/2021-04\/anvisa-tem-30-dias-para-decidir-sobre-importacao-de-sputnik-v\">outros imunizantes<\/a>, como a vacina russa Sputnik V, que ser\u00e1 produzida no Brasil pela Uni\u00e3o Qu\u00edmica.<\/p>\n<p style=\"text-align: justify;\">O comit\u00ea tamb\u00e9m discutiu a utiliza\u00e7\u00e3o de parques industriais de produ\u00e7\u00e3o de vacina animal para produ\u00e7\u00e3o do imunizante contra covid-19. Segundo Pacheco, essa \u00e9 uma ideia do senador Wellington Fagundes (PL-MT) que vem sendo trabalhada pelo governo federal. \u201cEmbora n\u00e3o tenha apelo de curto prazo, \u00e9 uma possibilidade de m\u00e9dio e longo prazo muito eficiente para a autossufici\u00eancia de vacinas no Brasil\u201d, disse o senador.<\/p>\n<p style=\"text-align: justify;\">O deputado Dr. Luizinho apresentou ao comit\u00ea o projeto que est\u00e1 em tramita\u00e7\u00e3o na C\u00e2mara que prev\u00ea a cria\u00e7\u00e3o da carteira de vacina\u00e7\u00e3o\u00a0<em>online<\/em>. Segundo ele, a proposta \u00e9 que o Minist\u00e9rio da Sa\u00fade crie um aplicativo que acabe com a distor\u00e7\u00e3o entre os n\u00fameros da vacina enviadas a estados e munic\u00edpios e o n\u00famero de doses aplicadas nos cidad\u00e3os.<\/p>\n<p style=\"text-align: justify;\">\u201cO nosso sistema de informa\u00e7\u00e3o, infelizmente \u00e9 muito ruim\u201d, disse. \u201cParece que estados e munic\u00edpios n\u00e3o est\u00e3o aplicando, quando est\u00e3o\u201d, destacou. Na primeira reuni\u00e3o do comit\u00ea, em mar\u00e7o, o presidente da C\u00e2mara, Arthur Lira, cobrou que governadores e prefeitos melhorem a gest\u00e3o da informa\u00e7\u00e3o para transmitir com mais precis\u00e3o a quantidade de vacinas contra covid-19 que j\u00e1 foram\u00a0<a href=\"https:\/\/agenciabrasil.ebc.com.br\/saude\/noticia\/2021-03\/comite-de-enfrentamento-da-covid-19-faz-pronunciamento-apos-reuniao\">ofertadas \u00e0 popula\u00e7\u00e3o<\/a>.<\/p>\n<p style=\"text-align: justify;\">De acordo com Dr. Luizinho, entre a dose aplicada e a dose informada no sistema h\u00e1 um atraso de quase 15 dias, o que d\u00e1 uma inseguran\u00e7a \u00e0 popula\u00e7\u00e3o sobre os dados. A ideia \u00e9 que, com o aplicativo, o pr\u00f3prio enfermeiro ou t\u00e9cnico que aplica a vacina fa\u00e7a a inser\u00e7\u00e3o da informa\u00e7\u00e3o no ato da vacina\u00e7\u00e3o.<\/p>\n<p style=\"text-align: justify;\">Segundo o deputado, al\u00e9m de corrigir as distor\u00e7\u00f5es, a medida possibilitaria a cria\u00e7\u00e3o do passaporte verde da imunidade. A Uni\u00e3o Europeia, por exemplo, j\u00e1 apresentou o chamado\u00a0<a href=\"https:\/\/agenciabrasil.ebc.com.br\/internacional\/noticia\/2021-03\/uniao-europeia-apresenta-hoje-passaporte-covid\">Passaporte Covid<\/a>\u00a0para facilitar as viagens na alta temporada e apoiar o setor de turismo, que sofre dificuldades em virtude das restri\u00e7\u00f5es da pandemia, da lentid\u00e3o da campanha de vacina\u00e7\u00e3o no bloco e dos riscos que representam as novas variantes do novo coronav\u00edrus.<\/p>\n<h2 style=\"text-align: justify;\">Aquisi\u00e7\u00e3o de vacinas e leitos<\/h2>\n<p style=\"text-align: justify;\">O presidente do Senado, Rodrigo Pacheco, disse ainda que o projeto que autoriza a aquisi\u00e7\u00e3o de vacinas pela iniciativa privada est\u00e1 encontrando resist\u00eancia entre os senadores. \u201cEstamos trabalhando no di\u00e1logo no Col\u00e9gio de L\u00edderes para avaliar a oportunidade de pauta do projeto no Senado\u201d, disse. Na avalia\u00e7\u00e3o de alguns parlamentares, a mat\u00e9ria vai instituir uma fila dupla para vacina\u00e7\u00e3o no pa\u00eds.<\/p>\n<p style=\"text-align: justify;\">De acordo com a Lei n\u00ba 14.125\/21, pessoas jur\u00eddicas de direito privado, como empresas, podem\u00a0<a href=\"https:\/\/agenciabrasil.ebc.com.br\/saude\/noticia\/2021-03\/bolsonaro-sanciona-projeto-sobre-compra-de-vacinas-por-estados\">comprar imunizantes<\/a>\u00a0para serem integralmente doadas ao Sistema P\u00fablico de Sa\u00fade (SUS), enquanto estiver em curso a vacina\u00e7\u00e3o dos grupos priorit\u00e1rios definidos pelo Minist\u00e9rio da Sa\u00fade. Pelo novo projeto, que j\u00e1 foi\u00a0<a href=\"https:\/\/agenciabrasil.ebc.com.br\/politica\/noticia\/2021-04\/camara-aprova-projeto-que-permite-que-empresas-comprem-vacinas\">aprovado na C\u00e2mara<\/a>, o setor privado poder\u00e1 ficar com metade das vacinas compradas desde que as doses sejam aplicadas gratuitamente; a outra metade dever\u00e1 ser remetida ao Sistema \u00danico de Sa\u00fade (SUS).<\/p>\n<p style=\"text-align: justify;\">Durante a reuni\u00e3o, Pacheco tamb\u00e9m pediu ao presidente Bolsonaro a san\u00e7\u00e3o do projeto de cria\u00e7\u00e3o do programa Pr\u00f3-Leitos, que prev\u00ea a possibilidade de empresas contratarem leitos de\u00a0<a href=\"https:\/\/agenciabrasil.ebc.com.br\/politica\/noticia\/2021-03\/senado-aprova-que-empresas-contratem-leitos-privados-para-o-sus\">entidades privadas para uso do SUS<\/a>\u00a0no tratamento da covid-19. Em troca, essas empresas e pessoas teriam isen\u00e7\u00e3o no Imposto de Renda. O texto j\u00e1 foi aprovado pelas duas Casas parlamentares.<\/p>\n<p style=\"text-align: justify;\">O presidente do Senado disse ainda que vai tratar com o governo sobre uma nova rodada de aux\u00edlio \u00e0s santas casas e hospitais filantr\u00f3picos para o enfrentamento \u00e0 pandemia. No ano passado, essas unidades, que participam de forma complementar do SUS, receberam um total de\u00a0<a href=\"https:\/\/agenciabrasil.ebc.com.br\/saude\/noticia\/2020-05\/santas-casas-devem-receber-auxilio-de-r-2-bi-em-ate-15-dias\">R$ 2 bilh\u00f5es<\/a>\u00a0da Uni\u00e3o.<\/p>\n<p style=\"text-align: justify;\">Outra sugest\u00e3o, apresentada pelo Conselho Nacional de Justi\u00e7a (CNJ), na reuni\u00e3o, \u00e9 a cria\u00e7\u00e3o de um programa de distribui\u00e7\u00e3o de m\u00e1scaras de prote\u00e7\u00e3o facial para pessoas de baixa renda.<\/p>\n<p>Ag\u00eancia Brasil<\/p>\n","protected":false},"excerpt":{"rendered":"<p>An\u00fancio foi feito ap\u00f3s reuni\u00e3o do comit\u00ea da covid-19. O ministro da Sa\u00fade, Marcelo Queiroga, informou hoje (14) que a Pfizer vai antecipar, para o primeiro semestre, a entrega de 2 milh\u00f5es de doses da vacina contra covid-19 para o Brasil. O governo brasileiro tem um contrato com a farmac\u00eautica para a entrega 100 milh\u00f5es [&hellip;]<\/p>\n","protected":false},"author":2,"featured_media":23007,"comment_status":"open","ping_status":"open","sticky":false,"template":"","format":"standard","meta":{"footnotes":""},"categories":[1],"tags":[],"class_list":{"0":"post-23006","1":"post","2":"type-post","3":"status-publish","4":"format-standard","5":"has-post-thumbnail","7":"category-outros"},"yoast_head":"<!-- This site is optimized with the Yoast SEO Premium plugin v24.5 (Yoast SEO v27.5) - https:\/\/yoast.com\/product\/yoast-seo-premium-wordpress\/ -->\n<title>Queiroga anuncia 15,5 milh\u00f5es de doses de vacina da Pfizer at\u00e9 junho. - P31<\/title>\n<meta name=\"robots\" content=\"index, follow, max-snippet:-1, max-image-preview:large, max-video-preview:-1\" \/>\n<link rel=\"canonical\" href=\"https:\/\/www.p31noticias.com.br\/?p=23006\" \/>\n<meta property=\"og:locale\" content=\"pt_BR\" \/>\n<meta property=\"og:type\" content=\"article\" \/>\n<meta property=\"og:title\" content=\"Queiroga anuncia 15,5 milh\u00f5es de doses de vacina da Pfizer at\u00e9 junho.\" \/>\n<meta property=\"og:description\" content=\"An\u00fancio foi feito ap\u00f3s reuni\u00e3o do comit\u00ea da covid-19. O ministro da Sa\u00fade, Marcelo Queiroga, informou hoje (14) que a Pfizer vai antecipar, para o primeiro semestre, a entrega de 2 milh\u00f5es de doses da vacina contra covid-19 para o Brasil. O governo brasileiro tem um contrato com a farmac\u00eautica para a entrega 100 milh\u00f5es [&hellip;]\" \/>\n<meta property=\"og:url\" content=\"https:\/\/www.p31noticias.com.br\/?p=23006\" \/>\n<meta property=\"og:site_name\" content=\"P31\" \/>\n<meta property=\"article:published_time\" content=\"2021-04-14T17:06:03+00:00\" \/>\n<meta property=\"article:modified_time\" content=\"2021-04-14T17:08:55+00:00\" \/>\n<meta property=\"og:image\" content=\"https:\/\/www.p31noticias.com.br\/wp-content\/uploads\/2021\/04\/coletiva-comite-covid_mcamgo_abr_140420211818-14.jpg\" \/>\n\t<meta property=\"og:image:width\" content=\"1170\" \/>\n\t<meta property=\"og:image:height\" content=\"700\" \/>\n\t<meta property=\"og:image:type\" content=\"image\/jpeg\" \/>\n<meta name=\"author\" content=\"Gon\u00e7alves Junior\" \/>\n<meta name=\"twitter:card\" content=\"summary_large_image\" \/>\n<meta name=\"twitter:label1\" content=\"Escrito por\" \/>\n\t<meta name=\"twitter:data1\" content=\"Gon\u00e7alves Junior\" \/>\n\t<meta name=\"twitter:label2\" content=\"Est. tempo de leitura\" \/>\n\t<meta name=\"twitter:data2\" content=\"5 minutos\" \/>\n<script type=\"application\/ld+json\" class=\"yoast-schema-graph\">{\"@context\":\"https:\\\/\\\/schema.org\",\"@graph\":[{\"@type\":\"Article\",\"@id\":\"https:\\\/\\\/www.p31noticias.com.br\\\/?p=23006#article\",\"isPartOf\":{\"@id\":\"https:\\\/\\\/www.p31noticias.com.br\\\/?p=23006\"},\"author\":{\"name\":\"Gon\u00e7alves Junior\",\"@id\":\"https:\\\/\\\/www.p31noticias.com.br\\\/#\\\/schema\\\/person\\\/95f2ece30e3b4132065b915150cd0f94\"},\"headline\":\"Queiroga anuncia 15,5 milh\u00f5es de doses de vacina da Pfizer at\u00e9 junho.\",\"datePublished\":\"2021-04-14T17:06:03+00:00\",\"dateModified\":\"2021-04-14T17:08:55+00:00\",\"mainEntityOfPage\":{\"@id\":\"https:\\\/\\\/www.p31noticias.com.br\\\/?p=23006\"},\"wordCount\":1047,\"commentCount\":0,\"image\":{\"@id\":\"https:\\\/\\\/www.p31noticias.com.br\\\/?p=23006#primaryimage\"},\"thumbnailUrl\":\"https:\\\/\\\/www.p31noticias.com.br\\\/wp-content\\\/uploads\\\/2021\\\/04\\\/coletiva-comite-covid_mcamgo_abr_140420211818-14.jpg\",\"articleSection\":[\"Outros\"],\"inLanguage\":\"pt-BR\",\"potentialAction\":[{\"@type\":\"CommentAction\",\"name\":\"Comment\",\"target\":[\"https:\\\/\\\/www.p31noticias.com.br\\\/?p=23006#respond\"]}],\"copyrightYear\":\"2021\",\"copyrightHolder\":{\"@id\":\"https:\\\/\\\/www.p31noticias.com.br\\\/#organization\"}},{\"@type\":\"WebPage\",\"@id\":\"https:\\\/\\\/www.p31noticias.com.br\\\/?p=23006\",\"url\":\"https:\\\/\\\/www.p31noticias.com.br\\\/?p=23006\",\"name\":\"Queiroga anuncia 15,5 milh\u00f5es de doses de vacina da Pfizer at\u00e9 junho. - P31\",\"isPartOf\":{\"@id\":\"https:\\\/\\\/www.p31noticias.com.br\\\/#website\"},\"primaryImageOfPage\":{\"@id\":\"https:\\\/\\\/www.p31noticias.com.br\\\/?p=23006#primaryimage\"},\"image\":{\"@id\":\"https:\\\/\\\/www.p31noticias.com.br\\\/?p=23006#primaryimage\"},\"thumbnailUrl\":\"https:\\\/\\\/www.p31noticias.com.br\\\/wp-content\\\/uploads\\\/2021\\\/04\\\/coletiva-comite-covid_mcamgo_abr_140420211818-14.jpg\",\"datePublished\":\"2021-04-14T17:06:03+00:00\",\"dateModified\":\"2021-04-14T17:08:55+00:00\",\"author\":{\"@id\":\"https:\\\/\\\/www.p31noticias.com.br\\\/#\\\/schema\\\/person\\\/95f2ece30e3b4132065b915150cd0f94\"},\"breadcrumb\":{\"@id\":\"https:\\\/\\\/www.p31noticias.com.br\\\/?p=23006#breadcrumb\"},\"inLanguage\":\"pt-BR\",\"potentialAction\":[{\"@type\":\"ReadAction\",\"target\":[\"https:\\\/\\\/www.p31noticias.com.br\\\/?p=23006\"]}]},{\"@type\":\"ImageObject\",\"inLanguage\":\"pt-BR\",\"@id\":\"https:\\\/\\\/www.p31noticias.com.br\\\/?p=23006#primaryimage\",\"url\":\"https:\\\/\\\/www.p31noticias.com.br\\\/wp-content\\\/uploads\\\/2021\\\/04\\\/coletiva-comite-covid_mcamgo_abr_140420211818-14.jpg\",\"contentUrl\":\"https:\\\/\\\/www.p31noticias.com.br\\\/wp-content\\\/uploads\\\/2021\\\/04\\\/coletiva-comite-covid_mcamgo_abr_140420211818-14.jpg\",\"width\":1170,\"height\":700,\"caption\":\"O ministro da Sa\u00fade, Marcelo Queiroga, durante entrevista coletiva ap\u00f3s reuni\u00e3o do Comit\u00ea Nacional de Enfrentamento \u00e0 Pandemia de Covid-19.\"},{\"@type\":\"BreadcrumbList\",\"@id\":\"https:\\\/\\\/www.p31noticias.com.br\\\/?p=23006#breadcrumb\",\"itemListElement\":[{\"@type\":\"ListItem\",\"position\":1,\"name\":\"In\u00edcio\",\"item\":\"https:\\\/\\\/www.p31noticias.com.br\\\/\"},{\"@type\":\"ListItem\",\"position\":2,\"name\":\"Queiroga anuncia 15,5 milh\u00f5es de doses de vacina da Pfizer at\u00e9 junho.\"}]},{\"@type\":\"WebSite\",\"@id\":\"https:\\\/\\\/www.p31noticias.com.br\\\/#website\",\"url\":\"https:\\\/\\\/www.p31noticias.com.br\\\/\",\"name\":\"P31\",\"description\":\"NOT\u00cdCIAS\",\"potentialAction\":[{\"@type\":\"SearchAction\",\"target\":{\"@type\":\"EntryPoint\",\"urlTemplate\":\"https:\\\/\\\/www.p31noticias.com.br\\\/?s={search_term_string}\"},\"query-input\":{\"@type\":\"PropertyValueSpecification\",\"valueRequired\":true,\"valueName\":\"search_term_string\"}}],\"inLanguage\":\"pt-BR\"},{\"@type\":\"Person\",\"@id\":\"https:\\\/\\\/www.p31noticias.com.br\\\/#\\\/schema\\\/person\\\/95f2ece30e3b4132065b915150cd0f94\",\"name\":\"Gon\u00e7alves Junior\",\"image\":{\"@type\":\"ImageObject\",\"inLanguage\":\"pt-BR\",\"@id\":\"https:\\\/\\\/secure.gravatar.com\\\/avatar\\\/6711f350116a89762687a48d66f723c799e5438a5b7578508d4294cd7a5d0800?s=96&d=mm&r=g\",\"url\":\"https:\\\/\\\/secure.gravatar.com\\\/avatar\\\/6711f350116a89762687a48d66f723c799e5438a5b7578508d4294cd7a5d0800?s=96&d=mm&r=g\",\"contentUrl\":\"https:\\\/\\\/secure.gravatar.com\\\/avatar\\\/6711f350116a89762687a48d66f723c799e5438a5b7578508d4294cd7a5d0800?s=96&d=mm&r=g\",\"caption\":\"Gon\u00e7alves Junior\"},\"url\":\"https:\\\/\\\/www.p31noticias.com.br\\\/?author=2\"}]}<\/script>\n<!-- \/ Yoast SEO Premium plugin. -->","yoast_head_json":{"title":"Queiroga anuncia 15,5 milh\u00f5es de doses de vacina da Pfizer at\u00e9 junho. - P31","robots":{"index":"index","follow":"follow","max-snippet":"max-snippet:-1","max-image-preview":"max-image-preview:large","max-video-preview":"max-video-preview:-1"},"canonical":"https:\/\/www.p31noticias.com.br\/?p=23006","og_locale":"pt_BR","og_type":"article","og_title":"Queiroga anuncia 15,5 milh\u00f5es de doses de vacina da Pfizer at\u00e9 junho.","og_description":"An\u00fancio foi feito ap\u00f3s reuni\u00e3o do comit\u00ea da covid-19. O ministro da Sa\u00fade, Marcelo Queiroga, informou hoje (14) que a Pfizer vai antecipar, para o primeiro semestre, a entrega de 2 milh\u00f5es de doses da vacina contra covid-19 para o Brasil. O governo brasileiro tem um contrato com a farmac\u00eautica para a entrega 100 milh\u00f5es [&hellip;]","og_url":"https:\/\/www.p31noticias.com.br\/?p=23006","og_site_name":"P31","article_published_time":"2021-04-14T17:06:03+00:00","article_modified_time":"2021-04-14T17:08:55+00:00","og_image":[{"width":1170,"height":700,"url":"https:\/\/www.p31noticias.com.br\/wp-content\/uploads\/2021\/04\/coletiva-comite-covid_mcamgo_abr_140420211818-14.jpg","type":"image\/jpeg"}],"author":"Gon\u00e7alves Junior","twitter_card":"summary_large_image","twitter_misc":{"Escrito por":"Gon\u00e7alves Junior","Est. tempo de leitura":"5 minutos"},"schema":{"@context":"https:\/\/schema.org","@graph":[{"@type":"Article","@id":"https:\/\/www.p31noticias.com.br\/?p=23006#article","isPartOf":{"@id":"https:\/\/www.p31noticias.com.br\/?p=23006"},"author":{"name":"Gon\u00e7alves Junior","@id":"https:\/\/www.p31noticias.com.br\/#\/schema\/person\/95f2ece30e3b4132065b915150cd0f94"},"headline":"Queiroga anuncia 15,5 milh\u00f5es de doses de vacina da Pfizer at\u00e9 junho.","datePublished":"2021-04-14T17:06:03+00:00","dateModified":"2021-04-14T17:08:55+00:00","mainEntityOfPage":{"@id":"https:\/\/www.p31noticias.com.br\/?p=23006"},"wordCount":1047,"commentCount":0,"image":{"@id":"https:\/\/www.p31noticias.com.br\/?p=23006#primaryimage"},"thumbnailUrl":"https:\/\/www.p31noticias.com.br\/wp-content\/uploads\/2021\/04\/coletiva-comite-covid_mcamgo_abr_140420211818-14.jpg","articleSection":["Outros"],"inLanguage":"pt-BR","potentialAction":[{"@type":"CommentAction","name":"Comment","target":["https:\/\/www.p31noticias.com.br\/?p=23006#respond"]}],"copyrightYear":"2021","copyrightHolder":{"@id":"https:\/\/www.p31noticias.com.br\/#organization"}},{"@type":"WebPage","@id":"https:\/\/www.p31noticias.com.br\/?p=23006","url":"https:\/\/www.p31noticias.com.br\/?p=23006","name":"Queiroga anuncia 15,5 milh\u00f5es de doses de vacina da Pfizer at\u00e9 junho. - P31","isPartOf":{"@id":"https:\/\/www.p31noticias.com.br\/#website"},"primaryImageOfPage":{"@id":"https:\/\/www.p31noticias.com.br\/?p=23006#primaryimage"},"image":{"@id":"https:\/\/www.p31noticias.com.br\/?p=23006#primaryimage"},"thumbnailUrl":"https:\/\/www.p31noticias.com.br\/wp-content\/uploads\/2021\/04\/coletiva-comite-covid_mcamgo_abr_140420211818-14.jpg","datePublished":"2021-04-14T17:06:03+00:00","dateModified":"2021-04-14T17:08:55+00:00","author":{"@id":"https:\/\/www.p31noticias.com.br\/#\/schema\/person\/95f2ece30e3b4132065b915150cd0f94"},"breadcrumb":{"@id":"https:\/\/www.p31noticias.com.br\/?p=23006#breadcrumb"},"inLanguage":"pt-BR","potentialAction":[{"@type":"ReadAction","target":["https:\/\/www.p31noticias.com.br\/?p=23006"]}]},{"@type":"ImageObject","inLanguage":"pt-BR","@id":"https:\/\/www.p31noticias.com.br\/?p=23006#primaryimage","url":"https:\/\/www.p31noticias.com.br\/wp-content\/uploads\/2021\/04\/coletiva-comite-covid_mcamgo_abr_140420211818-14.jpg","contentUrl":"https:\/\/www.p31noticias.com.br\/wp-content\/uploads\/2021\/04\/coletiva-comite-covid_mcamgo_abr_140420211818-14.jpg","width":1170,"height":700,"caption":"O ministro da Sa\u00fade, Marcelo Queiroga, durante entrevista coletiva ap\u00f3s reuni\u00e3o do Comit\u00ea Nacional de Enfrentamento \u00e0 Pandemia de Covid-19."},{"@type":"BreadcrumbList","@id":"https:\/\/www.p31noticias.com.br\/?p=23006#breadcrumb","itemListElement":[{"@type":"ListItem","position":1,"name":"In\u00edcio","item":"https:\/\/www.p31noticias.com.br\/"},{"@type":"ListItem","position":2,"name":"Queiroga anuncia 15,5 milh\u00f5es de doses de vacina da Pfizer at\u00e9 junho."}]},{"@type":"WebSite","@id":"https:\/\/www.p31noticias.com.br\/#website","url":"https:\/\/www.p31noticias.com.br\/","name":"P31","description":"NOT\u00cdCIAS","potentialAction":[{"@type":"SearchAction","target":{"@type":"EntryPoint","urlTemplate":"https:\/\/www.p31noticias.com.br\/?s={search_term_string}"},"query-input":{"@type":"PropertyValueSpecification","valueRequired":true,"valueName":"search_term_string"}}],"inLanguage":"pt-BR"},{"@type":"Person","@id":"https:\/\/www.p31noticias.com.br\/#\/schema\/person\/95f2ece30e3b4132065b915150cd0f94","name":"Gon\u00e7alves Junior","image":{"@type":"ImageObject","inLanguage":"pt-BR","@id":"https:\/\/secure.gravatar.com\/avatar\/6711f350116a89762687a48d66f723c799e5438a5b7578508d4294cd7a5d0800?s=96&d=mm&r=g","url":"https:\/\/secure.gravatar.com\/avatar\/6711f350116a89762687a48d66f723c799e5438a5b7578508d4294cd7a5d0800?s=96&d=mm&r=g","contentUrl":"https:\/\/secure.gravatar.com\/avatar\/6711f350116a89762687a48d66f723c799e5438a5b7578508d4294cd7a5d0800?s=96&d=mm&r=g","caption":"Gon\u00e7alves Junior"},"url":"https:\/\/www.p31noticias.com.br\/?author=2"}]}},"amp_enabled":true,"_links":{"self":[{"href":"https:\/\/www.p31noticias.com.br\/index.php?rest_route=\/wp\/v2\/posts\/23006","targetHints":{"allow":["GET"]}}],"collection":[{"href":"https:\/\/www.p31noticias.com.br\/index.php?rest_route=\/wp\/v2\/posts"}],"about":[{"href":"https:\/\/www.p31noticias.com.br\/index.php?rest_route=\/wp\/v2\/types\/post"}],"author":[{"embeddable":true,"href":"https:\/\/www.p31noticias.com.br\/index.php?rest_route=\/wp\/v2\/users\/2"}],"replies":[{"embeddable":true,"href":"https:\/\/www.p31noticias.com.br\/index.php?rest_route=%2Fwp%2Fv2%2Fcomments&post=23006"}],"version-history":[{"count":3,"href":"https:\/\/www.p31noticias.com.br\/index.php?rest_route=\/wp\/v2\/posts\/23006\/revisions"}],"predecessor-version":[{"id":23010,"href":"https:\/\/www.p31noticias.com.br\/index.php?rest_route=\/wp\/v2\/posts\/23006\/revisions\/23010"}],"wp:featuredmedia":[{"embeddable":true,"href":"https:\/\/www.p31noticias.com.br\/index.php?rest_route=\/wp\/v2\/media\/23007"}],"wp:attachment":[{"href":"https:\/\/www.p31noticias.com.br\/index.php?rest_route=%2Fwp%2Fv2%2Fmedia&parent=23006"}],"wp:term":[{"taxonomy":"category","embeddable":true,"href":"https:\/\/www.p31noticias.com.br\/index.php?rest_route=%2Fwp%2Fv2%2Fcategories&post=23006"},{"taxonomy":"post_tag","embeddable":true,"href":"https:\/\/www.p31noticias.com.br\/index.php?rest_route=%2Fwp%2Fv2%2Ftags&post=23006"}],"curies":[{"name":"wp","href":"https:\/\/api.w.org\/{rel}","templated":true}]}}