{"id":22993,"date":"2021-04-06T23:56:54","date_gmt":"2021-04-06T23:56:54","guid":{"rendered":"https:\/\/p31noticias.com.br\/?p=22993"},"modified":"2021-04-06T23:57:24","modified_gmt":"2021-04-06T23:57:24","slug":"mil-profissionais-das-forcas-de-seguranca-sao-vacinados-nesta-2a","status":"publish","type":"post","link":"https:\/\/www.p31noticias.com.br\/?p=22993","title":{"rendered":"Mil profissionais das for\u00e7as de seguran\u00e7a s\u00e3o vacinados nesta 2\u00aa."},"content":{"rendered":"<p style=\"text-align: justify;\"><strong>Ao todo, 1.479 servidores do setor foram atendidos, incluindo o uso de saldo remanescente dos imunizantes .<\/strong><\/p>\n<p style=\"text-align: justify;\">A Secretaria de Sa\u00fade iniciou, nesta segunda-feira (5), a vacina\u00e7\u00e3o contra covid-19 para os profissionais das for\u00e7as de seguran\u00e7a p\u00fablica do Distrito Federal. Foram vacinadas 1.081 pessoas no primeiro dia, totalizando, at\u00e9 o momento, 1.479 profissionais de seguran\u00e7a vacinados. Apesar de hoje ser o primeiro dia da vacina\u00e7\u00e3o para esse p\u00fablico, anteriormente os profissionais j\u00e1 estavam sendo contemplados com as doses remanescentes.<\/p>\n<p style=\"text-align: justify;\">Seguindo orienta\u00e7\u00e3o do Minist\u00e9rio da Sa\u00fade, foram destinadas 2,3 mil doses da remessa mais recente enviada ao DF para vacinar esse grupo. Alexandre Garcia, subsecret\u00e1rio de Aten\u00e7\u00e3o Integral \u00e0 Sa\u00fade, explica que a divis\u00e3o das 116 mil doses recebidas na quinta-feira passada (1\u00ba) foi feita pela Coordena\u00e7\u00e3o-Geral do Programa Nacional de Imuniza\u00e7\u00f5es.<\/p>\n<p style=\"text-align: justify;\"><strong>O \u201cal\u00edvio\u201d de quem foi vacinado<\/strong><\/p>\n<p style=\"text-align: justify;\">A 1\u00ba sargento K\u00e1tia Martingil foi se vacinar na UBS 1 do N\u00facleo Bandeirante. Ela ficou surpresa com a vacina\u00e7\u00e3o e disse que agora se sente mais aliviada para ir trabalhar. \u201cPerdi amigos pessoais e irm\u00e3os de farda para a covid-19. Com a vacina, tenho esperan\u00e7a de dias melhores, com menos mortes\u201d, afirma.<\/p>\n<p style=\"text-align: justify;\">Na avalia\u00e7\u00e3o do 2\u00ba sargento Fidelis, a vacina\u00e7\u00e3o \u00e9 muito importante para os policiais militares para preservar a sa\u00fade e integridade f\u00edsica da corpora\u00e7\u00e3o, tendo em vista que eles fazem parte das categorias essenciais e que se arriscam diariamente.<\/p>\n<p style=\"text-align: justify;\">\u201cHoje demos o primeiro passo para imuniza\u00e7\u00e3o dos profissionais da Seguran\u00e7a P\u00fablica. A perspectiva \u00e9 que dentro de alguns dias todos os profissionais da Seguran\u00e7a P\u00fabica estejam vacinados, o que \u00e9 de extrema import\u00e2ncia para continuidade dos servi\u00e7os. Vale ressaltar que em nenhum momento desses servidores pararam. Mas \u00e9 claro que essa previs\u00e3o depende do repasse das vacinas pelo Minist\u00e9rio da Sa\u00fade (MS) \u00e0 SES\u201d, informou.<\/p>\n<p style=\"text-align: justify;\">A Secretaria de Seguran\u00e7a P\u00fablica (SSP) elencou o n\u00famero de profissionais proporcionalmente ao quadro de cada \u00f3rg\u00e3o que comp\u00f5e a Pasta e a distribui\u00e7\u00e3o ficou da seguinte maneira: 770 profissionais da Pol\u00edcia Militar (PMDF); 460 do Corpo de Bombeiro Militar (CBMDF); 350 da Pol\u00edcia Civil (PCDF); 140 servidores da Secretaria de Administra\u00e7\u00e3o Penitenci\u00e1ria (Seape); 60 servidores do Sistema Socioeducativo (Sejus); 80 agentes do Departamento de Tr\u00e2nsito (Detran-DF); 50 servidores da Secretaria de Seguran\u00e7a P\u00fablica (SSP); 240 policiais da Pol\u00edcia Federal (PF); 70 da Pol\u00edcia Rodovi\u00e1ria Federal (PRF); 120 servidores do Minist\u00e9rio da Justi\u00e7a e Seguran\u00e7a P\u00fablica (MJSP); e 30 servidores do Departamento Penitenci\u00e1rio Nacional (Depen).<\/p>\n<p style=\"text-align: justify;\">A superintend\u00eancia da Regi\u00e3o de Sa\u00fade Centro-Sul, da Secretaria de Sa\u00fade, ficou respons\u00e1vel por operacionalizar a vacina\u00e7\u00e3o dos servidores nos dias 5 e 6 de abril, nos per\u00edodos matutino e vespertino, nas unidades b\u00e1sicas de sa\u00fade da regi\u00e3o, sendo elas a UBS 1 do N\u00facleo Bandeirante, UBS 1 do Guar\u00e1 1, UBS 1 da Estrutural, UBS 1 do Riacho Fundo e UBS 1 da Candangol\u00e2ndia e UBS 4 do L\u00facio Costa.<\/p>\n<p style=\"text-align: justify;\">A respeito da distribui\u00e7\u00e3o, o secret\u00e1rio de Seguran\u00e7a P\u00fablica comentou que foi estabelecido o crit\u00e9rio de proporcionalidade: \u201cAs doses foram distribu\u00eddas proporcionalmente de acordo com o efetivo de cada corpora\u00e7\u00e3o. Dessa forma, a PMDF tem a maior quantidade, por conta do grande n\u00famero de profissionais. Em seguida, temos os bombeiros e logo na sequ\u00eancia os demais. De toda forma, ter\u00e3o prioridade os profissionais que est\u00e3o na linha de frente, ou seja, mais expostos ao cont\u00e1gio e transmiss\u00e3o da doen\u00e7a. Outro crit\u00e9rio \u00e9 a idade\u201d.<\/p>\n<p style=\"text-align: justify;\"><strong>Prioridades<\/strong><\/p>\n<p style=\"text-align: justify;\">A ordem da vacina\u00e7\u00e3o ser\u00e1 de acordo com as prioridades: trabalhadores envolvidos no atendimento e\/ou transporte de pacientes; trabalhadores envolvidos em resgates e atendimento pr\u00e9-hospitalar; trabalhadores envolvidos diretamente nas a\u00e7\u00f5es de vacina\u00e7\u00e3o contra a covid-19; trabalhadores envolvidos nas a\u00e7\u00f5es de vigil\u00e2ncia das medidas de distanciamento social, com contato direto e constante com o p\u00fablico independentemente da categoria.<\/p>\n<p style=\"text-align: justify;\">O subsecret\u00e1rio Garcia informa que \u201cas for\u00e7as de seguran\u00e7a p\u00fablica que apoiam as medidas de restri\u00e7\u00e3o no DF tamb\u00e9m est\u00e3o na lista de vacina\u00e7\u00e3o\u201d. E citou que foi dada \u201cprefer\u00eancia para os profissionais da ativa com idade mais avan\u00e7ada\u201d.<\/p>\n<p style=\"text-align: justify;\">O Minist\u00e9rio da Sa\u00fade estabelece que os demais trabalhadores da seguran\u00e7a p\u00fablica e for\u00e7as armadas que n\u00e3o se enquadrarem nas atividades consideradas priorit\u00e1rias dever\u00e3o ser vacinados de acordo com o andamento da campanha nacional de vacina\u00e7\u00e3o contra a covid-19.<\/p>\n<p style=\"text-align: justify;\"><em>*Com informa\u00e7\u00f5es das secretarias de Sa\u00fade e da Seguran\u00e7a P\u00fablica<\/em><\/p>\n","protected":false},"excerpt":{"rendered":"<p>Ao todo, 1.479 servidores do setor foram atendidos, incluindo o uso de saldo remanescente dos imunizantes . A Secretaria de Sa\u00fade iniciou, nesta segunda-feira (5), a vacina\u00e7\u00e3o contra covid-19 para os profissionais das for\u00e7as de seguran\u00e7a p\u00fablica do Distrito Federal. Foram vacinadas 1.081 pessoas no primeiro dia, totalizando, at\u00e9 o momento, 1.479 profissionais de seguran\u00e7a [&hellip;]<\/p>\n","protected":false},"author":2,"featured_media":22994,"comment_status":"open","ping_status":"open","sticky":false,"template":"","format":"standard","meta":{"footnotes":""},"categories":[1],"tags":[],"class_list":{"0":"post-22993","1":"post","2":"type-post","3":"status-publish","4":"format-standard","5":"has-post-thumbnail","7":"category-outros"},"yoast_head":"<!-- This site is optimized with the Yoast SEO Premium plugin v24.5 (Yoast SEO v27.5) - https:\/\/yoast.com\/product\/yoast-seo-premium-wordpress\/ -->\n<title>Mil profissionais das for\u00e7as de seguran\u00e7a s\u00e3o vacinados nesta 2\u00aa. - P31<\/title>\n<meta name=\"robots\" content=\"index, follow, max-snippet:-1, max-image-preview:large, max-video-preview:-1\" \/>\n<link rel=\"canonical\" href=\"https:\/\/www.p31noticias.com.br\/?p=22993\" \/>\n<meta property=\"og:locale\" content=\"pt_BR\" \/>\n<meta property=\"og:type\" content=\"article\" \/>\n<meta property=\"og:title\" content=\"Mil profissionais das for\u00e7as de seguran\u00e7a s\u00e3o vacinados nesta 2\u00aa.\" \/>\n<meta property=\"og:description\" content=\"Ao todo, 1.479 servidores do setor foram atendidos, incluindo o uso de saldo remanescente dos imunizantes . A Secretaria de Sa\u00fade iniciou, nesta segunda-feira (5), a vacina\u00e7\u00e3o contra covid-19 para os profissionais das for\u00e7as de seguran\u00e7a p\u00fablica do Distrito Federal. Foram vacinadas 1.081 pessoas no primeiro dia, totalizando, at\u00e9 o momento, 1.479 profissionais de seguran\u00e7a [&hellip;]\" \/>\n<meta property=\"og:url\" content=\"https:\/\/www.p31noticias.com.br\/?p=22993\" \/>\n<meta property=\"og:site_name\" content=\"P31\" \/>\n<meta property=\"article:published_time\" content=\"2021-04-06T23:56:54+00:00\" \/>\n<meta property=\"article:modified_time\" content=\"2021-04-06T23:57:24+00:00\" \/>\n<meta property=\"og:image\" content=\"https:\/\/www.p31noticias.com.br\/wp-content\/uploads\/2021\/04\/WhatsApp-Image-2021-04-05-at-20.07.06.jpeg\" \/>\n\t<meta property=\"og:image:width\" content=\"1280\" \/>\n\t<meta property=\"og:image:height\" content=\"853\" \/>\n\t<meta property=\"og:image:type\" content=\"image\/jpeg\" \/>\n<meta name=\"author\" content=\"Gon\u00e7alves Junior\" \/>\n<meta name=\"twitter:card\" content=\"summary_large_image\" \/>\n<meta name=\"twitter:label1\" content=\"Escrito por\" \/>\n\t<meta name=\"twitter:data1\" content=\"Gon\u00e7alves Junior\" \/>\n\t<meta name=\"twitter:label2\" content=\"Est. tempo de leitura\" \/>\n\t<meta name=\"twitter:data2\" content=\"4 minutos\" \/>\n<script type=\"application\/ld+json\" class=\"yoast-schema-graph\">{\"@context\":\"https:\\\/\\\/schema.org\",\"@graph\":[{\"@type\":\"Article\",\"@id\":\"https:\\\/\\\/www.p31noticias.com.br\\\/?p=22993#article\",\"isPartOf\":{\"@id\":\"https:\\\/\\\/www.p31noticias.com.br\\\/?p=22993\"},\"author\":{\"name\":\"Gon\u00e7alves Junior\",\"@id\":\"https:\\\/\\\/www.p31noticias.com.br\\\/#\\\/schema\\\/person\\\/95f2ece30e3b4132065b915150cd0f94\"},\"headline\":\"Mil profissionais das for\u00e7as de seguran\u00e7a s\u00e3o vacinados nesta 2\u00aa.\",\"datePublished\":\"2021-04-06T23:56:54+00:00\",\"dateModified\":\"2021-04-06T23:57:24+00:00\",\"mainEntityOfPage\":{\"@id\":\"https:\\\/\\\/www.p31noticias.com.br\\\/?p=22993\"},\"wordCount\":793,\"commentCount\":0,\"image\":{\"@id\":\"https:\\\/\\\/www.p31noticias.com.br\\\/?p=22993#primaryimage\"},\"thumbnailUrl\":\"https:\\\/\\\/www.p31noticias.com.br\\\/wp-content\\\/uploads\\\/2021\\\/04\\\/WhatsApp-Image-2021-04-05-at-20.07.06.jpeg\",\"articleSection\":[\"Outros\"],\"inLanguage\":\"pt-BR\",\"potentialAction\":[{\"@type\":\"CommentAction\",\"name\":\"Comment\",\"target\":[\"https:\\\/\\\/www.p31noticias.com.br\\\/?p=22993#respond\"]}],\"copyrightYear\":\"2021\",\"copyrightHolder\":{\"@id\":\"https:\\\/\\\/www.p31noticias.com.br\\\/#organization\"}},{\"@type\":\"WebPage\",\"@id\":\"https:\\\/\\\/www.p31noticias.com.br\\\/?p=22993\",\"url\":\"https:\\\/\\\/www.p31noticias.com.br\\\/?p=22993\",\"name\":\"Mil profissionais das for\u00e7as de seguran\u00e7a s\u00e3o vacinados nesta 2\u00aa. - P31\",\"isPartOf\":{\"@id\":\"https:\\\/\\\/www.p31noticias.com.br\\\/#website\"},\"primaryImageOfPage\":{\"@id\":\"https:\\\/\\\/www.p31noticias.com.br\\\/?p=22993#primaryimage\"},\"image\":{\"@id\":\"https:\\\/\\\/www.p31noticias.com.br\\\/?p=22993#primaryimage\"},\"thumbnailUrl\":\"https:\\\/\\\/www.p31noticias.com.br\\\/wp-content\\\/uploads\\\/2021\\\/04\\\/WhatsApp-Image-2021-04-05-at-20.07.06.jpeg\",\"datePublished\":\"2021-04-06T23:56:54+00:00\",\"dateModified\":\"2021-04-06T23:57:24+00:00\",\"author\":{\"@id\":\"https:\\\/\\\/www.p31noticias.com.br\\\/#\\\/schema\\\/person\\\/95f2ece30e3b4132065b915150cd0f94\"},\"breadcrumb\":{\"@id\":\"https:\\\/\\\/www.p31noticias.com.br\\\/?p=22993#breadcrumb\"},\"inLanguage\":\"pt-BR\",\"potentialAction\":[{\"@type\":\"ReadAction\",\"target\":[\"https:\\\/\\\/www.p31noticias.com.br\\\/?p=22993\"]}]},{\"@type\":\"ImageObject\",\"inLanguage\":\"pt-BR\",\"@id\":\"https:\\\/\\\/www.p31noticias.com.br\\\/?p=22993#primaryimage\",\"url\":\"https:\\\/\\\/www.p31noticias.com.br\\\/wp-content\\\/uploads\\\/2021\\\/04\\\/WhatsApp-Image-2021-04-05-at-20.07.06.jpeg\",\"contentUrl\":\"https:\\\/\\\/www.p31noticias.com.br\\\/wp-content\\\/uploads\\\/2021\\\/04\\\/WhatsApp-Image-2021-04-05-at-20.07.06.jpeg\",\"width\":1280,\"height\":853},{\"@type\":\"BreadcrumbList\",\"@id\":\"https:\\\/\\\/www.p31noticias.com.br\\\/?p=22993#breadcrumb\",\"itemListElement\":[{\"@type\":\"ListItem\",\"position\":1,\"name\":\"In\u00edcio\",\"item\":\"https:\\\/\\\/www.p31noticias.com.br\\\/\"},{\"@type\":\"ListItem\",\"position\":2,\"name\":\"Mil profissionais das for\u00e7as de seguran\u00e7a s\u00e3o vacinados nesta 2\u00aa.\"}]},{\"@type\":\"WebSite\",\"@id\":\"https:\\\/\\\/www.p31noticias.com.br\\\/#website\",\"url\":\"https:\\\/\\\/www.p31noticias.com.br\\\/\",\"name\":\"P31\",\"description\":\"NOT\u00cdCIAS\",\"potentialAction\":[{\"@type\":\"SearchAction\",\"target\":{\"@type\":\"EntryPoint\",\"urlTemplate\":\"https:\\\/\\\/www.p31noticias.com.br\\\/?s={search_term_string}\"},\"query-input\":{\"@type\":\"PropertyValueSpecification\",\"valueRequired\":true,\"valueName\":\"search_term_string\"}}],\"inLanguage\":\"pt-BR\"},{\"@type\":\"Person\",\"@id\":\"https:\\\/\\\/www.p31noticias.com.br\\\/#\\\/schema\\\/person\\\/95f2ece30e3b4132065b915150cd0f94\",\"name\":\"Gon\u00e7alves Junior\",\"image\":{\"@type\":\"ImageObject\",\"inLanguage\":\"pt-BR\",\"@id\":\"https:\\\/\\\/secure.gravatar.com\\\/avatar\\\/6711f350116a89762687a48d66f723c799e5438a5b7578508d4294cd7a5d0800?s=96&d=mm&r=g\",\"url\":\"https:\\\/\\\/secure.gravatar.com\\\/avatar\\\/6711f350116a89762687a48d66f723c799e5438a5b7578508d4294cd7a5d0800?s=96&d=mm&r=g\",\"contentUrl\":\"https:\\\/\\\/secure.gravatar.com\\\/avatar\\\/6711f350116a89762687a48d66f723c799e5438a5b7578508d4294cd7a5d0800?s=96&d=mm&r=g\",\"caption\":\"Gon\u00e7alves Junior\"},\"url\":\"https:\\\/\\\/www.p31noticias.com.br\\\/?author=2\"}]}<\/script>\n<!-- \/ Yoast SEO Premium plugin. -->","yoast_head_json":{"title":"Mil profissionais das for\u00e7as de seguran\u00e7a s\u00e3o vacinados nesta 2\u00aa. - P31","robots":{"index":"index","follow":"follow","max-snippet":"max-snippet:-1","max-image-preview":"max-image-preview:large","max-video-preview":"max-video-preview:-1"},"canonical":"https:\/\/www.p31noticias.com.br\/?p=22993","og_locale":"pt_BR","og_type":"article","og_title":"Mil profissionais das for\u00e7as de seguran\u00e7a s\u00e3o vacinados nesta 2\u00aa.","og_description":"Ao todo, 1.479 servidores do setor foram atendidos, incluindo o uso de saldo remanescente dos imunizantes . A Secretaria de Sa\u00fade iniciou, nesta segunda-feira (5), a vacina\u00e7\u00e3o contra covid-19 para os profissionais das for\u00e7as de seguran\u00e7a p\u00fablica do Distrito Federal. Foram vacinadas 1.081 pessoas no primeiro dia, totalizando, at\u00e9 o momento, 1.479 profissionais de seguran\u00e7a [&hellip;]","og_url":"https:\/\/www.p31noticias.com.br\/?p=22993","og_site_name":"P31","article_published_time":"2021-04-06T23:56:54+00:00","article_modified_time":"2021-04-06T23:57:24+00:00","og_image":[{"width":1280,"height":853,"url":"https:\/\/www.p31noticias.com.br\/wp-content\/uploads\/2021\/04\/WhatsApp-Image-2021-04-05-at-20.07.06.jpeg","type":"image\/jpeg"}],"author":"Gon\u00e7alves Junior","twitter_card":"summary_large_image","twitter_misc":{"Escrito por":"Gon\u00e7alves Junior","Est. tempo de leitura":"4 minutos"},"schema":{"@context":"https:\/\/schema.org","@graph":[{"@type":"Article","@id":"https:\/\/www.p31noticias.com.br\/?p=22993#article","isPartOf":{"@id":"https:\/\/www.p31noticias.com.br\/?p=22993"},"author":{"name":"Gon\u00e7alves Junior","@id":"https:\/\/www.p31noticias.com.br\/#\/schema\/person\/95f2ece30e3b4132065b915150cd0f94"},"headline":"Mil profissionais das for\u00e7as de seguran\u00e7a s\u00e3o vacinados nesta 2\u00aa.","datePublished":"2021-04-06T23:56:54+00:00","dateModified":"2021-04-06T23:57:24+00:00","mainEntityOfPage":{"@id":"https:\/\/www.p31noticias.com.br\/?p=22993"},"wordCount":793,"commentCount":0,"image":{"@id":"https:\/\/www.p31noticias.com.br\/?p=22993#primaryimage"},"thumbnailUrl":"https:\/\/www.p31noticias.com.br\/wp-content\/uploads\/2021\/04\/WhatsApp-Image-2021-04-05-at-20.07.06.jpeg","articleSection":["Outros"],"inLanguage":"pt-BR","potentialAction":[{"@type":"CommentAction","name":"Comment","target":["https:\/\/www.p31noticias.com.br\/?p=22993#respond"]}],"copyrightYear":"2021","copyrightHolder":{"@id":"https:\/\/www.p31noticias.com.br\/#organization"}},{"@type":"WebPage","@id":"https:\/\/www.p31noticias.com.br\/?p=22993","url":"https:\/\/www.p31noticias.com.br\/?p=22993","name":"Mil profissionais das for\u00e7as de seguran\u00e7a s\u00e3o vacinados nesta 2\u00aa. - P31","isPartOf":{"@id":"https:\/\/www.p31noticias.com.br\/#website"},"primaryImageOfPage":{"@id":"https:\/\/www.p31noticias.com.br\/?p=22993#primaryimage"},"image":{"@id":"https:\/\/www.p31noticias.com.br\/?p=22993#primaryimage"},"thumbnailUrl":"https:\/\/www.p31noticias.com.br\/wp-content\/uploads\/2021\/04\/WhatsApp-Image-2021-04-05-at-20.07.06.jpeg","datePublished":"2021-04-06T23:56:54+00:00","dateModified":"2021-04-06T23:57:24+00:00","author":{"@id":"https:\/\/www.p31noticias.com.br\/#\/schema\/person\/95f2ece30e3b4132065b915150cd0f94"},"breadcrumb":{"@id":"https:\/\/www.p31noticias.com.br\/?p=22993#breadcrumb"},"inLanguage":"pt-BR","potentialAction":[{"@type":"ReadAction","target":["https:\/\/www.p31noticias.com.br\/?p=22993"]}]},{"@type":"ImageObject","inLanguage":"pt-BR","@id":"https:\/\/www.p31noticias.com.br\/?p=22993#primaryimage","url":"https:\/\/www.p31noticias.com.br\/wp-content\/uploads\/2021\/04\/WhatsApp-Image-2021-04-05-at-20.07.06.jpeg","contentUrl":"https:\/\/www.p31noticias.com.br\/wp-content\/uploads\/2021\/04\/WhatsApp-Image-2021-04-05-at-20.07.06.jpeg","width":1280,"height":853},{"@type":"BreadcrumbList","@id":"https:\/\/www.p31noticias.com.br\/?p=22993#breadcrumb","itemListElement":[{"@type":"ListItem","position":1,"name":"In\u00edcio","item":"https:\/\/www.p31noticias.com.br\/"},{"@type":"ListItem","position":2,"name":"Mil profissionais das for\u00e7as de seguran\u00e7a s\u00e3o vacinados nesta 2\u00aa."}]},{"@type":"WebSite","@id":"https:\/\/www.p31noticias.com.br\/#website","url":"https:\/\/www.p31noticias.com.br\/","name":"P31","description":"NOT\u00cdCIAS","potentialAction":[{"@type":"SearchAction","target":{"@type":"EntryPoint","urlTemplate":"https:\/\/www.p31noticias.com.br\/?s={search_term_string}"},"query-input":{"@type":"PropertyValueSpecification","valueRequired":true,"valueName":"search_term_string"}}],"inLanguage":"pt-BR"},{"@type":"Person","@id":"https:\/\/www.p31noticias.com.br\/#\/schema\/person\/95f2ece30e3b4132065b915150cd0f94","name":"Gon\u00e7alves Junior","image":{"@type":"ImageObject","inLanguage":"pt-BR","@id":"https:\/\/secure.gravatar.com\/avatar\/6711f350116a89762687a48d66f723c799e5438a5b7578508d4294cd7a5d0800?s=96&d=mm&r=g","url":"https:\/\/secure.gravatar.com\/avatar\/6711f350116a89762687a48d66f723c799e5438a5b7578508d4294cd7a5d0800?s=96&d=mm&r=g","contentUrl":"https:\/\/secure.gravatar.com\/avatar\/6711f350116a89762687a48d66f723c799e5438a5b7578508d4294cd7a5d0800?s=96&d=mm&r=g","caption":"Gon\u00e7alves Junior"},"url":"https:\/\/www.p31noticias.com.br\/?author=2"}]}},"amp_enabled":true,"_links":{"self":[{"href":"https:\/\/www.p31noticias.com.br\/index.php?rest_route=\/wp\/v2\/posts\/22993","targetHints":{"allow":["GET"]}}],"collection":[{"href":"https:\/\/www.p31noticias.com.br\/index.php?rest_route=\/wp\/v2\/posts"}],"about":[{"href":"https:\/\/www.p31noticias.com.br\/index.php?rest_route=\/wp\/v2\/types\/post"}],"author":[{"embeddable":true,"href":"https:\/\/www.p31noticias.com.br\/index.php?rest_route=\/wp\/v2\/users\/2"}],"replies":[{"embeddable":true,"href":"https:\/\/www.p31noticias.com.br\/index.php?rest_route=%2Fwp%2Fv2%2Fcomments&post=22993"}],"version-history":[{"count":2,"href":"https:\/\/www.p31noticias.com.br\/index.php?rest_route=\/wp\/v2\/posts\/22993\/revisions"}],"predecessor-version":[{"id":22996,"href":"https:\/\/www.p31noticias.com.br\/index.php?rest_route=\/wp\/v2\/posts\/22993\/revisions\/22996"}],"wp:featuredmedia":[{"embeddable":true,"href":"https:\/\/www.p31noticias.com.br\/index.php?rest_route=\/wp\/v2\/media\/22994"}],"wp:attachment":[{"href":"https:\/\/www.p31noticias.com.br\/index.php?rest_route=%2Fwp%2Fv2%2Fmedia&parent=22993"}],"wp:term":[{"taxonomy":"category","embeddable":true,"href":"https:\/\/www.p31noticias.com.br\/index.php?rest_route=%2Fwp%2Fv2%2Fcategories&post=22993"},{"taxonomy":"post_tag","embeddable":true,"href":"https:\/\/www.p31noticias.com.br\/index.php?rest_route=%2Fwp%2Fv2%2Ftags&post=22993"}],"curies":[{"name":"wp","href":"https:\/\/api.w.org\/{rel}","templated":true}]}}