{"id":22959,"date":"2021-03-16T17:14:29","date_gmt":"2021-03-16T17:14:29","guid":{"rendered":"https:\/\/p31noticias.com.br\/?p=22959"},"modified":"2021-03-16T17:14:29","modified_gmt":"2021-03-16T17:14:29","slug":"duas-semanas-para-concluir-licitacao-dos-hospitais-de-campanha","status":"publish","type":"post","link":"https:\/\/www.p31noticias.com.br\/?p=22959","title":{"rendered":"Duas semanas para concluir licita\u00e7\u00e3o dos hospitais de campanha."},"content":{"rendered":"<p style=\"text-align: justify;\"><em><strong>Preg\u00e3o eletr\u00f4nico ocorrer\u00e1 na pr\u00f3xima segunda (22), \u00e0s 9h; GDF estima investir em torno de R$ 7 milh\u00f5es, na montagem de cada unidade .<\/strong><\/em><\/p>\n<p style=\"text-align: justify;\">Foi publicada na edi\u00e7\u00e3o desta ter\u00e7a (16) do Di\u00e1rio Oficial do DF o aviso do\u00a0<a href=\"https:\/\/dodf.df.gov.br\/index\/visualizar-arquivo\/?pasta=2021|03_Mar%C3%A7o|DODF%20050%2016-03-2021|&amp;arquivo=DODF%20050%2016-03-2021%20INTEGRA.pdf\" target=\"_blank\" rel=\"noopener noreferrer\">preg\u00e3o eletr\u00f4nico<\/a>\u00a0para contrata\u00e7\u00e3o de empresa respons\u00e1vel pela loca\u00e7\u00e3o e montagem dos tr\u00eas hospitais de campanha para pacientes com covid-19. O investimento estimado do GDF na licita\u00e7\u00e3o ser\u00e1 de cerca de R$ 7 milh\u00f5es \u2013 por lote pelo per\u00edodo de 180 dias \u2013 que resultar\u00e3o em mais 300 leitos de UTI com suporte ventilat\u00f3rio pulmonar.<\/p>\n<p style=\"text-align: justify;\">Os locais de montagem dos novos hospitais est\u00e3o sendo definidos pela Secretaria de Sa\u00fade. Por meio de of\u00edcio enviado \u00e0 Companhia Urbanizadora da Nova Capital (Novacap), respons\u00e1vel pelo preg\u00e3o, a pasta sugeriu dois espa\u00e7os: o Centro Ol\u00edmpico e Paral\u00edmpico do Gama, localizado na \u00e1rea central da cidade, e o gin\u00e1sio da Escola Parque An\u00edsio Teixeira, que fica em Ceil\u00e2ndia Sul, ambos disponibilizados pelas Secretarias de Esporte e Lazer e de Educa\u00e7\u00e3o, respectivamente.<\/p>\n<p style=\"text-align: justify;\">Os endere\u00e7os ainda est\u00e3o em defini\u00e7\u00e3o. No processo para a contrata\u00e7\u00e3o dos servi\u00e7os, h\u00e1 uma recomenda\u00e7\u00e3o para que processo licitat\u00f3rio n\u00e3o exceda 15 dias, por determina\u00e7\u00e3o do governador Ibaneis Rocha. A ideia \u00e9 montar as novas unidades no menor tempo poss\u00edvel, em fun\u00e7\u00e3o da urg\u00eancia de novos leitos para atendimento dos pacientes graves infectados pelo novo coronav\u00edrus.<\/p>\n<p style=\"text-align: justify;\">A licita\u00e7\u00e3o ocorrer\u00e1 na pr\u00f3xima segunda (22), \u00e0s 9h. Informa\u00e7\u00f5es podem ser obtidas pelos telefones (61) 3403-2321 ou (61) 3403-2322 ou no e-mail dilic@novacap.df.gov.br.<\/p>\n<p>Fonte : Ag\u00eancia Brasilia<\/p>\n","protected":false},"excerpt":{"rendered":"<p>Preg\u00e3o eletr\u00f4nico ocorrer\u00e1 na pr\u00f3xima segunda (22), \u00e0s 9h; GDF estima investir em torno de R$ 7 milh\u00f5es, na montagem de cada unidade . Foi publicada na edi\u00e7\u00e3o desta ter\u00e7a (16) do Di\u00e1rio Oficial do DF o aviso do\u00a0preg\u00e3o eletr\u00f4nico\u00a0para contrata\u00e7\u00e3o de empresa respons\u00e1vel pela loca\u00e7\u00e3o e montagem dos tr\u00eas hospitais de campanha para pacientes [&hellip;]<\/p>\n","protected":false},"author":2,"featured_media":22960,"comment_status":"open","ping_status":"open","sticky":false,"template":"","format":"standard","meta":{"footnotes":""},"categories":[1],"tags":[],"class_list":{"0":"post-22959","1":"post","2":"type-post","3":"status-publish","4":"format-standard","5":"has-post-thumbnail","7":"category-outros"},"yoast_head":"<!-- This site is optimized with the Yoast SEO Premium plugin v24.5 (Yoast SEO v27.5) - https:\/\/yoast.com\/product\/yoast-seo-premium-wordpress\/ -->\n<title>Duas semanas para concluir licita\u00e7\u00e3o dos hospitais de campanha. - P31<\/title>\n<meta name=\"robots\" content=\"index, follow, max-snippet:-1, max-image-preview:large, max-video-preview:-1\" \/>\n<link rel=\"canonical\" href=\"https:\/\/www.p31noticias.com.br\/?p=22959\" \/>\n<meta property=\"og:locale\" content=\"pt_BR\" \/>\n<meta property=\"og:type\" content=\"article\" \/>\n<meta property=\"og:title\" content=\"Duas semanas para concluir licita\u00e7\u00e3o dos hospitais de campanha.\" \/>\n<meta property=\"og:description\" content=\"Preg\u00e3o eletr\u00f4nico ocorrer\u00e1 na pr\u00f3xima segunda (22), \u00e0s 9h; GDF estima investir em torno de R$ 7 milh\u00f5es, na montagem de cada unidade . Foi publicada na edi\u00e7\u00e3o desta ter\u00e7a (16) do Di\u00e1rio Oficial do DF o aviso do\u00a0preg\u00e3o eletr\u00f4nico\u00a0para contrata\u00e7\u00e3o de empresa respons\u00e1vel pela loca\u00e7\u00e3o e montagem dos tr\u00eas hospitais de campanha para pacientes [&hellip;]\" \/>\n<meta property=\"og:url\" content=\"https:\/\/www.p31noticias.com.br\/?p=22959\" \/>\n<meta property=\"og:site_name\" content=\"P31\" \/>\n<meta property=\"article:published_time\" content=\"2021-03-16T17:14:29+00:00\" \/>\n<meta property=\"og:image\" content=\"https:\/\/www.p31noticias.com.br\/wp-content\/uploads\/2021\/03\/images-5.jpg\" \/>\n\t<meta property=\"og:image:width\" content=\"281\" \/>\n\t<meta property=\"og:image:height\" content=\"180\" \/>\n\t<meta property=\"og:image:type\" content=\"image\/jpeg\" \/>\n<meta name=\"author\" content=\"Gon\u00e7alves Junior\" \/>\n<meta name=\"twitter:card\" content=\"summary_large_image\" \/>\n<meta name=\"twitter:label1\" content=\"Escrito por\" \/>\n\t<meta name=\"twitter:data1\" content=\"Gon\u00e7alves Junior\" \/>\n\t<meta name=\"twitter:label2\" content=\"Est. tempo de leitura\" \/>\n\t<meta name=\"twitter:data2\" content=\"1 minuto\" \/>\n<script type=\"application\/ld+json\" class=\"yoast-schema-graph\">{\"@context\":\"https:\\\/\\\/schema.org\",\"@graph\":[{\"@type\":\"Article\",\"@id\":\"https:\\\/\\\/www.p31noticias.com.br\\\/?p=22959#article\",\"isPartOf\":{\"@id\":\"https:\\\/\\\/www.p31noticias.com.br\\\/?p=22959\"},\"author\":{\"name\":\"Gon\u00e7alves Junior\",\"@id\":\"https:\\\/\\\/www.p31noticias.com.br\\\/#\\\/schema\\\/person\\\/95f2ece30e3b4132065b915150cd0f94\"},\"headline\":\"Duas semanas para concluir licita\u00e7\u00e3o dos hospitais de campanha.\",\"datePublished\":\"2021-03-16T17:14:29+00:00\",\"mainEntityOfPage\":{\"@id\":\"https:\\\/\\\/www.p31noticias.com.br\\\/?p=22959\"},\"wordCount\":296,\"commentCount\":0,\"image\":{\"@id\":\"https:\\\/\\\/www.p31noticias.com.br\\\/?p=22959#primaryimage\"},\"thumbnailUrl\":\"https:\\\/\\\/www.p31noticias.com.br\\\/wp-content\\\/uploads\\\/2021\\\/03\\\/images-5.jpg\",\"articleSection\":[\"Outros\"],\"inLanguage\":\"pt-BR\",\"potentialAction\":[{\"@type\":\"CommentAction\",\"name\":\"Comment\",\"target\":[\"https:\\\/\\\/www.p31noticias.com.br\\\/?p=22959#respond\"]}],\"copyrightYear\":\"2021\",\"copyrightHolder\":{\"@id\":\"https:\\\/\\\/www.p31noticias.com.br\\\/#organization\"}},{\"@type\":\"WebPage\",\"@id\":\"https:\\\/\\\/www.p31noticias.com.br\\\/?p=22959\",\"url\":\"https:\\\/\\\/www.p31noticias.com.br\\\/?p=22959\",\"name\":\"Duas semanas para concluir licita\u00e7\u00e3o dos hospitais de campanha. - P31\",\"isPartOf\":{\"@id\":\"https:\\\/\\\/www.p31noticias.com.br\\\/#website\"},\"primaryImageOfPage\":{\"@id\":\"https:\\\/\\\/www.p31noticias.com.br\\\/?p=22959#primaryimage\"},\"image\":{\"@id\":\"https:\\\/\\\/www.p31noticias.com.br\\\/?p=22959#primaryimage\"},\"thumbnailUrl\":\"https:\\\/\\\/www.p31noticias.com.br\\\/wp-content\\\/uploads\\\/2021\\\/03\\\/images-5.jpg\",\"datePublished\":\"2021-03-16T17:14:29+00:00\",\"author\":{\"@id\":\"https:\\\/\\\/www.p31noticias.com.br\\\/#\\\/schema\\\/person\\\/95f2ece30e3b4132065b915150cd0f94\"},\"breadcrumb\":{\"@id\":\"https:\\\/\\\/www.p31noticias.com.br\\\/?p=22959#breadcrumb\"},\"inLanguage\":\"pt-BR\",\"potentialAction\":[{\"@type\":\"ReadAction\",\"target\":[\"https:\\\/\\\/www.p31noticias.com.br\\\/?p=22959\"]}]},{\"@type\":\"ImageObject\",\"inLanguage\":\"pt-BR\",\"@id\":\"https:\\\/\\\/www.p31noticias.com.br\\\/?p=22959#primaryimage\",\"url\":\"https:\\\/\\\/www.p31noticias.com.br\\\/wp-content\\\/uploads\\\/2021\\\/03\\\/images-5.jpg\",\"contentUrl\":\"https:\\\/\\\/www.p31noticias.com.br\\\/wp-content\\\/uploads\\\/2021\\\/03\\\/images-5.jpg\",\"width\":281,\"height\":180},{\"@type\":\"BreadcrumbList\",\"@id\":\"https:\\\/\\\/www.p31noticias.com.br\\\/?p=22959#breadcrumb\",\"itemListElement\":[{\"@type\":\"ListItem\",\"position\":1,\"name\":\"In\u00edcio\",\"item\":\"https:\\\/\\\/www.p31noticias.com.br\\\/\"},{\"@type\":\"ListItem\",\"position\":2,\"name\":\"Duas semanas para concluir licita\u00e7\u00e3o dos hospitais de campanha.\"}]},{\"@type\":\"WebSite\",\"@id\":\"https:\\\/\\\/www.p31noticias.com.br\\\/#website\",\"url\":\"https:\\\/\\\/www.p31noticias.com.br\\\/\",\"name\":\"P31\",\"description\":\"NOT\u00cdCIAS\",\"potentialAction\":[{\"@type\":\"SearchAction\",\"target\":{\"@type\":\"EntryPoint\",\"urlTemplate\":\"https:\\\/\\\/www.p31noticias.com.br\\\/?s={search_term_string}\"},\"query-input\":{\"@type\":\"PropertyValueSpecification\",\"valueRequired\":true,\"valueName\":\"search_term_string\"}}],\"inLanguage\":\"pt-BR\"},{\"@type\":\"Person\",\"@id\":\"https:\\\/\\\/www.p31noticias.com.br\\\/#\\\/schema\\\/person\\\/95f2ece30e3b4132065b915150cd0f94\",\"name\":\"Gon\u00e7alves Junior\",\"image\":{\"@type\":\"ImageObject\",\"inLanguage\":\"pt-BR\",\"@id\":\"https:\\\/\\\/secure.gravatar.com\\\/avatar\\\/6711f350116a89762687a48d66f723c799e5438a5b7578508d4294cd7a5d0800?s=96&d=mm&r=g\",\"url\":\"https:\\\/\\\/secure.gravatar.com\\\/avatar\\\/6711f350116a89762687a48d66f723c799e5438a5b7578508d4294cd7a5d0800?s=96&d=mm&r=g\",\"contentUrl\":\"https:\\\/\\\/secure.gravatar.com\\\/avatar\\\/6711f350116a89762687a48d66f723c799e5438a5b7578508d4294cd7a5d0800?s=96&d=mm&r=g\",\"caption\":\"Gon\u00e7alves Junior\"},\"url\":\"https:\\\/\\\/www.p31noticias.com.br\\\/?author=2\"}]}<\/script>\n<!-- \/ Yoast SEO Premium plugin. -->","yoast_head_json":{"title":"Duas semanas para concluir licita\u00e7\u00e3o dos hospitais de campanha. - P31","robots":{"index":"index","follow":"follow","max-snippet":"max-snippet:-1","max-image-preview":"max-image-preview:large","max-video-preview":"max-video-preview:-1"},"canonical":"https:\/\/www.p31noticias.com.br\/?p=22959","og_locale":"pt_BR","og_type":"article","og_title":"Duas semanas para concluir licita\u00e7\u00e3o dos hospitais de campanha.","og_description":"Preg\u00e3o eletr\u00f4nico ocorrer\u00e1 na pr\u00f3xima segunda (22), \u00e0s 9h; GDF estima investir em torno de R$ 7 milh\u00f5es, na montagem de cada unidade . Foi publicada na edi\u00e7\u00e3o desta ter\u00e7a (16) do Di\u00e1rio Oficial do DF o aviso do\u00a0preg\u00e3o eletr\u00f4nico\u00a0para contrata\u00e7\u00e3o de empresa respons\u00e1vel pela loca\u00e7\u00e3o e montagem dos tr\u00eas hospitais de campanha para pacientes [&hellip;]","og_url":"https:\/\/www.p31noticias.com.br\/?p=22959","og_site_name":"P31","article_published_time":"2021-03-16T17:14:29+00:00","og_image":[{"width":281,"height":180,"url":"https:\/\/www.p31noticias.com.br\/wp-content\/uploads\/2021\/03\/images-5.jpg","type":"image\/jpeg"}],"author":"Gon\u00e7alves Junior","twitter_card":"summary_large_image","twitter_misc":{"Escrito por":"Gon\u00e7alves Junior","Est. tempo de leitura":"1 minuto"},"schema":{"@context":"https:\/\/schema.org","@graph":[{"@type":"Article","@id":"https:\/\/www.p31noticias.com.br\/?p=22959#article","isPartOf":{"@id":"https:\/\/www.p31noticias.com.br\/?p=22959"},"author":{"name":"Gon\u00e7alves Junior","@id":"https:\/\/www.p31noticias.com.br\/#\/schema\/person\/95f2ece30e3b4132065b915150cd0f94"},"headline":"Duas semanas para concluir licita\u00e7\u00e3o dos hospitais de campanha.","datePublished":"2021-03-16T17:14:29+00:00","mainEntityOfPage":{"@id":"https:\/\/www.p31noticias.com.br\/?p=22959"},"wordCount":296,"commentCount":0,"image":{"@id":"https:\/\/www.p31noticias.com.br\/?p=22959#primaryimage"},"thumbnailUrl":"https:\/\/www.p31noticias.com.br\/wp-content\/uploads\/2021\/03\/images-5.jpg","articleSection":["Outros"],"inLanguage":"pt-BR","potentialAction":[{"@type":"CommentAction","name":"Comment","target":["https:\/\/www.p31noticias.com.br\/?p=22959#respond"]}],"copyrightYear":"2021","copyrightHolder":{"@id":"https:\/\/www.p31noticias.com.br\/#organization"}},{"@type":"WebPage","@id":"https:\/\/www.p31noticias.com.br\/?p=22959","url":"https:\/\/www.p31noticias.com.br\/?p=22959","name":"Duas semanas para concluir licita\u00e7\u00e3o dos hospitais de campanha. - P31","isPartOf":{"@id":"https:\/\/www.p31noticias.com.br\/#website"},"primaryImageOfPage":{"@id":"https:\/\/www.p31noticias.com.br\/?p=22959#primaryimage"},"image":{"@id":"https:\/\/www.p31noticias.com.br\/?p=22959#primaryimage"},"thumbnailUrl":"https:\/\/www.p31noticias.com.br\/wp-content\/uploads\/2021\/03\/images-5.jpg","datePublished":"2021-03-16T17:14:29+00:00","author":{"@id":"https:\/\/www.p31noticias.com.br\/#\/schema\/person\/95f2ece30e3b4132065b915150cd0f94"},"breadcrumb":{"@id":"https:\/\/www.p31noticias.com.br\/?p=22959#breadcrumb"},"inLanguage":"pt-BR","potentialAction":[{"@type":"ReadAction","target":["https:\/\/www.p31noticias.com.br\/?p=22959"]}]},{"@type":"ImageObject","inLanguage":"pt-BR","@id":"https:\/\/www.p31noticias.com.br\/?p=22959#primaryimage","url":"https:\/\/www.p31noticias.com.br\/wp-content\/uploads\/2021\/03\/images-5.jpg","contentUrl":"https:\/\/www.p31noticias.com.br\/wp-content\/uploads\/2021\/03\/images-5.jpg","width":281,"height":180},{"@type":"BreadcrumbList","@id":"https:\/\/www.p31noticias.com.br\/?p=22959#breadcrumb","itemListElement":[{"@type":"ListItem","position":1,"name":"In\u00edcio","item":"https:\/\/www.p31noticias.com.br\/"},{"@type":"ListItem","position":2,"name":"Duas semanas para concluir licita\u00e7\u00e3o dos hospitais de campanha."}]},{"@type":"WebSite","@id":"https:\/\/www.p31noticias.com.br\/#website","url":"https:\/\/www.p31noticias.com.br\/","name":"P31","description":"NOT\u00cdCIAS","potentialAction":[{"@type":"SearchAction","target":{"@type":"EntryPoint","urlTemplate":"https:\/\/www.p31noticias.com.br\/?s={search_term_string}"},"query-input":{"@type":"PropertyValueSpecification","valueRequired":true,"valueName":"search_term_string"}}],"inLanguage":"pt-BR"},{"@type":"Person","@id":"https:\/\/www.p31noticias.com.br\/#\/schema\/person\/95f2ece30e3b4132065b915150cd0f94","name":"Gon\u00e7alves Junior","image":{"@type":"ImageObject","inLanguage":"pt-BR","@id":"https:\/\/secure.gravatar.com\/avatar\/6711f350116a89762687a48d66f723c799e5438a5b7578508d4294cd7a5d0800?s=96&d=mm&r=g","url":"https:\/\/secure.gravatar.com\/avatar\/6711f350116a89762687a48d66f723c799e5438a5b7578508d4294cd7a5d0800?s=96&d=mm&r=g","contentUrl":"https:\/\/secure.gravatar.com\/avatar\/6711f350116a89762687a48d66f723c799e5438a5b7578508d4294cd7a5d0800?s=96&d=mm&r=g","caption":"Gon\u00e7alves Junior"},"url":"https:\/\/www.p31noticias.com.br\/?author=2"}]}},"amp_enabled":true,"_links":{"self":[{"href":"https:\/\/www.p31noticias.com.br\/index.php?rest_route=\/wp\/v2\/posts\/22959","targetHints":{"allow":["GET"]}}],"collection":[{"href":"https:\/\/www.p31noticias.com.br\/index.php?rest_route=\/wp\/v2\/posts"}],"about":[{"href":"https:\/\/www.p31noticias.com.br\/index.php?rest_route=\/wp\/v2\/types\/post"}],"author":[{"embeddable":true,"href":"https:\/\/www.p31noticias.com.br\/index.php?rest_route=\/wp\/v2\/users\/2"}],"replies":[{"embeddable":true,"href":"https:\/\/www.p31noticias.com.br\/index.php?rest_route=%2Fwp%2Fv2%2Fcomments&post=22959"}],"version-history":[{"count":1,"href":"https:\/\/www.p31noticias.com.br\/index.php?rest_route=\/wp\/v2\/posts\/22959\/revisions"}],"predecessor-version":[{"id":22961,"href":"https:\/\/www.p31noticias.com.br\/index.php?rest_route=\/wp\/v2\/posts\/22959\/revisions\/22961"}],"wp:featuredmedia":[{"embeddable":true,"href":"https:\/\/www.p31noticias.com.br\/index.php?rest_route=\/wp\/v2\/media\/22960"}],"wp:attachment":[{"href":"https:\/\/www.p31noticias.com.br\/index.php?rest_route=%2Fwp%2Fv2%2Fmedia&parent=22959"}],"wp:term":[{"taxonomy":"category","embeddable":true,"href":"https:\/\/www.p31noticias.com.br\/index.php?rest_route=%2Fwp%2Fv2%2Fcategories&post=22959"},{"taxonomy":"post_tag","embeddable":true,"href":"https:\/\/www.p31noticias.com.br\/index.php?rest_route=%2Fwp%2Fv2%2Ftags&post=22959"}],"curies":[{"name":"wp","href":"https:\/\/api.w.org\/{rel}","templated":true}]}}