{"id":22956,"date":"2021-03-16T17:07:18","date_gmt":"2021-03-16T17:07:18","guid":{"rendered":"https:\/\/p31noticias.com.br\/?p=22956"},"modified":"2021-03-16T17:21:47","modified_gmt":"2021-03-16T17:21:47","slug":"queiroga-diz-que-politica-e-do-governo-bolsonaro-nao-do-ministro","status":"publish","type":"post","link":"https:\/\/www.p31noticias.com.br\/?p=22956","title":{"rendered":"Queiroga diz que pol\u00edtica \u00e9 do governo Bolsonaro, n\u00e3o do ministro."},"content":{"rendered":"<p style=\"text-align: justify;\">Ao chegar para a primeira reuni\u00e3o no Minist\u00e9rio da Sa\u00fade na manh\u00e3 desta ter\u00e7a-feira (16),\u00a0<a href=\"https:\/\/agenciabrasil.ebc.com.br\/politica\/noticia\/2021-03\/bolsonaro-anuncia-marcelo-queiroga-como-novo-ministro-da-saude\" target=\"_blank\" rel=\"noopener noreferrer\">o ministro indicado para a pasta<\/a>, o m\u00e9dico cardiologista Marcelo Queiroga, disse que vai executar a pol\u00edtica definida pelo governo do presidente Jair Bolsonaro.<img decoding=\"async\" src=\"https:\/\/agenciabrasil.ebc.com.br\/ebc.png?id=1404055&amp;o=node\" \/><img decoding=\"async\" src=\"https:\/\/agenciabrasil.ebc.com.br\/ebc.gif?id=1404055&amp;o=node\" \/><\/p>\n<p style=\"text-align: justify;\">&#8220;O governo est\u00e1 trabalhando. As pol\u00edticas p\u00fablicas est\u00e3o sendo colocadas em pr\u00e1tica. O ministro Pazuello anunciou todo o cronograma da vacina\u00e7\u00e3o. A pol\u00edtica \u00e9 do governo Bolsonaro. A pol\u00edtica n\u00e3o \u00e9 do ministro da Sa\u00fade. O ministro da Sa\u00fade executa a pol\u00edtica do governo. O ministro Pazuello tem trabalhado arduamente para melhorar as condi\u00e7\u00f5es sanit\u00e1rias do Brasil e eu fui convocado pelo presidente Bolsonaro para dar continuidade a esse trabalho&#8221;, disse Queiroga.<\/p>\n<p style=\"text-align: justify;\">Queiroga est\u00e1 reunido com Pazuello e ainda n\u00e3o teve sua nomea\u00e7\u00e3o publicada no\u00a0<em>Di\u00e1rio Oficial da Uni\u00e3o<\/em>. Segundo o presidente Jair Bolsonaro, a transi\u00e7\u00e3o deve durar cerca de duas semanas.<\/p>\n<p style=\"text-align: justify;\">Fonte : Ag\u00eancia Brasil<\/p>\n","protected":false},"excerpt":{"rendered":"<p>Ao chegar para a primeira reuni\u00e3o no Minist\u00e9rio da Sa\u00fade na manh\u00e3 desta ter\u00e7a-feira (16),\u00a0o ministro indicado para a pasta, o m\u00e9dico cardiologista Marcelo Queiroga, disse que vai executar a pol\u00edtica definida pelo governo do presidente Jair Bolsonaro. &#8220;O governo est\u00e1 trabalhando. As pol\u00edticas p\u00fablicas est\u00e3o sendo colocadas em pr\u00e1tica. O ministro Pazuello anunciou todo [&hellip;]<\/p>\n","protected":false},"author":2,"featured_media":22957,"comment_status":"open","ping_status":"open","sticky":false,"template":"","format":"standard","meta":{"footnotes":""},"categories":[68],"tags":[],"class_list":{"0":"post-22956","1":"post","2":"type-post","3":"status-publish","4":"format-standard","5":"has-post-thumbnail","7":"category-brasil"},"yoast_head":"<!-- This site is optimized with the Yoast SEO Premium plugin v24.5 (Yoast SEO v27.5) - https:\/\/yoast.com\/product\/yoast-seo-premium-wordpress\/ -->\n<title>Queiroga diz que pol\u00edtica \u00e9 do governo Bolsonaro, n\u00e3o do ministro. - P31<\/title>\n<meta name=\"robots\" content=\"index, follow, max-snippet:-1, max-image-preview:large, max-video-preview:-1\" \/>\n<link rel=\"canonical\" href=\"https:\/\/www.p31noticias.com.br\/?p=22956\" \/>\n<meta property=\"og:locale\" content=\"pt_BR\" \/>\n<meta property=\"og:type\" content=\"article\" \/>\n<meta property=\"og:title\" content=\"Queiroga diz que pol\u00edtica \u00e9 do governo Bolsonaro, n\u00e3o do ministro.\" \/>\n<meta property=\"og:description\" content=\"Ao chegar para a primeira reuni\u00e3o no Minist\u00e9rio da Sa\u00fade na manh\u00e3 desta ter\u00e7a-feira (16),\u00a0o ministro indicado para a pasta, o m\u00e9dico cardiologista Marcelo Queiroga, disse que vai executar a pol\u00edtica definida pelo governo do presidente Jair Bolsonaro. &#8220;O governo est\u00e1 trabalhando. As pol\u00edticas p\u00fablicas est\u00e3o sendo colocadas em pr\u00e1tica. O ministro Pazuello anunciou todo [&hellip;]\" \/>\n<meta property=\"og:url\" content=\"https:\/\/www.p31noticias.com.br\/?p=22956\" \/>\n<meta property=\"og:site_name\" content=\"P31\" \/>\n<meta property=\"article:published_time\" content=\"2021-03-16T17:07:18+00:00\" \/>\n<meta property=\"article:modified_time\" content=\"2021-03-16T17:21:47+00:00\" \/>\n<meta property=\"og:image\" content=\"https:\/\/www.p31noticias.com.br\/wp-content\/uploads\/2021\/03\/35967283083_14a45983b6_o.jpg\" \/>\n\t<meta property=\"og:image:width\" content=\"1170\" \/>\n\t<meta property=\"og:image:height\" content=\"700\" \/>\n\t<meta property=\"og:image:type\" content=\"image\/jpeg\" \/>\n<meta name=\"author\" content=\"Gon\u00e7alves Junior\" \/>\n<meta name=\"twitter:card\" content=\"summary_large_image\" \/>\n<meta name=\"twitter:label1\" content=\"Escrito por\" \/>\n\t<meta name=\"twitter:data1\" content=\"Gon\u00e7alves Junior\" \/>\n\t<meta name=\"twitter:label2\" content=\"Est. tempo de leitura\" \/>\n\t<meta name=\"twitter:data2\" content=\"1 minuto\" \/>\n<script type=\"application\/ld+json\" class=\"yoast-schema-graph\">{\"@context\":\"https:\\\/\\\/schema.org\",\"@graph\":[{\"@type\":\"Article\",\"@id\":\"https:\\\/\\\/www.p31noticias.com.br\\\/?p=22956#article\",\"isPartOf\":{\"@id\":\"https:\\\/\\\/www.p31noticias.com.br\\\/?p=22956\"},\"author\":{\"name\":\"Gon\u00e7alves Junior\",\"@id\":\"https:\\\/\\\/www.p31noticias.com.br\\\/#\\\/schema\\\/person\\\/95f2ece30e3b4132065b915150cd0f94\"},\"headline\":\"Queiroga diz que pol\u00edtica \u00e9 do governo Bolsonaro, n\u00e3o do ministro.\",\"datePublished\":\"2021-03-16T17:07:18+00:00\",\"dateModified\":\"2021-03-16T17:21:47+00:00\",\"mainEntityOfPage\":{\"@id\":\"https:\\\/\\\/www.p31noticias.com.br\\\/?p=22956\"},\"wordCount\":178,\"commentCount\":0,\"image\":{\"@id\":\"https:\\\/\\\/www.p31noticias.com.br\\\/?p=22956#primaryimage\"},\"thumbnailUrl\":\"https:\\\/\\\/www.p31noticias.com.br\\\/wp-content\\\/uploads\\\/2021\\\/03\\\/35967283083_14a45983b6_o.jpg\",\"articleSection\":[\"Brasil\"],\"inLanguage\":\"pt-BR\",\"potentialAction\":[{\"@type\":\"CommentAction\",\"name\":\"Comment\",\"target\":[\"https:\\\/\\\/www.p31noticias.com.br\\\/?p=22956#respond\"]}],\"copyrightYear\":\"2021\",\"copyrightHolder\":{\"@id\":\"https:\\\/\\\/www.p31noticias.com.br\\\/#organization\"}},{\"@type\":\"WebPage\",\"@id\":\"https:\\\/\\\/www.p31noticias.com.br\\\/?p=22956\",\"url\":\"https:\\\/\\\/www.p31noticias.com.br\\\/?p=22956\",\"name\":\"Queiroga diz que pol\u00edtica \u00e9 do governo Bolsonaro, n\u00e3o do ministro. - P31\",\"isPartOf\":{\"@id\":\"https:\\\/\\\/www.p31noticias.com.br\\\/#website\"},\"primaryImageOfPage\":{\"@id\":\"https:\\\/\\\/www.p31noticias.com.br\\\/?p=22956#primaryimage\"},\"image\":{\"@id\":\"https:\\\/\\\/www.p31noticias.com.br\\\/?p=22956#primaryimage\"},\"thumbnailUrl\":\"https:\\\/\\\/www.p31noticias.com.br\\\/wp-content\\\/uploads\\\/2021\\\/03\\\/35967283083_14a45983b6_o.jpg\",\"datePublished\":\"2021-03-16T17:07:18+00:00\",\"dateModified\":\"2021-03-16T17:21:47+00:00\",\"author\":{\"@id\":\"https:\\\/\\\/www.p31noticias.com.br\\\/#\\\/schema\\\/person\\\/95f2ece30e3b4132065b915150cd0f94\"},\"breadcrumb\":{\"@id\":\"https:\\\/\\\/www.p31noticias.com.br\\\/?p=22956#breadcrumb\"},\"inLanguage\":\"pt-BR\",\"potentialAction\":[{\"@type\":\"ReadAction\",\"target\":[\"https:\\\/\\\/www.p31noticias.com.br\\\/?p=22956\"]}]},{\"@type\":\"ImageObject\",\"inLanguage\":\"pt-BR\",\"@id\":\"https:\\\/\\\/www.p31noticias.com.br\\\/?p=22956#primaryimage\",\"url\":\"https:\\\/\\\/www.p31noticias.com.br\\\/wp-content\\\/uploads\\\/2021\\\/03\\\/35967283083_14a45983b6_o.jpg\",\"contentUrl\":\"https:\\\/\\\/www.p31noticias.com.br\\\/wp-content\\\/uploads\\\/2021\\\/03\\\/35967283083_14a45983b6_o.jpg\",\"width\":1170,\"height\":700,\"caption\":\"Comiss\u00e3o de Assuntos Sociais (CAS) realiza audi\u00eancia p\u00fablica interativa para tratar sobre o PLS 264\\\/2017 que altera a Lei que disp\u00f5e sobre as condi\u00e7\u00f5es para promo\u00e7\u00e3o, prote\u00e7\u00e3o e recupera\u00e7\u00e3o da sa\u00fade. Mesa: t\u00e9cnico do Departamento de Gest\u00e3o e Incorpora\u00e7\u00e3o de Tecnologias em Sa\u00fade da Secretaria de Ci\u00eancia, Tecnologia e Insumos Estrat\u00e9gicos do Minist\u00e9rio da Sa\u00fade, Gustavo Laine Ara\u00fajo de Oliveira; diretor de Avalia\u00e7\u00e3o de Tecnologia em Sa\u00fade da Sociedade Brasileira de Hemodin\u00e2mica e Cardiologia Intervencionista (SBHCI), Marcelo Ant\u00f4nio Cartaxo Queiroga Lopes. Foto: Geraldo Magela\\\/Ag\u00eancia Senado\"},{\"@type\":\"BreadcrumbList\",\"@id\":\"https:\\\/\\\/www.p31noticias.com.br\\\/?p=22956#breadcrumb\",\"itemListElement\":[{\"@type\":\"ListItem\",\"position\":1,\"name\":\"In\u00edcio\",\"item\":\"https:\\\/\\\/www.p31noticias.com.br\\\/\"},{\"@type\":\"ListItem\",\"position\":2,\"name\":\"Queiroga diz que pol\u00edtica \u00e9 do governo Bolsonaro, n\u00e3o do ministro.\"}]},{\"@type\":\"WebSite\",\"@id\":\"https:\\\/\\\/www.p31noticias.com.br\\\/#website\",\"url\":\"https:\\\/\\\/www.p31noticias.com.br\\\/\",\"name\":\"P31\",\"description\":\"NOT\u00cdCIAS\",\"potentialAction\":[{\"@type\":\"SearchAction\",\"target\":{\"@type\":\"EntryPoint\",\"urlTemplate\":\"https:\\\/\\\/www.p31noticias.com.br\\\/?s={search_term_string}\"},\"query-input\":{\"@type\":\"PropertyValueSpecification\",\"valueRequired\":true,\"valueName\":\"search_term_string\"}}],\"inLanguage\":\"pt-BR\"},{\"@type\":\"Person\",\"@id\":\"https:\\\/\\\/www.p31noticias.com.br\\\/#\\\/schema\\\/person\\\/95f2ece30e3b4132065b915150cd0f94\",\"name\":\"Gon\u00e7alves Junior\",\"image\":{\"@type\":\"ImageObject\",\"inLanguage\":\"pt-BR\",\"@id\":\"https:\\\/\\\/secure.gravatar.com\\\/avatar\\\/6711f350116a89762687a48d66f723c799e5438a5b7578508d4294cd7a5d0800?s=96&d=mm&r=g\",\"url\":\"https:\\\/\\\/secure.gravatar.com\\\/avatar\\\/6711f350116a89762687a48d66f723c799e5438a5b7578508d4294cd7a5d0800?s=96&d=mm&r=g\",\"contentUrl\":\"https:\\\/\\\/secure.gravatar.com\\\/avatar\\\/6711f350116a89762687a48d66f723c799e5438a5b7578508d4294cd7a5d0800?s=96&d=mm&r=g\",\"caption\":\"Gon\u00e7alves Junior\"},\"url\":\"https:\\\/\\\/www.p31noticias.com.br\\\/?author=2\"}]}<\/script>\n<!-- \/ Yoast SEO Premium plugin. -->","yoast_head_json":{"title":"Queiroga diz que pol\u00edtica \u00e9 do governo Bolsonaro, n\u00e3o do ministro. - P31","robots":{"index":"index","follow":"follow","max-snippet":"max-snippet:-1","max-image-preview":"max-image-preview:large","max-video-preview":"max-video-preview:-1"},"canonical":"https:\/\/www.p31noticias.com.br\/?p=22956","og_locale":"pt_BR","og_type":"article","og_title":"Queiroga diz que pol\u00edtica \u00e9 do governo Bolsonaro, n\u00e3o do ministro.","og_description":"Ao chegar para a primeira reuni\u00e3o no Minist\u00e9rio da Sa\u00fade na manh\u00e3 desta ter\u00e7a-feira (16),\u00a0o ministro indicado para a pasta, o m\u00e9dico cardiologista Marcelo Queiroga, disse que vai executar a pol\u00edtica definida pelo governo do presidente Jair Bolsonaro. &#8220;O governo est\u00e1 trabalhando. As pol\u00edticas p\u00fablicas est\u00e3o sendo colocadas em pr\u00e1tica. O ministro Pazuello anunciou todo [&hellip;]","og_url":"https:\/\/www.p31noticias.com.br\/?p=22956","og_site_name":"P31","article_published_time":"2021-03-16T17:07:18+00:00","article_modified_time":"2021-03-16T17:21:47+00:00","og_image":[{"width":1170,"height":700,"url":"https:\/\/www.p31noticias.com.br\/wp-content\/uploads\/2021\/03\/35967283083_14a45983b6_o.jpg","type":"image\/jpeg"}],"author":"Gon\u00e7alves Junior","twitter_card":"summary_large_image","twitter_misc":{"Escrito por":"Gon\u00e7alves Junior","Est. tempo de leitura":"1 minuto"},"schema":{"@context":"https:\/\/schema.org","@graph":[{"@type":"Article","@id":"https:\/\/www.p31noticias.com.br\/?p=22956#article","isPartOf":{"@id":"https:\/\/www.p31noticias.com.br\/?p=22956"},"author":{"name":"Gon\u00e7alves Junior","@id":"https:\/\/www.p31noticias.com.br\/#\/schema\/person\/95f2ece30e3b4132065b915150cd0f94"},"headline":"Queiroga diz que pol\u00edtica \u00e9 do governo Bolsonaro, n\u00e3o do ministro.","datePublished":"2021-03-16T17:07:18+00:00","dateModified":"2021-03-16T17:21:47+00:00","mainEntityOfPage":{"@id":"https:\/\/www.p31noticias.com.br\/?p=22956"},"wordCount":178,"commentCount":0,"image":{"@id":"https:\/\/www.p31noticias.com.br\/?p=22956#primaryimage"},"thumbnailUrl":"https:\/\/www.p31noticias.com.br\/wp-content\/uploads\/2021\/03\/35967283083_14a45983b6_o.jpg","articleSection":["Brasil"],"inLanguage":"pt-BR","potentialAction":[{"@type":"CommentAction","name":"Comment","target":["https:\/\/www.p31noticias.com.br\/?p=22956#respond"]}],"copyrightYear":"2021","copyrightHolder":{"@id":"https:\/\/www.p31noticias.com.br\/#organization"}},{"@type":"WebPage","@id":"https:\/\/www.p31noticias.com.br\/?p=22956","url":"https:\/\/www.p31noticias.com.br\/?p=22956","name":"Queiroga diz que pol\u00edtica \u00e9 do governo Bolsonaro, n\u00e3o do ministro. - P31","isPartOf":{"@id":"https:\/\/www.p31noticias.com.br\/#website"},"primaryImageOfPage":{"@id":"https:\/\/www.p31noticias.com.br\/?p=22956#primaryimage"},"image":{"@id":"https:\/\/www.p31noticias.com.br\/?p=22956#primaryimage"},"thumbnailUrl":"https:\/\/www.p31noticias.com.br\/wp-content\/uploads\/2021\/03\/35967283083_14a45983b6_o.jpg","datePublished":"2021-03-16T17:07:18+00:00","dateModified":"2021-03-16T17:21:47+00:00","author":{"@id":"https:\/\/www.p31noticias.com.br\/#\/schema\/person\/95f2ece30e3b4132065b915150cd0f94"},"breadcrumb":{"@id":"https:\/\/www.p31noticias.com.br\/?p=22956#breadcrumb"},"inLanguage":"pt-BR","potentialAction":[{"@type":"ReadAction","target":["https:\/\/www.p31noticias.com.br\/?p=22956"]}]},{"@type":"ImageObject","inLanguage":"pt-BR","@id":"https:\/\/www.p31noticias.com.br\/?p=22956#primaryimage","url":"https:\/\/www.p31noticias.com.br\/wp-content\/uploads\/2021\/03\/35967283083_14a45983b6_o.jpg","contentUrl":"https:\/\/www.p31noticias.com.br\/wp-content\/uploads\/2021\/03\/35967283083_14a45983b6_o.jpg","width":1170,"height":700,"caption":"Comiss\u00e3o de Assuntos Sociais (CAS) realiza audi\u00eancia p\u00fablica interativa para tratar sobre o PLS 264\/2017 que altera a Lei que disp\u00f5e sobre as condi\u00e7\u00f5es para promo\u00e7\u00e3o, prote\u00e7\u00e3o e recupera\u00e7\u00e3o da sa\u00fade. Mesa: t\u00e9cnico do Departamento de Gest\u00e3o e Incorpora\u00e7\u00e3o de Tecnologias em Sa\u00fade da Secretaria de Ci\u00eancia, Tecnologia e Insumos Estrat\u00e9gicos do Minist\u00e9rio da Sa\u00fade, Gustavo Laine Ara\u00fajo de Oliveira; diretor de Avalia\u00e7\u00e3o de Tecnologia em Sa\u00fade da Sociedade Brasileira de Hemodin\u00e2mica e Cardiologia Intervencionista (SBHCI), Marcelo Ant\u00f4nio Cartaxo Queiroga Lopes. Foto: Geraldo Magela\/Ag\u00eancia Senado"},{"@type":"BreadcrumbList","@id":"https:\/\/www.p31noticias.com.br\/?p=22956#breadcrumb","itemListElement":[{"@type":"ListItem","position":1,"name":"In\u00edcio","item":"https:\/\/www.p31noticias.com.br\/"},{"@type":"ListItem","position":2,"name":"Queiroga diz que pol\u00edtica \u00e9 do governo Bolsonaro, n\u00e3o do ministro."}]},{"@type":"WebSite","@id":"https:\/\/www.p31noticias.com.br\/#website","url":"https:\/\/www.p31noticias.com.br\/","name":"P31","description":"NOT\u00cdCIAS","potentialAction":[{"@type":"SearchAction","target":{"@type":"EntryPoint","urlTemplate":"https:\/\/www.p31noticias.com.br\/?s={search_term_string}"},"query-input":{"@type":"PropertyValueSpecification","valueRequired":true,"valueName":"search_term_string"}}],"inLanguage":"pt-BR"},{"@type":"Person","@id":"https:\/\/www.p31noticias.com.br\/#\/schema\/person\/95f2ece30e3b4132065b915150cd0f94","name":"Gon\u00e7alves Junior","image":{"@type":"ImageObject","inLanguage":"pt-BR","@id":"https:\/\/secure.gravatar.com\/avatar\/6711f350116a89762687a48d66f723c799e5438a5b7578508d4294cd7a5d0800?s=96&d=mm&r=g","url":"https:\/\/secure.gravatar.com\/avatar\/6711f350116a89762687a48d66f723c799e5438a5b7578508d4294cd7a5d0800?s=96&d=mm&r=g","contentUrl":"https:\/\/secure.gravatar.com\/avatar\/6711f350116a89762687a48d66f723c799e5438a5b7578508d4294cd7a5d0800?s=96&d=mm&r=g","caption":"Gon\u00e7alves Junior"},"url":"https:\/\/www.p31noticias.com.br\/?author=2"}]}},"amp_enabled":true,"_links":{"self":[{"href":"https:\/\/www.p31noticias.com.br\/index.php?rest_route=\/wp\/v2\/posts\/22956","targetHints":{"allow":["GET"]}}],"collection":[{"href":"https:\/\/www.p31noticias.com.br\/index.php?rest_route=\/wp\/v2\/posts"}],"about":[{"href":"https:\/\/www.p31noticias.com.br\/index.php?rest_route=\/wp\/v2\/types\/post"}],"author":[{"embeddable":true,"href":"https:\/\/www.p31noticias.com.br\/index.php?rest_route=\/wp\/v2\/users\/2"}],"replies":[{"embeddable":true,"href":"https:\/\/www.p31noticias.com.br\/index.php?rest_route=%2Fwp%2Fv2%2Fcomments&post=22956"}],"version-history":[{"count":2,"href":"https:\/\/www.p31noticias.com.br\/index.php?rest_route=\/wp\/v2\/posts\/22956\/revisions"}],"predecessor-version":[{"id":22962,"href":"https:\/\/www.p31noticias.com.br\/index.php?rest_route=\/wp\/v2\/posts\/22956\/revisions\/22962"}],"wp:featuredmedia":[{"embeddable":true,"href":"https:\/\/www.p31noticias.com.br\/index.php?rest_route=\/wp\/v2\/media\/22957"}],"wp:attachment":[{"href":"https:\/\/www.p31noticias.com.br\/index.php?rest_route=%2Fwp%2Fv2%2Fmedia&parent=22956"}],"wp:term":[{"taxonomy":"category","embeddable":true,"href":"https:\/\/www.p31noticias.com.br\/index.php?rest_route=%2Fwp%2Fv2%2Fcategories&post=22956"},{"taxonomy":"post_tag","embeddable":true,"href":"https:\/\/www.p31noticias.com.br\/index.php?rest_route=%2Fwp%2Fv2%2Ftags&post=22956"}],"curies":[{"name":"wp","href":"https:\/\/api.w.org\/{rel}","templated":true}]}}