{"id":22953,"date":"2021-03-09T01:41:42","date_gmt":"2021-03-09T01:41:42","guid":{"rendered":"https:\/\/p31noticias.com.br\/?p=22953"},"modified":"2021-03-09T01:42:07","modified_gmt":"2021-03-09T01:42:07","slug":"ministro-fachin-anula-condenacoes-de-lula-e-ex-presidente-se-torna-elegivel","status":"publish","type":"post","link":"https:\/\/www.p31noticias.com.br\/?p=22953","title":{"rendered":"Ministro Fachin anula condena\u00e7\u00f5es de Lula e ex-presidente se torna eleg\u00edvel"},"content":{"rendered":"<h2 class=\"jsx-3326833923 jsx-176128740 news-thin-line\"><strong>As decis\u00f5es s\u00e3o referentes aos casos julgados pela Justi\u00e7a Federal do Paran\u00e1 nos casos do triplex do Guaruj\u00e1, do s\u00edtio de Atibaia e do Instituto Lula .<\/strong><\/h2>\n<p>O ministro do\u00a0<a href=\"https:\/\/www.cnnbrasil.com.br\/tudo-sobre\/supremo-tribunal-federal-stf\">Supremo Tribunal Federal<\/a>\u00a0(STF)\u00a0<a href=\"https:\/\/www.cnnbrasil.com.br\/tudo-sobre\/edson-fachin\">Edson Fachin<\/a>\u00a0anulou, nesta segunda-feira (8), em decis\u00e3o monocr\u00e1tica, as condena\u00e7\u00f5es do ex-presidente\u00a0<a href=\"https:\/\/www.cnnbrasil.com.br\/tudo-sobre\/luiz-inacio-lula-da-silva\">Luiz In\u00e1cio Lula da Silva\u00a0<\/a>(PT) definidas pela Justi\u00e7a Federal no Paran\u00e1 relacionadas \u00e0s investiga\u00e7\u00f5es da\u00a0<a href=\"https:\/\/www.cnnbrasil.com.br\/tudo-sobre\/operacao-lava-jato\">Opera\u00e7\u00e3o Lava Jato<\/a>. Com essa determina\u00e7\u00e3o, Lula se torna eleg\u00edvel novamente.<\/p>\n<p>Para Fachin, a 13\u00aa Vara Federal de Curitiba n\u00e3o tem compet\u00eancia para julgar os processos. A Justi\u00e7a Federal do Distrito Federal analisar\u00e1, agora, os processos.<\/p>\n<div class=\"cnnTeads\"><\/div>\n<p>As decis\u00f5es s\u00e3o referentes aos casos julgados pela Justi\u00e7a Federal do Paran\u00e1 nos casos do triplex do Guaruj\u00e1, do s\u00edtio de Atibaia e do Instituto Lula.<\/p>\n<p>A\u00a0<a href=\"https:\/\/www.cnnbrasil.com.br\/tudo-sobre\/procuradoria-geral-da-republica-pgr\">Procuradoria-Geral da Rep\u00fablica<\/a>\u00a0(PGR), por\u00e9m, ir\u00e1 recorrer da decis\u00e3o.<\/p>\n<p>Cabe agora \u00e0 Justi\u00e7a Federal do Distrito Federal decidir se os atos realizados nos processos envolvendo Lula podem ser validados ou reaproveitados.<\/p>\n<h2>Pedido feito em 2020<\/h2>\n<p>De acordo com Cristiano Zanin, advogado do ex-presidente, Fachin atendeu a um pedido\u00a0feito em novembro de 2020 pela defesa de Lula.<\/p>\n<p>Em nota, o gabinete do ministro informou que, embora a quest\u00e3o da compet\u00eancia j\u00e1 tenha sido suscitada indiretamente, \u00e9 a primeira vez que o argumento re\u00fane condi\u00e7\u00f5es processuais de ser examinado, diante do aprofundamento e aperfei\u00e7oamento da mat\u00e9ria pelo Supremo Tribunal Federal.<\/p>\n<p>De acordo com Fachin, as a\u00e7\u00f5es envolvendo o ex-presidente n\u00e3o poderiam ser julgadas pela Justi\u00e7a Federal do Paran\u00e1, porque os fatos apresentados n\u00e3o t\u00eam rela\u00e7\u00e3o direta com o esquema de desvios na Petrobras. Ainda segundo o ministro, desde o in\u00edcio da Opera\u00e7\u00e3o Lava Jato, v\u00e1rios processos deixaram a Vara do Paran\u00e1 pelo mesmo motivo.<\/p>\n<p>&#8220;Inicialmente, retirou-se todos os casos que n\u00e3o se relacionavam com os desvios praticados contra a Petrobras. Em seguida, passou a distribuir por todo territ\u00f3rio nacional as investiga\u00e7\u00f5es que tiveram in\u00edcio com as dela\u00e7\u00f5es premiadas da Odebrecht, OAS e J&amp;F. Finalmente, mais recentemente, os casos envolvendo a Transpetro (Subsidi\u00e1ria da pr\u00f3pria Petrobras) tamb\u00e9m foram retirados da compet\u00eancia da 13\u00aa Vara Federal de Curitiba&#8221;, diz a nota enviada pelo gabinete do ministro.<\/p>\n<p>Por conta da decis\u00e3o, Fachin notificou a perda do objeto de 10 habeas corpus e quatro reclama\u00e7\u00f5es protocoladas pela defesa de Lula. Entre as a\u00e7\u00f5es, se destaca a que questiona a suspei\u00e7\u00e3o do ex-juiz t\u00edtular da 13\u00aa Vara de Curitiba, Sergio Moro.<\/p>\n<p>Em nota, a 13\u00aa Vara Federal de Curitiba informou que cumprir\u00e1 a decis\u00e3o, &#8220;remetendo os autos ao ju\u00edzo indicado&#8221;.<\/p>\n<p>CNN Brasil<\/p>\n","protected":false},"excerpt":{"rendered":"<p>As decis\u00f5es s\u00e3o referentes aos casos julgados pela Justi\u00e7a Federal do Paran\u00e1 nos casos do triplex do Guaruj\u00e1, do s\u00edtio de Atibaia e do Instituto Lula . O ministro do\u00a0Supremo Tribunal Federal\u00a0(STF)\u00a0Edson Fachin\u00a0anulou, nesta segunda-feira (8), em decis\u00e3o monocr\u00e1tica, as condena\u00e7\u00f5es do ex-presidente\u00a0Luiz In\u00e1cio Lula da Silva\u00a0(PT) definidas pela Justi\u00e7a Federal no Paran\u00e1 relacionadas \u00e0s [&hellip;]<\/p>\n","protected":false},"author":2,"featured_media":22954,"comment_status":"open","ping_status":"open","sticky":false,"template":"","format":"standard","meta":{"footnotes":""},"categories":[1],"tags":[],"class_list":{"0":"post-22953","1":"post","2":"type-post","3":"status-publish","4":"format-standard","5":"has-post-thumbnail","7":"category-outros"},"yoast_head":"<!-- This site is optimized with the Yoast SEO Premium plugin v24.5 (Yoast SEO v27.5) - https:\/\/yoast.com\/product\/yoast-seo-premium-wordpress\/ -->\n<title>Ministro Fachin anula condena\u00e7\u00f5es de Lula e ex-presidente se torna eleg\u00edvel - P31<\/title>\n<meta name=\"robots\" content=\"index, follow, max-snippet:-1, max-image-preview:large, max-video-preview:-1\" \/>\n<link rel=\"canonical\" href=\"https:\/\/www.p31noticias.com.br\/?p=22953\" \/>\n<meta property=\"og:locale\" content=\"pt_BR\" \/>\n<meta property=\"og:type\" content=\"article\" \/>\n<meta property=\"og:title\" content=\"Ministro Fachin anula condena\u00e7\u00f5es de Lula e ex-presidente se torna eleg\u00edvel\" \/>\n<meta property=\"og:description\" content=\"As decis\u00f5es s\u00e3o referentes aos casos julgados pela Justi\u00e7a Federal do Paran\u00e1 nos casos do triplex do Guaruj\u00e1, do s\u00edtio de Atibaia e do Instituto Lula . O ministro do\u00a0Supremo Tribunal Federal\u00a0(STF)\u00a0Edson Fachin\u00a0anulou, nesta segunda-feira (8), em decis\u00e3o monocr\u00e1tica, as condena\u00e7\u00f5es do ex-presidente\u00a0Luiz In\u00e1cio Lula da Silva\u00a0(PT) definidas pela Justi\u00e7a Federal no Paran\u00e1 relacionadas \u00e0s [&hellip;]\" \/>\n<meta property=\"og:url\" content=\"https:\/\/www.p31noticias.com.br\/?p=22953\" \/>\n<meta property=\"og:site_name\" content=\"P31\" \/>\n<meta property=\"article:published_time\" content=\"2021-03-09T01:41:42+00:00\" \/>\n<meta property=\"article:modified_time\" content=\"2021-03-09T01:42:07+00:00\" \/>\n<meta property=\"og:image\" content=\"https:\/\/www.p31noticias.com.br\/wp-content\/uploads\/2021\/03\/images-4.jpg\" \/>\n\t<meta property=\"og:image:width\" content=\"282\" \/>\n\t<meta property=\"og:image:height\" content=\"179\" \/>\n\t<meta property=\"og:image:type\" content=\"image\/jpeg\" \/>\n<meta name=\"author\" content=\"Gon\u00e7alves Junior\" \/>\n<meta name=\"twitter:card\" content=\"summary_large_image\" \/>\n<meta name=\"twitter:label1\" content=\"Escrito por\" \/>\n\t<meta name=\"twitter:data1\" content=\"Gon\u00e7alves Junior\" \/>\n\t<meta name=\"twitter:label2\" content=\"Est. tempo de leitura\" \/>\n\t<meta name=\"twitter:data2\" content=\"2 minutos\" \/>\n<script type=\"application\/ld+json\" class=\"yoast-schema-graph\">{\"@context\":\"https:\\\/\\\/schema.org\",\"@graph\":[{\"@type\":\"Article\",\"@id\":\"https:\\\/\\\/www.p31noticias.com.br\\\/?p=22953#article\",\"isPartOf\":{\"@id\":\"https:\\\/\\\/www.p31noticias.com.br\\\/?p=22953\"},\"author\":{\"name\":\"Gon\u00e7alves Junior\",\"@id\":\"https:\\\/\\\/www.p31noticias.com.br\\\/#\\\/schema\\\/person\\\/95f2ece30e3b4132065b915150cd0f94\"},\"headline\":\"Ministro Fachin anula condena\u00e7\u00f5es de Lula e ex-presidente se torna eleg\u00edvel\",\"datePublished\":\"2021-03-09T01:41:42+00:00\",\"dateModified\":\"2021-03-09T01:42:07+00:00\",\"mainEntityOfPage\":{\"@id\":\"https:\\\/\\\/www.p31noticias.com.br\\\/?p=22953\"},\"wordCount\":471,\"commentCount\":0,\"image\":{\"@id\":\"https:\\\/\\\/www.p31noticias.com.br\\\/?p=22953#primaryimage\"},\"thumbnailUrl\":\"https:\\\/\\\/www.p31noticias.com.br\\\/wp-content\\\/uploads\\\/2021\\\/03\\\/images-4.jpg\",\"articleSection\":[\"Outros\"],\"inLanguage\":\"pt-BR\",\"potentialAction\":[{\"@type\":\"CommentAction\",\"name\":\"Comment\",\"target\":[\"https:\\\/\\\/www.p31noticias.com.br\\\/?p=22953#respond\"]}],\"copyrightYear\":\"2021\",\"copyrightHolder\":{\"@id\":\"https:\\\/\\\/www.p31noticias.com.br\\\/#organization\"}},{\"@type\":\"WebPage\",\"@id\":\"https:\\\/\\\/www.p31noticias.com.br\\\/?p=22953\",\"url\":\"https:\\\/\\\/www.p31noticias.com.br\\\/?p=22953\",\"name\":\"Ministro Fachin anula condena\u00e7\u00f5es de Lula e ex-presidente se torna eleg\u00edvel - P31\",\"isPartOf\":{\"@id\":\"https:\\\/\\\/www.p31noticias.com.br\\\/#website\"},\"primaryImageOfPage\":{\"@id\":\"https:\\\/\\\/www.p31noticias.com.br\\\/?p=22953#primaryimage\"},\"image\":{\"@id\":\"https:\\\/\\\/www.p31noticias.com.br\\\/?p=22953#primaryimage\"},\"thumbnailUrl\":\"https:\\\/\\\/www.p31noticias.com.br\\\/wp-content\\\/uploads\\\/2021\\\/03\\\/images-4.jpg\",\"datePublished\":\"2021-03-09T01:41:42+00:00\",\"dateModified\":\"2021-03-09T01:42:07+00:00\",\"author\":{\"@id\":\"https:\\\/\\\/www.p31noticias.com.br\\\/#\\\/schema\\\/person\\\/95f2ece30e3b4132065b915150cd0f94\"},\"breadcrumb\":{\"@id\":\"https:\\\/\\\/www.p31noticias.com.br\\\/?p=22953#breadcrumb\"},\"inLanguage\":\"pt-BR\",\"potentialAction\":[{\"@type\":\"ReadAction\",\"target\":[\"https:\\\/\\\/www.p31noticias.com.br\\\/?p=22953\"]}]},{\"@type\":\"ImageObject\",\"inLanguage\":\"pt-BR\",\"@id\":\"https:\\\/\\\/www.p31noticias.com.br\\\/?p=22953#primaryimage\",\"url\":\"https:\\\/\\\/www.p31noticias.com.br\\\/wp-content\\\/uploads\\\/2021\\\/03\\\/images-4.jpg\",\"contentUrl\":\"https:\\\/\\\/www.p31noticias.com.br\\\/wp-content\\\/uploads\\\/2021\\\/03\\\/images-4.jpg\",\"width\":282,\"height\":179},{\"@type\":\"BreadcrumbList\",\"@id\":\"https:\\\/\\\/www.p31noticias.com.br\\\/?p=22953#breadcrumb\",\"itemListElement\":[{\"@type\":\"ListItem\",\"position\":1,\"name\":\"In\u00edcio\",\"item\":\"https:\\\/\\\/www.p31noticias.com.br\\\/\"},{\"@type\":\"ListItem\",\"position\":2,\"name\":\"Ministro Fachin anula condena\u00e7\u00f5es de Lula e ex-presidente se torna eleg\u00edvel\"}]},{\"@type\":\"WebSite\",\"@id\":\"https:\\\/\\\/www.p31noticias.com.br\\\/#website\",\"url\":\"https:\\\/\\\/www.p31noticias.com.br\\\/\",\"name\":\"P31\",\"description\":\"NOT\u00cdCIAS\",\"potentialAction\":[{\"@type\":\"SearchAction\",\"target\":{\"@type\":\"EntryPoint\",\"urlTemplate\":\"https:\\\/\\\/www.p31noticias.com.br\\\/?s={search_term_string}\"},\"query-input\":{\"@type\":\"PropertyValueSpecification\",\"valueRequired\":true,\"valueName\":\"search_term_string\"}}],\"inLanguage\":\"pt-BR\"},{\"@type\":\"Person\",\"@id\":\"https:\\\/\\\/www.p31noticias.com.br\\\/#\\\/schema\\\/person\\\/95f2ece30e3b4132065b915150cd0f94\",\"name\":\"Gon\u00e7alves Junior\",\"image\":{\"@type\":\"ImageObject\",\"inLanguage\":\"pt-BR\",\"@id\":\"https:\\\/\\\/secure.gravatar.com\\\/avatar\\\/6711f350116a89762687a48d66f723c799e5438a5b7578508d4294cd7a5d0800?s=96&d=mm&r=g\",\"url\":\"https:\\\/\\\/secure.gravatar.com\\\/avatar\\\/6711f350116a89762687a48d66f723c799e5438a5b7578508d4294cd7a5d0800?s=96&d=mm&r=g\",\"contentUrl\":\"https:\\\/\\\/secure.gravatar.com\\\/avatar\\\/6711f350116a89762687a48d66f723c799e5438a5b7578508d4294cd7a5d0800?s=96&d=mm&r=g\",\"caption\":\"Gon\u00e7alves Junior\"},\"url\":\"https:\\\/\\\/www.p31noticias.com.br\\\/?author=2\"}]}<\/script>\n<!-- \/ Yoast SEO Premium plugin. -->","yoast_head_json":{"title":"Ministro Fachin anula condena\u00e7\u00f5es de Lula e ex-presidente se torna eleg\u00edvel - P31","robots":{"index":"index","follow":"follow","max-snippet":"max-snippet:-1","max-image-preview":"max-image-preview:large","max-video-preview":"max-video-preview:-1"},"canonical":"https:\/\/www.p31noticias.com.br\/?p=22953","og_locale":"pt_BR","og_type":"article","og_title":"Ministro Fachin anula condena\u00e7\u00f5es de Lula e ex-presidente se torna eleg\u00edvel","og_description":"As decis\u00f5es s\u00e3o referentes aos casos julgados pela Justi\u00e7a Federal do Paran\u00e1 nos casos do triplex do Guaruj\u00e1, do s\u00edtio de Atibaia e do Instituto Lula . O ministro do\u00a0Supremo Tribunal Federal\u00a0(STF)\u00a0Edson Fachin\u00a0anulou, nesta segunda-feira (8), em decis\u00e3o monocr\u00e1tica, as condena\u00e7\u00f5es do ex-presidente\u00a0Luiz In\u00e1cio Lula da Silva\u00a0(PT) definidas pela Justi\u00e7a Federal no Paran\u00e1 relacionadas \u00e0s [&hellip;]","og_url":"https:\/\/www.p31noticias.com.br\/?p=22953","og_site_name":"P31","article_published_time":"2021-03-09T01:41:42+00:00","article_modified_time":"2021-03-09T01:42:07+00:00","og_image":[{"width":282,"height":179,"url":"https:\/\/www.p31noticias.com.br\/wp-content\/uploads\/2021\/03\/images-4.jpg","type":"image\/jpeg"}],"author":"Gon\u00e7alves Junior","twitter_card":"summary_large_image","twitter_misc":{"Escrito por":"Gon\u00e7alves Junior","Est. tempo de leitura":"2 minutos"},"schema":{"@context":"https:\/\/schema.org","@graph":[{"@type":"Article","@id":"https:\/\/www.p31noticias.com.br\/?p=22953#article","isPartOf":{"@id":"https:\/\/www.p31noticias.com.br\/?p=22953"},"author":{"name":"Gon\u00e7alves Junior","@id":"https:\/\/www.p31noticias.com.br\/#\/schema\/person\/95f2ece30e3b4132065b915150cd0f94"},"headline":"Ministro Fachin anula condena\u00e7\u00f5es de Lula e ex-presidente se torna eleg\u00edvel","datePublished":"2021-03-09T01:41:42+00:00","dateModified":"2021-03-09T01:42:07+00:00","mainEntityOfPage":{"@id":"https:\/\/www.p31noticias.com.br\/?p=22953"},"wordCount":471,"commentCount":0,"image":{"@id":"https:\/\/www.p31noticias.com.br\/?p=22953#primaryimage"},"thumbnailUrl":"https:\/\/www.p31noticias.com.br\/wp-content\/uploads\/2021\/03\/images-4.jpg","articleSection":["Outros"],"inLanguage":"pt-BR","potentialAction":[{"@type":"CommentAction","name":"Comment","target":["https:\/\/www.p31noticias.com.br\/?p=22953#respond"]}],"copyrightYear":"2021","copyrightHolder":{"@id":"https:\/\/www.p31noticias.com.br\/#organization"}},{"@type":"WebPage","@id":"https:\/\/www.p31noticias.com.br\/?p=22953","url":"https:\/\/www.p31noticias.com.br\/?p=22953","name":"Ministro Fachin anula condena\u00e7\u00f5es de Lula e ex-presidente se torna eleg\u00edvel - P31","isPartOf":{"@id":"https:\/\/www.p31noticias.com.br\/#website"},"primaryImageOfPage":{"@id":"https:\/\/www.p31noticias.com.br\/?p=22953#primaryimage"},"image":{"@id":"https:\/\/www.p31noticias.com.br\/?p=22953#primaryimage"},"thumbnailUrl":"https:\/\/www.p31noticias.com.br\/wp-content\/uploads\/2021\/03\/images-4.jpg","datePublished":"2021-03-09T01:41:42+00:00","dateModified":"2021-03-09T01:42:07+00:00","author":{"@id":"https:\/\/www.p31noticias.com.br\/#\/schema\/person\/95f2ece30e3b4132065b915150cd0f94"},"breadcrumb":{"@id":"https:\/\/www.p31noticias.com.br\/?p=22953#breadcrumb"},"inLanguage":"pt-BR","potentialAction":[{"@type":"ReadAction","target":["https:\/\/www.p31noticias.com.br\/?p=22953"]}]},{"@type":"ImageObject","inLanguage":"pt-BR","@id":"https:\/\/www.p31noticias.com.br\/?p=22953#primaryimage","url":"https:\/\/www.p31noticias.com.br\/wp-content\/uploads\/2021\/03\/images-4.jpg","contentUrl":"https:\/\/www.p31noticias.com.br\/wp-content\/uploads\/2021\/03\/images-4.jpg","width":282,"height":179},{"@type":"BreadcrumbList","@id":"https:\/\/www.p31noticias.com.br\/?p=22953#breadcrumb","itemListElement":[{"@type":"ListItem","position":1,"name":"In\u00edcio","item":"https:\/\/www.p31noticias.com.br\/"},{"@type":"ListItem","position":2,"name":"Ministro Fachin anula condena\u00e7\u00f5es de Lula e ex-presidente se torna eleg\u00edvel"}]},{"@type":"WebSite","@id":"https:\/\/www.p31noticias.com.br\/#website","url":"https:\/\/www.p31noticias.com.br\/","name":"P31","description":"NOT\u00cdCIAS","potentialAction":[{"@type":"SearchAction","target":{"@type":"EntryPoint","urlTemplate":"https:\/\/www.p31noticias.com.br\/?s={search_term_string}"},"query-input":{"@type":"PropertyValueSpecification","valueRequired":true,"valueName":"search_term_string"}}],"inLanguage":"pt-BR"},{"@type":"Person","@id":"https:\/\/www.p31noticias.com.br\/#\/schema\/person\/95f2ece30e3b4132065b915150cd0f94","name":"Gon\u00e7alves Junior","image":{"@type":"ImageObject","inLanguage":"pt-BR","@id":"https:\/\/secure.gravatar.com\/avatar\/6711f350116a89762687a48d66f723c799e5438a5b7578508d4294cd7a5d0800?s=96&d=mm&r=g","url":"https:\/\/secure.gravatar.com\/avatar\/6711f350116a89762687a48d66f723c799e5438a5b7578508d4294cd7a5d0800?s=96&d=mm&r=g","contentUrl":"https:\/\/secure.gravatar.com\/avatar\/6711f350116a89762687a48d66f723c799e5438a5b7578508d4294cd7a5d0800?s=96&d=mm&r=g","caption":"Gon\u00e7alves Junior"},"url":"https:\/\/www.p31noticias.com.br\/?author=2"}]}},"amp_enabled":true,"_links":{"self":[{"href":"https:\/\/www.p31noticias.com.br\/index.php?rest_route=\/wp\/v2\/posts\/22953","targetHints":{"allow":["GET"]}}],"collection":[{"href":"https:\/\/www.p31noticias.com.br\/index.php?rest_route=\/wp\/v2\/posts"}],"about":[{"href":"https:\/\/www.p31noticias.com.br\/index.php?rest_route=\/wp\/v2\/types\/post"}],"author":[{"embeddable":true,"href":"https:\/\/www.p31noticias.com.br\/index.php?rest_route=\/wp\/v2\/users\/2"}],"replies":[{"embeddable":true,"href":"https:\/\/www.p31noticias.com.br\/index.php?rest_route=%2Fwp%2Fv2%2Fcomments&post=22953"}],"version-history":[{"count":1,"href":"https:\/\/www.p31noticias.com.br\/index.php?rest_route=\/wp\/v2\/posts\/22953\/revisions"}],"predecessor-version":[{"id":22955,"href":"https:\/\/www.p31noticias.com.br\/index.php?rest_route=\/wp\/v2\/posts\/22953\/revisions\/22955"}],"wp:featuredmedia":[{"embeddable":true,"href":"https:\/\/www.p31noticias.com.br\/index.php?rest_route=\/wp\/v2\/media\/22954"}],"wp:attachment":[{"href":"https:\/\/www.p31noticias.com.br\/index.php?rest_route=%2Fwp%2Fv2%2Fmedia&parent=22953"}],"wp:term":[{"taxonomy":"category","embeddable":true,"href":"https:\/\/www.p31noticias.com.br\/index.php?rest_route=%2Fwp%2Fv2%2Fcategories&post=22953"},{"taxonomy":"post_tag","embeddable":true,"href":"https:\/\/www.p31noticias.com.br\/index.php?rest_route=%2Fwp%2Fv2%2Ftags&post=22953"}],"curies":[{"name":"wp","href":"https:\/\/api.w.org\/{rel}","templated":true}]}}