{"id":22950,"date":"2021-03-09T01:30:34","date_gmt":"2021-03-09T01:30:34","guid":{"rendered":"https:\/\/p31noticias.com.br\/?p=22950"},"modified":"2021-03-09T01:30:34","modified_gmt":"2021-03-09T01:30:34","slug":"df-decreta-toque-de-recolher-entre-22h-e-5h-a-partir-desta-segunda","status":"publish","type":"post","link":"https:\/\/www.p31noticias.com.br\/?p=22950","title":{"rendered":"DF decreta toque de recolher entre 22h e 5h a partir desta segunda"},"content":{"rendered":"<p style=\"text-align: justify;\"><strong>Governo restringe a circula\u00e7\u00e3o de pessoas sob pena de multa. S\u00f3 poder\u00e3o funcionar servi\u00e7os de sa\u00fade e a cobertura da imprensa<\/strong><\/p>\n<p style=\"text-align: justify;\">Com o risco iminente de superlota\u00e7\u00e3o das UTIs e o alto n\u00famero no \u00edndice de transmiss\u00e3o do coronav\u00edrus em todo o Distrito Federal, o governo local decretou o fechamento de todas as atividades comerciais de 22h \u00e0s 5h. O toque de recolher atinge tamb\u00e9m a circula\u00e7\u00e3o de pessoas nas ruas, sob pena de multa de R$ 2 mil. A determina\u00e7\u00e3o, j\u00e1 em vig\u00eancia, est\u00e1 no\u00a0<a href=\"https:\/\/www.agenciabrasilia.df.gov.br\/wp-conteudo\/uploads\/2021\/03\/Decreto-n%C2%BA41.874.pdf\" target=\"_blank\" rel=\"attachment noopener wp-att-271307 noreferrer\">Decreto n\u00ba41.874<\/a>, publicado em edi\u00e7\u00e3o extra do Di\u00e1rio Oficial do DF desta segunda-feira (8).<\/p>\n<p style=\"text-align: justify;\">\u201cTodos dever\u00e3o permanecer em suas resid\u00eancias em per\u00edodo integral, ressalvado o deslocamento realizado, em car\u00e1ter excepcional, para atender a eventual necessidade de tratamento de sa\u00fade emergencial, ou de aquisi\u00e7\u00e3o de medicamentos em farm\u00e1cias\u201d, diz a publica\u00e7\u00e3o.<\/p>\n<p style=\"text-align: justify;\">Segundo a determina\u00e7\u00e3o, ser\u00e1 admitido, ainda, o deslocamento individual realizado ap\u00f3s as 22h, desde que configurada a inten\u00e7\u00e3o de retorno \u00e0 resid\u00eancia logo ap\u00f3s a jornada de trabalho regular.<\/p>\n<blockquote class=\"olho \"><p><span class=\"olho__texto h2 clearfix\">\u201cTodos dever\u00e3o permanecer em suas resid\u00eancias em per\u00edodo integral, ressalvado o deslocamento realizado, em car\u00e1ter excepcional, para atender a eventual necessidade de tratamento de sa\u00fade emergencial, ou de aquisi\u00e7\u00e3o de medicamentos em farm\u00e1cias\u201d, diz a publica\u00e7\u00e3o.<\/span><\/p><\/blockquote>\n<p style=\"text-align: justify;\">O decreto exclui alguns servi\u00e7os essenciais como hospitais, cl\u00ednicas m\u00e9dicas e veterin\u00e1rias, farm\u00e1cias, postos de gasolina e funer\u00e1rias. Quanto aos servi\u00e7os de vendas por delivery, o governo alerta que s\u00f3 poder\u00e3o ser feitos at\u00e9 o \u00faltimo pedido realizado no in\u00edcio do hor\u00e1rio do toque de recolher.<\/p>\n<p style=\"text-align: justify;\">\u201cPoder\u00e3o ser realizadas, em car\u00e1ter residual, em todo o Distrito Federal, at\u00e9 as 23h, caso a ordem de servi\u00e7o tenha sido comandada, por qualquer meio registr\u00e1vel, at\u00e9 as 22h, ficando o estabelecimento autorizado a funcionar exclusivamente para finalizar as referidas entregas\u201d.<\/p>\n<p style=\"text-align: justify;\">O governo destaca que o transporte coletivo permanecer\u00e1 em funcionamento de forma a atender as emerg\u00eancias e necessidade de deslocamento inadi\u00e1veis. A proibi\u00e7\u00e3o de circular no hor\u00e1rio de 22h \u00e0s 5h n\u00e3o se aplica a servidores p\u00fablicos, civis ou militares, a agentes de seguran\u00e7a privada e aos profissionais de sa\u00fade e imprensa em atividade.<\/p>\n<p style=\"text-align: justify;\">Tamb\u00e9m est\u00e3o fora os membros do Poder Judici\u00e1rio, do Minist\u00e9rio P\u00fablico, das Pol\u00edcias Civil e Militar, do Corpo de Bombeiros, a advogados em dilig\u00eancia de cumprimento de alvar\u00e1s de soltura, tampouco a representantes eleitos dos Poderes Legislativo e do Executivo, no \u00e2mbito federal ou distrital, desde que devidamente identificados.<\/p>\n<p style=\"text-align: justify;\">O toque de recolher que entra em vigor \u00e0s 22h de hoje (8) tem validade at\u00e9 as 5h do dia 22 de mar\u00e7o. A fiscaliza\u00e7\u00e3o ser\u00e1 realizada pela For\u00e7a-tarefa institu\u00edda pelo Decreto n\u00ba 41.849, de 27 de fevereiro de 2021, que inclui, entre outros, as pol\u00edcias Militar e Civil; o Corpo de Bombeiros; DF Legal e Vigil\u00e2ncia Sanit\u00e1ria.<\/p>\n<p>Fonte : Agencia Bras\u00edlia<\/p>\n","protected":false},"excerpt":{"rendered":"<p>Governo restringe a circula\u00e7\u00e3o de pessoas sob pena de multa. S\u00f3 poder\u00e3o funcionar servi\u00e7os de sa\u00fade e a cobertura da imprensa Com o risco iminente de superlota\u00e7\u00e3o das UTIs e o alto n\u00famero no \u00edndice de transmiss\u00e3o do coronav\u00edrus em todo o Distrito Federal, o governo local decretou o fechamento de todas as atividades comerciais [&hellip;]<\/p>\n","protected":false},"author":2,"featured_media":22951,"comment_status":"open","ping_status":"open","sticky":false,"template":"","format":"standard","meta":{"footnotes":""},"categories":[1],"tags":[],"class_list":{"0":"post-22950","1":"post","2":"type-post","3":"status-publish","4":"format-standard","5":"has-post-thumbnail","7":"category-outros"},"yoast_head":"<!-- This site is optimized with the Yoast SEO Premium plugin v24.5 (Yoast SEO v27.5) - https:\/\/yoast.com\/product\/yoast-seo-premium-wordpress\/ -->\n<title>DF decreta toque de recolher entre 22h e 5h a partir desta segunda - P31<\/title>\n<meta name=\"robots\" content=\"index, follow, max-snippet:-1, max-image-preview:large, max-video-preview:-1\" \/>\n<link rel=\"canonical\" href=\"https:\/\/www.p31noticias.com.br\/?p=22950\" \/>\n<meta property=\"og:locale\" content=\"pt_BR\" \/>\n<meta property=\"og:type\" content=\"article\" \/>\n<meta property=\"og:title\" content=\"DF decreta toque de recolher entre 22h e 5h a partir desta segunda\" \/>\n<meta property=\"og:description\" content=\"Governo restringe a circula\u00e7\u00e3o de pessoas sob pena de multa. S\u00f3 poder\u00e3o funcionar servi\u00e7os de sa\u00fade e a cobertura da imprensa Com o risco iminente de superlota\u00e7\u00e3o das UTIs e o alto n\u00famero no \u00edndice de transmiss\u00e3o do coronav\u00edrus em todo o Distrito Federal, o governo local decretou o fechamento de todas as atividades comerciais [&hellip;]\" \/>\n<meta property=\"og:url\" content=\"https:\/\/www.p31noticias.com.br\/?p=22950\" \/>\n<meta property=\"og:site_name\" content=\"P31\" \/>\n<meta property=\"article:published_time\" content=\"2021-03-09T01:30:34+00:00\" \/>\n<meta property=\"og:image\" content=\"https:\/\/www.p31noticias.com.br\/wp-content\/uploads\/2021\/03\/images-3.jpg\" \/>\n\t<meta property=\"og:image:width\" content=\"290\" \/>\n\t<meta property=\"og:image:height\" content=\"174\" \/>\n\t<meta property=\"og:image:type\" content=\"image\/jpeg\" \/>\n<meta name=\"author\" content=\"Gon\u00e7alves Junior\" \/>\n<meta name=\"twitter:card\" content=\"summary_large_image\" \/>\n<meta name=\"twitter:label1\" content=\"Escrito por\" \/>\n\t<meta name=\"twitter:data1\" content=\"Gon\u00e7alves Junior\" \/>\n\t<meta name=\"twitter:label2\" content=\"Est. tempo de leitura\" \/>\n\t<meta name=\"twitter:data2\" content=\"3 minutos\" \/>\n<script type=\"application\/ld+json\" class=\"yoast-schema-graph\">{\"@context\":\"https:\\\/\\\/schema.org\",\"@graph\":[{\"@type\":\"Article\",\"@id\":\"https:\\\/\\\/www.p31noticias.com.br\\\/?p=22950#article\",\"isPartOf\":{\"@id\":\"https:\\\/\\\/www.p31noticias.com.br\\\/?p=22950\"},\"author\":{\"name\":\"Gon\u00e7alves Junior\",\"@id\":\"https:\\\/\\\/www.p31noticias.com.br\\\/#\\\/schema\\\/person\\\/95f2ece30e3b4132065b915150cd0f94\"},\"headline\":\"DF decreta toque de recolher entre 22h e 5h a partir desta segunda\",\"datePublished\":\"2021-03-09T01:30:34+00:00\",\"mainEntityOfPage\":{\"@id\":\"https:\\\/\\\/www.p31noticias.com.br\\\/?p=22950\"},\"wordCount\":530,\"commentCount\":0,\"image\":{\"@id\":\"https:\\\/\\\/www.p31noticias.com.br\\\/?p=22950#primaryimage\"},\"thumbnailUrl\":\"https:\\\/\\\/www.p31noticias.com.br\\\/wp-content\\\/uploads\\\/2021\\\/03\\\/images-3.jpg\",\"articleSection\":[\"Outros\"],\"inLanguage\":\"pt-BR\",\"potentialAction\":[{\"@type\":\"CommentAction\",\"name\":\"Comment\",\"target\":[\"https:\\\/\\\/www.p31noticias.com.br\\\/?p=22950#respond\"]}],\"copyrightYear\":\"2021\",\"copyrightHolder\":{\"@id\":\"https:\\\/\\\/www.p31noticias.com.br\\\/#organization\"}},{\"@type\":\"WebPage\",\"@id\":\"https:\\\/\\\/www.p31noticias.com.br\\\/?p=22950\",\"url\":\"https:\\\/\\\/www.p31noticias.com.br\\\/?p=22950\",\"name\":\"DF decreta toque de recolher entre 22h e 5h a partir desta segunda - P31\",\"isPartOf\":{\"@id\":\"https:\\\/\\\/www.p31noticias.com.br\\\/#website\"},\"primaryImageOfPage\":{\"@id\":\"https:\\\/\\\/www.p31noticias.com.br\\\/?p=22950#primaryimage\"},\"image\":{\"@id\":\"https:\\\/\\\/www.p31noticias.com.br\\\/?p=22950#primaryimage\"},\"thumbnailUrl\":\"https:\\\/\\\/www.p31noticias.com.br\\\/wp-content\\\/uploads\\\/2021\\\/03\\\/images-3.jpg\",\"datePublished\":\"2021-03-09T01:30:34+00:00\",\"author\":{\"@id\":\"https:\\\/\\\/www.p31noticias.com.br\\\/#\\\/schema\\\/person\\\/95f2ece30e3b4132065b915150cd0f94\"},\"breadcrumb\":{\"@id\":\"https:\\\/\\\/www.p31noticias.com.br\\\/?p=22950#breadcrumb\"},\"inLanguage\":\"pt-BR\",\"potentialAction\":[{\"@type\":\"ReadAction\",\"target\":[\"https:\\\/\\\/www.p31noticias.com.br\\\/?p=22950\"]}]},{\"@type\":\"ImageObject\",\"inLanguage\":\"pt-BR\",\"@id\":\"https:\\\/\\\/www.p31noticias.com.br\\\/?p=22950#primaryimage\",\"url\":\"https:\\\/\\\/www.p31noticias.com.br\\\/wp-content\\\/uploads\\\/2021\\\/03\\\/images-3.jpg\",\"contentUrl\":\"https:\\\/\\\/www.p31noticias.com.br\\\/wp-content\\\/uploads\\\/2021\\\/03\\\/images-3.jpg\",\"width\":290,\"height\":174},{\"@type\":\"BreadcrumbList\",\"@id\":\"https:\\\/\\\/www.p31noticias.com.br\\\/?p=22950#breadcrumb\",\"itemListElement\":[{\"@type\":\"ListItem\",\"position\":1,\"name\":\"In\u00edcio\",\"item\":\"https:\\\/\\\/www.p31noticias.com.br\\\/\"},{\"@type\":\"ListItem\",\"position\":2,\"name\":\"DF decreta toque de recolher entre 22h e 5h a partir desta segunda\"}]},{\"@type\":\"WebSite\",\"@id\":\"https:\\\/\\\/www.p31noticias.com.br\\\/#website\",\"url\":\"https:\\\/\\\/www.p31noticias.com.br\\\/\",\"name\":\"P31\",\"description\":\"NOT\u00cdCIAS\",\"potentialAction\":[{\"@type\":\"SearchAction\",\"target\":{\"@type\":\"EntryPoint\",\"urlTemplate\":\"https:\\\/\\\/www.p31noticias.com.br\\\/?s={search_term_string}\"},\"query-input\":{\"@type\":\"PropertyValueSpecification\",\"valueRequired\":true,\"valueName\":\"search_term_string\"}}],\"inLanguage\":\"pt-BR\"},{\"@type\":\"Person\",\"@id\":\"https:\\\/\\\/www.p31noticias.com.br\\\/#\\\/schema\\\/person\\\/95f2ece30e3b4132065b915150cd0f94\",\"name\":\"Gon\u00e7alves Junior\",\"image\":{\"@type\":\"ImageObject\",\"inLanguage\":\"pt-BR\",\"@id\":\"https:\\\/\\\/secure.gravatar.com\\\/avatar\\\/6711f350116a89762687a48d66f723c799e5438a5b7578508d4294cd7a5d0800?s=96&d=mm&r=g\",\"url\":\"https:\\\/\\\/secure.gravatar.com\\\/avatar\\\/6711f350116a89762687a48d66f723c799e5438a5b7578508d4294cd7a5d0800?s=96&d=mm&r=g\",\"contentUrl\":\"https:\\\/\\\/secure.gravatar.com\\\/avatar\\\/6711f350116a89762687a48d66f723c799e5438a5b7578508d4294cd7a5d0800?s=96&d=mm&r=g\",\"caption\":\"Gon\u00e7alves Junior\"},\"url\":\"https:\\\/\\\/www.p31noticias.com.br\\\/?author=2\"}]}<\/script>\n<!-- \/ Yoast SEO Premium plugin. -->","yoast_head_json":{"title":"DF decreta toque de recolher entre 22h e 5h a partir desta segunda - P31","robots":{"index":"index","follow":"follow","max-snippet":"max-snippet:-1","max-image-preview":"max-image-preview:large","max-video-preview":"max-video-preview:-1"},"canonical":"https:\/\/www.p31noticias.com.br\/?p=22950","og_locale":"pt_BR","og_type":"article","og_title":"DF decreta toque de recolher entre 22h e 5h a partir desta segunda","og_description":"Governo restringe a circula\u00e7\u00e3o de pessoas sob pena de multa. S\u00f3 poder\u00e3o funcionar servi\u00e7os de sa\u00fade e a cobertura da imprensa Com o risco iminente de superlota\u00e7\u00e3o das UTIs e o alto n\u00famero no \u00edndice de transmiss\u00e3o do coronav\u00edrus em todo o Distrito Federal, o governo local decretou o fechamento de todas as atividades comerciais [&hellip;]","og_url":"https:\/\/www.p31noticias.com.br\/?p=22950","og_site_name":"P31","article_published_time":"2021-03-09T01:30:34+00:00","og_image":[{"width":290,"height":174,"url":"https:\/\/www.p31noticias.com.br\/wp-content\/uploads\/2021\/03\/images-3.jpg","type":"image\/jpeg"}],"author":"Gon\u00e7alves Junior","twitter_card":"summary_large_image","twitter_misc":{"Escrito por":"Gon\u00e7alves Junior","Est. tempo de leitura":"3 minutos"},"schema":{"@context":"https:\/\/schema.org","@graph":[{"@type":"Article","@id":"https:\/\/www.p31noticias.com.br\/?p=22950#article","isPartOf":{"@id":"https:\/\/www.p31noticias.com.br\/?p=22950"},"author":{"name":"Gon\u00e7alves Junior","@id":"https:\/\/www.p31noticias.com.br\/#\/schema\/person\/95f2ece30e3b4132065b915150cd0f94"},"headline":"DF decreta toque de recolher entre 22h e 5h a partir desta segunda","datePublished":"2021-03-09T01:30:34+00:00","mainEntityOfPage":{"@id":"https:\/\/www.p31noticias.com.br\/?p=22950"},"wordCount":530,"commentCount":0,"image":{"@id":"https:\/\/www.p31noticias.com.br\/?p=22950#primaryimage"},"thumbnailUrl":"https:\/\/www.p31noticias.com.br\/wp-content\/uploads\/2021\/03\/images-3.jpg","articleSection":["Outros"],"inLanguage":"pt-BR","potentialAction":[{"@type":"CommentAction","name":"Comment","target":["https:\/\/www.p31noticias.com.br\/?p=22950#respond"]}],"copyrightYear":"2021","copyrightHolder":{"@id":"https:\/\/www.p31noticias.com.br\/#organization"}},{"@type":"WebPage","@id":"https:\/\/www.p31noticias.com.br\/?p=22950","url":"https:\/\/www.p31noticias.com.br\/?p=22950","name":"DF decreta toque de recolher entre 22h e 5h a partir desta segunda - P31","isPartOf":{"@id":"https:\/\/www.p31noticias.com.br\/#website"},"primaryImageOfPage":{"@id":"https:\/\/www.p31noticias.com.br\/?p=22950#primaryimage"},"image":{"@id":"https:\/\/www.p31noticias.com.br\/?p=22950#primaryimage"},"thumbnailUrl":"https:\/\/www.p31noticias.com.br\/wp-content\/uploads\/2021\/03\/images-3.jpg","datePublished":"2021-03-09T01:30:34+00:00","author":{"@id":"https:\/\/www.p31noticias.com.br\/#\/schema\/person\/95f2ece30e3b4132065b915150cd0f94"},"breadcrumb":{"@id":"https:\/\/www.p31noticias.com.br\/?p=22950#breadcrumb"},"inLanguage":"pt-BR","potentialAction":[{"@type":"ReadAction","target":["https:\/\/www.p31noticias.com.br\/?p=22950"]}]},{"@type":"ImageObject","inLanguage":"pt-BR","@id":"https:\/\/www.p31noticias.com.br\/?p=22950#primaryimage","url":"https:\/\/www.p31noticias.com.br\/wp-content\/uploads\/2021\/03\/images-3.jpg","contentUrl":"https:\/\/www.p31noticias.com.br\/wp-content\/uploads\/2021\/03\/images-3.jpg","width":290,"height":174},{"@type":"BreadcrumbList","@id":"https:\/\/www.p31noticias.com.br\/?p=22950#breadcrumb","itemListElement":[{"@type":"ListItem","position":1,"name":"In\u00edcio","item":"https:\/\/www.p31noticias.com.br\/"},{"@type":"ListItem","position":2,"name":"DF decreta toque de recolher entre 22h e 5h a partir desta segunda"}]},{"@type":"WebSite","@id":"https:\/\/www.p31noticias.com.br\/#website","url":"https:\/\/www.p31noticias.com.br\/","name":"P31","description":"NOT\u00cdCIAS","potentialAction":[{"@type":"SearchAction","target":{"@type":"EntryPoint","urlTemplate":"https:\/\/www.p31noticias.com.br\/?s={search_term_string}"},"query-input":{"@type":"PropertyValueSpecification","valueRequired":true,"valueName":"search_term_string"}}],"inLanguage":"pt-BR"},{"@type":"Person","@id":"https:\/\/www.p31noticias.com.br\/#\/schema\/person\/95f2ece30e3b4132065b915150cd0f94","name":"Gon\u00e7alves Junior","image":{"@type":"ImageObject","inLanguage":"pt-BR","@id":"https:\/\/secure.gravatar.com\/avatar\/6711f350116a89762687a48d66f723c799e5438a5b7578508d4294cd7a5d0800?s=96&d=mm&r=g","url":"https:\/\/secure.gravatar.com\/avatar\/6711f350116a89762687a48d66f723c799e5438a5b7578508d4294cd7a5d0800?s=96&d=mm&r=g","contentUrl":"https:\/\/secure.gravatar.com\/avatar\/6711f350116a89762687a48d66f723c799e5438a5b7578508d4294cd7a5d0800?s=96&d=mm&r=g","caption":"Gon\u00e7alves Junior"},"url":"https:\/\/www.p31noticias.com.br\/?author=2"}]}},"amp_enabled":true,"_links":{"self":[{"href":"https:\/\/www.p31noticias.com.br\/index.php?rest_route=\/wp\/v2\/posts\/22950","targetHints":{"allow":["GET"]}}],"collection":[{"href":"https:\/\/www.p31noticias.com.br\/index.php?rest_route=\/wp\/v2\/posts"}],"about":[{"href":"https:\/\/www.p31noticias.com.br\/index.php?rest_route=\/wp\/v2\/types\/post"}],"author":[{"embeddable":true,"href":"https:\/\/www.p31noticias.com.br\/index.php?rest_route=\/wp\/v2\/users\/2"}],"replies":[{"embeddable":true,"href":"https:\/\/www.p31noticias.com.br\/index.php?rest_route=%2Fwp%2Fv2%2Fcomments&post=22950"}],"version-history":[{"count":1,"href":"https:\/\/www.p31noticias.com.br\/index.php?rest_route=\/wp\/v2\/posts\/22950\/revisions"}],"predecessor-version":[{"id":22952,"href":"https:\/\/www.p31noticias.com.br\/index.php?rest_route=\/wp\/v2\/posts\/22950\/revisions\/22952"}],"wp:featuredmedia":[{"embeddable":true,"href":"https:\/\/www.p31noticias.com.br\/index.php?rest_route=\/wp\/v2\/media\/22951"}],"wp:attachment":[{"href":"https:\/\/www.p31noticias.com.br\/index.php?rest_route=%2Fwp%2Fv2%2Fmedia&parent=22950"}],"wp:term":[{"taxonomy":"category","embeddable":true,"href":"https:\/\/www.p31noticias.com.br\/index.php?rest_route=%2Fwp%2Fv2%2Fcategories&post=22950"},{"taxonomy":"post_tag","embeddable":true,"href":"https:\/\/www.p31noticias.com.br\/index.php?rest_route=%2Fwp%2Fv2%2Ftags&post=22950"}],"curies":[{"name":"wp","href":"https:\/\/api.w.org\/{rel}","templated":true}]}}