{"id":22945,"date":"2021-03-09T01:17:18","date_gmt":"2021-03-09T01:17:18","guid":{"rendered":"https:\/\/p31noticias.com.br\/?p=22945"},"modified":"2021-03-09T01:17:18","modified_gmt":"2021-03-09T01:17:18","slug":"fiocruz-preve-producao-1-milhao-de-vacinas-por-dia-ate-final-do-mes","status":"publish","type":"post","link":"https:\/\/www.p31noticias.com.br\/?p=22945","title":{"rendered":"Fiocruz prev\u00ea produ\u00e7\u00e3o 1 milh\u00e3o de vacinas por dia at\u00e9 final do m\u00eas."},"content":{"rendered":"<h3 class=\"col-10 offset-1 animated fadeInDown dealy-900 display-8 display-md-8 alt-font font-italic my-1 text-center\" style=\"text-align: justify;\"><strong>Ministro da Sa\u00fade fez visita t\u00e9cnica \u00e0 funda\u00e7\u00e3o nesta segunda-feira.<\/strong><\/h3>\n<p style=\"text-align: justify;\">A Funda\u00e7\u00e3o Oswaldo Cruz (Fiocruz) espera produzir um milh\u00e3o de doses da vacina contra a covid-19 por dia at\u00e9 o final de mar\u00e7o. A estimativa foi divulgada nesta segunda-feira (8), durante a\u00a0<a href=\"https:\/\/agenciabrasil.ebc.com.br\/saude\/noticia\/2021-03\/pazuello-estima-recebefr-ate-28-milhoes-de-doses-de-vacinas-em-marco\" target=\"_blank\" rel=\"noopener noreferrer\">visita t\u00e9cnica<\/a>\u00a0do ministro da Sa\u00fade, Eduardo Pazuello, quando foi anunciado o in\u00edcio da produ\u00e7\u00e3o em larga escala.<img decoding=\"async\" src=\"https:\/\/agenciabrasil.ebc.com.br\/ebc.png?id=1403349&amp;o=node\" \/><img decoding=\"async\" src=\"https:\/\/agenciabrasil.ebc.com.br\/ebc.gif?id=1403349&amp;o=node\" \/><\/p>\n<p style=\"text-align: justify;\">Durante o encontro, representantes da Fiocruz previram a entrega de 3,8 milh\u00f5es de doses para o m\u00eas de mar\u00e7o. A produ\u00e7\u00e3o dos lotes de pr\u00e9-valida\u00e7\u00e3o e valida\u00e7\u00e3o foram finalizadas no \u00faltimo domingo (7), com testes de consist\u00eancia e estabilidade dentro dos par\u00e2metros desejados. Esses lotes poder\u00e3o ser incorporados ao Programa Nacional de Imuniza\u00e7\u00e3o (PNI), mediante aprova\u00e7\u00e3o da Ag\u00eancia Nacional de Vigil\u00e2ncia Sanit\u00e1ria (Anvisa). Com o in\u00edcio da opera\u00e7\u00e3o dessa primeira linha nesta segunda-feira, a Fiocruz iniciar\u00e1 o escalonamento gradual da produ\u00e7\u00e3o.<\/p>\n<p style=\"text-align: justify;\">\u201cA primeira linha em funcionamento hoje est\u00e1 produzindo cerca de 300 mil doses por dia. Ainda esta semana, caso a produ\u00e7\u00e3o ocorra dentro do previsto, uma segunda linha de produ\u00e7\u00e3o dever\u00e1 entrar em opera\u00e7\u00e3o para aumentar a capacidade produtiva. A expectativa \u00e9 chegar, at\u00e9 o final de mar\u00e7o, com as duas linhas em funcionamento, com uma produ\u00e7\u00e3o de cerca de um milh\u00e3o de doses por dia\u201d, informou a Fiocruz em nota publicada em sua p\u00e1gina na internet..<\/p>\n<h2 style=\"text-align: justify;\">Anvisa<\/h2>\n<p style=\"text-align: justify;\">Nesta segunda-feira tamb\u00e9m foram enviados \u00e0 Anvisa os documentos restantes para a obten\u00e7\u00e3o do registro definitivo da vacina. A expectativa \u00e9 de que o registro possa ser concedido ainda esta semana.<\/p>\n<p style=\"text-align: justify;\">\u201cA Fiocruz se mant\u00e9m ativa na busca por alternativas para o fornecimento de vacinas ao PNI. At\u00e9 o momento, j\u00e1 foram fornecidas quatro milh\u00f5es de doses produzidas pelo Instituto Serum e preparadas para distribui\u00e7\u00e3o pelo Instituto de Tecnologia em Imunobiol\u00f3gicos (Bio-Manguinhos\/Fiocruz), das 12 milh\u00f5es de doses j\u00e1 acordadas com a AstraZeneca. Al\u00e9m disso, a Fiocruz ir\u00e1 tamb\u00e9m apoiar tecnicamente o recebimento das vacinas da iniciativa do Covax Facility, o que poder\u00e1 representar cerca de 2,9 milh\u00f5es de doses de vacinas prontas ainda em mar\u00e7o\u201d, informou a Fiocruz.<\/p>\n<p style=\"text-align: justify;\">Segundo a funda\u00e7\u00e3o, cada lote de vacinas precisa passar por testes de controle de qualidade, que verificam a estabilidade e a esterilidade. Esses testes levam de 15 a 20 dias. Desta forma, as vacinas que ser\u00e3o produzidas esta semana ser\u00e3o liberadas em at\u00e9 20 dias, a depender da conclus\u00e3o dos testes.<\/p>\n<p style=\"text-align: justify;\">At\u00e9 31 de mar\u00e7o, s\u00f3 poder\u00e3o ser consideradas aptas para entrega ao PNI a produ\u00e7\u00e3o realizada, no m\u00ednimo, 15 dias antes. As demais doses produzidas em mar\u00e7o s\u00f3 ser\u00e3o entregues no m\u00eas seguinte. Em abril, j\u00e1 vai haver um fluxo cont\u00ednuo de produ\u00e7\u00e3o e entregas semanais das doses produzidas duas semanas antes.<\/p>\n<p style=\"text-align: justify;\">Fonte : Ag\u00eancia Brasil<\/p>\n","protected":false},"excerpt":{"rendered":"<p>Ministro da Sa\u00fade fez visita t\u00e9cnica \u00e0 funda\u00e7\u00e3o nesta segunda-feira. A Funda\u00e7\u00e3o Oswaldo Cruz (Fiocruz) espera produzir um milh\u00e3o de doses da vacina contra a covid-19 por dia at\u00e9 o final de mar\u00e7o. A estimativa foi divulgada nesta segunda-feira (8), durante a\u00a0visita t\u00e9cnica\u00a0do ministro da Sa\u00fade, Eduardo Pazuello, quando foi anunciado o in\u00edcio da produ\u00e7\u00e3o [&hellip;]<\/p>\n","protected":false},"author":2,"featured_media":22946,"comment_status":"open","ping_status":"open","sticky":false,"template":"","format":"standard","meta":{"footnotes":""},"categories":[68],"tags":[],"class_list":{"0":"post-22945","1":"post","2":"type-post","3":"status-publish","4":"format-standard","5":"has-post-thumbnail","7":"category-brasil"},"yoast_head":"<!-- This site is optimized with the Yoast SEO Premium plugin v24.5 (Yoast SEO v27.5) - https:\/\/yoast.com\/product\/yoast-seo-premium-wordpress\/ -->\n<title>Fiocruz prev\u00ea produ\u00e7\u00e3o 1 milh\u00e3o de vacinas por dia at\u00e9 final do m\u00eas. - P31<\/title>\n<meta name=\"robots\" content=\"index, follow, max-snippet:-1, max-image-preview:large, max-video-preview:-1\" \/>\n<link rel=\"canonical\" href=\"https:\/\/www.p31noticias.com.br\/?p=22945\" \/>\n<meta property=\"og:locale\" content=\"pt_BR\" \/>\n<meta property=\"og:type\" content=\"article\" \/>\n<meta property=\"og:title\" content=\"Fiocruz prev\u00ea produ\u00e7\u00e3o 1 milh\u00e3o de vacinas por dia at\u00e9 final do m\u00eas.\" \/>\n<meta property=\"og:description\" content=\"Ministro da Sa\u00fade fez visita t\u00e9cnica \u00e0 funda\u00e7\u00e3o nesta segunda-feira. A Funda\u00e7\u00e3o Oswaldo Cruz (Fiocruz) espera produzir um milh\u00e3o de doses da vacina contra a covid-19 por dia at\u00e9 o final de mar\u00e7o. A estimativa foi divulgada nesta segunda-feira (8), durante a\u00a0visita t\u00e9cnica\u00a0do ministro da Sa\u00fade, Eduardo Pazuello, quando foi anunciado o in\u00edcio da produ\u00e7\u00e3o [&hellip;]\" \/>\n<meta property=\"og:url\" content=\"https:\/\/www.p31noticias.com.br\/?p=22945\" \/>\n<meta property=\"og:site_name\" content=\"P31\" \/>\n<meta property=\"article:published_time\" content=\"2021-03-09T01:17:18+00:00\" \/>\n<meta property=\"og:image\" content=\"https:\/\/www.p31noticias.com.br\/wp-content\/uploads\/2021\/03\/fiocruzenvase_de_ifa_vacina_covid-19fiocruz_13022101172.jpg\" \/>\n\t<meta property=\"og:image:width\" content=\"1170\" \/>\n\t<meta property=\"og:image:height\" content=\"700\" \/>\n\t<meta property=\"og:image:type\" content=\"image\/jpeg\" \/>\n<meta name=\"author\" content=\"Gon\u00e7alves Junior\" \/>\n<meta name=\"twitter:card\" content=\"summary_large_image\" \/>\n<meta name=\"twitter:label1\" content=\"Escrito por\" \/>\n\t<meta name=\"twitter:data1\" content=\"Gon\u00e7alves Junior\" \/>\n\t<meta name=\"twitter:label2\" content=\"Est. tempo de leitura\" \/>\n\t<meta name=\"twitter:data2\" content=\"2 minutos\" \/>\n<script type=\"application\/ld+json\" class=\"yoast-schema-graph\">{\"@context\":\"https:\\\/\\\/schema.org\",\"@graph\":[{\"@type\":\"Article\",\"@id\":\"https:\\\/\\\/www.p31noticias.com.br\\\/?p=22945#article\",\"isPartOf\":{\"@id\":\"https:\\\/\\\/www.p31noticias.com.br\\\/?p=22945\"},\"author\":{\"name\":\"Gon\u00e7alves Junior\",\"@id\":\"https:\\\/\\\/www.p31noticias.com.br\\\/#\\\/schema\\\/person\\\/95f2ece30e3b4132065b915150cd0f94\"},\"headline\":\"Fiocruz prev\u00ea produ\u00e7\u00e3o 1 milh\u00e3o de vacinas por dia at\u00e9 final do m\u00eas.\",\"datePublished\":\"2021-03-09T01:17:18+00:00\",\"mainEntityOfPage\":{\"@id\":\"https:\\\/\\\/www.p31noticias.com.br\\\/?p=22945\"},\"wordCount\":504,\"commentCount\":0,\"image\":{\"@id\":\"https:\\\/\\\/www.p31noticias.com.br\\\/?p=22945#primaryimage\"},\"thumbnailUrl\":\"https:\\\/\\\/www.p31noticias.com.br\\\/wp-content\\\/uploads\\\/2021\\\/03\\\/fiocruzenvase_de_ifa_vacina_covid-19fiocruz_13022101172.jpg\",\"articleSection\":[\"Brasil\"],\"inLanguage\":\"pt-BR\",\"potentialAction\":[{\"@type\":\"CommentAction\",\"name\":\"Comment\",\"target\":[\"https:\\\/\\\/www.p31noticias.com.br\\\/?p=22945#respond\"]}],\"copyrightYear\":\"2021\",\"copyrightHolder\":{\"@id\":\"https:\\\/\\\/www.p31noticias.com.br\\\/#organization\"}},{\"@type\":\"WebPage\",\"@id\":\"https:\\\/\\\/www.p31noticias.com.br\\\/?p=22945\",\"url\":\"https:\\\/\\\/www.p31noticias.com.br\\\/?p=22945\",\"name\":\"Fiocruz prev\u00ea produ\u00e7\u00e3o 1 milh\u00e3o de vacinas por dia at\u00e9 final do m\u00eas. - P31\",\"isPartOf\":{\"@id\":\"https:\\\/\\\/www.p31noticias.com.br\\\/#website\"},\"primaryImageOfPage\":{\"@id\":\"https:\\\/\\\/www.p31noticias.com.br\\\/?p=22945#primaryimage\"},\"image\":{\"@id\":\"https:\\\/\\\/www.p31noticias.com.br\\\/?p=22945#primaryimage\"},\"thumbnailUrl\":\"https:\\\/\\\/www.p31noticias.com.br\\\/wp-content\\\/uploads\\\/2021\\\/03\\\/fiocruzenvase_de_ifa_vacina_covid-19fiocruz_13022101172.jpg\",\"datePublished\":\"2021-03-09T01:17:18+00:00\",\"author\":{\"@id\":\"https:\\\/\\\/www.p31noticias.com.br\\\/#\\\/schema\\\/person\\\/95f2ece30e3b4132065b915150cd0f94\"},\"breadcrumb\":{\"@id\":\"https:\\\/\\\/www.p31noticias.com.br\\\/?p=22945#breadcrumb\"},\"inLanguage\":\"pt-BR\",\"potentialAction\":[{\"@type\":\"ReadAction\",\"target\":[\"https:\\\/\\\/www.p31noticias.com.br\\\/?p=22945\"]}]},{\"@type\":\"ImageObject\",\"inLanguage\":\"pt-BR\",\"@id\":\"https:\\\/\\\/www.p31noticias.com.br\\\/?p=22945#primaryimage\",\"url\":\"https:\\\/\\\/www.p31noticias.com.br\\\/wp-content\\\/uploads\\\/2021\\\/03\\\/fiocruzenvase_de_ifa_vacina_covid-19fiocruz_13022101172.jpg\",\"contentUrl\":\"https:\\\/\\\/www.p31noticias.com.br\\\/wp-content\\\/uploads\\\/2021\\\/03\\\/fiocruzenvase_de_ifa_vacina_covid-19fiocruz_13022101172.jpg\",\"width\":1170,\"height\":700,\"caption\":\"Fiocruz inicia envase do primeiro lote de IFA da vacina Covid-19\"},{\"@type\":\"BreadcrumbList\",\"@id\":\"https:\\\/\\\/www.p31noticias.com.br\\\/?p=22945#breadcrumb\",\"itemListElement\":[{\"@type\":\"ListItem\",\"position\":1,\"name\":\"In\u00edcio\",\"item\":\"https:\\\/\\\/www.p31noticias.com.br\\\/\"},{\"@type\":\"ListItem\",\"position\":2,\"name\":\"Fiocruz prev\u00ea produ\u00e7\u00e3o 1 milh\u00e3o de vacinas por dia at\u00e9 final do m\u00eas.\"}]},{\"@type\":\"WebSite\",\"@id\":\"https:\\\/\\\/www.p31noticias.com.br\\\/#website\",\"url\":\"https:\\\/\\\/www.p31noticias.com.br\\\/\",\"name\":\"P31\",\"description\":\"NOT\u00cdCIAS\",\"potentialAction\":[{\"@type\":\"SearchAction\",\"target\":{\"@type\":\"EntryPoint\",\"urlTemplate\":\"https:\\\/\\\/www.p31noticias.com.br\\\/?s={search_term_string}\"},\"query-input\":{\"@type\":\"PropertyValueSpecification\",\"valueRequired\":true,\"valueName\":\"search_term_string\"}}],\"inLanguage\":\"pt-BR\"},{\"@type\":\"Person\",\"@id\":\"https:\\\/\\\/www.p31noticias.com.br\\\/#\\\/schema\\\/person\\\/95f2ece30e3b4132065b915150cd0f94\",\"name\":\"Gon\u00e7alves Junior\",\"image\":{\"@type\":\"ImageObject\",\"inLanguage\":\"pt-BR\",\"@id\":\"https:\\\/\\\/secure.gravatar.com\\\/avatar\\\/6711f350116a89762687a48d66f723c799e5438a5b7578508d4294cd7a5d0800?s=96&d=mm&r=g\",\"url\":\"https:\\\/\\\/secure.gravatar.com\\\/avatar\\\/6711f350116a89762687a48d66f723c799e5438a5b7578508d4294cd7a5d0800?s=96&d=mm&r=g\",\"contentUrl\":\"https:\\\/\\\/secure.gravatar.com\\\/avatar\\\/6711f350116a89762687a48d66f723c799e5438a5b7578508d4294cd7a5d0800?s=96&d=mm&r=g\",\"caption\":\"Gon\u00e7alves Junior\"},\"url\":\"https:\\\/\\\/www.p31noticias.com.br\\\/?author=2\"}]}<\/script>\n<!-- \/ Yoast SEO Premium plugin. -->","yoast_head_json":{"title":"Fiocruz prev\u00ea produ\u00e7\u00e3o 1 milh\u00e3o de vacinas por dia at\u00e9 final do m\u00eas. - P31","robots":{"index":"index","follow":"follow","max-snippet":"max-snippet:-1","max-image-preview":"max-image-preview:large","max-video-preview":"max-video-preview:-1"},"canonical":"https:\/\/www.p31noticias.com.br\/?p=22945","og_locale":"pt_BR","og_type":"article","og_title":"Fiocruz prev\u00ea produ\u00e7\u00e3o 1 milh\u00e3o de vacinas por dia at\u00e9 final do m\u00eas.","og_description":"Ministro da Sa\u00fade fez visita t\u00e9cnica \u00e0 funda\u00e7\u00e3o nesta segunda-feira. A Funda\u00e7\u00e3o Oswaldo Cruz (Fiocruz) espera produzir um milh\u00e3o de doses da vacina contra a covid-19 por dia at\u00e9 o final de mar\u00e7o. A estimativa foi divulgada nesta segunda-feira (8), durante a\u00a0visita t\u00e9cnica\u00a0do ministro da Sa\u00fade, Eduardo Pazuello, quando foi anunciado o in\u00edcio da produ\u00e7\u00e3o [&hellip;]","og_url":"https:\/\/www.p31noticias.com.br\/?p=22945","og_site_name":"P31","article_published_time":"2021-03-09T01:17:18+00:00","og_image":[{"width":1170,"height":700,"url":"https:\/\/www.p31noticias.com.br\/wp-content\/uploads\/2021\/03\/fiocruzenvase_de_ifa_vacina_covid-19fiocruz_13022101172.jpg","type":"image\/jpeg"}],"author":"Gon\u00e7alves Junior","twitter_card":"summary_large_image","twitter_misc":{"Escrito por":"Gon\u00e7alves Junior","Est. tempo de leitura":"2 minutos"},"schema":{"@context":"https:\/\/schema.org","@graph":[{"@type":"Article","@id":"https:\/\/www.p31noticias.com.br\/?p=22945#article","isPartOf":{"@id":"https:\/\/www.p31noticias.com.br\/?p=22945"},"author":{"name":"Gon\u00e7alves Junior","@id":"https:\/\/www.p31noticias.com.br\/#\/schema\/person\/95f2ece30e3b4132065b915150cd0f94"},"headline":"Fiocruz prev\u00ea produ\u00e7\u00e3o 1 milh\u00e3o de vacinas por dia at\u00e9 final do m\u00eas.","datePublished":"2021-03-09T01:17:18+00:00","mainEntityOfPage":{"@id":"https:\/\/www.p31noticias.com.br\/?p=22945"},"wordCount":504,"commentCount":0,"image":{"@id":"https:\/\/www.p31noticias.com.br\/?p=22945#primaryimage"},"thumbnailUrl":"https:\/\/www.p31noticias.com.br\/wp-content\/uploads\/2021\/03\/fiocruzenvase_de_ifa_vacina_covid-19fiocruz_13022101172.jpg","articleSection":["Brasil"],"inLanguage":"pt-BR","potentialAction":[{"@type":"CommentAction","name":"Comment","target":["https:\/\/www.p31noticias.com.br\/?p=22945#respond"]}],"copyrightYear":"2021","copyrightHolder":{"@id":"https:\/\/www.p31noticias.com.br\/#organization"}},{"@type":"WebPage","@id":"https:\/\/www.p31noticias.com.br\/?p=22945","url":"https:\/\/www.p31noticias.com.br\/?p=22945","name":"Fiocruz prev\u00ea produ\u00e7\u00e3o 1 milh\u00e3o de vacinas por dia at\u00e9 final do m\u00eas. - P31","isPartOf":{"@id":"https:\/\/www.p31noticias.com.br\/#website"},"primaryImageOfPage":{"@id":"https:\/\/www.p31noticias.com.br\/?p=22945#primaryimage"},"image":{"@id":"https:\/\/www.p31noticias.com.br\/?p=22945#primaryimage"},"thumbnailUrl":"https:\/\/www.p31noticias.com.br\/wp-content\/uploads\/2021\/03\/fiocruzenvase_de_ifa_vacina_covid-19fiocruz_13022101172.jpg","datePublished":"2021-03-09T01:17:18+00:00","author":{"@id":"https:\/\/www.p31noticias.com.br\/#\/schema\/person\/95f2ece30e3b4132065b915150cd0f94"},"breadcrumb":{"@id":"https:\/\/www.p31noticias.com.br\/?p=22945#breadcrumb"},"inLanguage":"pt-BR","potentialAction":[{"@type":"ReadAction","target":["https:\/\/www.p31noticias.com.br\/?p=22945"]}]},{"@type":"ImageObject","inLanguage":"pt-BR","@id":"https:\/\/www.p31noticias.com.br\/?p=22945#primaryimage","url":"https:\/\/www.p31noticias.com.br\/wp-content\/uploads\/2021\/03\/fiocruzenvase_de_ifa_vacina_covid-19fiocruz_13022101172.jpg","contentUrl":"https:\/\/www.p31noticias.com.br\/wp-content\/uploads\/2021\/03\/fiocruzenvase_de_ifa_vacina_covid-19fiocruz_13022101172.jpg","width":1170,"height":700,"caption":"Fiocruz inicia envase do primeiro lote de IFA da vacina Covid-19"},{"@type":"BreadcrumbList","@id":"https:\/\/www.p31noticias.com.br\/?p=22945#breadcrumb","itemListElement":[{"@type":"ListItem","position":1,"name":"In\u00edcio","item":"https:\/\/www.p31noticias.com.br\/"},{"@type":"ListItem","position":2,"name":"Fiocruz prev\u00ea produ\u00e7\u00e3o 1 milh\u00e3o de vacinas por dia at\u00e9 final do m\u00eas."}]},{"@type":"WebSite","@id":"https:\/\/www.p31noticias.com.br\/#website","url":"https:\/\/www.p31noticias.com.br\/","name":"P31","description":"NOT\u00cdCIAS","potentialAction":[{"@type":"SearchAction","target":{"@type":"EntryPoint","urlTemplate":"https:\/\/www.p31noticias.com.br\/?s={search_term_string}"},"query-input":{"@type":"PropertyValueSpecification","valueRequired":true,"valueName":"search_term_string"}}],"inLanguage":"pt-BR"},{"@type":"Person","@id":"https:\/\/www.p31noticias.com.br\/#\/schema\/person\/95f2ece30e3b4132065b915150cd0f94","name":"Gon\u00e7alves Junior","image":{"@type":"ImageObject","inLanguage":"pt-BR","@id":"https:\/\/secure.gravatar.com\/avatar\/6711f350116a89762687a48d66f723c799e5438a5b7578508d4294cd7a5d0800?s=96&d=mm&r=g","url":"https:\/\/secure.gravatar.com\/avatar\/6711f350116a89762687a48d66f723c799e5438a5b7578508d4294cd7a5d0800?s=96&d=mm&r=g","contentUrl":"https:\/\/secure.gravatar.com\/avatar\/6711f350116a89762687a48d66f723c799e5438a5b7578508d4294cd7a5d0800?s=96&d=mm&r=g","caption":"Gon\u00e7alves Junior"},"url":"https:\/\/www.p31noticias.com.br\/?author=2"}]}},"amp_enabled":true,"_links":{"self":[{"href":"https:\/\/www.p31noticias.com.br\/index.php?rest_route=\/wp\/v2\/posts\/22945","targetHints":{"allow":["GET"]}}],"collection":[{"href":"https:\/\/www.p31noticias.com.br\/index.php?rest_route=\/wp\/v2\/posts"}],"about":[{"href":"https:\/\/www.p31noticias.com.br\/index.php?rest_route=\/wp\/v2\/types\/post"}],"author":[{"embeddable":true,"href":"https:\/\/www.p31noticias.com.br\/index.php?rest_route=\/wp\/v2\/users\/2"}],"replies":[{"embeddable":true,"href":"https:\/\/www.p31noticias.com.br\/index.php?rest_route=%2Fwp%2Fv2%2Fcomments&post=22945"}],"version-history":[{"count":1,"href":"https:\/\/www.p31noticias.com.br\/index.php?rest_route=\/wp\/v2\/posts\/22945\/revisions"}],"predecessor-version":[{"id":22947,"href":"https:\/\/www.p31noticias.com.br\/index.php?rest_route=\/wp\/v2\/posts\/22945\/revisions\/22947"}],"wp:featuredmedia":[{"embeddable":true,"href":"https:\/\/www.p31noticias.com.br\/index.php?rest_route=\/wp\/v2\/media\/22946"}],"wp:attachment":[{"href":"https:\/\/www.p31noticias.com.br\/index.php?rest_route=%2Fwp%2Fv2%2Fmedia&parent=22945"}],"wp:term":[{"taxonomy":"category","embeddable":true,"href":"https:\/\/www.p31noticias.com.br\/index.php?rest_route=%2Fwp%2Fv2%2Fcategories&post=22945"},{"taxonomy":"post_tag","embeddable":true,"href":"https:\/\/www.p31noticias.com.br\/index.php?rest_route=%2Fwp%2Fv2%2Ftags&post=22945"}],"curies":[{"name":"wp","href":"https:\/\/api.w.org\/{rel}","templated":true}]}}