{"id":22937,"date":"2021-03-04T04:32:50","date_gmt":"2021-03-04T04:32:50","guid":{"rendered":"https:\/\/p31noticias.com.br\/?p=22937"},"modified":"2021-03-04T04:32:50","modified_gmt":"2021-03-04T04:32:50","slug":"senado-aprova-pec-emergencial-em-primeiro-turno","status":"publish","type":"post","link":"https:\/\/www.p31noticias.com.br\/?p=22937","title":{"rendered":"Senado aprova PEC Emergencial em primeiro turno"},"content":{"rendered":"<h3 class=\"col-10 offset-1 animated fadeInDown dealy-900 display-8 display-md-8 alt-font font-italic my-1 text-center\" style=\"text-align: justify;\"><strong>Vota\u00e7\u00e3o do segundo turno da PEC foi convocada para esta quinta \u00e0s 11h.<\/strong><\/h3>\n<p style=\"text-align: justify;\">O Senado aprovou na noite de hoje (3), em primeiro turno, a Proposta de Emenda \u00e0 Constitui\u00e7\u00e3o (PEC) 186\/2019, a chamada PEC Emergencial.\u00a0Depois de dias de discuss\u00e3o em plen\u00e1rio e negocia\u00e7\u00f5es nos bastidores, o relator da mat\u00e9ria, M\u00e1rcio Bittar (MDB-AC), chegou a um texto que, se n\u00e3o obteve unanimidade, conseguiu apoio da maioria. A vota\u00e7\u00e3o do segundo turno da PEC foi convocada para amanh\u00e3 (4) \u00e0s 11h.<img decoding=\"async\" src=\"https:\/\/agenciabrasil.ebc.com.br\/ebc.png?id=1402917&amp;o=node\" \/><img decoding=\"async\" src=\"https:\/\/agenciabrasil.ebc.com.br\/ebc.gif?id=1402917&amp;o=node\" \/><\/p>\n<p style=\"text-align: justify;\">O texto-base da PEC foi aprovado por 62 senadores e teve 16 votos contr\u00e1rios no primeiro turno. \u00a0Ap\u00f3s a aprova\u00e7\u00e3o em segundo turno, a PEC segue para an\u00e1lise da C\u00e2mara dos Deputados.<\/p>\n<p style=\"text-align: justify;\">O texto cria mecanismos de ajuste fiscal, caso as opera\u00e7\u00f5es de cr\u00e9dito da Uni\u00e3o excedam as despesas. Ele tamb\u00e9m possibilita o pagamento do aux\u00edlio emergencial com cr\u00e9ditos extraordin\u00e1rios sem ferir o teto de gastos p\u00fablicos. O gasto com o aux\u00edlio tamb\u00e9m n\u00e3o ser\u00e1 afetado pela chamada \u201cregra de ouro\u201d, um mecanismo que pro\u00edbe o governo de fazer d\u00edvidas para pagar despesas correntes. O governo estuda retornar com o aux\u00edlio emergencial em forma de\u00a0<a href=\"https:\/\/agenciabrasil.ebc.com.br\/geral\/noticia\/2021-02\/bolsonaro-auxilio-deve-voltar-em-marco-com-parcelas-de-r-250\" target=\"_blank\" rel=\"noopener noreferrer\">quatro parcelas de R$ 250<\/a>\u00a0ainda este m\u00eas.<\/p>\n<h2 style=\"text-align: justify;\">Evitar gasto excessivo<\/h2>\n<p style=\"text-align: justify;\">Bittar acrescentou nesta quarta-feira ao relat\u00f3rio mais uma \u201ctrava\u201d para evitar um gasto excessivo com o aux\u00edlio. O relator limitou a R$ 44 bilh\u00f5es o valor dispon\u00edvel para pagamento do aux\u00edlio emergencial. \u201cNa reda\u00e7\u00e3o anterior n\u00e3o constava tal limite, o que poderia trazer incertezas quanto \u00e0 trajet\u00f3ria fiscal, com preju\u00edzos ao ambiente econ\u00f4mico\u201d, disse o senador em seu relat\u00f3rio.<\/p>\n<p style=\"text-align: justify;\">O relator tamb\u00e9m fixou o prazo de vig\u00eancia das medidas de ajuste fiscal previstas na PEC para enquanto durar a situa\u00e7\u00e3o de calamidade p\u00fablica. \u201cConsidero pertinentes as sugest\u00f5es de que a persist\u00eancia das veda\u00e7\u00f5es fiscais do Artigo 167-G seja mantida apenas durante a situa\u00e7\u00e3o de calamidade p\u00fablica de \u00e2mbito nacional e n\u00e3o estendida al\u00e9m do seu t\u00e9rmino\u201d<\/p>\n<p style=\"text-align: justify;\">As medidas de ajuste fiscal mantidas no texto incluem gatilhos de conten\u00e7\u00e3o de gastos para a Uni\u00e3o, os estados e os munic\u00edpios. Na esfera federal, todas as vezes em que a rela\u00e7\u00e3o entre as despesas obrigat\u00f3rias sujeitas ao teto de gastos e as despesas totais supere 95%, os poderes Executivo, Legislativo e Judici\u00e1rio e o Minist\u00e9rio P\u00fablico proibir\u00e3o aumentos de sal\u00e1rio para o funcionalismo, realiza\u00e7\u00e3o de concursos p\u00fablicos, cria\u00e7\u00e3o de despesas obrigat\u00f3rias e lan\u00e7amento de linhas de financiamento ou renegocia\u00e7\u00e3o de d\u00edvidas.<\/p>\n<h2 style=\"text-align: justify;\">Aux\u00edlio emergencial separado<\/h2>\n<p style=\"text-align: justify;\">Durante a sess\u00e3o, os senadores votaram um requerimento do senador Alessandro Vieira (Cidadania-SE) que separava o aux\u00edlio emergencial das medidas de ajuste fiscal, fatiando a PEC em duas propostas diferentes. Vieira via no aux\u00edlio emergencial uma urg\u00eancia necess\u00e1ria na vota\u00e7\u00e3o; urg\u00eancia que n\u00e3o considerava ser a mesma nos trechos referentes ao ajuste fiscal.<\/p>\n<p style=\"text-align: justify;\">\u00c1lvaro Dias (Podemos-PR), Leila Barros (PSB-DF), Randolfe Rodrigues (Rede-AP), Zenaide Maia (Pros-RN) e Rog\u00e9rio Carvalho (PT-SE), dentre outros, apoiaram o requerimento de Vieira. Para eles, as mat\u00e9rias referentes ao ajuste fiscal devem ser discutidas com mais tempo e a urg\u00eancia do aux\u00edlio emergencial n\u00e3o deveria ser usado para apressar a aprova\u00e7\u00e3o de tais mat\u00e9rias. O requerimento, no entanto, n\u00e3o obteve votos suficientes e foi rejeitado.<\/p>\n<p style=\"text-align: justify;\"><em>* Com informa\u00e7\u00f5es da Ag\u00eancia Senado<\/em><\/p>\n","protected":false},"excerpt":{"rendered":"<p>Vota\u00e7\u00e3o do segundo turno da PEC foi convocada para esta quinta \u00e0s 11h. O Senado aprovou na noite de hoje (3), em primeiro turno, a Proposta de Emenda \u00e0 Constitui\u00e7\u00e3o (PEC) 186\/2019, a chamada PEC Emergencial.\u00a0Depois de dias de discuss\u00e3o em plen\u00e1rio e negocia\u00e7\u00f5es nos bastidores, o relator da mat\u00e9ria, M\u00e1rcio Bittar (MDB-AC), chegou a [&hellip;]<\/p>\n","protected":false},"author":2,"featured_media":22938,"comment_status":"open","ping_status":"open","sticky":false,"template":"","format":"standard","meta":{"footnotes":""},"categories":[1],"tags":[],"class_list":{"0":"post-22937","1":"post","2":"type-post","3":"status-publish","4":"format-standard","5":"has-post-thumbnail","7":"category-outros"},"yoast_head":"<!-- This site is optimized with the Yoast SEO Premium plugin v24.5 (Yoast SEO v27.5) - https:\/\/yoast.com\/product\/yoast-seo-premium-wordpress\/ -->\n<title>Senado aprova PEC Emergencial em primeiro turno - P31<\/title>\n<meta name=\"robots\" content=\"index, follow, max-snippet:-1, max-image-preview:large, max-video-preview:-1\" \/>\n<link rel=\"canonical\" href=\"https:\/\/www.p31noticias.com.br\/?p=22937\" \/>\n<meta property=\"og:locale\" content=\"pt_BR\" \/>\n<meta property=\"og:type\" content=\"article\" \/>\n<meta property=\"og:title\" content=\"Senado aprova PEC Emergencial em primeiro turno\" \/>\n<meta property=\"og:description\" content=\"Vota\u00e7\u00e3o do segundo turno da PEC foi convocada para esta quinta \u00e0s 11h. O Senado aprovou na noite de hoje (3), em primeiro turno, a Proposta de Emenda \u00e0 Constitui\u00e7\u00e3o (PEC) 186\/2019, a chamada PEC Emergencial.\u00a0Depois de dias de discuss\u00e3o em plen\u00e1rio e negocia\u00e7\u00f5es nos bastidores, o relator da mat\u00e9ria, M\u00e1rcio Bittar (MDB-AC), chegou a [&hellip;]\" \/>\n<meta property=\"og:url\" content=\"https:\/\/www.p31noticias.com.br\/?p=22937\" \/>\n<meta property=\"og:site_name\" content=\"P31\" \/>\n<meta property=\"article:published_time\" content=\"2021-03-04T04:32:50+00:00\" \/>\n<meta property=\"og:image\" content=\"https:\/\/www.p31noticias.com.br\/wp-content\/uploads\/2021\/03\/images-1.jpg\" \/>\n\t<meta property=\"og:image:width\" content=\"304\" \/>\n\t<meta property=\"og:image:height\" content=\"166\" \/>\n\t<meta property=\"og:image:type\" content=\"image\/jpeg\" \/>\n<meta name=\"author\" content=\"Gon\u00e7alves Junior\" \/>\n<meta name=\"twitter:card\" content=\"summary_large_image\" \/>\n<meta name=\"twitter:label1\" content=\"Escrito por\" \/>\n\t<meta name=\"twitter:data1\" content=\"Gon\u00e7alves Junior\" \/>\n\t<meta name=\"twitter:label2\" content=\"Est. tempo de leitura\" \/>\n\t<meta name=\"twitter:data2\" content=\"3 minutos\" \/>\n<script type=\"application\/ld+json\" class=\"yoast-schema-graph\">{\"@context\":\"https:\\\/\\\/schema.org\",\"@graph\":[{\"@type\":\"Article\",\"@id\":\"https:\\\/\\\/www.p31noticias.com.br\\\/?p=22937#article\",\"isPartOf\":{\"@id\":\"https:\\\/\\\/www.p31noticias.com.br\\\/?p=22937\"},\"author\":{\"name\":\"Gon\u00e7alves Junior\",\"@id\":\"https:\\\/\\\/www.p31noticias.com.br\\\/#\\\/schema\\\/person\\\/95f2ece30e3b4132065b915150cd0f94\"},\"headline\":\"Senado aprova PEC Emergencial em primeiro turno\",\"datePublished\":\"2021-03-04T04:32:50+00:00\",\"mainEntityOfPage\":{\"@id\":\"https:\\\/\\\/www.p31noticias.com.br\\\/?p=22937\"},\"wordCount\":606,\"commentCount\":0,\"image\":{\"@id\":\"https:\\\/\\\/www.p31noticias.com.br\\\/?p=22937#primaryimage\"},\"thumbnailUrl\":\"https:\\\/\\\/www.p31noticias.com.br\\\/wp-content\\\/uploads\\\/2021\\\/03\\\/images-1.jpg\",\"articleSection\":[\"Outros\"],\"inLanguage\":\"pt-BR\",\"potentialAction\":[{\"@type\":\"CommentAction\",\"name\":\"Comment\",\"target\":[\"https:\\\/\\\/www.p31noticias.com.br\\\/?p=22937#respond\"]}],\"copyrightYear\":\"2021\",\"copyrightHolder\":{\"@id\":\"https:\\\/\\\/www.p31noticias.com.br\\\/#organization\"}},{\"@type\":\"WebPage\",\"@id\":\"https:\\\/\\\/www.p31noticias.com.br\\\/?p=22937\",\"url\":\"https:\\\/\\\/www.p31noticias.com.br\\\/?p=22937\",\"name\":\"Senado aprova PEC Emergencial em primeiro turno - P31\",\"isPartOf\":{\"@id\":\"https:\\\/\\\/www.p31noticias.com.br\\\/#website\"},\"primaryImageOfPage\":{\"@id\":\"https:\\\/\\\/www.p31noticias.com.br\\\/?p=22937#primaryimage\"},\"image\":{\"@id\":\"https:\\\/\\\/www.p31noticias.com.br\\\/?p=22937#primaryimage\"},\"thumbnailUrl\":\"https:\\\/\\\/www.p31noticias.com.br\\\/wp-content\\\/uploads\\\/2021\\\/03\\\/images-1.jpg\",\"datePublished\":\"2021-03-04T04:32:50+00:00\",\"author\":{\"@id\":\"https:\\\/\\\/www.p31noticias.com.br\\\/#\\\/schema\\\/person\\\/95f2ece30e3b4132065b915150cd0f94\"},\"breadcrumb\":{\"@id\":\"https:\\\/\\\/www.p31noticias.com.br\\\/?p=22937#breadcrumb\"},\"inLanguage\":\"pt-BR\",\"potentialAction\":[{\"@type\":\"ReadAction\",\"target\":[\"https:\\\/\\\/www.p31noticias.com.br\\\/?p=22937\"]}]},{\"@type\":\"ImageObject\",\"inLanguage\":\"pt-BR\",\"@id\":\"https:\\\/\\\/www.p31noticias.com.br\\\/?p=22937#primaryimage\",\"url\":\"https:\\\/\\\/www.p31noticias.com.br\\\/wp-content\\\/uploads\\\/2021\\\/03\\\/images-1.jpg\",\"contentUrl\":\"https:\\\/\\\/www.p31noticias.com.br\\\/wp-content\\\/uploads\\\/2021\\\/03\\\/images-1.jpg\",\"width\":304,\"height\":166},{\"@type\":\"BreadcrumbList\",\"@id\":\"https:\\\/\\\/www.p31noticias.com.br\\\/?p=22937#breadcrumb\",\"itemListElement\":[{\"@type\":\"ListItem\",\"position\":1,\"name\":\"In\u00edcio\",\"item\":\"https:\\\/\\\/www.p31noticias.com.br\\\/\"},{\"@type\":\"ListItem\",\"position\":2,\"name\":\"Senado aprova PEC Emergencial em primeiro turno\"}]},{\"@type\":\"WebSite\",\"@id\":\"https:\\\/\\\/www.p31noticias.com.br\\\/#website\",\"url\":\"https:\\\/\\\/www.p31noticias.com.br\\\/\",\"name\":\"P31\",\"description\":\"NOT\u00cdCIAS\",\"potentialAction\":[{\"@type\":\"SearchAction\",\"target\":{\"@type\":\"EntryPoint\",\"urlTemplate\":\"https:\\\/\\\/www.p31noticias.com.br\\\/?s={search_term_string}\"},\"query-input\":{\"@type\":\"PropertyValueSpecification\",\"valueRequired\":true,\"valueName\":\"search_term_string\"}}],\"inLanguage\":\"pt-BR\"},{\"@type\":\"Person\",\"@id\":\"https:\\\/\\\/www.p31noticias.com.br\\\/#\\\/schema\\\/person\\\/95f2ece30e3b4132065b915150cd0f94\",\"name\":\"Gon\u00e7alves Junior\",\"image\":{\"@type\":\"ImageObject\",\"inLanguage\":\"pt-BR\",\"@id\":\"https:\\\/\\\/secure.gravatar.com\\\/avatar\\\/6711f350116a89762687a48d66f723c799e5438a5b7578508d4294cd7a5d0800?s=96&d=mm&r=g\",\"url\":\"https:\\\/\\\/secure.gravatar.com\\\/avatar\\\/6711f350116a89762687a48d66f723c799e5438a5b7578508d4294cd7a5d0800?s=96&d=mm&r=g\",\"contentUrl\":\"https:\\\/\\\/secure.gravatar.com\\\/avatar\\\/6711f350116a89762687a48d66f723c799e5438a5b7578508d4294cd7a5d0800?s=96&d=mm&r=g\",\"caption\":\"Gon\u00e7alves Junior\"},\"url\":\"https:\\\/\\\/www.p31noticias.com.br\\\/?author=2\"}]}<\/script>\n<!-- \/ Yoast SEO Premium plugin. -->","yoast_head_json":{"title":"Senado aprova PEC Emergencial em primeiro turno - P31","robots":{"index":"index","follow":"follow","max-snippet":"max-snippet:-1","max-image-preview":"max-image-preview:large","max-video-preview":"max-video-preview:-1"},"canonical":"https:\/\/www.p31noticias.com.br\/?p=22937","og_locale":"pt_BR","og_type":"article","og_title":"Senado aprova PEC Emergencial em primeiro turno","og_description":"Vota\u00e7\u00e3o do segundo turno da PEC foi convocada para esta quinta \u00e0s 11h. O Senado aprovou na noite de hoje (3), em primeiro turno, a Proposta de Emenda \u00e0 Constitui\u00e7\u00e3o (PEC) 186\/2019, a chamada PEC Emergencial.\u00a0Depois de dias de discuss\u00e3o em plen\u00e1rio e negocia\u00e7\u00f5es nos bastidores, o relator da mat\u00e9ria, M\u00e1rcio Bittar (MDB-AC), chegou a [&hellip;]","og_url":"https:\/\/www.p31noticias.com.br\/?p=22937","og_site_name":"P31","article_published_time":"2021-03-04T04:32:50+00:00","og_image":[{"width":304,"height":166,"url":"https:\/\/www.p31noticias.com.br\/wp-content\/uploads\/2021\/03\/images-1.jpg","type":"image\/jpeg"}],"author":"Gon\u00e7alves Junior","twitter_card":"summary_large_image","twitter_misc":{"Escrito por":"Gon\u00e7alves Junior","Est. tempo de leitura":"3 minutos"},"schema":{"@context":"https:\/\/schema.org","@graph":[{"@type":"Article","@id":"https:\/\/www.p31noticias.com.br\/?p=22937#article","isPartOf":{"@id":"https:\/\/www.p31noticias.com.br\/?p=22937"},"author":{"name":"Gon\u00e7alves Junior","@id":"https:\/\/www.p31noticias.com.br\/#\/schema\/person\/95f2ece30e3b4132065b915150cd0f94"},"headline":"Senado aprova PEC Emergencial em primeiro turno","datePublished":"2021-03-04T04:32:50+00:00","mainEntityOfPage":{"@id":"https:\/\/www.p31noticias.com.br\/?p=22937"},"wordCount":606,"commentCount":0,"image":{"@id":"https:\/\/www.p31noticias.com.br\/?p=22937#primaryimage"},"thumbnailUrl":"https:\/\/www.p31noticias.com.br\/wp-content\/uploads\/2021\/03\/images-1.jpg","articleSection":["Outros"],"inLanguage":"pt-BR","potentialAction":[{"@type":"CommentAction","name":"Comment","target":["https:\/\/www.p31noticias.com.br\/?p=22937#respond"]}],"copyrightYear":"2021","copyrightHolder":{"@id":"https:\/\/www.p31noticias.com.br\/#organization"}},{"@type":"WebPage","@id":"https:\/\/www.p31noticias.com.br\/?p=22937","url":"https:\/\/www.p31noticias.com.br\/?p=22937","name":"Senado aprova PEC Emergencial em primeiro turno - P31","isPartOf":{"@id":"https:\/\/www.p31noticias.com.br\/#website"},"primaryImageOfPage":{"@id":"https:\/\/www.p31noticias.com.br\/?p=22937#primaryimage"},"image":{"@id":"https:\/\/www.p31noticias.com.br\/?p=22937#primaryimage"},"thumbnailUrl":"https:\/\/www.p31noticias.com.br\/wp-content\/uploads\/2021\/03\/images-1.jpg","datePublished":"2021-03-04T04:32:50+00:00","author":{"@id":"https:\/\/www.p31noticias.com.br\/#\/schema\/person\/95f2ece30e3b4132065b915150cd0f94"},"breadcrumb":{"@id":"https:\/\/www.p31noticias.com.br\/?p=22937#breadcrumb"},"inLanguage":"pt-BR","potentialAction":[{"@type":"ReadAction","target":["https:\/\/www.p31noticias.com.br\/?p=22937"]}]},{"@type":"ImageObject","inLanguage":"pt-BR","@id":"https:\/\/www.p31noticias.com.br\/?p=22937#primaryimage","url":"https:\/\/www.p31noticias.com.br\/wp-content\/uploads\/2021\/03\/images-1.jpg","contentUrl":"https:\/\/www.p31noticias.com.br\/wp-content\/uploads\/2021\/03\/images-1.jpg","width":304,"height":166},{"@type":"BreadcrumbList","@id":"https:\/\/www.p31noticias.com.br\/?p=22937#breadcrumb","itemListElement":[{"@type":"ListItem","position":1,"name":"In\u00edcio","item":"https:\/\/www.p31noticias.com.br\/"},{"@type":"ListItem","position":2,"name":"Senado aprova PEC Emergencial em primeiro turno"}]},{"@type":"WebSite","@id":"https:\/\/www.p31noticias.com.br\/#website","url":"https:\/\/www.p31noticias.com.br\/","name":"P31","description":"NOT\u00cdCIAS","potentialAction":[{"@type":"SearchAction","target":{"@type":"EntryPoint","urlTemplate":"https:\/\/www.p31noticias.com.br\/?s={search_term_string}"},"query-input":{"@type":"PropertyValueSpecification","valueRequired":true,"valueName":"search_term_string"}}],"inLanguage":"pt-BR"},{"@type":"Person","@id":"https:\/\/www.p31noticias.com.br\/#\/schema\/person\/95f2ece30e3b4132065b915150cd0f94","name":"Gon\u00e7alves Junior","image":{"@type":"ImageObject","inLanguage":"pt-BR","@id":"https:\/\/secure.gravatar.com\/avatar\/6711f350116a89762687a48d66f723c799e5438a5b7578508d4294cd7a5d0800?s=96&d=mm&r=g","url":"https:\/\/secure.gravatar.com\/avatar\/6711f350116a89762687a48d66f723c799e5438a5b7578508d4294cd7a5d0800?s=96&d=mm&r=g","contentUrl":"https:\/\/secure.gravatar.com\/avatar\/6711f350116a89762687a48d66f723c799e5438a5b7578508d4294cd7a5d0800?s=96&d=mm&r=g","caption":"Gon\u00e7alves Junior"},"url":"https:\/\/www.p31noticias.com.br\/?author=2"}]}},"amp_enabled":true,"_links":{"self":[{"href":"https:\/\/www.p31noticias.com.br\/index.php?rest_route=\/wp\/v2\/posts\/22937","targetHints":{"allow":["GET"]}}],"collection":[{"href":"https:\/\/www.p31noticias.com.br\/index.php?rest_route=\/wp\/v2\/posts"}],"about":[{"href":"https:\/\/www.p31noticias.com.br\/index.php?rest_route=\/wp\/v2\/types\/post"}],"author":[{"embeddable":true,"href":"https:\/\/www.p31noticias.com.br\/index.php?rest_route=\/wp\/v2\/users\/2"}],"replies":[{"embeddable":true,"href":"https:\/\/www.p31noticias.com.br\/index.php?rest_route=%2Fwp%2Fv2%2Fcomments&post=22937"}],"version-history":[{"count":1,"href":"https:\/\/www.p31noticias.com.br\/index.php?rest_route=\/wp\/v2\/posts\/22937\/revisions"}],"predecessor-version":[{"id":22939,"href":"https:\/\/www.p31noticias.com.br\/index.php?rest_route=\/wp\/v2\/posts\/22937\/revisions\/22939"}],"wp:featuredmedia":[{"embeddable":true,"href":"https:\/\/www.p31noticias.com.br\/index.php?rest_route=\/wp\/v2\/media\/22938"}],"wp:attachment":[{"href":"https:\/\/www.p31noticias.com.br\/index.php?rest_route=%2Fwp%2Fv2%2Fmedia&parent=22937"}],"wp:term":[{"taxonomy":"category","embeddable":true,"href":"https:\/\/www.p31noticias.com.br\/index.php?rest_route=%2Fwp%2Fv2%2Fcategories&post=22937"},{"taxonomy":"post_tag","embeddable":true,"href":"https:\/\/www.p31noticias.com.br\/index.php?rest_route=%2Fwp%2Fv2%2Ftags&post=22937"}],"curies":[{"name":"wp","href":"https:\/\/api.w.org\/{rel}","templated":true}]}}