{"id":22934,"date":"2021-03-04T04:26:16","date_gmt":"2021-03-04T04:26:16","guid":{"rendered":"https:\/\/p31noticias.com.br\/?p=22934"},"modified":"2021-03-04T04:38:42","modified_gmt":"2021-03-04T04:38:42","slug":"saude-assina-intencao-de-compra-de-vacinas-da-pfizer-e-da-janssen","status":"publish","type":"post","link":"https:\/\/www.p31noticias.com.br\/?p=22934","title":{"rendered":"Sa\u00fade assina inten\u00e7\u00e3o de compra de vacinas da Pfizer e da Janssen."},"content":{"rendered":"<h3 class=\"col-10 offset-1 animated fadeInDown dealy-900 display-8 display-md-8 alt-font font-italic my-1 text-center\"><strong>Documentos preveem 138 milh\u00f5es de doses at\u00e9 o final do ano.<\/strong><\/h3>\n<p style=\"text-align: justify;\">O Minist\u00e9rio da Sa\u00fade publicou nesta quarta-feira (3), em edi\u00e7\u00e3o extra do<em>\u00a0Di\u00e1rio Oficial da Uni\u00e3o,\u00a0<\/em>avisos de dispensa de licita\u00e7\u00e3o\u00a0que sinaliza a inten\u00e7\u00e3o de compra de 100 milh\u00f5es de doses da vacina contra a covid-19\u00a0<a href=\"https:\/\/www.in.gov.br\/web\/dou\/-\/aviso-de-dispensa-de-licitacao-uasg-250005-306469809\" target=\"_blank\" rel=\"noopener noreferrer\">da Pfizer<\/a>\u00a0e de 38 milh\u00f5es da<a href=\"https:\/\/www.in.gov.br\/web\/dou\/-\/aviso-de-dispensa-de-licitacao-uasg-250005-306469727\" target=\"_blank\" rel=\"noopener noreferrer\">\u00a0vacina da Janssen<\/a>\u00a0(bra\u00e7o da Johnson e Johnson). Os documentos preveem a entrega dos imunizantes at\u00e9 dia 31 de dezembro de 2021.<img decoding=\"async\" src=\"https:\/\/agenciabrasil.ebc.com.br\/ebc.png?id=1402915&amp;o=node\" \/><img decoding=\"async\" src=\"https:\/\/agenciabrasil.ebc.com.br\/ebc.gif?id=1402915&amp;o=node\" \/><\/p>\n<p style=\"text-align: justify;\">Segundo a pasta, as doses da Pfizer come\u00e7am\u00a0chegar ao Brasil no segundo trimestre de 2021, mas n\u00e3o houve detalhamento do cronograma. Com a Janssen, o cronograma proposto prev\u00ea a disponibilidade de 16,9 milh\u00f5es de doses entre julho e setembro e\u00a021,1 milh\u00f5es de doses entre outubro e dezembro de 2021.<\/p>\n<p style=\"text-align: justify;\">O ministro refor\u00e7ou que o governo trabalha para que, at\u00e9 o fim do ano, todos os maiores de 18 anos que puderem, sejam vacinados. \u201cEnquanto isso, alerto sobre a import\u00e2ncia de que todos mantenham os cuidados preventivos individuais para diminuir os riscos de ficar doente\u201d.<\/p>\n<p style=\"text-align: justify;\">A compra foi negociada depois que\u00a0<a href=\"https:\/\/agenciabrasil.ebc.com.br\/politica\/noticia\/2021-03\/covid-19-camara-aprova-projeto-para-compra-de-vacinas-por-estados\" target=\"_blank\" rel=\"noopener noreferrer\">projeto de lei aprovado<\/a>\u00a0ontem (3) na C\u00e2mara dos Deputados facilitou a compra de vacinas com autoriza\u00e7\u00e3o para uso em car\u00e1ter emergencial pela Ag\u00eancia Nacional de Vigil\u00e2ncia Sanit\u00e1ria (Anvisa) por estados, munic\u00edpios e por empresas.<\/p>\n<p style=\"text-align: justify;\">Mais cedo, o ministro da Sa\u00fade Eduardo Pazuello\u00a0esteve em reuni\u00e3o com representantes dos laborat\u00f3rios. \u201cA proposta de cronograma de entrega \u00e9 uma boa proposta e, a partir de agora, a gente segue para fechar o contrato o mais r\u00e1pido poss\u00edvel. Agrade\u00e7o \u00e0 equipe da Pfizer que est\u00e1 \u00e0 disposi\u00e7\u00e3o aqui e vamos juntos cumprir essa miss\u00e3o de vacinar o povo brasileiro\u201d, afirmou Pazuello, sobre a reuni\u00e3o com a Pfizer.<\/p>\n<h2 style=\"text-align: justify;\">Recorde de mortes<\/h2>\n<p style=\"text-align: justify;\">O ministro ainda disse em v\u00eddeo que hoje \u00e9 um dia dif\u00edcil para os brasileiros. \u201cAtingimos um grave momento da pandemia, as variantes do corona nos atingem de forma agressiva. A todos voc\u00eas quero dizer que estamos trabalhando firme para mudar esse quadro\u201d.<\/p>\n<p style=\"text-align: justify;\">O pa\u00eds registrou desde ontem\u00a0<a href=\"https:\/\/agenciabrasil.ebc.com.br\/saude\/noticia\/2021-03\/brasil-tem-maior-numero-de-mortes-por-covid-19-em-um-dia-1910-obitos\" target=\"_blank\" rel=\"noopener noreferrer\">1.910 mortes<\/a>\u00a0por covid-19, maior n\u00famero de mortes pela doen\u00e7a em um dia.<\/p>\n<p style=\"text-align: justify;\">Fonte : Ag\u00eancia Brasil.<\/p>\n","protected":false},"excerpt":{"rendered":"<p>Documentos preveem 138 milh\u00f5es de doses at\u00e9 o final do ano. O Minist\u00e9rio da Sa\u00fade publicou nesta quarta-feira (3), em edi\u00e7\u00e3o extra do\u00a0Di\u00e1rio Oficial da Uni\u00e3o,\u00a0avisos de dispensa de licita\u00e7\u00e3o\u00a0que sinaliza a inten\u00e7\u00e3o de compra de 100 milh\u00f5es de doses da vacina contra a covid-19\u00a0da Pfizer\u00a0e de 38 milh\u00f5es da\u00a0vacina da Janssen\u00a0(bra\u00e7o da Johnson e [&hellip;]<\/p>\n","protected":false},"author":2,"featured_media":22940,"comment_status":"open","ping_status":"open","sticky":false,"template":"","format":"standard","meta":{"footnotes":""},"categories":[68],"tags":[],"class_list":{"0":"post-22934","1":"post","2":"type-post","3":"status-publish","4":"format-standard","5":"has-post-thumbnail","7":"category-brasil"},"yoast_head":"<!-- This site is optimized with the Yoast SEO Premium plugin v24.5 (Yoast SEO v27.5) - https:\/\/yoast.com\/product\/yoast-seo-premium-wordpress\/ -->\n<title>Sa\u00fade assina inten\u00e7\u00e3o de compra de vacinas da Pfizer e da Janssen. - P31<\/title>\n<meta name=\"robots\" content=\"index, follow, max-snippet:-1, max-image-preview:large, max-video-preview:-1\" \/>\n<link rel=\"canonical\" href=\"https:\/\/www.p31noticias.com.br\/?p=22934\" \/>\n<meta property=\"og:locale\" content=\"pt_BR\" \/>\n<meta property=\"og:type\" content=\"article\" \/>\n<meta property=\"og:title\" content=\"Sa\u00fade assina inten\u00e7\u00e3o de compra de vacinas da Pfizer e da Janssen.\" \/>\n<meta property=\"og:description\" content=\"Documentos preveem 138 milh\u00f5es de doses at\u00e9 o final do ano. O Minist\u00e9rio da Sa\u00fade publicou nesta quarta-feira (3), em edi\u00e7\u00e3o extra do\u00a0Di\u00e1rio Oficial da Uni\u00e3o,\u00a0avisos de dispensa de licita\u00e7\u00e3o\u00a0que sinaliza a inten\u00e7\u00e3o de compra de 100 milh\u00f5es de doses da vacina contra a covid-19\u00a0da Pfizer\u00a0e de 38 milh\u00f5es da\u00a0vacina da Janssen\u00a0(bra\u00e7o da Johnson e [&hellip;]\" \/>\n<meta property=\"og:url\" content=\"https:\/\/www.p31noticias.com.br\/?p=22934\" \/>\n<meta property=\"og:site_name\" content=\"P31\" \/>\n<meta property=\"article:published_time\" content=\"2021-03-04T04:26:16+00:00\" \/>\n<meta property=\"article:modified_time\" content=\"2021-03-04T04:38:42+00:00\" \/>\n<meta property=\"og:image\" content=\"https:\/\/www.p31noticias.com.br\/wp-content\/uploads\/2021\/03\/images-2.jpg\" \/>\n\t<meta property=\"og:image:width\" content=\"304\" \/>\n\t<meta property=\"og:image:height\" content=\"166\" \/>\n\t<meta property=\"og:image:type\" content=\"image\/jpeg\" \/>\n<meta name=\"author\" content=\"Gon\u00e7alves Junior\" \/>\n<meta name=\"twitter:card\" content=\"summary_large_image\" \/>\n<meta name=\"twitter:label1\" content=\"Escrito por\" \/>\n\t<meta name=\"twitter:data1\" content=\"Gon\u00e7alves Junior\" \/>\n\t<meta name=\"twitter:label2\" content=\"Est. tempo de leitura\" \/>\n\t<meta name=\"twitter:data2\" content=\"2 minutos\" \/>\n<script type=\"application\/ld+json\" class=\"yoast-schema-graph\">{\"@context\":\"https:\\\/\\\/schema.org\",\"@graph\":[{\"@type\":\"Article\",\"@id\":\"https:\\\/\\\/www.p31noticias.com.br\\\/?p=22934#article\",\"isPartOf\":{\"@id\":\"https:\\\/\\\/www.p31noticias.com.br\\\/?p=22934\"},\"author\":{\"name\":\"Gon\u00e7alves Junior\",\"@id\":\"https:\\\/\\\/www.p31noticias.com.br\\\/#\\\/schema\\\/person\\\/95f2ece30e3b4132065b915150cd0f94\"},\"headline\":\"Sa\u00fade assina inten\u00e7\u00e3o de compra de vacinas da Pfizer e da Janssen.\",\"datePublished\":\"2021-03-04T04:26:16+00:00\",\"dateModified\":\"2021-03-04T04:38:42+00:00\",\"mainEntityOfPage\":{\"@id\":\"https:\\\/\\\/www.p31noticias.com.br\\\/?p=22934\"},\"wordCount\":388,\"commentCount\":0,\"image\":{\"@id\":\"https:\\\/\\\/www.p31noticias.com.br\\\/?p=22934#primaryimage\"},\"thumbnailUrl\":\"https:\\\/\\\/www.p31noticias.com.br\\\/wp-content\\\/uploads\\\/2021\\\/03\\\/images-2.jpg\",\"articleSection\":[\"Brasil\"],\"inLanguage\":\"pt-BR\",\"potentialAction\":[{\"@type\":\"CommentAction\",\"name\":\"Comment\",\"target\":[\"https:\\\/\\\/www.p31noticias.com.br\\\/?p=22934#respond\"]}],\"copyrightYear\":\"2021\",\"copyrightHolder\":{\"@id\":\"https:\\\/\\\/www.p31noticias.com.br\\\/#organization\"}},{\"@type\":\"WebPage\",\"@id\":\"https:\\\/\\\/www.p31noticias.com.br\\\/?p=22934\",\"url\":\"https:\\\/\\\/www.p31noticias.com.br\\\/?p=22934\",\"name\":\"Sa\u00fade assina inten\u00e7\u00e3o de compra de vacinas da Pfizer e da Janssen. - P31\",\"isPartOf\":{\"@id\":\"https:\\\/\\\/www.p31noticias.com.br\\\/#website\"},\"primaryImageOfPage\":{\"@id\":\"https:\\\/\\\/www.p31noticias.com.br\\\/?p=22934#primaryimage\"},\"image\":{\"@id\":\"https:\\\/\\\/www.p31noticias.com.br\\\/?p=22934#primaryimage\"},\"thumbnailUrl\":\"https:\\\/\\\/www.p31noticias.com.br\\\/wp-content\\\/uploads\\\/2021\\\/03\\\/images-2.jpg\",\"datePublished\":\"2021-03-04T04:26:16+00:00\",\"dateModified\":\"2021-03-04T04:38:42+00:00\",\"author\":{\"@id\":\"https:\\\/\\\/www.p31noticias.com.br\\\/#\\\/schema\\\/person\\\/95f2ece30e3b4132065b915150cd0f94\"},\"breadcrumb\":{\"@id\":\"https:\\\/\\\/www.p31noticias.com.br\\\/?p=22934#breadcrumb\"},\"inLanguage\":\"pt-BR\",\"potentialAction\":[{\"@type\":\"ReadAction\",\"target\":[\"https:\\\/\\\/www.p31noticias.com.br\\\/?p=22934\"]}]},{\"@type\":\"ImageObject\",\"inLanguage\":\"pt-BR\",\"@id\":\"https:\\\/\\\/www.p31noticias.com.br\\\/?p=22934#primaryimage\",\"url\":\"https:\\\/\\\/www.p31noticias.com.br\\\/wp-content\\\/uploads\\\/2021\\\/03\\\/images-2.jpg\",\"contentUrl\":\"https:\\\/\\\/www.p31noticias.com.br\\\/wp-content\\\/uploads\\\/2021\\\/03\\\/images-2.jpg\",\"width\":304,\"height\":166},{\"@type\":\"BreadcrumbList\",\"@id\":\"https:\\\/\\\/www.p31noticias.com.br\\\/?p=22934#breadcrumb\",\"itemListElement\":[{\"@type\":\"ListItem\",\"position\":1,\"name\":\"In\u00edcio\",\"item\":\"https:\\\/\\\/www.p31noticias.com.br\\\/\"},{\"@type\":\"ListItem\",\"position\":2,\"name\":\"Sa\u00fade assina inten\u00e7\u00e3o de compra de vacinas da Pfizer e da Janssen.\"}]},{\"@type\":\"WebSite\",\"@id\":\"https:\\\/\\\/www.p31noticias.com.br\\\/#website\",\"url\":\"https:\\\/\\\/www.p31noticias.com.br\\\/\",\"name\":\"P31\",\"description\":\"NOT\u00cdCIAS\",\"potentialAction\":[{\"@type\":\"SearchAction\",\"target\":{\"@type\":\"EntryPoint\",\"urlTemplate\":\"https:\\\/\\\/www.p31noticias.com.br\\\/?s={search_term_string}\"},\"query-input\":{\"@type\":\"PropertyValueSpecification\",\"valueRequired\":true,\"valueName\":\"search_term_string\"}}],\"inLanguage\":\"pt-BR\"},{\"@type\":\"Person\",\"@id\":\"https:\\\/\\\/www.p31noticias.com.br\\\/#\\\/schema\\\/person\\\/95f2ece30e3b4132065b915150cd0f94\",\"name\":\"Gon\u00e7alves Junior\",\"image\":{\"@type\":\"ImageObject\",\"inLanguage\":\"pt-BR\",\"@id\":\"https:\\\/\\\/secure.gravatar.com\\\/avatar\\\/6711f350116a89762687a48d66f723c799e5438a5b7578508d4294cd7a5d0800?s=96&d=mm&r=g\",\"url\":\"https:\\\/\\\/secure.gravatar.com\\\/avatar\\\/6711f350116a89762687a48d66f723c799e5438a5b7578508d4294cd7a5d0800?s=96&d=mm&r=g\",\"contentUrl\":\"https:\\\/\\\/secure.gravatar.com\\\/avatar\\\/6711f350116a89762687a48d66f723c799e5438a5b7578508d4294cd7a5d0800?s=96&d=mm&r=g\",\"caption\":\"Gon\u00e7alves Junior\"},\"url\":\"https:\\\/\\\/www.p31noticias.com.br\\\/?author=2\"}]}<\/script>\n<!-- \/ Yoast SEO Premium plugin. -->","yoast_head_json":{"title":"Sa\u00fade assina inten\u00e7\u00e3o de compra de vacinas da Pfizer e da Janssen. - P31","robots":{"index":"index","follow":"follow","max-snippet":"max-snippet:-1","max-image-preview":"max-image-preview:large","max-video-preview":"max-video-preview:-1"},"canonical":"https:\/\/www.p31noticias.com.br\/?p=22934","og_locale":"pt_BR","og_type":"article","og_title":"Sa\u00fade assina inten\u00e7\u00e3o de compra de vacinas da Pfizer e da Janssen.","og_description":"Documentos preveem 138 milh\u00f5es de doses at\u00e9 o final do ano. O Minist\u00e9rio da Sa\u00fade publicou nesta quarta-feira (3), em edi\u00e7\u00e3o extra do\u00a0Di\u00e1rio Oficial da Uni\u00e3o,\u00a0avisos de dispensa de licita\u00e7\u00e3o\u00a0que sinaliza a inten\u00e7\u00e3o de compra de 100 milh\u00f5es de doses da vacina contra a covid-19\u00a0da Pfizer\u00a0e de 38 milh\u00f5es da\u00a0vacina da Janssen\u00a0(bra\u00e7o da Johnson e [&hellip;]","og_url":"https:\/\/www.p31noticias.com.br\/?p=22934","og_site_name":"P31","article_published_time":"2021-03-04T04:26:16+00:00","article_modified_time":"2021-03-04T04:38:42+00:00","og_image":[{"width":304,"height":166,"url":"https:\/\/www.p31noticias.com.br\/wp-content\/uploads\/2021\/03\/images-2.jpg","type":"image\/jpeg"}],"author":"Gon\u00e7alves Junior","twitter_card":"summary_large_image","twitter_misc":{"Escrito por":"Gon\u00e7alves Junior","Est. tempo de leitura":"2 minutos"},"schema":{"@context":"https:\/\/schema.org","@graph":[{"@type":"Article","@id":"https:\/\/www.p31noticias.com.br\/?p=22934#article","isPartOf":{"@id":"https:\/\/www.p31noticias.com.br\/?p=22934"},"author":{"name":"Gon\u00e7alves Junior","@id":"https:\/\/www.p31noticias.com.br\/#\/schema\/person\/95f2ece30e3b4132065b915150cd0f94"},"headline":"Sa\u00fade assina inten\u00e7\u00e3o de compra de vacinas da Pfizer e da Janssen.","datePublished":"2021-03-04T04:26:16+00:00","dateModified":"2021-03-04T04:38:42+00:00","mainEntityOfPage":{"@id":"https:\/\/www.p31noticias.com.br\/?p=22934"},"wordCount":388,"commentCount":0,"image":{"@id":"https:\/\/www.p31noticias.com.br\/?p=22934#primaryimage"},"thumbnailUrl":"https:\/\/www.p31noticias.com.br\/wp-content\/uploads\/2021\/03\/images-2.jpg","articleSection":["Brasil"],"inLanguage":"pt-BR","potentialAction":[{"@type":"CommentAction","name":"Comment","target":["https:\/\/www.p31noticias.com.br\/?p=22934#respond"]}],"copyrightYear":"2021","copyrightHolder":{"@id":"https:\/\/www.p31noticias.com.br\/#organization"}},{"@type":"WebPage","@id":"https:\/\/www.p31noticias.com.br\/?p=22934","url":"https:\/\/www.p31noticias.com.br\/?p=22934","name":"Sa\u00fade assina inten\u00e7\u00e3o de compra de vacinas da Pfizer e da Janssen. - P31","isPartOf":{"@id":"https:\/\/www.p31noticias.com.br\/#website"},"primaryImageOfPage":{"@id":"https:\/\/www.p31noticias.com.br\/?p=22934#primaryimage"},"image":{"@id":"https:\/\/www.p31noticias.com.br\/?p=22934#primaryimage"},"thumbnailUrl":"https:\/\/www.p31noticias.com.br\/wp-content\/uploads\/2021\/03\/images-2.jpg","datePublished":"2021-03-04T04:26:16+00:00","dateModified":"2021-03-04T04:38:42+00:00","author":{"@id":"https:\/\/www.p31noticias.com.br\/#\/schema\/person\/95f2ece30e3b4132065b915150cd0f94"},"breadcrumb":{"@id":"https:\/\/www.p31noticias.com.br\/?p=22934#breadcrumb"},"inLanguage":"pt-BR","potentialAction":[{"@type":"ReadAction","target":["https:\/\/www.p31noticias.com.br\/?p=22934"]}]},{"@type":"ImageObject","inLanguage":"pt-BR","@id":"https:\/\/www.p31noticias.com.br\/?p=22934#primaryimage","url":"https:\/\/www.p31noticias.com.br\/wp-content\/uploads\/2021\/03\/images-2.jpg","contentUrl":"https:\/\/www.p31noticias.com.br\/wp-content\/uploads\/2021\/03\/images-2.jpg","width":304,"height":166},{"@type":"BreadcrumbList","@id":"https:\/\/www.p31noticias.com.br\/?p=22934#breadcrumb","itemListElement":[{"@type":"ListItem","position":1,"name":"In\u00edcio","item":"https:\/\/www.p31noticias.com.br\/"},{"@type":"ListItem","position":2,"name":"Sa\u00fade assina inten\u00e7\u00e3o de compra de vacinas da Pfizer e da Janssen."}]},{"@type":"WebSite","@id":"https:\/\/www.p31noticias.com.br\/#website","url":"https:\/\/www.p31noticias.com.br\/","name":"P31","description":"NOT\u00cdCIAS","potentialAction":[{"@type":"SearchAction","target":{"@type":"EntryPoint","urlTemplate":"https:\/\/www.p31noticias.com.br\/?s={search_term_string}"},"query-input":{"@type":"PropertyValueSpecification","valueRequired":true,"valueName":"search_term_string"}}],"inLanguage":"pt-BR"},{"@type":"Person","@id":"https:\/\/www.p31noticias.com.br\/#\/schema\/person\/95f2ece30e3b4132065b915150cd0f94","name":"Gon\u00e7alves Junior","image":{"@type":"ImageObject","inLanguage":"pt-BR","@id":"https:\/\/secure.gravatar.com\/avatar\/6711f350116a89762687a48d66f723c799e5438a5b7578508d4294cd7a5d0800?s=96&d=mm&r=g","url":"https:\/\/secure.gravatar.com\/avatar\/6711f350116a89762687a48d66f723c799e5438a5b7578508d4294cd7a5d0800?s=96&d=mm&r=g","contentUrl":"https:\/\/secure.gravatar.com\/avatar\/6711f350116a89762687a48d66f723c799e5438a5b7578508d4294cd7a5d0800?s=96&d=mm&r=g","caption":"Gon\u00e7alves Junior"},"url":"https:\/\/www.p31noticias.com.br\/?author=2"}]}},"amp_enabled":true,"_links":{"self":[{"href":"https:\/\/www.p31noticias.com.br\/index.php?rest_route=\/wp\/v2\/posts\/22934","targetHints":{"allow":["GET"]}}],"collection":[{"href":"https:\/\/www.p31noticias.com.br\/index.php?rest_route=\/wp\/v2\/posts"}],"about":[{"href":"https:\/\/www.p31noticias.com.br\/index.php?rest_route=\/wp\/v2\/types\/post"}],"author":[{"embeddable":true,"href":"https:\/\/www.p31noticias.com.br\/index.php?rest_route=\/wp\/v2\/users\/2"}],"replies":[{"embeddable":true,"href":"https:\/\/www.p31noticias.com.br\/index.php?rest_route=%2Fwp%2Fv2%2Fcomments&post=22934"}],"version-history":[{"count":1,"href":"https:\/\/www.p31noticias.com.br\/index.php?rest_route=\/wp\/v2\/posts\/22934\/revisions"}],"predecessor-version":[{"id":22936,"href":"https:\/\/www.p31noticias.com.br\/index.php?rest_route=\/wp\/v2\/posts\/22934\/revisions\/22936"}],"wp:featuredmedia":[{"embeddable":true,"href":"https:\/\/www.p31noticias.com.br\/index.php?rest_route=\/wp\/v2\/media\/22940"}],"wp:attachment":[{"href":"https:\/\/www.p31noticias.com.br\/index.php?rest_route=%2Fwp%2Fv2%2Fmedia&parent=22934"}],"wp:term":[{"taxonomy":"category","embeddable":true,"href":"https:\/\/www.p31noticias.com.br\/index.php?rest_route=%2Fwp%2Fv2%2Fcategories&post=22934"},{"taxonomy":"post_tag","embeddable":true,"href":"https:\/\/www.p31noticias.com.br\/index.php?rest_route=%2Fwp%2Fv2%2Ftags&post=22934"}],"curies":[{"name":"wp","href":"https:\/\/api.w.org\/{rel}","templated":true}]}}