{"id":22930,"date":"2021-02-27T02:35:19","date_gmt":"2021-02-27T02:35:19","guid":{"rendered":"https:\/\/p31noticias.com.br\/?p=22930"},"modified":"2021-02-27T02:36:15","modified_gmt":"2021-02-27T02:36:15","slug":"df-entra-em-lockdown-para-conter-avanco-da-covid-19","status":"publish","type":"post","link":"https:\/\/www.p31noticias.com.br\/?p=22930","title":{"rendered":"DF entra em lockdown para conter avan\u00e7o da Covid-19"},"content":{"rendered":"<p style=\"text-align: justify;\"><em><strong>Estabelecimentos comerciais fecham as portas a zero hora de domingo (28). Apenas atividades essenciais v\u00e3o funcionar<\/strong><\/em><\/p>\n<p style=\"text-align: justify;\">Depois de se reunir com t\u00e9cnicos da \u00e1rea de sa\u00fade e verificar a crescente alta nos n\u00fameros de infectados por Covid-19, o governador Ibaneis Rocha resolveu decretar o fechamento de todo o com\u00e9rcio local a partir da meia-noite deste domingo (28). A iniciativa visa evitar aglomera\u00e7\u00f5es e, consequentemente, a prolifera\u00e7\u00e3o do v\u00edrus na popula\u00e7\u00e3o. No DF, o n\u00famero de ocupa\u00e7\u00e3o de leitos pelo novo coronav\u00edrus j\u00e1 ultrapassa os 98%.<\/p>\n<p style=\"text-align: justify;\">Na noite desta sexta-feira (26), em segunda edi\u00e7\u00e3o extra do Di\u00e1rio Oficial do DF, foi publicado o Decreto n\u00ba 41.842. O documento suspende temporariamente todas as atividades em estabelecimentos comerciais e industriais. Entram na lista das proibi\u00e7\u00f5es o funcionamento de bares, restaurantes, cinema, teatro, academias, museus, zool\u00f3gico e feiras, al\u00e9m de parques urbanos e recreativos.<\/p>\n<p style=\"text-align: justify;\">Os shopping centers tamb\u00e9m devem ficar fechados, sendo permitido apenas o funcionamento de laborat\u00f3rios, cl\u00ednicas de sa\u00fade e farm\u00e1cias e o servi\u00e7o de delivery. Os sal\u00f5es de beleza, barbearias, esmalterias e centros est\u00e9ticos n\u00e3o devem funcionar.<\/p>\n<p style=\"text-align: justify;\">O texto publicado pelo governo destaca ainda que as medidas est\u00e3o sendo tomadas \u201cconsiderando que a situa\u00e7\u00e3o demanda o emprego urgente de medidas de preven\u00e7\u00e3o, controle e conten\u00e7\u00e3o de riscos, danos e agravos \u00e0 sa\u00fade p\u00fablica, a fim de evitar a dissemina\u00e7\u00e3o da doen\u00e7a no Distrito Federal\u201d.<\/p>\n<p style=\"text-align: justify;\">A nova norma se assemelha aos primeiros decretos restritivos de mar\u00e7o de 2020. H\u00e1 indica\u00e7\u00f5es de refor\u00e7o aos protocolos de seguran\u00e7a; permiss\u00e3o para servi\u00e7os de delivery, drive-thru e take-out, sem abertura do estabelecimento para atendimento ao p\u00fablico em suas depend\u00eancias; al\u00e9m da previs\u00e3o de multas e puni\u00e7\u00f5es penais e administrativas para quem desrespeitar as medidas.<\/p>\n<p style=\"text-align: justify;\">Destaque vai para a proibi\u00e7\u00e3o da \u201cvenda de bebidas alco\u00f3licas ap\u00f3s \u00e0s 20h, em todos os estabelecimentos comerciais autorizados a funcionar\u201d.<\/p>\n<p style=\"text-align: justify;\"><strong>Confira quais s\u00e3o as atividades suspensas pelo decreto:<\/strong><\/p>\n<p style=\"text-align: justify;\">I \u2013 eventos, de qualquer natureza, que exijam licen\u00e7a do Poder P\u00fablico;<br \/>\nII \u2013 atividades coletivas de cinema e teatro;<br \/>\nIII \u2013 atividades educacionais em todas as escolas, universidades e faculdades, das redes de ensino p\u00fablica e privada;<br \/>\nIV \u2013 academias de esporte de todas as modalidades;<br \/>\nV \u2013 museus;<br \/>\nVI \u2013 zool\u00f3gico, parques ecol\u00f3gicos, recreativos, urbanos, vivenciais e afins;<br \/>\nVII \u2013 boates e casas noturnas;<br \/>\nVIII \u2013 atendimento ao p\u00fablico em shoppings centers, feiras populares e clubes recreativos;<br \/>\na) nos shoppings centers ficam autorizados o funcionamento de laborat\u00f3rios, cl\u00ednicas de sa\u00fade e farm\u00e1cias e o servi\u00e7o de delivery;<br \/>\nIX \u2013 estabelecimentos comerciais, de qualquer natureza, inclusive bares, restaurantes e afins;<br \/>\nX \u2013 sal\u00f5es de beleza, barbearias, esmalterias e centros est\u00e9ticos;<br \/>\nXI \u2013 quiosques, foodtrucks e trailers de venda de refei\u00e7\u00f5es;<br \/>\nXII \u2013 oficinas de lanternagem e pintura;<br \/>\nXIII \u2013 com\u00e9rcio ambulante em geral; e<br \/>\nXIV \u2013 constru\u00e7\u00e3o civil.<\/p>\n<div class=\"relacionadas text-uppercase direita\" style=\"text-align: justify;\">\n<p><b>Leia tamb\u00e9m<\/b><\/p>\n<div class=\"relacionadas__post-leia-tambem bold clearfix\">\n<div class=\"relacionadas__thumb\"><\/div>\n<div class=\"clearfix relacionadas__texto\">\n<p><b>Governo decreta lockdown no DF a partir de 1\u00ba de mar\u00e7o<\/b><\/p>\n<\/div>\n<\/div>\n<div class=\"relacionadas__post-leia-tambem bold clearfix\">\n<div class=\"relacionadas__thumb\"><\/div>\n<div class=\"clearfix relacionadas__texto\">\n<p><b>Sa\u00fade faz apelo \u00e0 popula\u00e7\u00e3o para manter preven\u00e7\u00e3o<\/b><\/p>\n<\/div>\n<\/div>\n<\/div>\n<p style=\"text-align: justify;\"><strong>Confira quais s\u00e3o as atividades permitidas, desde que atendam com rigor os protocolos de seguran\u00e7a:<\/strong><\/p>\n<p style=\"text-align: justify;\">I \u2013 supermercados;<br \/>\nII \u2013 hortifrutigranjeiros;<br \/>\nIII \u2013 minimercados;<br \/>\nIV \u2013 mercearias;<br \/>\nV \u2013 postos de combust\u00edveis;<br \/>\nVI \u2013 com\u00e9rcio de produtos farmac\u00eauticos;<br \/>\nVII \u2013 hospitais, cl\u00ednicas e consult\u00f3rios m\u00e9dicos e odontol\u00f3gicos, laborat\u00f3rios e farmac\u00eauticas;<br \/>\nVIII \u2013 clinicas veterin\u00e1rias;<br \/>\nIX \u2013 com\u00e9rcio atacadista;<br \/>\nX \u2013 lojas de medicamentos veterin\u00e1rios ou produtos saneantes domissanit\u00e1rios;<br \/>\nXI \u2013 funer\u00e1rias e servi\u00e7os relacionados;<br \/>\nXII \u2013 lojas de conveni\u00eancia e minimercados em postos de combust\u00edveis exclusivamente para a venda de produtos;<br \/>\nXIII \u2013 servi\u00e7os de fornecimento de energia, \u00e1gua, esgoto, telefonia e coleta de lixo;<br \/>\nXIV \u2013 lojas de material de constru\u00e7\u00e3o; e<br \/>\nXV \u2013 cultos, missas e rituais de qualquer credo ou religi\u00e3o.<\/p>\n<p style=\"text-align: justify;\">Fonte : Ag\u00eancia Brasilia<\/p>\n","protected":false},"excerpt":{"rendered":"<p>Estabelecimentos comerciais fecham as portas a zero hora de domingo (28). Apenas atividades essenciais v\u00e3o funcionar Depois de se reunir com t\u00e9cnicos da \u00e1rea de sa\u00fade e verificar a crescente alta nos n\u00fameros de infectados por Covid-19, o governador Ibaneis Rocha resolveu decretar o fechamento de todo o com\u00e9rcio local a partir da meia-noite deste [&hellip;]<\/p>\n","protected":false},"author":2,"featured_media":22931,"comment_status":"open","ping_status":"open","sticky":false,"template":"","format":"standard","meta":{"footnotes":""},"categories":[1],"tags":[],"class_list":{"0":"post-22930","1":"post","2":"type-post","3":"status-publish","4":"format-standard","5":"has-post-thumbnail","7":"category-outros"},"yoast_head":"<!-- This site is optimized with the Yoast SEO Premium plugin v24.5 (Yoast SEO v27.5) - https:\/\/yoast.com\/product\/yoast-seo-premium-wordpress\/ -->\n<title>DF entra em lockdown para conter avan\u00e7o da Covid-19 - P31<\/title>\n<meta name=\"robots\" content=\"index, follow, max-snippet:-1, max-image-preview:large, max-video-preview:-1\" \/>\n<link rel=\"canonical\" href=\"https:\/\/www.p31noticias.com.br\/?p=22930\" \/>\n<meta property=\"og:locale\" content=\"pt_BR\" \/>\n<meta property=\"og:type\" content=\"article\" \/>\n<meta property=\"og:title\" content=\"DF entra em lockdown para conter avan\u00e7o da Covid-19\" \/>\n<meta property=\"og:description\" content=\"Estabelecimentos comerciais fecham as portas a zero hora de domingo (28). Apenas atividades essenciais v\u00e3o funcionar Depois de se reunir com t\u00e9cnicos da \u00e1rea de sa\u00fade e verificar a crescente alta nos n\u00fameros de infectados por Covid-19, o governador Ibaneis Rocha resolveu decretar o fechamento de todo o com\u00e9rcio local a partir da meia-noite deste [&hellip;]\" \/>\n<meta property=\"og:url\" content=\"https:\/\/www.p31noticias.com.br\/?p=22930\" \/>\n<meta property=\"og:site_name\" content=\"P31\" \/>\n<meta property=\"article:published_time\" content=\"2021-02-27T02:35:19+00:00\" \/>\n<meta property=\"article:modified_time\" content=\"2021-02-27T02:36:15+00:00\" \/>\n<meta property=\"og:image\" content=\"https:\/\/www.p31noticias.com.br\/wp-content\/uploads\/2021\/02\/download.jpg\" \/>\n\t<meta property=\"og:image:width\" content=\"260\" \/>\n\t<meta property=\"og:image:height\" content=\"194\" \/>\n\t<meta property=\"og:image:type\" content=\"image\/jpeg\" \/>\n<meta name=\"author\" content=\"Gon\u00e7alves Junior\" \/>\n<meta name=\"twitter:card\" content=\"summary_large_image\" \/>\n<meta name=\"twitter:label1\" content=\"Escrito por\" \/>\n\t<meta name=\"twitter:data1\" content=\"Gon\u00e7alves Junior\" \/>\n\t<meta name=\"twitter:label2\" content=\"Est. tempo de leitura\" \/>\n\t<meta name=\"twitter:data2\" content=\"3 minutos\" \/>\n<script type=\"application\/ld+json\" class=\"yoast-schema-graph\">{\"@context\":\"https:\\\/\\\/schema.org\",\"@graph\":[{\"@type\":\"Article\",\"@id\":\"https:\\\/\\\/www.p31noticias.com.br\\\/?p=22930#article\",\"isPartOf\":{\"@id\":\"https:\\\/\\\/www.p31noticias.com.br\\\/?p=22930\"},\"author\":{\"name\":\"Gon\u00e7alves Junior\",\"@id\":\"https:\\\/\\\/www.p31noticias.com.br\\\/#\\\/schema\\\/person\\\/95f2ece30e3b4132065b915150cd0f94\"},\"headline\":\"DF entra em lockdown para conter avan\u00e7o da Covid-19\",\"datePublished\":\"2021-02-27T02:35:19+00:00\",\"dateModified\":\"2021-02-27T02:36:15+00:00\",\"mainEntityOfPage\":{\"@id\":\"https:\\\/\\\/www.p31noticias.com.br\\\/?p=22930\"},\"wordCount\":669,\"commentCount\":0,\"image\":{\"@id\":\"https:\\\/\\\/www.p31noticias.com.br\\\/?p=22930#primaryimage\"},\"thumbnailUrl\":\"https:\\\/\\\/www.p31noticias.com.br\\\/wp-content\\\/uploads\\\/2021\\\/02\\\/download.jpg\",\"articleSection\":[\"Outros\"],\"inLanguage\":\"pt-BR\",\"potentialAction\":[{\"@type\":\"CommentAction\",\"name\":\"Comment\",\"target\":[\"https:\\\/\\\/www.p31noticias.com.br\\\/?p=22930#respond\"]}],\"copyrightYear\":\"2021\",\"copyrightHolder\":{\"@id\":\"https:\\\/\\\/www.p31noticias.com.br\\\/#organization\"}},{\"@type\":\"WebPage\",\"@id\":\"https:\\\/\\\/www.p31noticias.com.br\\\/?p=22930\",\"url\":\"https:\\\/\\\/www.p31noticias.com.br\\\/?p=22930\",\"name\":\"DF entra em lockdown para conter avan\u00e7o da Covid-19 - P31\",\"isPartOf\":{\"@id\":\"https:\\\/\\\/www.p31noticias.com.br\\\/#website\"},\"primaryImageOfPage\":{\"@id\":\"https:\\\/\\\/www.p31noticias.com.br\\\/?p=22930#primaryimage\"},\"image\":{\"@id\":\"https:\\\/\\\/www.p31noticias.com.br\\\/?p=22930#primaryimage\"},\"thumbnailUrl\":\"https:\\\/\\\/www.p31noticias.com.br\\\/wp-content\\\/uploads\\\/2021\\\/02\\\/download.jpg\",\"datePublished\":\"2021-02-27T02:35:19+00:00\",\"dateModified\":\"2021-02-27T02:36:15+00:00\",\"author\":{\"@id\":\"https:\\\/\\\/www.p31noticias.com.br\\\/#\\\/schema\\\/person\\\/95f2ece30e3b4132065b915150cd0f94\"},\"breadcrumb\":{\"@id\":\"https:\\\/\\\/www.p31noticias.com.br\\\/?p=22930#breadcrumb\"},\"inLanguage\":\"pt-BR\",\"potentialAction\":[{\"@type\":\"ReadAction\",\"target\":[\"https:\\\/\\\/www.p31noticias.com.br\\\/?p=22930\"]}]},{\"@type\":\"ImageObject\",\"inLanguage\":\"pt-BR\",\"@id\":\"https:\\\/\\\/www.p31noticias.com.br\\\/?p=22930#primaryimage\",\"url\":\"https:\\\/\\\/www.p31noticias.com.br\\\/wp-content\\\/uploads\\\/2021\\\/02\\\/download.jpg\",\"contentUrl\":\"https:\\\/\\\/www.p31noticias.com.br\\\/wp-content\\\/uploads\\\/2021\\\/02\\\/download.jpg\",\"width\":260,\"height\":194},{\"@type\":\"BreadcrumbList\",\"@id\":\"https:\\\/\\\/www.p31noticias.com.br\\\/?p=22930#breadcrumb\",\"itemListElement\":[{\"@type\":\"ListItem\",\"position\":1,\"name\":\"In\u00edcio\",\"item\":\"https:\\\/\\\/www.p31noticias.com.br\\\/\"},{\"@type\":\"ListItem\",\"position\":2,\"name\":\"DF entra em lockdown para conter avan\u00e7o da Covid-19\"}]},{\"@type\":\"WebSite\",\"@id\":\"https:\\\/\\\/www.p31noticias.com.br\\\/#website\",\"url\":\"https:\\\/\\\/www.p31noticias.com.br\\\/\",\"name\":\"P31\",\"description\":\"NOT\u00cdCIAS\",\"potentialAction\":[{\"@type\":\"SearchAction\",\"target\":{\"@type\":\"EntryPoint\",\"urlTemplate\":\"https:\\\/\\\/www.p31noticias.com.br\\\/?s={search_term_string}\"},\"query-input\":{\"@type\":\"PropertyValueSpecification\",\"valueRequired\":true,\"valueName\":\"search_term_string\"}}],\"inLanguage\":\"pt-BR\"},{\"@type\":\"Person\",\"@id\":\"https:\\\/\\\/www.p31noticias.com.br\\\/#\\\/schema\\\/person\\\/95f2ece30e3b4132065b915150cd0f94\",\"name\":\"Gon\u00e7alves Junior\",\"image\":{\"@type\":\"ImageObject\",\"inLanguage\":\"pt-BR\",\"@id\":\"https:\\\/\\\/secure.gravatar.com\\\/avatar\\\/6711f350116a89762687a48d66f723c799e5438a5b7578508d4294cd7a5d0800?s=96&d=mm&r=g\",\"url\":\"https:\\\/\\\/secure.gravatar.com\\\/avatar\\\/6711f350116a89762687a48d66f723c799e5438a5b7578508d4294cd7a5d0800?s=96&d=mm&r=g\",\"contentUrl\":\"https:\\\/\\\/secure.gravatar.com\\\/avatar\\\/6711f350116a89762687a48d66f723c799e5438a5b7578508d4294cd7a5d0800?s=96&d=mm&r=g\",\"caption\":\"Gon\u00e7alves Junior\"},\"url\":\"https:\\\/\\\/www.p31noticias.com.br\\\/?author=2\"}]}<\/script>\n<!-- \/ Yoast SEO Premium plugin. -->","yoast_head_json":{"title":"DF entra em lockdown para conter avan\u00e7o da Covid-19 - P31","robots":{"index":"index","follow":"follow","max-snippet":"max-snippet:-1","max-image-preview":"max-image-preview:large","max-video-preview":"max-video-preview:-1"},"canonical":"https:\/\/www.p31noticias.com.br\/?p=22930","og_locale":"pt_BR","og_type":"article","og_title":"DF entra em lockdown para conter avan\u00e7o da Covid-19","og_description":"Estabelecimentos comerciais fecham as portas a zero hora de domingo (28). Apenas atividades essenciais v\u00e3o funcionar Depois de se reunir com t\u00e9cnicos da \u00e1rea de sa\u00fade e verificar a crescente alta nos n\u00fameros de infectados por Covid-19, o governador Ibaneis Rocha resolveu decretar o fechamento de todo o com\u00e9rcio local a partir da meia-noite deste [&hellip;]","og_url":"https:\/\/www.p31noticias.com.br\/?p=22930","og_site_name":"P31","article_published_time":"2021-02-27T02:35:19+00:00","article_modified_time":"2021-02-27T02:36:15+00:00","og_image":[{"width":260,"height":194,"url":"https:\/\/www.p31noticias.com.br\/wp-content\/uploads\/2021\/02\/download.jpg","type":"image\/jpeg"}],"author":"Gon\u00e7alves Junior","twitter_card":"summary_large_image","twitter_misc":{"Escrito por":"Gon\u00e7alves Junior","Est. tempo de leitura":"3 minutos"},"schema":{"@context":"https:\/\/schema.org","@graph":[{"@type":"Article","@id":"https:\/\/www.p31noticias.com.br\/?p=22930#article","isPartOf":{"@id":"https:\/\/www.p31noticias.com.br\/?p=22930"},"author":{"name":"Gon\u00e7alves Junior","@id":"https:\/\/www.p31noticias.com.br\/#\/schema\/person\/95f2ece30e3b4132065b915150cd0f94"},"headline":"DF entra em lockdown para conter avan\u00e7o da Covid-19","datePublished":"2021-02-27T02:35:19+00:00","dateModified":"2021-02-27T02:36:15+00:00","mainEntityOfPage":{"@id":"https:\/\/www.p31noticias.com.br\/?p=22930"},"wordCount":669,"commentCount":0,"image":{"@id":"https:\/\/www.p31noticias.com.br\/?p=22930#primaryimage"},"thumbnailUrl":"https:\/\/www.p31noticias.com.br\/wp-content\/uploads\/2021\/02\/download.jpg","articleSection":["Outros"],"inLanguage":"pt-BR","potentialAction":[{"@type":"CommentAction","name":"Comment","target":["https:\/\/www.p31noticias.com.br\/?p=22930#respond"]}],"copyrightYear":"2021","copyrightHolder":{"@id":"https:\/\/www.p31noticias.com.br\/#organization"}},{"@type":"WebPage","@id":"https:\/\/www.p31noticias.com.br\/?p=22930","url":"https:\/\/www.p31noticias.com.br\/?p=22930","name":"DF entra em lockdown para conter avan\u00e7o da Covid-19 - P31","isPartOf":{"@id":"https:\/\/www.p31noticias.com.br\/#website"},"primaryImageOfPage":{"@id":"https:\/\/www.p31noticias.com.br\/?p=22930#primaryimage"},"image":{"@id":"https:\/\/www.p31noticias.com.br\/?p=22930#primaryimage"},"thumbnailUrl":"https:\/\/www.p31noticias.com.br\/wp-content\/uploads\/2021\/02\/download.jpg","datePublished":"2021-02-27T02:35:19+00:00","dateModified":"2021-02-27T02:36:15+00:00","author":{"@id":"https:\/\/www.p31noticias.com.br\/#\/schema\/person\/95f2ece30e3b4132065b915150cd0f94"},"breadcrumb":{"@id":"https:\/\/www.p31noticias.com.br\/?p=22930#breadcrumb"},"inLanguage":"pt-BR","potentialAction":[{"@type":"ReadAction","target":["https:\/\/www.p31noticias.com.br\/?p=22930"]}]},{"@type":"ImageObject","inLanguage":"pt-BR","@id":"https:\/\/www.p31noticias.com.br\/?p=22930#primaryimage","url":"https:\/\/www.p31noticias.com.br\/wp-content\/uploads\/2021\/02\/download.jpg","contentUrl":"https:\/\/www.p31noticias.com.br\/wp-content\/uploads\/2021\/02\/download.jpg","width":260,"height":194},{"@type":"BreadcrumbList","@id":"https:\/\/www.p31noticias.com.br\/?p=22930#breadcrumb","itemListElement":[{"@type":"ListItem","position":1,"name":"In\u00edcio","item":"https:\/\/www.p31noticias.com.br\/"},{"@type":"ListItem","position":2,"name":"DF entra em lockdown para conter avan\u00e7o da Covid-19"}]},{"@type":"WebSite","@id":"https:\/\/www.p31noticias.com.br\/#website","url":"https:\/\/www.p31noticias.com.br\/","name":"P31","description":"NOT\u00cdCIAS","potentialAction":[{"@type":"SearchAction","target":{"@type":"EntryPoint","urlTemplate":"https:\/\/www.p31noticias.com.br\/?s={search_term_string}"},"query-input":{"@type":"PropertyValueSpecification","valueRequired":true,"valueName":"search_term_string"}}],"inLanguage":"pt-BR"},{"@type":"Person","@id":"https:\/\/www.p31noticias.com.br\/#\/schema\/person\/95f2ece30e3b4132065b915150cd0f94","name":"Gon\u00e7alves Junior","image":{"@type":"ImageObject","inLanguage":"pt-BR","@id":"https:\/\/secure.gravatar.com\/avatar\/6711f350116a89762687a48d66f723c799e5438a5b7578508d4294cd7a5d0800?s=96&d=mm&r=g","url":"https:\/\/secure.gravatar.com\/avatar\/6711f350116a89762687a48d66f723c799e5438a5b7578508d4294cd7a5d0800?s=96&d=mm&r=g","contentUrl":"https:\/\/secure.gravatar.com\/avatar\/6711f350116a89762687a48d66f723c799e5438a5b7578508d4294cd7a5d0800?s=96&d=mm&r=g","caption":"Gon\u00e7alves Junior"},"url":"https:\/\/www.p31noticias.com.br\/?author=2"}]}},"amp_enabled":true,"_links":{"self":[{"href":"https:\/\/www.p31noticias.com.br\/index.php?rest_route=\/wp\/v2\/posts\/22930","targetHints":{"allow":["GET"]}}],"collection":[{"href":"https:\/\/www.p31noticias.com.br\/index.php?rest_route=\/wp\/v2\/posts"}],"about":[{"href":"https:\/\/www.p31noticias.com.br\/index.php?rest_route=\/wp\/v2\/types\/post"}],"author":[{"embeddable":true,"href":"https:\/\/www.p31noticias.com.br\/index.php?rest_route=\/wp\/v2\/users\/2"}],"replies":[{"embeddable":true,"href":"https:\/\/www.p31noticias.com.br\/index.php?rest_route=%2Fwp%2Fv2%2Fcomments&post=22930"}],"version-history":[{"count":2,"href":"https:\/\/www.p31noticias.com.br\/index.php?rest_route=\/wp\/v2\/posts\/22930\/revisions"}],"predecessor-version":[{"id":22933,"href":"https:\/\/www.p31noticias.com.br\/index.php?rest_route=\/wp\/v2\/posts\/22930\/revisions\/22933"}],"wp:featuredmedia":[{"embeddable":true,"href":"https:\/\/www.p31noticias.com.br\/index.php?rest_route=\/wp\/v2\/media\/22931"}],"wp:attachment":[{"href":"https:\/\/www.p31noticias.com.br\/index.php?rest_route=%2Fwp%2Fv2%2Fmedia&parent=22930"}],"wp:term":[{"taxonomy":"category","embeddable":true,"href":"https:\/\/www.p31noticias.com.br\/index.php?rest_route=%2Fwp%2Fv2%2Fcategories&post=22930"},{"taxonomy":"post_tag","embeddable":true,"href":"https:\/\/www.p31noticias.com.br\/index.php?rest_route=%2Fwp%2Fv2%2Ftags&post=22930"}],"curies":[{"name":"wp","href":"https:\/\/api.w.org\/{rel}","templated":true}]}}