{"id":22925,"date":"2021-02-22T01:38:03","date_gmt":"2021-02-22T01:38:03","guid":{"rendered":"https:\/\/p31noticias.com.br\/?p=22925"},"modified":"2021-02-22T01:38:03","modified_gmt":"2021-02-22T01:38:03","slug":"fiocruz-deve-assinar-transferencia-de-tecnologia-do-ifa-ate-marco","status":"publish","type":"post","link":"https:\/\/www.p31noticias.com.br\/?p=22925","title":{"rendered":"Fiocruz deve assinar transfer\u00eancia de tecnologia do IFA at\u00e9 mar\u00e7o ."},"content":{"rendered":"<h3 class=\"col-10 offset-1 animated fadeInDown dealy-900 display-8 display-md-8 alt-font font-italic my-1 text-center\" style=\"text-align: justify;\"><em><strong>Dois lotes de IFA importado chegar\u00e3o ao Brasil nesta semana.<\/strong><\/em><\/h3>\n<p style=\"text-align: justify;\">\n<p style=\"text-align: justify;\">A Funda\u00e7\u00e3o Oswaldo Cruz (Fiocruz) afirmou\u00a0hoje\u00a0(21) que deve ser assinado at\u00e9 mar\u00e7o o contrato com a farmac\u00eautica AstraZeneca que detalha a transfer\u00eancia de tecnologia para a produ\u00e7\u00e3o do ingrediente farmac\u00eautico ativo (IFA) da vacina Oxford no Instituto de Tecnologia em Imunobiol\u00f3gicos (Bio-Manguinhos). A empresa anglo-sueca \u00e9 desenvolvedora da vacina em parceria com a universidade brit\u00e2nica.<img decoding=\"async\" src=\"https:\/\/agenciabrasil.ebc.com.br\/ebc.png?id=1401897&amp;o=node\" \/><img decoding=\"async\" src=\"https:\/\/agenciabrasil.ebc.com.br\/ebc.gif?id=1401897&amp;o=node\" \/><\/p>\n<p style=\"text-align: justify;\">A Fiocruz informou que, inicialmente, havia a previs\u00e3o de que o contrato fosse assinado ainda em 2020. &#8220;No entanto, o grau de detalhamento necess\u00e1rio para esse tipo de documenta\u00e7\u00e3o exigiu um tempo maior de prepara\u00e7\u00e3o&#8221;, diz a funda\u00e7\u00e3o.<\/p>\n<p style=\"text-align: justify;\">A n\u00e3o assinatura do contrato de detalhamento, segundo a Fiocruz, n\u00e3o impactou o cronograma atual de entrega das vacinas, j\u00e1 que, neste momento, as vacinas s\u00e3o produzidas a partir de IFA importado do laborat\u00f3rio WuXi Biologics, na China.\u00a0<a href=\"https:\/\/agenciabrasil.ebc.com.br\/saude\/noticia\/2021-02\/agencia-brasil-explica-o-que-e-o-ifa#:~:text=O%20ingrediente%20farmac%C3%AAutico%20ativo%20(IFA,contra%20um%20micro%2Dorganismo%20invasor\" target=\"_blank\" rel=\"noopener noreferrer\">Entenda o que \u00e9 o IFA.<\/a><\/p>\n<p style=\"text-align: justify;\">O acordo de encomenda tecnol\u00f3gica entre a Fiocruz e a farmac\u00eautica AstraZeneca prev\u00ea que, at\u00e9 julho, 100,4 milh\u00f5es de doses sejam produzidas a partir de IFA importado.\u00a0 A partir desse acordo, a Fiocruz j\u00e1 incorporou a tecnologia necess\u00e1ria para formular a vacina utilizando IFA importado e iniciou a produ\u00e7\u00e3o das doses.<\/p>\n<p style=\"text-align: justify;\">Esse acordo tamb\u00e9m prev\u00ea par\u00e2metros gerais para a transfer\u00eancia de tecnologia, que precisam ser detalhados no contrato espec\u00edfico que ainda n\u00e3o foi assinado. Apesar disso, a funda\u00e7\u00e3o j\u00e1 trabalha na prepara\u00e7\u00e3o da estrutura necess\u00e1ria para iniciar a produ\u00e7\u00e3o do IFA nacional, que permitir\u00e1 a produ\u00e7\u00e3o de mais 110 milh\u00f5es de doses no segundo semestre.<\/p>\n<p style=\"text-align: justify;\">&#8220;A planta industrial de Bio-Manguinhos\/Fiocruz j\u00e1 est\u00e1 sendo adaptada para essa produ\u00e7\u00e3o e a previs\u00e3o \u00e9 de que esteja pronta em abril para a produ\u00e7\u00e3o nacional do IFA. O in\u00edcio e a conclus\u00e3o desse processo de transfer\u00eancia para a produ\u00e7\u00e3o nacional do IFA, bem como as entregas de vacinas integralmente produzidas por Bio-Manguinhos\/Fiocruz, previstas para o segundo semestre, estar\u00e3o detalhadas em cronograma a ser pactuado no contrato de transfer\u00eancia&#8221;.<\/p>\n<p style=\"text-align: justify;\">Procurada pela Ag\u00eancia Brasil, a AstraZeneca tamb\u00e9m informou que o acordo de transfer\u00eancia de tecnologia para a produ\u00e7\u00e3o do IFA no Brasil est\u00e1 em negocia\u00e7\u00e3o, que deve ser conclu\u00edda em breve. &#8220;A AstraZeneca est\u00e1 trabalhando diariamente para viabilizar a transfer\u00eancia de tecnologia para produ\u00e7\u00e3o do IFA o mais r\u00e1pido poss\u00edvel&#8221;, afirma a nota.<\/p>\n<h2 style=\"text-align: justify;\">Novos lotes<\/h2>\n<p style=\"text-align: justify;\">Fiocruz e AstraZeneca lembram ainda que mais dois lotes de IFA importado chegar\u00e3o ao Brasil nesta semana, para a produ\u00e7\u00e3o de mais 12 milh\u00f5es de doses da vacina contra covid-19. A Fiocruz prev\u00ea entregar ao Programa Nacional de Imuniza\u00e7\u00f5es 15 milh\u00f5es de doses da vacina Oxford\/AstraZeneca at\u00e9 o fim\u00a0de mar\u00e7o, e aumentar o ritmo de produ\u00e7\u00e3o a partir\u00a0de abril.<\/p>\n<p style=\"text-align: justify;\">Al\u00e9m disso, Fiocruz, AstraZeneca e Instituto Serum, da \u00cdndia, acertaram a importa\u00e7\u00e3o de mais uma remessa com 2 milh\u00f5es de doses prontas da vacina de Oxford produzidas pelo laborat\u00f3rio indiano. Os imunizantes iniciar\u00e3o a viagem em dire\u00e7\u00e3o ao Brasil amanh\u00e3, em um voo que vai decolar de Mumbai, e devem chegar a S\u00e3o Paulo na manh\u00e3 de ter\u00e7a-feira (23). Assim que desembarcarem no Brasil, as doses ser\u00e3o encaminhadas a Bio-Manguinhos, no Rio\u00a0de Janeiro, onde ser\u00e3o rotuladas antes de serem entregues ao Minist\u00e9rio da Sa\u00fade.<\/p>\n<p>Fonte : Ag\u00eancia Brasil.<\/p>\n","protected":false},"excerpt":{"rendered":"<p>Dois lotes de IFA importado chegar\u00e3o ao Brasil nesta semana. A Funda\u00e7\u00e3o Oswaldo Cruz (Fiocruz) afirmou\u00a0hoje\u00a0(21) que deve ser assinado at\u00e9 mar\u00e7o o contrato com a farmac\u00eautica AstraZeneca que detalha a transfer\u00eancia de tecnologia para a produ\u00e7\u00e3o do ingrediente farmac\u00eautico ativo (IFA) da vacina Oxford no Instituto de Tecnologia em Imunobiol\u00f3gicos (Bio-Manguinhos). A empresa anglo-sueca [&hellip;]<\/p>\n","protected":false},"author":2,"featured_media":22923,"comment_status":"open","ping_status":"open","sticky":false,"template":"","format":"standard","meta":{"footnotes":""},"categories":[1],"tags":[],"class_list":{"0":"post-22925","1":"post","2":"type-post","3":"status-publish","4":"format-standard","5":"has-post-thumbnail","7":"category-outros"},"yoast_head":"<!-- This site is optimized with the Yoast SEO Premium plugin v24.5 (Yoast SEO v27.5) - https:\/\/yoast.com\/product\/yoast-seo-premium-wordpress\/ -->\n<title>Fiocruz deve assinar transfer\u00eancia de tecnologia do IFA at\u00e9 mar\u00e7o . - P31<\/title>\n<meta name=\"robots\" content=\"index, follow, max-snippet:-1, max-image-preview:large, max-video-preview:-1\" \/>\n<link rel=\"canonical\" href=\"https:\/\/www.p31noticias.com.br\/?p=22925\" \/>\n<meta property=\"og:locale\" content=\"pt_BR\" \/>\n<meta property=\"og:type\" content=\"article\" \/>\n<meta property=\"og:title\" content=\"Fiocruz deve assinar transfer\u00eancia de tecnologia do IFA at\u00e9 mar\u00e7o .\" \/>\n<meta property=\"og:description\" content=\"Dois lotes de IFA importado chegar\u00e3o ao Brasil nesta semana. A Funda\u00e7\u00e3o Oswaldo Cruz (Fiocruz) afirmou\u00a0hoje\u00a0(21) que deve ser assinado at\u00e9 mar\u00e7o o contrato com a farmac\u00eautica AstraZeneca que detalha a transfer\u00eancia de tecnologia para a produ\u00e7\u00e3o do ingrediente farmac\u00eautico ativo (IFA) da vacina Oxford no Instituto de Tecnologia em Imunobiol\u00f3gicos (Bio-Manguinhos). A empresa anglo-sueca [&hellip;]\" \/>\n<meta property=\"og:url\" content=\"https:\/\/www.p31noticias.com.br\/?p=22925\" \/>\n<meta property=\"og:site_name\" content=\"P31\" \/>\n<meta property=\"article:published_time\" content=\"2021-02-22T01:38:03+00:00\" \/>\n<meta property=\"og:image\" content=\"https:\/\/www.p31noticias.com.br\/wp-content\/uploads\/2021\/02\/fiocruzenvase_de_ifa_vacina_covid-19fiocruz_13022101172.jpg\" \/>\n\t<meta property=\"og:image:width\" content=\"1170\" \/>\n\t<meta property=\"og:image:height\" content=\"700\" \/>\n\t<meta property=\"og:image:type\" content=\"image\/jpeg\" \/>\n<meta name=\"author\" content=\"Gon\u00e7alves Junior\" \/>\n<meta name=\"twitter:card\" content=\"summary_large_image\" \/>\n<meta name=\"twitter:label1\" content=\"Escrito por\" \/>\n\t<meta name=\"twitter:data1\" content=\"Gon\u00e7alves Junior\" \/>\n\t<meta name=\"twitter:label2\" content=\"Est. tempo de leitura\" \/>\n\t<meta name=\"twitter:data2\" content=\"3 minutos\" \/>\n<script type=\"application\/ld+json\" class=\"yoast-schema-graph\">{\"@context\":\"https:\\\/\\\/schema.org\",\"@graph\":[{\"@type\":\"Article\",\"@id\":\"https:\\\/\\\/www.p31noticias.com.br\\\/?p=22925#article\",\"isPartOf\":{\"@id\":\"https:\\\/\\\/www.p31noticias.com.br\\\/?p=22925\"},\"author\":{\"name\":\"Gon\u00e7alves Junior\",\"@id\":\"https:\\\/\\\/www.p31noticias.com.br\\\/#\\\/schema\\\/person\\\/95f2ece30e3b4132065b915150cd0f94\"},\"headline\":\"Fiocruz deve assinar transfer\u00eancia de tecnologia do IFA at\u00e9 mar\u00e7o .\",\"datePublished\":\"2021-02-22T01:38:03+00:00\",\"mainEntityOfPage\":{\"@id\":\"https:\\\/\\\/www.p31noticias.com.br\\\/?p=22925\"},\"wordCount\":604,\"commentCount\":0,\"image\":{\"@id\":\"https:\\\/\\\/www.p31noticias.com.br\\\/?p=22925#primaryimage\"},\"thumbnailUrl\":\"https:\\\/\\\/www.p31noticias.com.br\\\/wp-content\\\/uploads\\\/2021\\\/02\\\/fiocruzenvase_de_ifa_vacina_covid-19fiocruz_13022101172.jpg\",\"articleSection\":[\"Outros\"],\"inLanguage\":\"pt-BR\",\"potentialAction\":[{\"@type\":\"CommentAction\",\"name\":\"Comment\",\"target\":[\"https:\\\/\\\/www.p31noticias.com.br\\\/?p=22925#respond\"]}],\"copyrightYear\":\"2021\",\"copyrightHolder\":{\"@id\":\"https:\\\/\\\/www.p31noticias.com.br\\\/#organization\"}},{\"@type\":\"WebPage\",\"@id\":\"https:\\\/\\\/www.p31noticias.com.br\\\/?p=22925\",\"url\":\"https:\\\/\\\/www.p31noticias.com.br\\\/?p=22925\",\"name\":\"Fiocruz deve assinar transfer\u00eancia de tecnologia do IFA at\u00e9 mar\u00e7o . - P31\",\"isPartOf\":{\"@id\":\"https:\\\/\\\/www.p31noticias.com.br\\\/#website\"},\"primaryImageOfPage\":{\"@id\":\"https:\\\/\\\/www.p31noticias.com.br\\\/?p=22925#primaryimage\"},\"image\":{\"@id\":\"https:\\\/\\\/www.p31noticias.com.br\\\/?p=22925#primaryimage\"},\"thumbnailUrl\":\"https:\\\/\\\/www.p31noticias.com.br\\\/wp-content\\\/uploads\\\/2021\\\/02\\\/fiocruzenvase_de_ifa_vacina_covid-19fiocruz_13022101172.jpg\",\"datePublished\":\"2021-02-22T01:38:03+00:00\",\"author\":{\"@id\":\"https:\\\/\\\/www.p31noticias.com.br\\\/#\\\/schema\\\/person\\\/95f2ece30e3b4132065b915150cd0f94\"},\"breadcrumb\":{\"@id\":\"https:\\\/\\\/www.p31noticias.com.br\\\/?p=22925#breadcrumb\"},\"inLanguage\":\"pt-BR\",\"potentialAction\":[{\"@type\":\"ReadAction\",\"target\":[\"https:\\\/\\\/www.p31noticias.com.br\\\/?p=22925\"]}]},{\"@type\":\"ImageObject\",\"inLanguage\":\"pt-BR\",\"@id\":\"https:\\\/\\\/www.p31noticias.com.br\\\/?p=22925#primaryimage\",\"url\":\"https:\\\/\\\/www.p31noticias.com.br\\\/wp-content\\\/uploads\\\/2021\\\/02\\\/fiocruzenvase_de_ifa_vacina_covid-19fiocruz_13022101172.jpg\",\"contentUrl\":\"https:\\\/\\\/www.p31noticias.com.br\\\/wp-content\\\/uploads\\\/2021\\\/02\\\/fiocruzenvase_de_ifa_vacina_covid-19fiocruz_13022101172.jpg\",\"width\":1170,\"height\":700,\"caption\":\"Fiocruz inicia envase do primeiro lote de IFA da vacina Covid-19\"},{\"@type\":\"BreadcrumbList\",\"@id\":\"https:\\\/\\\/www.p31noticias.com.br\\\/?p=22925#breadcrumb\",\"itemListElement\":[{\"@type\":\"ListItem\",\"position\":1,\"name\":\"In\u00edcio\",\"item\":\"https:\\\/\\\/www.p31noticias.com.br\\\/\"},{\"@type\":\"ListItem\",\"position\":2,\"name\":\"Fiocruz deve assinar transfer\u00eancia de tecnologia do IFA at\u00e9 mar\u00e7o .\"}]},{\"@type\":\"WebSite\",\"@id\":\"https:\\\/\\\/www.p31noticias.com.br\\\/#website\",\"url\":\"https:\\\/\\\/www.p31noticias.com.br\\\/\",\"name\":\"P31\",\"description\":\"NOT\u00cdCIAS\",\"potentialAction\":[{\"@type\":\"SearchAction\",\"target\":{\"@type\":\"EntryPoint\",\"urlTemplate\":\"https:\\\/\\\/www.p31noticias.com.br\\\/?s={search_term_string}\"},\"query-input\":{\"@type\":\"PropertyValueSpecification\",\"valueRequired\":true,\"valueName\":\"search_term_string\"}}],\"inLanguage\":\"pt-BR\"},{\"@type\":\"Person\",\"@id\":\"https:\\\/\\\/www.p31noticias.com.br\\\/#\\\/schema\\\/person\\\/95f2ece30e3b4132065b915150cd0f94\",\"name\":\"Gon\u00e7alves Junior\",\"image\":{\"@type\":\"ImageObject\",\"inLanguage\":\"pt-BR\",\"@id\":\"https:\\\/\\\/secure.gravatar.com\\\/avatar\\\/6711f350116a89762687a48d66f723c799e5438a5b7578508d4294cd7a5d0800?s=96&d=mm&r=g\",\"url\":\"https:\\\/\\\/secure.gravatar.com\\\/avatar\\\/6711f350116a89762687a48d66f723c799e5438a5b7578508d4294cd7a5d0800?s=96&d=mm&r=g\",\"contentUrl\":\"https:\\\/\\\/secure.gravatar.com\\\/avatar\\\/6711f350116a89762687a48d66f723c799e5438a5b7578508d4294cd7a5d0800?s=96&d=mm&r=g\",\"caption\":\"Gon\u00e7alves Junior\"},\"url\":\"https:\\\/\\\/www.p31noticias.com.br\\\/?author=2\"}]}<\/script>\n<!-- \/ Yoast SEO Premium plugin. -->","yoast_head_json":{"title":"Fiocruz deve assinar transfer\u00eancia de tecnologia do IFA at\u00e9 mar\u00e7o . - P31","robots":{"index":"index","follow":"follow","max-snippet":"max-snippet:-1","max-image-preview":"max-image-preview:large","max-video-preview":"max-video-preview:-1"},"canonical":"https:\/\/www.p31noticias.com.br\/?p=22925","og_locale":"pt_BR","og_type":"article","og_title":"Fiocruz deve assinar transfer\u00eancia de tecnologia do IFA at\u00e9 mar\u00e7o .","og_description":"Dois lotes de IFA importado chegar\u00e3o ao Brasil nesta semana. A Funda\u00e7\u00e3o Oswaldo Cruz (Fiocruz) afirmou\u00a0hoje\u00a0(21) que deve ser assinado at\u00e9 mar\u00e7o o contrato com a farmac\u00eautica AstraZeneca que detalha a transfer\u00eancia de tecnologia para a produ\u00e7\u00e3o do ingrediente farmac\u00eautico ativo (IFA) da vacina Oxford no Instituto de Tecnologia em Imunobiol\u00f3gicos (Bio-Manguinhos). A empresa anglo-sueca [&hellip;]","og_url":"https:\/\/www.p31noticias.com.br\/?p=22925","og_site_name":"P31","article_published_time":"2021-02-22T01:38:03+00:00","og_image":[{"width":1170,"height":700,"url":"https:\/\/www.p31noticias.com.br\/wp-content\/uploads\/2021\/02\/fiocruzenvase_de_ifa_vacina_covid-19fiocruz_13022101172.jpg","type":"image\/jpeg"}],"author":"Gon\u00e7alves Junior","twitter_card":"summary_large_image","twitter_misc":{"Escrito por":"Gon\u00e7alves Junior","Est. tempo de leitura":"3 minutos"},"schema":{"@context":"https:\/\/schema.org","@graph":[{"@type":"Article","@id":"https:\/\/www.p31noticias.com.br\/?p=22925#article","isPartOf":{"@id":"https:\/\/www.p31noticias.com.br\/?p=22925"},"author":{"name":"Gon\u00e7alves Junior","@id":"https:\/\/www.p31noticias.com.br\/#\/schema\/person\/95f2ece30e3b4132065b915150cd0f94"},"headline":"Fiocruz deve assinar transfer\u00eancia de tecnologia do IFA at\u00e9 mar\u00e7o .","datePublished":"2021-02-22T01:38:03+00:00","mainEntityOfPage":{"@id":"https:\/\/www.p31noticias.com.br\/?p=22925"},"wordCount":604,"commentCount":0,"image":{"@id":"https:\/\/www.p31noticias.com.br\/?p=22925#primaryimage"},"thumbnailUrl":"https:\/\/www.p31noticias.com.br\/wp-content\/uploads\/2021\/02\/fiocruzenvase_de_ifa_vacina_covid-19fiocruz_13022101172.jpg","articleSection":["Outros"],"inLanguage":"pt-BR","potentialAction":[{"@type":"CommentAction","name":"Comment","target":["https:\/\/www.p31noticias.com.br\/?p=22925#respond"]}],"copyrightYear":"2021","copyrightHolder":{"@id":"https:\/\/www.p31noticias.com.br\/#organization"}},{"@type":"WebPage","@id":"https:\/\/www.p31noticias.com.br\/?p=22925","url":"https:\/\/www.p31noticias.com.br\/?p=22925","name":"Fiocruz deve assinar transfer\u00eancia de tecnologia do IFA at\u00e9 mar\u00e7o . - P31","isPartOf":{"@id":"https:\/\/www.p31noticias.com.br\/#website"},"primaryImageOfPage":{"@id":"https:\/\/www.p31noticias.com.br\/?p=22925#primaryimage"},"image":{"@id":"https:\/\/www.p31noticias.com.br\/?p=22925#primaryimage"},"thumbnailUrl":"https:\/\/www.p31noticias.com.br\/wp-content\/uploads\/2021\/02\/fiocruzenvase_de_ifa_vacina_covid-19fiocruz_13022101172.jpg","datePublished":"2021-02-22T01:38:03+00:00","author":{"@id":"https:\/\/www.p31noticias.com.br\/#\/schema\/person\/95f2ece30e3b4132065b915150cd0f94"},"breadcrumb":{"@id":"https:\/\/www.p31noticias.com.br\/?p=22925#breadcrumb"},"inLanguage":"pt-BR","potentialAction":[{"@type":"ReadAction","target":["https:\/\/www.p31noticias.com.br\/?p=22925"]}]},{"@type":"ImageObject","inLanguage":"pt-BR","@id":"https:\/\/www.p31noticias.com.br\/?p=22925#primaryimage","url":"https:\/\/www.p31noticias.com.br\/wp-content\/uploads\/2021\/02\/fiocruzenvase_de_ifa_vacina_covid-19fiocruz_13022101172.jpg","contentUrl":"https:\/\/www.p31noticias.com.br\/wp-content\/uploads\/2021\/02\/fiocruzenvase_de_ifa_vacina_covid-19fiocruz_13022101172.jpg","width":1170,"height":700,"caption":"Fiocruz inicia envase do primeiro lote de IFA da vacina Covid-19"},{"@type":"BreadcrumbList","@id":"https:\/\/www.p31noticias.com.br\/?p=22925#breadcrumb","itemListElement":[{"@type":"ListItem","position":1,"name":"In\u00edcio","item":"https:\/\/www.p31noticias.com.br\/"},{"@type":"ListItem","position":2,"name":"Fiocruz deve assinar transfer\u00eancia de tecnologia do IFA at\u00e9 mar\u00e7o ."}]},{"@type":"WebSite","@id":"https:\/\/www.p31noticias.com.br\/#website","url":"https:\/\/www.p31noticias.com.br\/","name":"P31","description":"NOT\u00cdCIAS","potentialAction":[{"@type":"SearchAction","target":{"@type":"EntryPoint","urlTemplate":"https:\/\/www.p31noticias.com.br\/?s={search_term_string}"},"query-input":{"@type":"PropertyValueSpecification","valueRequired":true,"valueName":"search_term_string"}}],"inLanguage":"pt-BR"},{"@type":"Person","@id":"https:\/\/www.p31noticias.com.br\/#\/schema\/person\/95f2ece30e3b4132065b915150cd0f94","name":"Gon\u00e7alves Junior","image":{"@type":"ImageObject","inLanguage":"pt-BR","@id":"https:\/\/secure.gravatar.com\/avatar\/6711f350116a89762687a48d66f723c799e5438a5b7578508d4294cd7a5d0800?s=96&d=mm&r=g","url":"https:\/\/secure.gravatar.com\/avatar\/6711f350116a89762687a48d66f723c799e5438a5b7578508d4294cd7a5d0800?s=96&d=mm&r=g","contentUrl":"https:\/\/secure.gravatar.com\/avatar\/6711f350116a89762687a48d66f723c799e5438a5b7578508d4294cd7a5d0800?s=96&d=mm&r=g","caption":"Gon\u00e7alves Junior"},"url":"https:\/\/www.p31noticias.com.br\/?author=2"}]}},"amp_enabled":true,"_links":{"self":[{"href":"https:\/\/www.p31noticias.com.br\/index.php?rest_route=\/wp\/v2\/posts\/22925","targetHints":{"allow":["GET"]}}],"collection":[{"href":"https:\/\/www.p31noticias.com.br\/index.php?rest_route=\/wp\/v2\/posts"}],"about":[{"href":"https:\/\/www.p31noticias.com.br\/index.php?rest_route=\/wp\/v2\/types\/post"}],"author":[{"embeddable":true,"href":"https:\/\/www.p31noticias.com.br\/index.php?rest_route=\/wp\/v2\/users\/2"}],"replies":[{"embeddable":true,"href":"https:\/\/www.p31noticias.com.br\/index.php?rest_route=%2Fwp%2Fv2%2Fcomments&post=22925"}],"version-history":[{"count":1,"href":"https:\/\/www.p31noticias.com.br\/index.php?rest_route=\/wp\/v2\/posts\/22925\/revisions"}],"predecessor-version":[{"id":22926,"href":"https:\/\/www.p31noticias.com.br\/index.php?rest_route=\/wp\/v2\/posts\/22925\/revisions\/22926"}],"wp:featuredmedia":[{"embeddable":true,"href":"https:\/\/www.p31noticias.com.br\/index.php?rest_route=\/wp\/v2\/media\/22923"}],"wp:attachment":[{"href":"https:\/\/www.p31noticias.com.br\/index.php?rest_route=%2Fwp%2Fv2%2Fmedia&parent=22925"}],"wp:term":[{"taxonomy":"category","embeddable":true,"href":"https:\/\/www.p31noticias.com.br\/index.php?rest_route=%2Fwp%2Fv2%2Fcategories&post=22925"},{"taxonomy":"post_tag","embeddable":true,"href":"https:\/\/www.p31noticias.com.br\/index.php?rest_route=%2Fwp%2Fv2%2Ftags&post=22925"}],"curies":[{"name":"wp","href":"https:\/\/api.w.org\/{rel}","templated":true}]}}