{"id":22919,"date":"2021-02-22T01:10:49","date_gmt":"2021-02-22T01:10:49","guid":{"rendered":"https:\/\/p31noticias.com.br\/?p=22919"},"modified":"2021-02-22T01:10:49","modified_gmt":"2021-02-22T01:10:49","slug":"hospital-de-campanha-de-ceilandia-tem-taxa-de-782-de-recuperacao","status":"publish","type":"post","link":"https:\/\/www.p31noticias.com.br\/?p=22919","title":{"rendered":"Hospital de Campanha de Ceil\u00e2ndia tem taxa de 78,2% de recupera\u00e7\u00e3o"},"content":{"rendered":"<p style=\"text-align: justify;\"><em><strong>Unidade completa um m\u00eas de funcionamento neste domingo (21) e j\u00e1 salvou 122 vidas do novo coronav\u00edrus. Trinta e quatro pacientes permanecem internados .<\/strong><\/em><\/p>\n<p style=\"text-align: justify;\">Equipamento p\u00fablico destinado a cuidar de pacientes com diagn\u00f3stico de coronav\u00edrus (Covid-19), o Hospital de Campanha de Ceil\u00e2ndia completa um m\u00eas de funcionamento neste domingo (21) com bons n\u00fameros. A unidade tem taxa de recupera\u00e7\u00e3o de 78,2% e, neste primeiro m\u00eas, deu alta a 122 dos 156 pacientes internados. Vale destacar que nenhum \u00f3bito foi registrado no per\u00edodo.<\/p>\n<p style=\"text-align: justify;\">O hospital funciona como retaguarda para toda rede da Secretaria de Sa\u00fade e ocupa uma \u00e1rea de aproximadamente 22.900 m\u00b2 ao lado da Unidade de Pronto Atendimento (UPA) de Ceil\u00e2ndia, na QNN 27, \u00c1rea Especial D. Dentro de toda essa \u00e1rea est\u00e3o instalados os 60 leitos para atender \u00e0 popula\u00e7\u00e3o, onde 20 s\u00e3o para cuidados intermedi\u00e1rios e 40 de enfermaria. Atualmente, 37 leitos est\u00e3o ocupados por pacientes de diferentes idades, mas em sua maioria idosos.<\/p>\n<p style=\"text-align: justify;\">Os chamados leitos de enfermaria s\u00e3o destinados \u00e0 interna\u00e7\u00e3o de pacientes est\u00e1veis, n\u00e3o cr\u00edticos, que n\u00e3o necessitam de cuidados intensivos. J\u00e1 os de suporte ventilat\u00f3rio possuem ainda outros equipamentos de monitoramento do quadro cl\u00ednico do paciente. A unidade tamb\u00e9m disp\u00f5e de uma equipe multidisciplinar e tem o suporte do Hospital Regional de Ceil\u00e2ndia (HRC) nos casos de maior gravidade.<\/p>\n<p style=\"text-align: justify;\">No Hospital de Campanha trabalham dezenas de profissionais, sendo 21 m\u00e9dicos, 80 profissionais de enfermagem, entre t\u00e9cnicos e enfermeiros, e outras dezenas de servidores, como psic\u00f3logos e fonoaudi\u00f3logos. Todos pertencem ou ao quadro da Secretaria de Sa\u00fade, sendo efetivos ou tempor\u00e1rios.<\/p>\n<p style=\"text-align: justify;\">Com toda essa estrutura f\u00edsica e de pessoal e os bons n\u00fameros de recupera\u00e7\u00e3o, a avalia\u00e7\u00e3o \u00e9 que o hospital tornou-se um grande refor\u00e7o no tratamento da doen\u00e7a no DF. \u201cTem funcionado muito bem o Hospital de Campanha. As equipes pegaram o ritmo e o hospital tem tido bastante rotatividade, praticamente sem intercorr\u00eancia com os pacientes. O hospital tem sido um sucesso no atendimento \u00e0 popula\u00e7\u00e3o\u201d, aponta Fl\u00e1via Gondim, diretora-administrativa da Superintend\u00eancia Oeste da Secretaria de Sa\u00fade.<\/p>\n<p style=\"text-align: justify;\">Enfermeira que atua no Hospital de Campanha, Maria das Dores Lopes de Fran\u00e7a comemora o legado que a estrutura f\u00edsica e de equipamentos da unidade vai deixar quando a pandemia passar. \u201c\u00c9 um grande ganho esses 60 leitos, pois a popula\u00e7\u00e3o estava carente de equipamentos de sa\u00fade. Esses leitos ser\u00e3o significativos para a popula\u00e7\u00e3o, seja para tratar Covid-19 ou n\u00e3o. A Ceil\u00e2ndia ganha muito\u201d, comenta Maria, ao lembrar que tanto a estrutura f\u00edsica como os equipamentos pertencem \u00e0 Secretaria de Sa\u00fade, ou seja, n\u00e3o s\u00e3o fruto de contratos tempor\u00e1rios.<\/p>\n<p style=\"text-align: justify;\"><strong>Hist\u00f3rico<\/strong><\/p>\n<p style=\"text-align: justify;\">No auge da pandemia, o DF alcan\u00e7ou 761 leitos com suporte ventilat\u00f3rio mobilizados, entre pr\u00f3prios e contratados. Para uso, foram disponibilizados 715, contemplando 188 unidades de cuidados intermedi\u00e1rios (UCIs) e 527 unidades de terapia intensiva (UTIs).<\/p>\n<p style=\"text-align: justify;\">Em 8 de agosto de 2020, o DF atingiu o n\u00famero m\u00e1ximo de leitos ocupados: 532. Destes, 392 eram de UTI e 140 de UCI. Na capital, o primeiro caso de contamina\u00e7\u00e3o por Covid-19 foi confirmado em 7 de mar\u00e7o do ano passado. Antes mesmo dessa confirma\u00e7\u00e3o, o GDF trabalhou para tratar os pacientes \u2013 \u00e0 \u00e9poca, um andar inteiro do Hospital Regional da Asa Norte (Hran) foi disponibilizado.<\/p>\n<p style=\"text-align: justify;\">No decorrer de 2020, outras unidades abrigaram pacientes de Covid-19 e hospitais de campanha foram constru\u00eddos, como o do Man\u00e9 Garrincha e o da Pol\u00edcia Militar do Distrito Federal (PMDF) \u2013 este \u00faltimo segue em funcionamento, com 80 leitos de UTI.<\/p>\n<p>Fonte : Ag\u00eancia Brasilia<\/p>\n","protected":false},"excerpt":{"rendered":"<p>Unidade completa um m\u00eas de funcionamento neste domingo (21) e j\u00e1 salvou 122 vidas do novo coronav\u00edrus. Trinta e quatro pacientes permanecem internados . Equipamento p\u00fablico destinado a cuidar de pacientes com diagn\u00f3stico de coronav\u00edrus (Covid-19), o Hospital de Campanha de Ceil\u00e2ndia completa um m\u00eas de funcionamento neste domingo (21) com bons n\u00fameros. A unidade [&hellip;]<\/p>\n","protected":false},"author":2,"featured_media":22920,"comment_status":"open","ping_status":"open","sticky":false,"template":"","format":"standard","meta":{"footnotes":""},"categories":[1],"tags":[],"class_list":{"0":"post-22919","1":"post","2":"type-post","3":"status-publish","4":"format-standard","5":"has-post-thumbnail","7":"category-outros"},"yoast_head":"<!-- This site is optimized with the Yoast SEO Premium plugin v24.5 (Yoast SEO v27.5) - https:\/\/yoast.com\/product\/yoast-seo-premium-wordpress\/ -->\n<title>Hospital de Campanha de Ceil\u00e2ndia tem taxa de 78,2% de recupera\u00e7\u00e3o - P31<\/title>\n<meta name=\"robots\" content=\"index, follow, max-snippet:-1, max-image-preview:large, max-video-preview:-1\" \/>\n<link rel=\"canonical\" href=\"https:\/\/www.p31noticias.com.br\/?p=22919\" \/>\n<meta property=\"og:locale\" content=\"pt_BR\" \/>\n<meta property=\"og:type\" content=\"article\" \/>\n<meta property=\"og:title\" content=\"Hospital de Campanha de Ceil\u00e2ndia tem taxa de 78,2% de recupera\u00e7\u00e3o\" \/>\n<meta property=\"og:description\" content=\"Unidade completa um m\u00eas de funcionamento neste domingo (21) e j\u00e1 salvou 122 vidas do novo coronav\u00edrus. Trinta e quatro pacientes permanecem internados . Equipamento p\u00fablico destinado a cuidar de pacientes com diagn\u00f3stico de coronav\u00edrus (Covid-19), o Hospital de Campanha de Ceil\u00e2ndia completa um m\u00eas de funcionamento neste domingo (21) com bons n\u00fameros. A unidade [&hellip;]\" \/>\n<meta property=\"og:url\" content=\"https:\/\/www.p31noticias.com.br\/?p=22919\" \/>\n<meta property=\"og:site_name\" content=\"P31\" \/>\n<meta property=\"article:published_time\" content=\"2021-02-22T01:10:49+00:00\" \/>\n<meta property=\"og:image\" content=\"https:\/\/www.p31noticias.com.br\/wp-content\/uploads\/2021\/02\/WhatsApp-Image-2021-02-21-at-10.47.57-1024x682-1.jpeg\" \/>\n\t<meta property=\"og:image:width\" content=\"1024\" \/>\n\t<meta property=\"og:image:height\" content=\"682\" \/>\n\t<meta property=\"og:image:type\" content=\"image\/jpeg\" \/>\n<meta name=\"author\" content=\"Gon\u00e7alves Junior\" \/>\n<meta name=\"twitter:card\" content=\"summary_large_image\" \/>\n<meta name=\"twitter:label1\" content=\"Escrito por\" \/>\n\t<meta name=\"twitter:data1\" content=\"Gon\u00e7alves Junior\" \/>\n\t<meta name=\"twitter:label2\" content=\"Est. tempo de leitura\" \/>\n\t<meta name=\"twitter:data2\" content=\"3 minutos\" \/>\n<script type=\"application\/ld+json\" class=\"yoast-schema-graph\">{\"@context\":\"https:\\\/\\\/schema.org\",\"@graph\":[{\"@type\":\"Article\",\"@id\":\"https:\\\/\\\/www.p31noticias.com.br\\\/?p=22919#article\",\"isPartOf\":{\"@id\":\"https:\\\/\\\/www.p31noticias.com.br\\\/?p=22919\"},\"author\":{\"name\":\"Gon\u00e7alves Junior\",\"@id\":\"https:\\\/\\\/www.p31noticias.com.br\\\/#\\\/schema\\\/person\\\/95f2ece30e3b4132065b915150cd0f94\"},\"headline\":\"Hospital de Campanha de Ceil\u00e2ndia tem taxa de 78,2% de recupera\u00e7\u00e3o\",\"datePublished\":\"2021-02-22T01:10:49+00:00\",\"mainEntityOfPage\":{\"@id\":\"https:\\\/\\\/www.p31noticias.com.br\\\/?p=22919\"},\"wordCount\":620,\"commentCount\":0,\"image\":{\"@id\":\"https:\\\/\\\/www.p31noticias.com.br\\\/?p=22919#primaryimage\"},\"thumbnailUrl\":\"https:\\\/\\\/www.p31noticias.com.br\\\/wp-content\\\/uploads\\\/2021\\\/02\\\/WhatsApp-Image-2021-02-21-at-10.47.57-1024x682-1.jpeg\",\"articleSection\":[\"Outros\"],\"inLanguage\":\"pt-BR\",\"potentialAction\":[{\"@type\":\"CommentAction\",\"name\":\"Comment\",\"target\":[\"https:\\\/\\\/www.p31noticias.com.br\\\/?p=22919#respond\"]}],\"copyrightYear\":\"2021\",\"copyrightHolder\":{\"@id\":\"https:\\\/\\\/www.p31noticias.com.br\\\/#organization\"}},{\"@type\":\"WebPage\",\"@id\":\"https:\\\/\\\/www.p31noticias.com.br\\\/?p=22919\",\"url\":\"https:\\\/\\\/www.p31noticias.com.br\\\/?p=22919\",\"name\":\"Hospital de Campanha de Ceil\u00e2ndia tem taxa de 78,2% de recupera\u00e7\u00e3o - P31\",\"isPartOf\":{\"@id\":\"https:\\\/\\\/www.p31noticias.com.br\\\/#website\"},\"primaryImageOfPage\":{\"@id\":\"https:\\\/\\\/www.p31noticias.com.br\\\/?p=22919#primaryimage\"},\"image\":{\"@id\":\"https:\\\/\\\/www.p31noticias.com.br\\\/?p=22919#primaryimage\"},\"thumbnailUrl\":\"https:\\\/\\\/www.p31noticias.com.br\\\/wp-content\\\/uploads\\\/2021\\\/02\\\/WhatsApp-Image-2021-02-21-at-10.47.57-1024x682-1.jpeg\",\"datePublished\":\"2021-02-22T01:10:49+00:00\",\"author\":{\"@id\":\"https:\\\/\\\/www.p31noticias.com.br\\\/#\\\/schema\\\/person\\\/95f2ece30e3b4132065b915150cd0f94\"},\"breadcrumb\":{\"@id\":\"https:\\\/\\\/www.p31noticias.com.br\\\/?p=22919#breadcrumb\"},\"inLanguage\":\"pt-BR\",\"potentialAction\":[{\"@type\":\"ReadAction\",\"target\":[\"https:\\\/\\\/www.p31noticias.com.br\\\/?p=22919\"]}]},{\"@type\":\"ImageObject\",\"inLanguage\":\"pt-BR\",\"@id\":\"https:\\\/\\\/www.p31noticias.com.br\\\/?p=22919#primaryimage\",\"url\":\"https:\\\/\\\/www.p31noticias.com.br\\\/wp-content\\\/uploads\\\/2021\\\/02\\\/WhatsApp-Image-2021-02-21-at-10.47.57-1024x682-1.jpeg\",\"contentUrl\":\"https:\\\/\\\/www.p31noticias.com.br\\\/wp-content\\\/uploads\\\/2021\\\/02\\\/WhatsApp-Image-2021-02-21-at-10.47.57-1024x682-1.jpeg\",\"width\":1024,\"height\":682},{\"@type\":\"BreadcrumbList\",\"@id\":\"https:\\\/\\\/www.p31noticias.com.br\\\/?p=22919#breadcrumb\",\"itemListElement\":[{\"@type\":\"ListItem\",\"position\":1,\"name\":\"In\u00edcio\",\"item\":\"https:\\\/\\\/www.p31noticias.com.br\\\/\"},{\"@type\":\"ListItem\",\"position\":2,\"name\":\"Hospital de Campanha de Ceil\u00e2ndia tem taxa de 78,2% de recupera\u00e7\u00e3o\"}]},{\"@type\":\"WebSite\",\"@id\":\"https:\\\/\\\/www.p31noticias.com.br\\\/#website\",\"url\":\"https:\\\/\\\/www.p31noticias.com.br\\\/\",\"name\":\"P31\",\"description\":\"NOT\u00cdCIAS\",\"potentialAction\":[{\"@type\":\"SearchAction\",\"target\":{\"@type\":\"EntryPoint\",\"urlTemplate\":\"https:\\\/\\\/www.p31noticias.com.br\\\/?s={search_term_string}\"},\"query-input\":{\"@type\":\"PropertyValueSpecification\",\"valueRequired\":true,\"valueName\":\"search_term_string\"}}],\"inLanguage\":\"pt-BR\"},{\"@type\":\"Person\",\"@id\":\"https:\\\/\\\/www.p31noticias.com.br\\\/#\\\/schema\\\/person\\\/95f2ece30e3b4132065b915150cd0f94\",\"name\":\"Gon\u00e7alves Junior\",\"image\":{\"@type\":\"ImageObject\",\"inLanguage\":\"pt-BR\",\"@id\":\"https:\\\/\\\/secure.gravatar.com\\\/avatar\\\/6711f350116a89762687a48d66f723c799e5438a5b7578508d4294cd7a5d0800?s=96&d=mm&r=g\",\"url\":\"https:\\\/\\\/secure.gravatar.com\\\/avatar\\\/6711f350116a89762687a48d66f723c799e5438a5b7578508d4294cd7a5d0800?s=96&d=mm&r=g\",\"contentUrl\":\"https:\\\/\\\/secure.gravatar.com\\\/avatar\\\/6711f350116a89762687a48d66f723c799e5438a5b7578508d4294cd7a5d0800?s=96&d=mm&r=g\",\"caption\":\"Gon\u00e7alves Junior\"},\"url\":\"https:\\\/\\\/www.p31noticias.com.br\\\/?author=2\"}]}<\/script>\n<!-- \/ Yoast SEO Premium plugin. -->","yoast_head_json":{"title":"Hospital de Campanha de Ceil\u00e2ndia tem taxa de 78,2% de recupera\u00e7\u00e3o - P31","robots":{"index":"index","follow":"follow","max-snippet":"max-snippet:-1","max-image-preview":"max-image-preview:large","max-video-preview":"max-video-preview:-1"},"canonical":"https:\/\/www.p31noticias.com.br\/?p=22919","og_locale":"pt_BR","og_type":"article","og_title":"Hospital de Campanha de Ceil\u00e2ndia tem taxa de 78,2% de recupera\u00e7\u00e3o","og_description":"Unidade completa um m\u00eas de funcionamento neste domingo (21) e j\u00e1 salvou 122 vidas do novo coronav\u00edrus. Trinta e quatro pacientes permanecem internados . Equipamento p\u00fablico destinado a cuidar de pacientes com diagn\u00f3stico de coronav\u00edrus (Covid-19), o Hospital de Campanha de Ceil\u00e2ndia completa um m\u00eas de funcionamento neste domingo (21) com bons n\u00fameros. A unidade [&hellip;]","og_url":"https:\/\/www.p31noticias.com.br\/?p=22919","og_site_name":"P31","article_published_time":"2021-02-22T01:10:49+00:00","og_image":[{"width":1024,"height":682,"url":"https:\/\/www.p31noticias.com.br\/wp-content\/uploads\/2021\/02\/WhatsApp-Image-2021-02-21-at-10.47.57-1024x682-1.jpeg","type":"image\/jpeg"}],"author":"Gon\u00e7alves Junior","twitter_card":"summary_large_image","twitter_misc":{"Escrito por":"Gon\u00e7alves Junior","Est. tempo de leitura":"3 minutos"},"schema":{"@context":"https:\/\/schema.org","@graph":[{"@type":"Article","@id":"https:\/\/www.p31noticias.com.br\/?p=22919#article","isPartOf":{"@id":"https:\/\/www.p31noticias.com.br\/?p=22919"},"author":{"name":"Gon\u00e7alves Junior","@id":"https:\/\/www.p31noticias.com.br\/#\/schema\/person\/95f2ece30e3b4132065b915150cd0f94"},"headline":"Hospital de Campanha de Ceil\u00e2ndia tem taxa de 78,2% de recupera\u00e7\u00e3o","datePublished":"2021-02-22T01:10:49+00:00","mainEntityOfPage":{"@id":"https:\/\/www.p31noticias.com.br\/?p=22919"},"wordCount":620,"commentCount":0,"image":{"@id":"https:\/\/www.p31noticias.com.br\/?p=22919#primaryimage"},"thumbnailUrl":"https:\/\/www.p31noticias.com.br\/wp-content\/uploads\/2021\/02\/WhatsApp-Image-2021-02-21-at-10.47.57-1024x682-1.jpeg","articleSection":["Outros"],"inLanguage":"pt-BR","potentialAction":[{"@type":"CommentAction","name":"Comment","target":["https:\/\/www.p31noticias.com.br\/?p=22919#respond"]}],"copyrightYear":"2021","copyrightHolder":{"@id":"https:\/\/www.p31noticias.com.br\/#organization"}},{"@type":"WebPage","@id":"https:\/\/www.p31noticias.com.br\/?p=22919","url":"https:\/\/www.p31noticias.com.br\/?p=22919","name":"Hospital de Campanha de Ceil\u00e2ndia tem taxa de 78,2% de recupera\u00e7\u00e3o - P31","isPartOf":{"@id":"https:\/\/www.p31noticias.com.br\/#website"},"primaryImageOfPage":{"@id":"https:\/\/www.p31noticias.com.br\/?p=22919#primaryimage"},"image":{"@id":"https:\/\/www.p31noticias.com.br\/?p=22919#primaryimage"},"thumbnailUrl":"https:\/\/www.p31noticias.com.br\/wp-content\/uploads\/2021\/02\/WhatsApp-Image-2021-02-21-at-10.47.57-1024x682-1.jpeg","datePublished":"2021-02-22T01:10:49+00:00","author":{"@id":"https:\/\/www.p31noticias.com.br\/#\/schema\/person\/95f2ece30e3b4132065b915150cd0f94"},"breadcrumb":{"@id":"https:\/\/www.p31noticias.com.br\/?p=22919#breadcrumb"},"inLanguage":"pt-BR","potentialAction":[{"@type":"ReadAction","target":["https:\/\/www.p31noticias.com.br\/?p=22919"]}]},{"@type":"ImageObject","inLanguage":"pt-BR","@id":"https:\/\/www.p31noticias.com.br\/?p=22919#primaryimage","url":"https:\/\/www.p31noticias.com.br\/wp-content\/uploads\/2021\/02\/WhatsApp-Image-2021-02-21-at-10.47.57-1024x682-1.jpeg","contentUrl":"https:\/\/www.p31noticias.com.br\/wp-content\/uploads\/2021\/02\/WhatsApp-Image-2021-02-21-at-10.47.57-1024x682-1.jpeg","width":1024,"height":682},{"@type":"BreadcrumbList","@id":"https:\/\/www.p31noticias.com.br\/?p=22919#breadcrumb","itemListElement":[{"@type":"ListItem","position":1,"name":"In\u00edcio","item":"https:\/\/www.p31noticias.com.br\/"},{"@type":"ListItem","position":2,"name":"Hospital de Campanha de Ceil\u00e2ndia tem taxa de 78,2% de recupera\u00e7\u00e3o"}]},{"@type":"WebSite","@id":"https:\/\/www.p31noticias.com.br\/#website","url":"https:\/\/www.p31noticias.com.br\/","name":"P31","description":"NOT\u00cdCIAS","potentialAction":[{"@type":"SearchAction","target":{"@type":"EntryPoint","urlTemplate":"https:\/\/www.p31noticias.com.br\/?s={search_term_string}"},"query-input":{"@type":"PropertyValueSpecification","valueRequired":true,"valueName":"search_term_string"}}],"inLanguage":"pt-BR"},{"@type":"Person","@id":"https:\/\/www.p31noticias.com.br\/#\/schema\/person\/95f2ece30e3b4132065b915150cd0f94","name":"Gon\u00e7alves Junior","image":{"@type":"ImageObject","inLanguage":"pt-BR","@id":"https:\/\/secure.gravatar.com\/avatar\/6711f350116a89762687a48d66f723c799e5438a5b7578508d4294cd7a5d0800?s=96&d=mm&r=g","url":"https:\/\/secure.gravatar.com\/avatar\/6711f350116a89762687a48d66f723c799e5438a5b7578508d4294cd7a5d0800?s=96&d=mm&r=g","contentUrl":"https:\/\/secure.gravatar.com\/avatar\/6711f350116a89762687a48d66f723c799e5438a5b7578508d4294cd7a5d0800?s=96&d=mm&r=g","caption":"Gon\u00e7alves Junior"},"url":"https:\/\/www.p31noticias.com.br\/?author=2"}]}},"amp_enabled":true,"_links":{"self":[{"href":"https:\/\/www.p31noticias.com.br\/index.php?rest_route=\/wp\/v2\/posts\/22919","targetHints":{"allow":["GET"]}}],"collection":[{"href":"https:\/\/www.p31noticias.com.br\/index.php?rest_route=\/wp\/v2\/posts"}],"about":[{"href":"https:\/\/www.p31noticias.com.br\/index.php?rest_route=\/wp\/v2\/types\/post"}],"author":[{"embeddable":true,"href":"https:\/\/www.p31noticias.com.br\/index.php?rest_route=\/wp\/v2\/users\/2"}],"replies":[{"embeddable":true,"href":"https:\/\/www.p31noticias.com.br\/index.php?rest_route=%2Fwp%2Fv2%2Fcomments&post=22919"}],"version-history":[{"count":1,"href":"https:\/\/www.p31noticias.com.br\/index.php?rest_route=\/wp\/v2\/posts\/22919\/revisions"}],"predecessor-version":[{"id":22921,"href":"https:\/\/www.p31noticias.com.br\/index.php?rest_route=\/wp\/v2\/posts\/22919\/revisions\/22921"}],"wp:featuredmedia":[{"embeddable":true,"href":"https:\/\/www.p31noticias.com.br\/index.php?rest_route=\/wp\/v2\/media\/22920"}],"wp:attachment":[{"href":"https:\/\/www.p31noticias.com.br\/index.php?rest_route=%2Fwp%2Fv2%2Fmedia&parent=22919"}],"wp:term":[{"taxonomy":"category","embeddable":true,"href":"https:\/\/www.p31noticias.com.br\/index.php?rest_route=%2Fwp%2Fv2%2Fcategories&post=22919"},{"taxonomy":"post_tag","embeddable":true,"href":"https:\/\/www.p31noticias.com.br\/index.php?rest_route=%2Fwp%2Fv2%2Ftags&post=22919"}],"curies":[{"name":"wp","href":"https:\/\/api.w.org\/{rel}","templated":true}]}}