{"id":22916,"date":"2021-02-22T01:02:43","date_gmt":"2021-02-22T01:02:43","guid":{"rendered":"https:\/\/p31noticias.com.br\/?p=22916"},"modified":"2021-02-22T01:02:43","modified_gmt":"2021-02-22T01:02:43","slug":"bolsonaro-indica-joaquim-silva-e-luna-para-presidencia-da-petrobras","status":"publish","type":"post","link":"https:\/\/www.p31noticias.com.br\/?p=22916","title":{"rendered":"Bolsonaro indica Joaquim Silva e Luna para presid\u00eancia da Petrobras"},"content":{"rendered":"<h3 class=\"col-10 offset-1 animated fadeInDown dealy-900 display-8 display-md-8 alt-font font-italic my-1 text-center\" style=\"text-align: justify;\"><em><strong>Indica\u00e7\u00e3o veio depois de seguidos aumentos no pre\u00e7o dos combust\u00edveis<\/strong><\/em><\/h3>\n<p style=\"text-align: justify;\">O presidente Jair Bolsonaro anunciou na noite desta sexta-feira (19) a indica\u00e7\u00e3o de novo nome para\u00a0a presid\u00eancia da Petrobras. Em postagem nas redes sociais, Bolsonaro compartilhou uma nota oficial do Minist\u00e9rio das Minas e Energia (MME) que informa a indica\u00e7\u00e3o do general Joaquim Silva e Luna para substituir Roberto Castello Branco, que est\u00e1 no cargo desde o in\u00edcio do governo, em janeiro de 2019.<img decoding=\"async\" src=\"https:\/\/agenciabrasil.ebc.com.br\/ebc.png?id=1401793&amp;o=node\" \/><img decoding=\"async\" src=\"https:\/\/agenciabrasil.ebc.com.br\/ebc.gif?id=1401793&amp;o=node\" \/><\/p>\n<p style=\"text-align: justify;\">&#8220;O governo decidiu indicar o senhor Joaquim Silva e Luna para cumprir uma nova miss\u00e3o, como conselheiro de administra\u00e7\u00e3o e presidente da Petrobras, ap\u00f3s o encerramento do ciclo, superior a dois anos, do atual presidente, senhor Roberto Castello Branco&#8221;, diz a nota, assinada pela Assessoria de Comunica\u00e7\u00e3o Social do MME. Silva e Luna foi ministro da Defesa no governo Michel Temer e, desde janeiro de 2019, ocupa o cargo de diretor-geral da Itaipu Binacional, empresa p\u00fablica dirigida pelos governos do Brasil e do Paraguai, respons\u00e1vel pela gest\u00e3o da usina hidrel\u00e9trica.<\/p>\n<p>Fonte : Ag\u00eancia Brasil<\/p>\n","protected":false},"excerpt":{"rendered":"<p>Indica\u00e7\u00e3o veio depois de seguidos aumentos no pre\u00e7o dos combust\u00edveis O presidente Jair Bolsonaro anunciou na noite desta sexta-feira (19) a indica\u00e7\u00e3o de novo nome para\u00a0a presid\u00eancia da Petrobras. Em postagem nas redes sociais, Bolsonaro compartilhou uma nota oficial do Minist\u00e9rio das Minas e Energia (MME) que informa a indica\u00e7\u00e3o do general Joaquim Silva e [&hellip;]<\/p>\n","protected":false},"author":2,"featured_media":22917,"comment_status":"open","ping_status":"open","sticky":false,"template":"","format":"standard","meta":{"footnotes":""},"categories":[68],"tags":[],"class_list":{"0":"post-22916","1":"post","2":"type-post","3":"status-publish","4":"format-standard","5":"has-post-thumbnail","7":"category-brasil"},"yoast_head":"<!-- This site is optimized with the Yoast SEO Premium plugin v24.5 (Yoast SEO v27.5) - https:\/\/yoast.com\/product\/yoast-seo-premium-wordpress\/ -->\n<title>Bolsonaro indica Joaquim Silva e Luna para presid\u00eancia da Petrobras - P31<\/title>\n<meta name=\"robots\" content=\"index, follow, max-snippet:-1, max-image-preview:large, max-video-preview:-1\" \/>\n<link rel=\"canonical\" href=\"https:\/\/www.p31noticias.com.br\/?p=22916\" \/>\n<meta property=\"og:locale\" content=\"pt_BR\" \/>\n<meta property=\"og:type\" content=\"article\" \/>\n<meta property=\"og:title\" content=\"Bolsonaro indica Joaquim Silva e Luna para presid\u00eancia da Petrobras\" \/>\n<meta property=\"og:description\" content=\"Indica\u00e7\u00e3o veio depois de seguidos aumentos no pre\u00e7o dos combust\u00edveis O presidente Jair Bolsonaro anunciou na noite desta sexta-feira (19) a indica\u00e7\u00e3o de novo nome para\u00a0a presid\u00eancia da Petrobras. Em postagem nas redes sociais, Bolsonaro compartilhou uma nota oficial do Minist\u00e9rio das Minas e Energia (MME) que informa a indica\u00e7\u00e3o do general Joaquim Silva e [&hellip;]\" \/>\n<meta property=\"og:url\" content=\"https:\/\/www.p31noticias.com.br\/?p=22916\" \/>\n<meta property=\"og:site_name\" content=\"P31\" \/>\n<meta property=\"article:published_time\" content=\"2021-02-22T01:02:43+00:00\" \/>\n<meta property=\"og:image\" content=\"https:\/\/www.p31noticias.com.br\/wp-content\/uploads\/2021\/02\/mcmgo_abr_2910191338.jpg\" \/>\n\t<meta property=\"og:image:width\" content=\"1170\" \/>\n\t<meta property=\"og:image:height\" content=\"700\" \/>\n\t<meta property=\"og:image:type\" content=\"image\/jpeg\" \/>\n<meta name=\"author\" content=\"Gon\u00e7alves Junior\" \/>\n<meta name=\"twitter:card\" content=\"summary_large_image\" \/>\n<meta name=\"twitter:label1\" content=\"Escrito por\" \/>\n\t<meta name=\"twitter:data1\" content=\"Gon\u00e7alves Junior\" \/>\n\t<meta name=\"twitter:label2\" content=\"Est. tempo de leitura\" \/>\n\t<meta name=\"twitter:data2\" content=\"1 minuto\" \/>\n<script type=\"application\/ld+json\" class=\"yoast-schema-graph\">{\"@context\":\"https:\\\/\\\/schema.org\",\"@graph\":[{\"@type\":\"Article\",\"@id\":\"https:\\\/\\\/www.p31noticias.com.br\\\/?p=22916#article\",\"isPartOf\":{\"@id\":\"https:\\\/\\\/www.p31noticias.com.br\\\/?p=22916\"},\"author\":{\"name\":\"Gon\u00e7alves Junior\",\"@id\":\"https:\\\/\\\/www.p31noticias.com.br\\\/#\\\/schema\\\/person\\\/95f2ece30e3b4132065b915150cd0f94\"},\"headline\":\"Bolsonaro indica Joaquim Silva e Luna para presid\u00eancia da Petrobras\",\"datePublished\":\"2021-02-22T01:02:43+00:00\",\"mainEntityOfPage\":{\"@id\":\"https:\\\/\\\/www.p31noticias.com.br\\\/?p=22916\"},\"wordCount\":193,\"commentCount\":0,\"image\":{\"@id\":\"https:\\\/\\\/www.p31noticias.com.br\\\/?p=22916#primaryimage\"},\"thumbnailUrl\":\"https:\\\/\\\/www.p31noticias.com.br\\\/wp-content\\\/uploads\\\/2021\\\/02\\\/mcmgo_abr_2910191338.jpg\",\"articleSection\":[\"Brasil\"],\"inLanguage\":\"pt-BR\",\"potentialAction\":[{\"@type\":\"CommentAction\",\"name\":\"Comment\",\"target\":[\"https:\\\/\\\/www.p31noticias.com.br\\\/?p=22916#respond\"]}],\"copyrightYear\":\"2021\",\"copyrightHolder\":{\"@id\":\"https:\\\/\\\/www.p31noticias.com.br\\\/#organization\"}},{\"@type\":\"WebPage\",\"@id\":\"https:\\\/\\\/www.p31noticias.com.br\\\/?p=22916\",\"url\":\"https:\\\/\\\/www.p31noticias.com.br\\\/?p=22916\",\"name\":\"Bolsonaro indica Joaquim Silva e Luna para presid\u00eancia da Petrobras - P31\",\"isPartOf\":{\"@id\":\"https:\\\/\\\/www.p31noticias.com.br\\\/#website\"},\"primaryImageOfPage\":{\"@id\":\"https:\\\/\\\/www.p31noticias.com.br\\\/?p=22916#primaryimage\"},\"image\":{\"@id\":\"https:\\\/\\\/www.p31noticias.com.br\\\/?p=22916#primaryimage\"},\"thumbnailUrl\":\"https:\\\/\\\/www.p31noticias.com.br\\\/wp-content\\\/uploads\\\/2021\\\/02\\\/mcmgo_abr_2910191338.jpg\",\"datePublished\":\"2021-02-22T01:02:43+00:00\",\"author\":{\"@id\":\"https:\\\/\\\/www.p31noticias.com.br\\\/#\\\/schema\\\/person\\\/95f2ece30e3b4132065b915150cd0f94\"},\"breadcrumb\":{\"@id\":\"https:\\\/\\\/www.p31noticias.com.br\\\/?p=22916#breadcrumb\"},\"inLanguage\":\"pt-BR\",\"potentialAction\":[{\"@type\":\"ReadAction\",\"target\":[\"https:\\\/\\\/www.p31noticias.com.br\\\/?p=22916\"]}]},{\"@type\":\"ImageObject\",\"inLanguage\":\"pt-BR\",\"@id\":\"https:\\\/\\\/www.p31noticias.com.br\\\/?p=22916#primaryimage\",\"url\":\"https:\\\/\\\/www.p31noticias.com.br\\\/wp-content\\\/uploads\\\/2021\\\/02\\\/mcmgo_abr_2910191338.jpg\",\"contentUrl\":\"https:\\\/\\\/www.p31noticias.com.br\\\/wp-content\\\/uploads\\\/2021\\\/02\\\/mcmgo_abr_2910191338.jpg\",\"width\":1170,\"height\":700,\"caption\":\"O Diretor-Geral da Itaipu Binacional, Joaquim Silva e Luna, participa de audi\u00eancia p\u00fablica na comiss\u00e3o de minas e energia da C\u00e2mara dos Deputados.\"},{\"@type\":\"BreadcrumbList\",\"@id\":\"https:\\\/\\\/www.p31noticias.com.br\\\/?p=22916#breadcrumb\",\"itemListElement\":[{\"@type\":\"ListItem\",\"position\":1,\"name\":\"In\u00edcio\",\"item\":\"https:\\\/\\\/www.p31noticias.com.br\\\/\"},{\"@type\":\"ListItem\",\"position\":2,\"name\":\"Bolsonaro indica Joaquim Silva e Luna para presid\u00eancia da Petrobras\"}]},{\"@type\":\"WebSite\",\"@id\":\"https:\\\/\\\/www.p31noticias.com.br\\\/#website\",\"url\":\"https:\\\/\\\/www.p31noticias.com.br\\\/\",\"name\":\"P31\",\"description\":\"NOT\u00cdCIAS\",\"potentialAction\":[{\"@type\":\"SearchAction\",\"target\":{\"@type\":\"EntryPoint\",\"urlTemplate\":\"https:\\\/\\\/www.p31noticias.com.br\\\/?s={search_term_string}\"},\"query-input\":{\"@type\":\"PropertyValueSpecification\",\"valueRequired\":true,\"valueName\":\"search_term_string\"}}],\"inLanguage\":\"pt-BR\"},{\"@type\":\"Person\",\"@id\":\"https:\\\/\\\/www.p31noticias.com.br\\\/#\\\/schema\\\/person\\\/95f2ece30e3b4132065b915150cd0f94\",\"name\":\"Gon\u00e7alves Junior\",\"image\":{\"@type\":\"ImageObject\",\"inLanguage\":\"pt-BR\",\"@id\":\"https:\\\/\\\/secure.gravatar.com\\\/avatar\\\/6711f350116a89762687a48d66f723c799e5438a5b7578508d4294cd7a5d0800?s=96&d=mm&r=g\",\"url\":\"https:\\\/\\\/secure.gravatar.com\\\/avatar\\\/6711f350116a89762687a48d66f723c799e5438a5b7578508d4294cd7a5d0800?s=96&d=mm&r=g\",\"contentUrl\":\"https:\\\/\\\/secure.gravatar.com\\\/avatar\\\/6711f350116a89762687a48d66f723c799e5438a5b7578508d4294cd7a5d0800?s=96&d=mm&r=g\",\"caption\":\"Gon\u00e7alves Junior\"},\"url\":\"https:\\\/\\\/www.p31noticias.com.br\\\/?author=2\"}]}<\/script>\n<!-- \/ Yoast SEO Premium plugin. -->","yoast_head_json":{"title":"Bolsonaro indica Joaquim Silva e Luna para presid\u00eancia da Petrobras - P31","robots":{"index":"index","follow":"follow","max-snippet":"max-snippet:-1","max-image-preview":"max-image-preview:large","max-video-preview":"max-video-preview:-1"},"canonical":"https:\/\/www.p31noticias.com.br\/?p=22916","og_locale":"pt_BR","og_type":"article","og_title":"Bolsonaro indica Joaquim Silva e Luna para presid\u00eancia da Petrobras","og_description":"Indica\u00e7\u00e3o veio depois de seguidos aumentos no pre\u00e7o dos combust\u00edveis O presidente Jair Bolsonaro anunciou na noite desta sexta-feira (19) a indica\u00e7\u00e3o de novo nome para\u00a0a presid\u00eancia da Petrobras. Em postagem nas redes sociais, Bolsonaro compartilhou uma nota oficial do Minist\u00e9rio das Minas e Energia (MME) que informa a indica\u00e7\u00e3o do general Joaquim Silva e [&hellip;]","og_url":"https:\/\/www.p31noticias.com.br\/?p=22916","og_site_name":"P31","article_published_time":"2021-02-22T01:02:43+00:00","og_image":[{"width":1170,"height":700,"url":"https:\/\/www.p31noticias.com.br\/wp-content\/uploads\/2021\/02\/mcmgo_abr_2910191338.jpg","type":"image\/jpeg"}],"author":"Gon\u00e7alves Junior","twitter_card":"summary_large_image","twitter_misc":{"Escrito por":"Gon\u00e7alves Junior","Est. tempo de leitura":"1 minuto"},"schema":{"@context":"https:\/\/schema.org","@graph":[{"@type":"Article","@id":"https:\/\/www.p31noticias.com.br\/?p=22916#article","isPartOf":{"@id":"https:\/\/www.p31noticias.com.br\/?p=22916"},"author":{"name":"Gon\u00e7alves Junior","@id":"https:\/\/www.p31noticias.com.br\/#\/schema\/person\/95f2ece30e3b4132065b915150cd0f94"},"headline":"Bolsonaro indica Joaquim Silva e Luna para presid\u00eancia da Petrobras","datePublished":"2021-02-22T01:02:43+00:00","mainEntityOfPage":{"@id":"https:\/\/www.p31noticias.com.br\/?p=22916"},"wordCount":193,"commentCount":0,"image":{"@id":"https:\/\/www.p31noticias.com.br\/?p=22916#primaryimage"},"thumbnailUrl":"https:\/\/www.p31noticias.com.br\/wp-content\/uploads\/2021\/02\/mcmgo_abr_2910191338.jpg","articleSection":["Brasil"],"inLanguage":"pt-BR","potentialAction":[{"@type":"CommentAction","name":"Comment","target":["https:\/\/www.p31noticias.com.br\/?p=22916#respond"]}],"copyrightYear":"2021","copyrightHolder":{"@id":"https:\/\/www.p31noticias.com.br\/#organization"}},{"@type":"WebPage","@id":"https:\/\/www.p31noticias.com.br\/?p=22916","url":"https:\/\/www.p31noticias.com.br\/?p=22916","name":"Bolsonaro indica Joaquim Silva e Luna para presid\u00eancia da Petrobras - P31","isPartOf":{"@id":"https:\/\/www.p31noticias.com.br\/#website"},"primaryImageOfPage":{"@id":"https:\/\/www.p31noticias.com.br\/?p=22916#primaryimage"},"image":{"@id":"https:\/\/www.p31noticias.com.br\/?p=22916#primaryimage"},"thumbnailUrl":"https:\/\/www.p31noticias.com.br\/wp-content\/uploads\/2021\/02\/mcmgo_abr_2910191338.jpg","datePublished":"2021-02-22T01:02:43+00:00","author":{"@id":"https:\/\/www.p31noticias.com.br\/#\/schema\/person\/95f2ece30e3b4132065b915150cd0f94"},"breadcrumb":{"@id":"https:\/\/www.p31noticias.com.br\/?p=22916#breadcrumb"},"inLanguage":"pt-BR","potentialAction":[{"@type":"ReadAction","target":["https:\/\/www.p31noticias.com.br\/?p=22916"]}]},{"@type":"ImageObject","inLanguage":"pt-BR","@id":"https:\/\/www.p31noticias.com.br\/?p=22916#primaryimage","url":"https:\/\/www.p31noticias.com.br\/wp-content\/uploads\/2021\/02\/mcmgo_abr_2910191338.jpg","contentUrl":"https:\/\/www.p31noticias.com.br\/wp-content\/uploads\/2021\/02\/mcmgo_abr_2910191338.jpg","width":1170,"height":700,"caption":"O Diretor-Geral da Itaipu Binacional, Joaquim Silva e Luna, participa de audi\u00eancia p\u00fablica na comiss\u00e3o de minas e energia da C\u00e2mara dos Deputados."},{"@type":"BreadcrumbList","@id":"https:\/\/www.p31noticias.com.br\/?p=22916#breadcrumb","itemListElement":[{"@type":"ListItem","position":1,"name":"In\u00edcio","item":"https:\/\/www.p31noticias.com.br\/"},{"@type":"ListItem","position":2,"name":"Bolsonaro indica Joaquim Silva e Luna para presid\u00eancia da Petrobras"}]},{"@type":"WebSite","@id":"https:\/\/www.p31noticias.com.br\/#website","url":"https:\/\/www.p31noticias.com.br\/","name":"P31","description":"NOT\u00cdCIAS","potentialAction":[{"@type":"SearchAction","target":{"@type":"EntryPoint","urlTemplate":"https:\/\/www.p31noticias.com.br\/?s={search_term_string}"},"query-input":{"@type":"PropertyValueSpecification","valueRequired":true,"valueName":"search_term_string"}}],"inLanguage":"pt-BR"},{"@type":"Person","@id":"https:\/\/www.p31noticias.com.br\/#\/schema\/person\/95f2ece30e3b4132065b915150cd0f94","name":"Gon\u00e7alves Junior","image":{"@type":"ImageObject","inLanguage":"pt-BR","@id":"https:\/\/secure.gravatar.com\/avatar\/6711f350116a89762687a48d66f723c799e5438a5b7578508d4294cd7a5d0800?s=96&d=mm&r=g","url":"https:\/\/secure.gravatar.com\/avatar\/6711f350116a89762687a48d66f723c799e5438a5b7578508d4294cd7a5d0800?s=96&d=mm&r=g","contentUrl":"https:\/\/secure.gravatar.com\/avatar\/6711f350116a89762687a48d66f723c799e5438a5b7578508d4294cd7a5d0800?s=96&d=mm&r=g","caption":"Gon\u00e7alves Junior"},"url":"https:\/\/www.p31noticias.com.br\/?author=2"}]}},"amp_enabled":true,"_links":{"self":[{"href":"https:\/\/www.p31noticias.com.br\/index.php?rest_route=\/wp\/v2\/posts\/22916","targetHints":{"allow":["GET"]}}],"collection":[{"href":"https:\/\/www.p31noticias.com.br\/index.php?rest_route=\/wp\/v2\/posts"}],"about":[{"href":"https:\/\/www.p31noticias.com.br\/index.php?rest_route=\/wp\/v2\/types\/post"}],"author":[{"embeddable":true,"href":"https:\/\/www.p31noticias.com.br\/index.php?rest_route=\/wp\/v2\/users\/2"}],"replies":[{"embeddable":true,"href":"https:\/\/www.p31noticias.com.br\/index.php?rest_route=%2Fwp%2Fv2%2Fcomments&post=22916"}],"version-history":[{"count":1,"href":"https:\/\/www.p31noticias.com.br\/index.php?rest_route=\/wp\/v2\/posts\/22916\/revisions"}],"predecessor-version":[{"id":22918,"href":"https:\/\/www.p31noticias.com.br\/index.php?rest_route=\/wp\/v2\/posts\/22916\/revisions\/22918"}],"wp:featuredmedia":[{"embeddable":true,"href":"https:\/\/www.p31noticias.com.br\/index.php?rest_route=\/wp\/v2\/media\/22917"}],"wp:attachment":[{"href":"https:\/\/www.p31noticias.com.br\/index.php?rest_route=%2Fwp%2Fv2%2Fmedia&parent=22916"}],"wp:term":[{"taxonomy":"category","embeddable":true,"href":"https:\/\/www.p31noticias.com.br\/index.php?rest_route=%2Fwp%2Fv2%2Fcategories&post=22916"},{"taxonomy":"post_tag","embeddable":true,"href":"https:\/\/www.p31noticias.com.br\/index.php?rest_route=%2Fwp%2Fv2%2Ftags&post=22916"}],"curies":[{"name":"wp","href":"https:\/\/api.w.org\/{rel}","templated":true}]}}