{"id":22913,"date":"2021-02-10T02:50:40","date_gmt":"2021-02-10T02:50:40","guid":{"rendered":"https:\/\/p31noticias.com.br\/?p=22913"},"modified":"2021-02-10T02:50:40","modified_gmt":"2021-02-10T02:50:40","slug":"telecovid-tem-12-mil-cadastrados-e-vacinacao-comeca-4afeira","status":"publish","type":"post","link":"https:\/\/www.p31noticias.com.br\/?p=22913","title":{"rendered":"Telecovid tem 1,2 mil cadastrados e vacina\u00e7\u00e3o come\u00e7a 4\u00aafeira."},"content":{"rendered":"<p style=\"text-align: justify;\"><strong>Servi\u00e7o em domic\u00edlio atender\u00e1 idosos acamados com 79 anos ou mais e pacientes de home care privado.<\/strong><\/p>\n<p style=\"text-align: justify;\">Em opera\u00e7\u00e3o desde o dia 2 de fevereiro, o Telecovid j\u00e1 cadastrou mais de 1,2 mil idosos para serem vacinados em casa. O agendamento \u00e9 exclusivo para pessoas com 79 anos ou mais acamados ou pacientes de home care privado. Equipes da Secretaria de Sa\u00fade est\u00e3o programando as rotas e as primeiras vacina\u00e7\u00f5es come\u00e7am nesta quarta-feira (10).<\/p>\n<p style=\"text-align: justify;\">O Telecovid n\u00e3o \u00e9 um canal para esclarecimento de d\u00favidas, portanto, a Secretaria de Sa\u00fade solicita \u00e0 popula\u00e7\u00e3o que s\u00f3 entre em contato nos telefones 190, 193 e 199 se a pessoa a ser imunizada preencher a condi\u00e7\u00e3o de paciente acamado ou de home care privado.<\/p>\n<p style=\"text-align: justify;\">A central de atendimento vem recebendo v\u00e1rias liga\u00e7\u00f5es desde a reativa\u00e7\u00e3o. O alerta da pasta ocorre j\u00e1 que, muitas vezes, as pessoas ligam para tirar d\u00favidas gerais sobre vacina\u00e7\u00e3o, e as linhas telef\u00f4nicas ficam congestionadas. Ao ligar nos n\u00fameros informados acima, a chamada \u00e9 redirecionada ao servi\u00e7o de atendimento da Secretaria de Sa\u00fade.<\/p>\n<p style=\"text-align: justify;\">Os usu\u00e1rios que n\u00e3o se enquadram no perfil descrito n\u00e3o poder\u00e3o agendar a vacina\u00e7\u00e3o. A pasta esclareceu, nesta segunda-feira (8), que alguns dos idosos cadastrados n\u00e3o atendem aos requisitos necess\u00e1rios, e outros, ap\u00f3s os primeiros dias da vacina\u00e7\u00e3o e in\u00edcio dos drive-thrus, j\u00e1 receberam a primeira dose da vacina. Por isso, haver\u00e1 uma revis\u00e3o nos cadastrados para atualizar o n\u00famero e a necessidade vigente. \u201c No momento em que os profissionais da Sa\u00fade fizerem o contato para confirmar o agendamento, ser\u00e1 poss\u00edvel atualizar se esse paciente j\u00e1 foi ou n\u00e3o imunizado\u201d, afirma Alexandre Garcia, subsecret\u00e1rio de Aten\u00e7\u00e3o Integral \u00e0 Sa\u00fade.<\/p>\n<p style=\"text-align: justify;\"><strong>In\u00edcio do servi\u00e7o em casa<\/strong><\/p>\n<p style=\"text-align: justify;\">O tempo m\u00e9dio de espera ap\u00f3s o cadastramento pelo Telecovid \u00e9 de uma semana, tendo em vista que existe a necessidade da verifica\u00e7\u00e3o dos crit\u00e9rios estabelecidos para oferta do servi\u00e7o.<\/p>\n<p style=\"text-align: justify;\">O Telecovid conta com cinco servidores que est\u00e3o trabalhando exclusivamente no cadastramento. Em caso de d\u00favidas,\u00a0 a popula\u00e7\u00e3o deve acessar o \u00a0<a href=\"http:\/\/www.saude.df.gov.br\/telecovi\" target=\"_blank\" rel=\"noopener noreferrer\">site da Secretaria de Sa\u00fade<\/a>. O Telecovid funciona apenas para realizar o cadastro.<\/p>\n<p style=\"text-align: justify;\"><em>*Com informa\u00e7\u00f5es da Secretaria de Sa\u00fade<\/em><\/p>\n<section class=\"single__conteudo--galeria-de-fotos margin40\"><\/section>\n<div class=\"single__conteudo--tags text-uppercase\"><\/div>\n","protected":false},"excerpt":{"rendered":"<p>Servi\u00e7o em domic\u00edlio atender\u00e1 idosos acamados com 79 anos ou mais e pacientes de home care privado. Em opera\u00e7\u00e3o desde o dia 2 de fevereiro, o Telecovid j\u00e1 cadastrou mais de 1,2 mil idosos para serem vacinados em casa. O agendamento \u00e9 exclusivo para pessoas com 79 anos ou mais acamados ou pacientes de home [&hellip;]<\/p>\n","protected":false},"author":2,"featured_media":22914,"comment_status":"open","ping_status":"open","sticky":false,"template":"","format":"standard","meta":{"footnotes":""},"categories":[1],"tags":[],"class_list":{"0":"post-22913","1":"post","2":"type-post","3":"status-publish","4":"format-standard","5":"has-post-thumbnail","7":"category-outros"},"yoast_head":"<!-- This site is optimized with the Yoast SEO Premium plugin v24.5 (Yoast SEO v27.5) - https:\/\/yoast.com\/product\/yoast-seo-premium-wordpress\/ -->\n<title>Telecovid tem 1,2 mil cadastrados e vacina\u00e7\u00e3o come\u00e7a 4\u00aafeira. - P31<\/title>\n<meta name=\"robots\" content=\"index, follow, max-snippet:-1, max-image-preview:large, max-video-preview:-1\" \/>\n<link rel=\"canonical\" href=\"https:\/\/www.p31noticias.com.br\/?p=22913\" \/>\n<meta property=\"og:locale\" content=\"pt_BR\" \/>\n<meta property=\"og:type\" content=\"article\" \/>\n<meta property=\"og:title\" content=\"Telecovid tem 1,2 mil cadastrados e vacina\u00e7\u00e3o come\u00e7a 4\u00aafeira.\" \/>\n<meta property=\"og:description\" content=\"Servi\u00e7o em domic\u00edlio atender\u00e1 idosos acamados com 79 anos ou mais e pacientes de home care privado. Em opera\u00e7\u00e3o desde o dia 2 de fevereiro, o Telecovid j\u00e1 cadastrou mais de 1,2 mil idosos para serem vacinados em casa. O agendamento \u00e9 exclusivo para pessoas com 79 anos ou mais acamados ou pacientes de home [&hellip;]\" \/>\n<meta property=\"og:url\" content=\"https:\/\/www.p31noticias.com.br\/?p=22913\" \/>\n<meta property=\"og:site_name\" content=\"P31\" \/>\n<meta property=\"article:published_time\" content=\"2021-02-10T02:50:40+00:00\" \/>\n<meta property=\"og:image\" content=\"https:\/\/www.p31noticias.com.br\/wp-content\/uploads\/2021\/02\/FOTO-BRENO-ESAKI-AG\u00caNCIA-SA\u00daDE-DF-1-1-1024x683-1.jpg\" \/>\n\t<meta property=\"og:image:width\" content=\"1024\" \/>\n\t<meta property=\"og:image:height\" content=\"683\" \/>\n\t<meta property=\"og:image:type\" content=\"image\/jpeg\" \/>\n<meta name=\"author\" content=\"Gon\u00e7alves Junior\" \/>\n<meta name=\"twitter:card\" content=\"summary_large_image\" \/>\n<meta name=\"twitter:label1\" content=\"Escrito por\" \/>\n\t<meta name=\"twitter:data1\" content=\"Gon\u00e7alves Junior\" \/>\n\t<meta name=\"twitter:label2\" content=\"Est. tempo de leitura\" \/>\n\t<meta name=\"twitter:data2\" content=\"2 minutos\" \/>\n<script type=\"application\/ld+json\" class=\"yoast-schema-graph\">{\"@context\":\"https:\\\/\\\/schema.org\",\"@graph\":[{\"@type\":\"Article\",\"@id\":\"https:\\\/\\\/www.p31noticias.com.br\\\/?p=22913#article\",\"isPartOf\":{\"@id\":\"https:\\\/\\\/www.p31noticias.com.br\\\/?p=22913\"},\"author\":{\"name\":\"Gon\u00e7alves Junior\",\"@id\":\"https:\\\/\\\/www.p31noticias.com.br\\\/#\\\/schema\\\/person\\\/95f2ece30e3b4132065b915150cd0f94\"},\"headline\":\"Telecovid tem 1,2 mil cadastrados e vacina\u00e7\u00e3o come\u00e7a 4\u00aafeira.\",\"datePublished\":\"2021-02-10T02:50:40+00:00\",\"mainEntityOfPage\":{\"@id\":\"https:\\\/\\\/www.p31noticias.com.br\\\/?p=22913\"},\"wordCount\":394,\"commentCount\":0,\"image\":{\"@id\":\"https:\\\/\\\/www.p31noticias.com.br\\\/?p=22913#primaryimage\"},\"thumbnailUrl\":\"https:\\\/\\\/www.p31noticias.com.br\\\/wp-content\\\/uploads\\\/2021\\\/02\\\/FOTO-BRENO-ESAKI-AG\u00caNCIA-SA\u00daDE-DF-1-1-1024x683-1.jpg\",\"articleSection\":[\"Outros\"],\"inLanguage\":\"pt-BR\",\"potentialAction\":[{\"@type\":\"CommentAction\",\"name\":\"Comment\",\"target\":[\"https:\\\/\\\/www.p31noticias.com.br\\\/?p=22913#respond\"]}],\"copyrightYear\":\"2021\",\"copyrightHolder\":{\"@id\":\"https:\\\/\\\/www.p31noticias.com.br\\\/#organization\"}},{\"@type\":\"WebPage\",\"@id\":\"https:\\\/\\\/www.p31noticias.com.br\\\/?p=22913\",\"url\":\"https:\\\/\\\/www.p31noticias.com.br\\\/?p=22913\",\"name\":\"Telecovid tem 1,2 mil cadastrados e vacina\u00e7\u00e3o come\u00e7a 4\u00aafeira. - P31\",\"isPartOf\":{\"@id\":\"https:\\\/\\\/www.p31noticias.com.br\\\/#website\"},\"primaryImageOfPage\":{\"@id\":\"https:\\\/\\\/www.p31noticias.com.br\\\/?p=22913#primaryimage\"},\"image\":{\"@id\":\"https:\\\/\\\/www.p31noticias.com.br\\\/?p=22913#primaryimage\"},\"thumbnailUrl\":\"https:\\\/\\\/www.p31noticias.com.br\\\/wp-content\\\/uploads\\\/2021\\\/02\\\/FOTO-BRENO-ESAKI-AG\u00caNCIA-SA\u00daDE-DF-1-1-1024x683-1.jpg\",\"datePublished\":\"2021-02-10T02:50:40+00:00\",\"author\":{\"@id\":\"https:\\\/\\\/www.p31noticias.com.br\\\/#\\\/schema\\\/person\\\/95f2ece30e3b4132065b915150cd0f94\"},\"breadcrumb\":{\"@id\":\"https:\\\/\\\/www.p31noticias.com.br\\\/?p=22913#breadcrumb\"},\"inLanguage\":\"pt-BR\",\"potentialAction\":[{\"@type\":\"ReadAction\",\"target\":[\"https:\\\/\\\/www.p31noticias.com.br\\\/?p=22913\"]}]},{\"@type\":\"ImageObject\",\"inLanguage\":\"pt-BR\",\"@id\":\"https:\\\/\\\/www.p31noticias.com.br\\\/?p=22913#primaryimage\",\"url\":\"https:\\\/\\\/www.p31noticias.com.br\\\/wp-content\\\/uploads\\\/2021\\\/02\\\/FOTO-BRENO-ESAKI-AG\u00caNCIA-SA\u00daDE-DF-1-1-1024x683-1.jpg\",\"contentUrl\":\"https:\\\/\\\/www.p31noticias.com.br\\\/wp-content\\\/uploads\\\/2021\\\/02\\\/FOTO-BRENO-ESAKI-AG\u00caNCIA-SA\u00daDE-DF-1-1-1024x683-1.jpg\",\"width\":1024,\"height\":683},{\"@type\":\"BreadcrumbList\",\"@id\":\"https:\\\/\\\/www.p31noticias.com.br\\\/?p=22913#breadcrumb\",\"itemListElement\":[{\"@type\":\"ListItem\",\"position\":1,\"name\":\"In\u00edcio\",\"item\":\"https:\\\/\\\/www.p31noticias.com.br\\\/\"},{\"@type\":\"ListItem\",\"position\":2,\"name\":\"Telecovid tem 1,2 mil cadastrados e vacina\u00e7\u00e3o come\u00e7a 4\u00aafeira.\"}]},{\"@type\":\"WebSite\",\"@id\":\"https:\\\/\\\/www.p31noticias.com.br\\\/#website\",\"url\":\"https:\\\/\\\/www.p31noticias.com.br\\\/\",\"name\":\"P31\",\"description\":\"NOT\u00cdCIAS\",\"potentialAction\":[{\"@type\":\"SearchAction\",\"target\":{\"@type\":\"EntryPoint\",\"urlTemplate\":\"https:\\\/\\\/www.p31noticias.com.br\\\/?s={search_term_string}\"},\"query-input\":{\"@type\":\"PropertyValueSpecification\",\"valueRequired\":true,\"valueName\":\"search_term_string\"}}],\"inLanguage\":\"pt-BR\"},{\"@type\":\"Person\",\"@id\":\"https:\\\/\\\/www.p31noticias.com.br\\\/#\\\/schema\\\/person\\\/95f2ece30e3b4132065b915150cd0f94\",\"name\":\"Gon\u00e7alves Junior\",\"image\":{\"@type\":\"ImageObject\",\"inLanguage\":\"pt-BR\",\"@id\":\"https:\\\/\\\/secure.gravatar.com\\\/avatar\\\/6711f350116a89762687a48d66f723c799e5438a5b7578508d4294cd7a5d0800?s=96&d=mm&r=g\",\"url\":\"https:\\\/\\\/secure.gravatar.com\\\/avatar\\\/6711f350116a89762687a48d66f723c799e5438a5b7578508d4294cd7a5d0800?s=96&d=mm&r=g\",\"contentUrl\":\"https:\\\/\\\/secure.gravatar.com\\\/avatar\\\/6711f350116a89762687a48d66f723c799e5438a5b7578508d4294cd7a5d0800?s=96&d=mm&r=g\",\"caption\":\"Gon\u00e7alves Junior\"},\"url\":\"https:\\\/\\\/www.p31noticias.com.br\\\/?author=2\"}]}<\/script>\n<!-- \/ Yoast SEO Premium plugin. -->","yoast_head_json":{"title":"Telecovid tem 1,2 mil cadastrados e vacina\u00e7\u00e3o come\u00e7a 4\u00aafeira. - P31","robots":{"index":"index","follow":"follow","max-snippet":"max-snippet:-1","max-image-preview":"max-image-preview:large","max-video-preview":"max-video-preview:-1"},"canonical":"https:\/\/www.p31noticias.com.br\/?p=22913","og_locale":"pt_BR","og_type":"article","og_title":"Telecovid tem 1,2 mil cadastrados e vacina\u00e7\u00e3o come\u00e7a 4\u00aafeira.","og_description":"Servi\u00e7o em domic\u00edlio atender\u00e1 idosos acamados com 79 anos ou mais e pacientes de home care privado. Em opera\u00e7\u00e3o desde o dia 2 de fevereiro, o Telecovid j\u00e1 cadastrou mais de 1,2 mil idosos para serem vacinados em casa. O agendamento \u00e9 exclusivo para pessoas com 79 anos ou mais acamados ou pacientes de home [&hellip;]","og_url":"https:\/\/www.p31noticias.com.br\/?p=22913","og_site_name":"P31","article_published_time":"2021-02-10T02:50:40+00:00","og_image":[{"width":1024,"height":683,"url":"https:\/\/www.p31noticias.com.br\/wp-content\/uploads\/2021\/02\/FOTO-BRENO-ESAKI-AG\u00caNCIA-SA\u00daDE-DF-1-1-1024x683-1.jpg","type":"image\/jpeg"}],"author":"Gon\u00e7alves Junior","twitter_card":"summary_large_image","twitter_misc":{"Escrito por":"Gon\u00e7alves Junior","Est. tempo de leitura":"2 minutos"},"schema":{"@context":"https:\/\/schema.org","@graph":[{"@type":"Article","@id":"https:\/\/www.p31noticias.com.br\/?p=22913#article","isPartOf":{"@id":"https:\/\/www.p31noticias.com.br\/?p=22913"},"author":{"name":"Gon\u00e7alves Junior","@id":"https:\/\/www.p31noticias.com.br\/#\/schema\/person\/95f2ece30e3b4132065b915150cd0f94"},"headline":"Telecovid tem 1,2 mil cadastrados e vacina\u00e7\u00e3o come\u00e7a 4\u00aafeira.","datePublished":"2021-02-10T02:50:40+00:00","mainEntityOfPage":{"@id":"https:\/\/www.p31noticias.com.br\/?p=22913"},"wordCount":394,"commentCount":0,"image":{"@id":"https:\/\/www.p31noticias.com.br\/?p=22913#primaryimage"},"thumbnailUrl":"https:\/\/www.p31noticias.com.br\/wp-content\/uploads\/2021\/02\/FOTO-BRENO-ESAKI-AG\u00caNCIA-SA\u00daDE-DF-1-1-1024x683-1.jpg","articleSection":["Outros"],"inLanguage":"pt-BR","potentialAction":[{"@type":"CommentAction","name":"Comment","target":["https:\/\/www.p31noticias.com.br\/?p=22913#respond"]}],"copyrightYear":"2021","copyrightHolder":{"@id":"https:\/\/www.p31noticias.com.br\/#organization"}},{"@type":"WebPage","@id":"https:\/\/www.p31noticias.com.br\/?p=22913","url":"https:\/\/www.p31noticias.com.br\/?p=22913","name":"Telecovid tem 1,2 mil cadastrados e vacina\u00e7\u00e3o come\u00e7a 4\u00aafeira. - P31","isPartOf":{"@id":"https:\/\/www.p31noticias.com.br\/#website"},"primaryImageOfPage":{"@id":"https:\/\/www.p31noticias.com.br\/?p=22913#primaryimage"},"image":{"@id":"https:\/\/www.p31noticias.com.br\/?p=22913#primaryimage"},"thumbnailUrl":"https:\/\/www.p31noticias.com.br\/wp-content\/uploads\/2021\/02\/FOTO-BRENO-ESAKI-AG\u00caNCIA-SA\u00daDE-DF-1-1-1024x683-1.jpg","datePublished":"2021-02-10T02:50:40+00:00","author":{"@id":"https:\/\/www.p31noticias.com.br\/#\/schema\/person\/95f2ece30e3b4132065b915150cd0f94"},"breadcrumb":{"@id":"https:\/\/www.p31noticias.com.br\/?p=22913#breadcrumb"},"inLanguage":"pt-BR","potentialAction":[{"@type":"ReadAction","target":["https:\/\/www.p31noticias.com.br\/?p=22913"]}]},{"@type":"ImageObject","inLanguage":"pt-BR","@id":"https:\/\/www.p31noticias.com.br\/?p=22913#primaryimage","url":"https:\/\/www.p31noticias.com.br\/wp-content\/uploads\/2021\/02\/FOTO-BRENO-ESAKI-AG\u00caNCIA-SA\u00daDE-DF-1-1-1024x683-1.jpg","contentUrl":"https:\/\/www.p31noticias.com.br\/wp-content\/uploads\/2021\/02\/FOTO-BRENO-ESAKI-AG\u00caNCIA-SA\u00daDE-DF-1-1-1024x683-1.jpg","width":1024,"height":683},{"@type":"BreadcrumbList","@id":"https:\/\/www.p31noticias.com.br\/?p=22913#breadcrumb","itemListElement":[{"@type":"ListItem","position":1,"name":"In\u00edcio","item":"https:\/\/www.p31noticias.com.br\/"},{"@type":"ListItem","position":2,"name":"Telecovid tem 1,2 mil cadastrados e vacina\u00e7\u00e3o come\u00e7a 4\u00aafeira."}]},{"@type":"WebSite","@id":"https:\/\/www.p31noticias.com.br\/#website","url":"https:\/\/www.p31noticias.com.br\/","name":"P31","description":"NOT\u00cdCIAS","potentialAction":[{"@type":"SearchAction","target":{"@type":"EntryPoint","urlTemplate":"https:\/\/www.p31noticias.com.br\/?s={search_term_string}"},"query-input":{"@type":"PropertyValueSpecification","valueRequired":true,"valueName":"search_term_string"}}],"inLanguage":"pt-BR"},{"@type":"Person","@id":"https:\/\/www.p31noticias.com.br\/#\/schema\/person\/95f2ece30e3b4132065b915150cd0f94","name":"Gon\u00e7alves Junior","image":{"@type":"ImageObject","inLanguage":"pt-BR","@id":"https:\/\/secure.gravatar.com\/avatar\/6711f350116a89762687a48d66f723c799e5438a5b7578508d4294cd7a5d0800?s=96&d=mm&r=g","url":"https:\/\/secure.gravatar.com\/avatar\/6711f350116a89762687a48d66f723c799e5438a5b7578508d4294cd7a5d0800?s=96&d=mm&r=g","contentUrl":"https:\/\/secure.gravatar.com\/avatar\/6711f350116a89762687a48d66f723c799e5438a5b7578508d4294cd7a5d0800?s=96&d=mm&r=g","caption":"Gon\u00e7alves Junior"},"url":"https:\/\/www.p31noticias.com.br\/?author=2"}]}},"amp_enabled":true,"_links":{"self":[{"href":"https:\/\/www.p31noticias.com.br\/index.php?rest_route=\/wp\/v2\/posts\/22913","targetHints":{"allow":["GET"]}}],"collection":[{"href":"https:\/\/www.p31noticias.com.br\/index.php?rest_route=\/wp\/v2\/posts"}],"about":[{"href":"https:\/\/www.p31noticias.com.br\/index.php?rest_route=\/wp\/v2\/types\/post"}],"author":[{"embeddable":true,"href":"https:\/\/www.p31noticias.com.br\/index.php?rest_route=\/wp\/v2\/users\/2"}],"replies":[{"embeddable":true,"href":"https:\/\/www.p31noticias.com.br\/index.php?rest_route=%2Fwp%2Fv2%2Fcomments&post=22913"}],"version-history":[{"count":1,"href":"https:\/\/www.p31noticias.com.br\/index.php?rest_route=\/wp\/v2\/posts\/22913\/revisions"}],"predecessor-version":[{"id":22915,"href":"https:\/\/www.p31noticias.com.br\/index.php?rest_route=\/wp\/v2\/posts\/22913\/revisions\/22915"}],"wp:featuredmedia":[{"embeddable":true,"href":"https:\/\/www.p31noticias.com.br\/index.php?rest_route=\/wp\/v2\/media\/22914"}],"wp:attachment":[{"href":"https:\/\/www.p31noticias.com.br\/index.php?rest_route=%2Fwp%2Fv2%2Fmedia&parent=22913"}],"wp:term":[{"taxonomy":"category","embeddable":true,"href":"https:\/\/www.p31noticias.com.br\/index.php?rest_route=%2Fwp%2Fv2%2Fcategories&post=22913"},{"taxonomy":"post_tag","embeddable":true,"href":"https:\/\/www.p31noticias.com.br\/index.php?rest_route=%2Fwp%2Fv2%2Ftags&post=22913"}],"curies":[{"name":"wp","href":"https:\/\/api.w.org\/{rel}","templated":true}]}}