{"id":22894,"date":"2021-02-02T13:06:31","date_gmt":"2021-02-02T13:06:31","guid":{"rendered":"https:\/\/p31noticias.com.br\/?p=22894"},"modified":"2021-02-02T13:06:31","modified_gmt":"2021-02-02T13:06:31","slug":"senado-federal-e-camara-dos-deputados-elegeram-seus-presidentes","status":"publish","type":"post","link":"https:\/\/www.p31noticias.com.br\/?p=22894","title":{"rendered":"Senado Federal e C\u00e2mara dos Deputados elegeram seus presidentes."},"content":{"rendered":"<p style=\"text-align: justify;\"><strong>Vit\u00f3ria expressiva nas duas casas fortalecem rela\u00e7\u00e3o com o Pal\u00e1cio do Planalto.<\/strong><\/p>\n<p style=\"text-align: justify;\">A elei\u00e7\u00e3o para as presid\u00eancias do Senado Federal e da C\u00e2mara dos Deputados, ocorrida na noite de 01 de fevereiro, trouxe \u00e0 tona novas lideran\u00e7as. A maioria das lideran\u00e7as politicas do pa\u00eds reconhecem que o Governo Federal sai fortalecido com a elei\u00e7\u00e3o, uma vez que o Pal\u00e1cio do Planalto apoiou publicamente os dois vencedores.<\/p>\n<p style=\"text-align: justify;\"><strong>SENADO FEDEAL<\/strong><\/p>\n<p style=\"text-align: justify;\">O Senador Rodrigo Pacheco (DEM) foi eleito presidente do Senado Federal e do Congresso Nacional, com 51 votos dados a ele pelos Senadores.<\/p>\n<p style=\"text-align: justify;\">Nascido em Porto Velho (RO), em novembro de 1976, o parlamentar \u00e9 advogado e especialista em Direito Penal. Foi o mais jovem conselheiro federal da Ordem dos Advogados do Brasil (OAB), entre os anos de 2013 e 2015, Deputado Federal por Minas Gerais e Presidente da Comiss\u00e3o de Constitui\u00e7\u00e3o e Justi\u00e7a (CCJ) da C\u00e2mara dos Deputados.<\/p>\n<p style=\"text-align: justify;\">Pacheco selou sua candidatura em um almo\u00e7o com o Presidente Jair Bolsonaro, em dezembro de 2020, tendo o apoio da maioria dos partidos de situa\u00e7\u00e3o e oposi\u00e7\u00e3o, que endossaram a sua candidatura.<\/p>\n<p style=\"text-align: justify;\"><strong>C\u00c2MARA DOS DEPUTADOS<\/strong><\/p>\n<p style=\"text-align: justify;\">J\u00e1 na C\u00e2mara dos Deputados , o Deputado Federal Artur Lira ( PP ) candidato apoiado pelo Presidente da Rep\u00fablica Jair Bolsonaro, imp\u00f4s vit\u00f3ria ampla ao grupo apoiado pelo ex presidente da C\u00e2mara dos Deputados Rodrigo Maia (DEM), que contava com o apoio amplo ao seu candidato, o Deputado Federal Baleia Rossi (MDB), o que n\u00e3o ocorreu.<\/p>\n<p style=\"text-align: justify;\">Foram 302 votos ( maioria absoluta ) para Artur Lira contra 146 votos de Baleia Rossi.<\/p>\n<p>Artur Lira tem 51 anos, \u00e9 Advogado, Agropecuarista e Empres\u00e1rio. Foi eleito pela primeira vez em 1992 vereador em Macei\u00f3, sendo reeleito uma vez para o mesmo cargo e depois se elegeu trez vezes como Deputado Estadual . Foi eleito Deputado Federal em 2010 e est\u00e1 em seu terceiro mandato como Deputado Federal.<\/p>\n<p>Atualmente, lira esta no PP e tem se destacado como um dos principais l\u00edderes e articuladores do Centr\u00e3o .Recebeu o apoio do Presidente da Rep\u00fablica Jair Bolsonaro .<\/p>\n<p style=\"text-align: justify;\">O Pal\u00e1cio do Planalto sai fortalecido com a elei\u00e7\u00e3o das duas casas, j\u00e1 que os dois presidentes eleitos\u00a0 ( do Senado e da C\u00e2mara ) est\u00e3o alinhados com as pautas priorit\u00e1rias do Governo Federal.<\/p>\n<p style=\"text-align: justify;\">Da Reda\u00e7\u00e3o<\/p>\n<p style=\"text-align: justify;\">\n","protected":false},"excerpt":{"rendered":"<p>Vit\u00f3ria expressiva nas duas casas fortalecem rela\u00e7\u00e3o com o Pal\u00e1cio do Planalto. A elei\u00e7\u00e3o para as presid\u00eancias do Senado Federal e da C\u00e2mara dos Deputados, ocorrida na noite de 01 de fevereiro, trouxe \u00e0 tona novas lideran\u00e7as. A maioria das lideran\u00e7as politicas do pa\u00eds reconhecem que o Governo Federal sai fortalecido com a elei\u00e7\u00e3o, uma [&hellip;]<\/p>\n","protected":false},"author":2,"featured_media":22895,"comment_status":"open","ping_status":"open","sticky":false,"template":"","format":"standard","meta":{"footnotes":""},"categories":[68],"tags":[],"class_list":{"0":"post-22894","1":"post","2":"type-post","3":"status-publish","4":"format-standard","5":"has-post-thumbnail","7":"category-brasil"},"yoast_head":"<!-- This site is optimized with the Yoast SEO Premium plugin v24.5 (Yoast SEO v27.5) - https:\/\/yoast.com\/product\/yoast-seo-premium-wordpress\/ -->\n<title>Senado Federal e C\u00e2mara dos Deputados elegeram seus presidentes. - P31<\/title>\n<meta name=\"robots\" content=\"index, follow, max-snippet:-1, max-image-preview:large, max-video-preview:-1\" \/>\n<link rel=\"canonical\" href=\"https:\/\/www.p31noticias.com.br\/?p=22894\" \/>\n<meta property=\"og:locale\" content=\"pt_BR\" \/>\n<meta property=\"og:type\" content=\"article\" \/>\n<meta property=\"og:title\" content=\"Senado Federal e C\u00e2mara dos Deputados elegeram seus presidentes.\" \/>\n<meta property=\"og:description\" content=\"Vit\u00f3ria expressiva nas duas casas fortalecem rela\u00e7\u00e3o com o Pal\u00e1cio do Planalto. A elei\u00e7\u00e3o para as presid\u00eancias do Senado Federal e da C\u00e2mara dos Deputados, ocorrida na noite de 01 de fevereiro, trouxe \u00e0 tona novas lideran\u00e7as. A maioria das lideran\u00e7as politicas do pa\u00eds reconhecem que o Governo Federal sai fortalecido com a elei\u00e7\u00e3o, uma [&hellip;]\" \/>\n<meta property=\"og:url\" content=\"https:\/\/www.p31noticias.com.br\/?p=22894\" \/>\n<meta property=\"og:site_name\" content=\"P31\" \/>\n<meta property=\"article:published_time\" content=\"2021-02-02T13:06:31+00:00\" \/>\n<meta property=\"og:image\" content=\"https:\/\/www.p31noticias.com.br\/wp-content\/uploads\/2021\/02\/images-1.jpg\" \/>\n\t<meta property=\"og:image:width\" content=\"288\" \/>\n\t<meta property=\"og:image:height\" content=\"175\" \/>\n\t<meta property=\"og:image:type\" content=\"image\/jpeg\" \/>\n<meta name=\"author\" content=\"Gon\u00e7alves Junior\" \/>\n<meta name=\"twitter:card\" content=\"summary_large_image\" \/>\n<meta name=\"twitter:label1\" content=\"Escrito por\" \/>\n\t<meta name=\"twitter:data1\" content=\"Gon\u00e7alves Junior\" \/>\n\t<meta name=\"twitter:label2\" content=\"Est. tempo de leitura\" \/>\n\t<meta name=\"twitter:data2\" content=\"2 minutos\" \/>\n<script type=\"application\/ld+json\" class=\"yoast-schema-graph\">{\"@context\":\"https:\\\/\\\/schema.org\",\"@graph\":[{\"@type\":\"Article\",\"@id\":\"https:\\\/\\\/www.p31noticias.com.br\\\/?p=22894#article\",\"isPartOf\":{\"@id\":\"https:\\\/\\\/www.p31noticias.com.br\\\/?p=22894\"},\"author\":{\"name\":\"Gon\u00e7alves Junior\",\"@id\":\"https:\\\/\\\/www.p31noticias.com.br\\\/#\\\/schema\\\/person\\\/95f2ece30e3b4132065b915150cd0f94\"},\"headline\":\"Senado Federal e C\u00e2mara dos Deputados elegeram seus presidentes.\",\"datePublished\":\"2021-02-02T13:06:31+00:00\",\"mainEntityOfPage\":{\"@id\":\"https:\\\/\\\/www.p31noticias.com.br\\\/?p=22894\"},\"wordCount\":394,\"commentCount\":0,\"image\":{\"@id\":\"https:\\\/\\\/www.p31noticias.com.br\\\/?p=22894#primaryimage\"},\"thumbnailUrl\":\"https:\\\/\\\/www.p31noticias.com.br\\\/wp-content\\\/uploads\\\/2021\\\/02\\\/images-1.jpg\",\"articleSection\":[\"Brasil\"],\"inLanguage\":\"pt-BR\",\"potentialAction\":[{\"@type\":\"CommentAction\",\"name\":\"Comment\",\"target\":[\"https:\\\/\\\/www.p31noticias.com.br\\\/?p=22894#respond\"]}],\"copyrightYear\":\"2021\",\"copyrightHolder\":{\"@id\":\"https:\\\/\\\/www.p31noticias.com.br\\\/#organization\"}},{\"@type\":\"WebPage\",\"@id\":\"https:\\\/\\\/www.p31noticias.com.br\\\/?p=22894\",\"url\":\"https:\\\/\\\/www.p31noticias.com.br\\\/?p=22894\",\"name\":\"Senado Federal e C\u00e2mara dos Deputados elegeram seus presidentes. - P31\",\"isPartOf\":{\"@id\":\"https:\\\/\\\/www.p31noticias.com.br\\\/#website\"},\"primaryImageOfPage\":{\"@id\":\"https:\\\/\\\/www.p31noticias.com.br\\\/?p=22894#primaryimage\"},\"image\":{\"@id\":\"https:\\\/\\\/www.p31noticias.com.br\\\/?p=22894#primaryimage\"},\"thumbnailUrl\":\"https:\\\/\\\/www.p31noticias.com.br\\\/wp-content\\\/uploads\\\/2021\\\/02\\\/images-1.jpg\",\"datePublished\":\"2021-02-02T13:06:31+00:00\",\"author\":{\"@id\":\"https:\\\/\\\/www.p31noticias.com.br\\\/#\\\/schema\\\/person\\\/95f2ece30e3b4132065b915150cd0f94\"},\"breadcrumb\":{\"@id\":\"https:\\\/\\\/www.p31noticias.com.br\\\/?p=22894#breadcrumb\"},\"inLanguage\":\"pt-BR\",\"potentialAction\":[{\"@type\":\"ReadAction\",\"target\":[\"https:\\\/\\\/www.p31noticias.com.br\\\/?p=22894\"]}]},{\"@type\":\"ImageObject\",\"inLanguage\":\"pt-BR\",\"@id\":\"https:\\\/\\\/www.p31noticias.com.br\\\/?p=22894#primaryimage\",\"url\":\"https:\\\/\\\/www.p31noticias.com.br\\\/wp-content\\\/uploads\\\/2021\\\/02\\\/images-1.jpg\",\"contentUrl\":\"https:\\\/\\\/www.p31noticias.com.br\\\/wp-content\\\/uploads\\\/2021\\\/02\\\/images-1.jpg\",\"width\":288,\"height\":175},{\"@type\":\"BreadcrumbList\",\"@id\":\"https:\\\/\\\/www.p31noticias.com.br\\\/?p=22894#breadcrumb\",\"itemListElement\":[{\"@type\":\"ListItem\",\"position\":1,\"name\":\"In\u00edcio\",\"item\":\"https:\\\/\\\/www.p31noticias.com.br\\\/\"},{\"@type\":\"ListItem\",\"position\":2,\"name\":\"Senado Federal e C\u00e2mara dos Deputados elegeram seus presidentes.\"}]},{\"@type\":\"WebSite\",\"@id\":\"https:\\\/\\\/www.p31noticias.com.br\\\/#website\",\"url\":\"https:\\\/\\\/www.p31noticias.com.br\\\/\",\"name\":\"P31\",\"description\":\"NOT\u00cdCIAS\",\"potentialAction\":[{\"@type\":\"SearchAction\",\"target\":{\"@type\":\"EntryPoint\",\"urlTemplate\":\"https:\\\/\\\/www.p31noticias.com.br\\\/?s={search_term_string}\"},\"query-input\":{\"@type\":\"PropertyValueSpecification\",\"valueRequired\":true,\"valueName\":\"search_term_string\"}}],\"inLanguage\":\"pt-BR\"},{\"@type\":\"Person\",\"@id\":\"https:\\\/\\\/www.p31noticias.com.br\\\/#\\\/schema\\\/person\\\/95f2ece30e3b4132065b915150cd0f94\",\"name\":\"Gon\u00e7alves Junior\",\"image\":{\"@type\":\"ImageObject\",\"inLanguage\":\"pt-BR\",\"@id\":\"https:\\\/\\\/secure.gravatar.com\\\/avatar\\\/6711f350116a89762687a48d66f723c799e5438a5b7578508d4294cd7a5d0800?s=96&d=mm&r=g\",\"url\":\"https:\\\/\\\/secure.gravatar.com\\\/avatar\\\/6711f350116a89762687a48d66f723c799e5438a5b7578508d4294cd7a5d0800?s=96&d=mm&r=g\",\"contentUrl\":\"https:\\\/\\\/secure.gravatar.com\\\/avatar\\\/6711f350116a89762687a48d66f723c799e5438a5b7578508d4294cd7a5d0800?s=96&d=mm&r=g\",\"caption\":\"Gon\u00e7alves Junior\"},\"url\":\"https:\\\/\\\/www.p31noticias.com.br\\\/?author=2\"}]}<\/script>\n<!-- \/ Yoast SEO Premium plugin. -->","yoast_head_json":{"title":"Senado Federal e C\u00e2mara dos Deputados elegeram seus presidentes. - P31","robots":{"index":"index","follow":"follow","max-snippet":"max-snippet:-1","max-image-preview":"max-image-preview:large","max-video-preview":"max-video-preview:-1"},"canonical":"https:\/\/www.p31noticias.com.br\/?p=22894","og_locale":"pt_BR","og_type":"article","og_title":"Senado Federal e C\u00e2mara dos Deputados elegeram seus presidentes.","og_description":"Vit\u00f3ria expressiva nas duas casas fortalecem rela\u00e7\u00e3o com o Pal\u00e1cio do Planalto. A elei\u00e7\u00e3o para as presid\u00eancias do Senado Federal e da C\u00e2mara dos Deputados, ocorrida na noite de 01 de fevereiro, trouxe \u00e0 tona novas lideran\u00e7as. A maioria das lideran\u00e7as politicas do pa\u00eds reconhecem que o Governo Federal sai fortalecido com a elei\u00e7\u00e3o, uma [&hellip;]","og_url":"https:\/\/www.p31noticias.com.br\/?p=22894","og_site_name":"P31","article_published_time":"2021-02-02T13:06:31+00:00","og_image":[{"width":288,"height":175,"url":"https:\/\/www.p31noticias.com.br\/wp-content\/uploads\/2021\/02\/images-1.jpg","type":"image\/jpeg"}],"author":"Gon\u00e7alves Junior","twitter_card":"summary_large_image","twitter_misc":{"Escrito por":"Gon\u00e7alves Junior","Est. tempo de leitura":"2 minutos"},"schema":{"@context":"https:\/\/schema.org","@graph":[{"@type":"Article","@id":"https:\/\/www.p31noticias.com.br\/?p=22894#article","isPartOf":{"@id":"https:\/\/www.p31noticias.com.br\/?p=22894"},"author":{"name":"Gon\u00e7alves Junior","@id":"https:\/\/www.p31noticias.com.br\/#\/schema\/person\/95f2ece30e3b4132065b915150cd0f94"},"headline":"Senado Federal e C\u00e2mara dos Deputados elegeram seus presidentes.","datePublished":"2021-02-02T13:06:31+00:00","mainEntityOfPage":{"@id":"https:\/\/www.p31noticias.com.br\/?p=22894"},"wordCount":394,"commentCount":0,"image":{"@id":"https:\/\/www.p31noticias.com.br\/?p=22894#primaryimage"},"thumbnailUrl":"https:\/\/www.p31noticias.com.br\/wp-content\/uploads\/2021\/02\/images-1.jpg","articleSection":["Brasil"],"inLanguage":"pt-BR","potentialAction":[{"@type":"CommentAction","name":"Comment","target":["https:\/\/www.p31noticias.com.br\/?p=22894#respond"]}],"copyrightYear":"2021","copyrightHolder":{"@id":"https:\/\/www.p31noticias.com.br\/#organization"}},{"@type":"WebPage","@id":"https:\/\/www.p31noticias.com.br\/?p=22894","url":"https:\/\/www.p31noticias.com.br\/?p=22894","name":"Senado Federal e C\u00e2mara dos Deputados elegeram seus presidentes. - P31","isPartOf":{"@id":"https:\/\/www.p31noticias.com.br\/#website"},"primaryImageOfPage":{"@id":"https:\/\/www.p31noticias.com.br\/?p=22894#primaryimage"},"image":{"@id":"https:\/\/www.p31noticias.com.br\/?p=22894#primaryimage"},"thumbnailUrl":"https:\/\/www.p31noticias.com.br\/wp-content\/uploads\/2021\/02\/images-1.jpg","datePublished":"2021-02-02T13:06:31+00:00","author":{"@id":"https:\/\/www.p31noticias.com.br\/#\/schema\/person\/95f2ece30e3b4132065b915150cd0f94"},"breadcrumb":{"@id":"https:\/\/www.p31noticias.com.br\/?p=22894#breadcrumb"},"inLanguage":"pt-BR","potentialAction":[{"@type":"ReadAction","target":["https:\/\/www.p31noticias.com.br\/?p=22894"]}]},{"@type":"ImageObject","inLanguage":"pt-BR","@id":"https:\/\/www.p31noticias.com.br\/?p=22894#primaryimage","url":"https:\/\/www.p31noticias.com.br\/wp-content\/uploads\/2021\/02\/images-1.jpg","contentUrl":"https:\/\/www.p31noticias.com.br\/wp-content\/uploads\/2021\/02\/images-1.jpg","width":288,"height":175},{"@type":"BreadcrumbList","@id":"https:\/\/www.p31noticias.com.br\/?p=22894#breadcrumb","itemListElement":[{"@type":"ListItem","position":1,"name":"In\u00edcio","item":"https:\/\/www.p31noticias.com.br\/"},{"@type":"ListItem","position":2,"name":"Senado Federal e C\u00e2mara dos Deputados elegeram seus presidentes."}]},{"@type":"WebSite","@id":"https:\/\/www.p31noticias.com.br\/#website","url":"https:\/\/www.p31noticias.com.br\/","name":"P31","description":"NOT\u00cdCIAS","potentialAction":[{"@type":"SearchAction","target":{"@type":"EntryPoint","urlTemplate":"https:\/\/www.p31noticias.com.br\/?s={search_term_string}"},"query-input":{"@type":"PropertyValueSpecification","valueRequired":true,"valueName":"search_term_string"}}],"inLanguage":"pt-BR"},{"@type":"Person","@id":"https:\/\/www.p31noticias.com.br\/#\/schema\/person\/95f2ece30e3b4132065b915150cd0f94","name":"Gon\u00e7alves Junior","image":{"@type":"ImageObject","inLanguage":"pt-BR","@id":"https:\/\/secure.gravatar.com\/avatar\/6711f350116a89762687a48d66f723c799e5438a5b7578508d4294cd7a5d0800?s=96&d=mm&r=g","url":"https:\/\/secure.gravatar.com\/avatar\/6711f350116a89762687a48d66f723c799e5438a5b7578508d4294cd7a5d0800?s=96&d=mm&r=g","contentUrl":"https:\/\/secure.gravatar.com\/avatar\/6711f350116a89762687a48d66f723c799e5438a5b7578508d4294cd7a5d0800?s=96&d=mm&r=g","caption":"Gon\u00e7alves Junior"},"url":"https:\/\/www.p31noticias.com.br\/?author=2"}]}},"amp_enabled":true,"_links":{"self":[{"href":"https:\/\/www.p31noticias.com.br\/index.php?rest_route=\/wp\/v2\/posts\/22894","targetHints":{"allow":["GET"]}}],"collection":[{"href":"https:\/\/www.p31noticias.com.br\/index.php?rest_route=\/wp\/v2\/posts"}],"about":[{"href":"https:\/\/www.p31noticias.com.br\/index.php?rest_route=\/wp\/v2\/types\/post"}],"author":[{"embeddable":true,"href":"https:\/\/www.p31noticias.com.br\/index.php?rest_route=\/wp\/v2\/users\/2"}],"replies":[{"embeddable":true,"href":"https:\/\/www.p31noticias.com.br\/index.php?rest_route=%2Fwp%2Fv2%2Fcomments&post=22894"}],"version-history":[{"count":2,"href":"https:\/\/www.p31noticias.com.br\/index.php?rest_route=\/wp\/v2\/posts\/22894\/revisions"}],"predecessor-version":[{"id":22897,"href":"https:\/\/www.p31noticias.com.br\/index.php?rest_route=\/wp\/v2\/posts\/22894\/revisions\/22897"}],"wp:featuredmedia":[{"embeddable":true,"href":"https:\/\/www.p31noticias.com.br\/index.php?rest_route=\/wp\/v2\/media\/22895"}],"wp:attachment":[{"href":"https:\/\/www.p31noticias.com.br\/index.php?rest_route=%2Fwp%2Fv2%2Fmedia&parent=22894"}],"wp:term":[{"taxonomy":"category","embeddable":true,"href":"https:\/\/www.p31noticias.com.br\/index.php?rest_route=%2Fwp%2Fv2%2Fcategories&post=22894"},{"taxonomy":"post_tag","embeddable":true,"href":"https:\/\/www.p31noticias.com.br\/index.php?rest_route=%2Fwp%2Fv2%2Ftags&post=22894"}],"curies":[{"name":"wp","href":"https:\/\/api.w.org\/{rel}","templated":true}]}}