{"id":22890,"date":"2021-01-30T00:11:38","date_gmt":"2021-01-30T00:11:38","guid":{"rendered":"https:\/\/p31noticias.com.br\/?p=22890"},"modified":"2021-01-30T00:11:38","modified_gmt":"2021-01-30T00:11:38","slug":"embaixador-da-india-agradece-brasil-e-ve-parceria-como-definidora-do-seculo","status":"publish","type":"post","link":"https:\/\/www.p31noticias.com.br\/?p=22890","title":{"rendered":"Embaixador da \u00cdndia agradece Brasil e v\u00ea parceria como &#8216;definidora do s\u00e9culo&#8217;"},"content":{"rendered":"<p style=\"text-align: justify;\">O embaixador da\u00a0<a href=\"https:\/\/www.cnnbrasil.com.br\/tudo-sobre\/india\">\u00cdndia<\/a>\u00a0no Brasil, Suresh Reddy, enalteceu nas redes sociais a parceria entre os pa\u00edses, que, na vis\u00e3o dele, ser\u00e1 &#8220;uma das definidoras deste s\u00e9culo&#8221;. A mensagem foi escrita em resposta a Filipe Martins, assessor especial para Assuntos Internacionais do presidente\u00a0<a href=\"https:\/\/www.cnnbrasil.com.br\/tudo-sobre\/jair-bolsonaro\">Jair Bolsonaro<\/a>\u00a0(sem partido).<\/p>\n<p style=\"text-align: justify;\">&#8220;Obrigado Filipe G. Martins por compartilhar seus pensamentos sobre a parceria entre a \u00cdndia e o Brasil. O sentimento e a cren\u00e7a de que esta ser\u00e1 uma das parcerias definidoras deste s\u00e9culo \u00e9 totalmente reciproco&#8221;, escreveu Reddy, em mensagem que incluiu o chanceler indiano,\u00a0Subrahmanyam Jaishankar.<\/p>\n<p style=\"text-align: justify;\">A rela\u00e7\u00e3o entre o Brasil e a \u00cdndia ganhou destaque nas \u00faltimas semanas, durante as negocia\u00e7\u00f5es para a libera\u00e7\u00e3o de um lote de 2 milh\u00f5es de doses da\u00a0<a href=\"https:\/\/www.cnnbrasil.com.br\/tudo-sobre\/vacina-covid-19\">vacina de Oxford<\/a>\u00a0e da AstraZeneca produzidas pelo laborat\u00f3rio indiano S\u00e9rum.<\/p>\n<p style=\"text-align: justify;\">As vacinas desembarcaram no Brasil na \u00faltima semana, foram rotuladas pela Funda\u00e7\u00e3o Oswaldo Cruz (Fiocruz) e distribu\u00eddas aos estados e munic\u00edpios pelo Minist\u00e9rio da Sa\u00fade.<\/p>\n<p style=\"text-align: justify;\">A mensagem do embaixador Suresh Reddy respondeu a uma sequ\u00eancia de publica\u00e7\u00f5es de Filipe Martins, que trata da rela\u00e7\u00e3o entre os dois pa\u00edses.<\/p>\n<p style=\"text-align: justify;\">S\u00e3o dez\u00a0<em>tweets<\/em>\u00a0nos quais o assessor cita a sua vis\u00e3o sobre as rela\u00e7\u00f5es diplom\u00e1ticas. Martins enfatiza a presen\u00e7a do presidente Jair Bolsonaro como convidado especial do Dia da Rep\u00fablica da \u00cdndia em 2020. Neste ano, Bolsonaro compareceu a uma celebra\u00e7\u00e3o organizada pela embaixada local do pa\u00eds.<\/p>\n<p style=\"text-align: justify;\">&#8220;A parceria Brasil-\u00cdndia \u00e9 uma f\u00f3rmula de sucesso e ainda trar\u00e1 grandes benef\u00edcios aos nossos povos e mudan\u00e7as positivas ao sistema internacional. Em 2021, se as condi\u00e7\u00f5es sanit\u00e1rias permitirem, voltaremos \u00e0 \u00cdndia para a C\u00fapula do BRICS e avan\u00e7aremos ainda mais nessa parceria&#8221;, escreveu o assessor.<\/p>\n<p>CNN<\/p>\n","protected":false},"excerpt":{"rendered":"<p>O embaixador da\u00a0\u00cdndia\u00a0no Brasil, Suresh Reddy, enalteceu nas redes sociais a parceria entre os pa\u00edses, que, na vis\u00e3o dele, ser\u00e1 &#8220;uma das definidoras deste s\u00e9culo&#8221;. A mensagem foi escrita em resposta a Filipe Martins, assessor especial para Assuntos Internacionais do presidente\u00a0Jair Bolsonaro\u00a0(sem partido). &#8220;Obrigado Filipe G. Martins por compartilhar seus pensamentos sobre a parceria entre [&hellip;]<\/p>\n","protected":false},"author":2,"featured_media":22891,"comment_status":"open","ping_status":"open","sticky":false,"template":"","format":"standard","meta":{"footnotes":""},"categories":[68],"tags":[],"class_list":{"0":"post-22890","1":"post","2":"type-post","3":"status-publish","4":"format-standard","5":"has-post-thumbnail","7":"category-brasil"},"yoast_head":"<!-- This site is optimized with the Yoast SEO Premium plugin v24.5 (Yoast SEO v27.5) - https:\/\/yoast.com\/product\/yoast-seo-premium-wordpress\/ -->\n<title>Embaixador da \u00cdndia agradece Brasil e v\u00ea parceria como &#039;definidora do s\u00e9culo&#039; - P31<\/title>\n<meta name=\"robots\" content=\"index, follow, max-snippet:-1, max-image-preview:large, max-video-preview:-1\" \/>\n<link rel=\"canonical\" href=\"https:\/\/www.p31noticias.com.br\/?p=22890\" \/>\n<meta property=\"og:locale\" content=\"pt_BR\" \/>\n<meta property=\"og:type\" content=\"article\" \/>\n<meta property=\"og:title\" content=\"Embaixador da \u00cdndia agradece Brasil e v\u00ea parceria como &#039;definidora do s\u00e9culo&#039;\" \/>\n<meta property=\"og:description\" content=\"O embaixador da\u00a0\u00cdndia\u00a0no Brasil, Suresh Reddy, enalteceu nas redes sociais a parceria entre os pa\u00edses, que, na vis\u00e3o dele, ser\u00e1 &#8220;uma das definidoras deste s\u00e9culo&#8221;. A mensagem foi escrita em resposta a Filipe Martins, assessor especial para Assuntos Internacionais do presidente\u00a0Jair Bolsonaro\u00a0(sem partido). &#8220;Obrigado Filipe G. Martins por compartilhar seus pensamentos sobre a parceria entre [&hellip;]\" \/>\n<meta property=\"og:url\" content=\"https:\/\/www.p31noticias.com.br\/?p=22890\" \/>\n<meta property=\"og:site_name\" content=\"P31\" \/>\n<meta property=\"article:published_time\" content=\"2021-01-30T00:11:38+00:00\" \/>\n<meta property=\"og:image\" content=\"https:\/\/www.p31noticias.com.br\/wp-content\/uploads\/2021\/01\/unnamed-2-2.jpg\" \/>\n\t<meta property=\"og:image:width\" content=\"1112\" \/>\n\t<meta property=\"og:image:height\" content=\"753\" \/>\n\t<meta property=\"og:image:type\" content=\"image\/jpeg\" \/>\n<meta name=\"author\" content=\"Gon\u00e7alves Junior\" \/>\n<meta name=\"twitter:card\" content=\"summary_large_image\" \/>\n<meta name=\"twitter:label1\" content=\"Escrito por\" \/>\n\t<meta name=\"twitter:data1\" content=\"Gon\u00e7alves Junior\" \/>\n\t<meta name=\"twitter:label2\" content=\"Est. tempo de leitura\" \/>\n\t<meta name=\"twitter:data2\" content=\"2 minutos\" \/>\n<script type=\"application\/ld+json\" class=\"yoast-schema-graph\">{\"@context\":\"https:\\\/\\\/schema.org\",\"@graph\":[{\"@type\":\"Article\",\"@id\":\"https:\\\/\\\/www.p31noticias.com.br\\\/?p=22890#article\",\"isPartOf\":{\"@id\":\"https:\\\/\\\/www.p31noticias.com.br\\\/?p=22890\"},\"author\":{\"name\":\"Gon\u00e7alves Junior\",\"@id\":\"https:\\\/\\\/www.p31noticias.com.br\\\/#\\\/schema\\\/person\\\/95f2ece30e3b4132065b915150cd0f94\"},\"headline\":\"Embaixador da \u00cdndia agradece Brasil e v\u00ea parceria como &#8216;definidora do s\u00e9culo&#8217;\",\"datePublished\":\"2021-01-30T00:11:38+00:00\",\"mainEntityOfPage\":{\"@id\":\"https:\\\/\\\/www.p31noticias.com.br\\\/?p=22890\"},\"wordCount\":317,\"commentCount\":0,\"image\":{\"@id\":\"https:\\\/\\\/www.p31noticias.com.br\\\/?p=22890#primaryimage\"},\"thumbnailUrl\":\"https:\\\/\\\/www.p31noticias.com.br\\\/wp-content\\\/uploads\\\/2021\\\/01\\\/unnamed-2-2.jpg\",\"articleSection\":[\"Brasil\"],\"inLanguage\":\"pt-BR\",\"potentialAction\":[{\"@type\":\"CommentAction\",\"name\":\"Comment\",\"target\":[\"https:\\\/\\\/www.p31noticias.com.br\\\/?p=22890#respond\"]}],\"copyrightYear\":\"2021\",\"copyrightHolder\":{\"@id\":\"https:\\\/\\\/www.p31noticias.com.br\\\/#organization\"}},{\"@type\":\"WebPage\",\"@id\":\"https:\\\/\\\/www.p31noticias.com.br\\\/?p=22890\",\"url\":\"https:\\\/\\\/www.p31noticias.com.br\\\/?p=22890\",\"name\":\"Embaixador da \u00cdndia agradece Brasil e v\u00ea parceria como 'definidora do s\u00e9culo' - P31\",\"isPartOf\":{\"@id\":\"https:\\\/\\\/www.p31noticias.com.br\\\/#website\"},\"primaryImageOfPage\":{\"@id\":\"https:\\\/\\\/www.p31noticias.com.br\\\/?p=22890#primaryimage\"},\"image\":{\"@id\":\"https:\\\/\\\/www.p31noticias.com.br\\\/?p=22890#primaryimage\"},\"thumbnailUrl\":\"https:\\\/\\\/www.p31noticias.com.br\\\/wp-content\\\/uploads\\\/2021\\\/01\\\/unnamed-2-2.jpg\",\"datePublished\":\"2021-01-30T00:11:38+00:00\",\"author\":{\"@id\":\"https:\\\/\\\/www.p31noticias.com.br\\\/#\\\/schema\\\/person\\\/95f2ece30e3b4132065b915150cd0f94\"},\"breadcrumb\":{\"@id\":\"https:\\\/\\\/www.p31noticias.com.br\\\/?p=22890#breadcrumb\"},\"inLanguage\":\"pt-BR\",\"potentialAction\":[{\"@type\":\"ReadAction\",\"target\":[\"https:\\\/\\\/www.p31noticias.com.br\\\/?p=22890\"]}]},{\"@type\":\"ImageObject\",\"inLanguage\":\"pt-BR\",\"@id\":\"https:\\\/\\\/www.p31noticias.com.br\\\/?p=22890#primaryimage\",\"url\":\"https:\\\/\\\/www.p31noticias.com.br\\\/wp-content\\\/uploads\\\/2021\\\/01\\\/unnamed-2-2.jpg\",\"contentUrl\":\"https:\\\/\\\/www.p31noticias.com.br\\\/wp-content\\\/uploads\\\/2021\\\/01\\\/unnamed-2-2.jpg\",\"width\":1112,\"height\":753},{\"@type\":\"BreadcrumbList\",\"@id\":\"https:\\\/\\\/www.p31noticias.com.br\\\/?p=22890#breadcrumb\",\"itemListElement\":[{\"@type\":\"ListItem\",\"position\":1,\"name\":\"In\u00edcio\",\"item\":\"https:\\\/\\\/www.p31noticias.com.br\\\/\"},{\"@type\":\"ListItem\",\"position\":2,\"name\":\"Embaixador da \u00cdndia agradece Brasil e v\u00ea parceria como &#8216;definidora do s\u00e9culo&#8217;\"}]},{\"@type\":\"WebSite\",\"@id\":\"https:\\\/\\\/www.p31noticias.com.br\\\/#website\",\"url\":\"https:\\\/\\\/www.p31noticias.com.br\\\/\",\"name\":\"P31\",\"description\":\"NOT\u00cdCIAS\",\"potentialAction\":[{\"@type\":\"SearchAction\",\"target\":{\"@type\":\"EntryPoint\",\"urlTemplate\":\"https:\\\/\\\/www.p31noticias.com.br\\\/?s={search_term_string}\"},\"query-input\":{\"@type\":\"PropertyValueSpecification\",\"valueRequired\":true,\"valueName\":\"search_term_string\"}}],\"inLanguage\":\"pt-BR\"},{\"@type\":\"Person\",\"@id\":\"https:\\\/\\\/www.p31noticias.com.br\\\/#\\\/schema\\\/person\\\/95f2ece30e3b4132065b915150cd0f94\",\"name\":\"Gon\u00e7alves Junior\",\"image\":{\"@type\":\"ImageObject\",\"inLanguage\":\"pt-BR\",\"@id\":\"https:\\\/\\\/secure.gravatar.com\\\/avatar\\\/6711f350116a89762687a48d66f723c799e5438a5b7578508d4294cd7a5d0800?s=96&d=mm&r=g\",\"url\":\"https:\\\/\\\/secure.gravatar.com\\\/avatar\\\/6711f350116a89762687a48d66f723c799e5438a5b7578508d4294cd7a5d0800?s=96&d=mm&r=g\",\"contentUrl\":\"https:\\\/\\\/secure.gravatar.com\\\/avatar\\\/6711f350116a89762687a48d66f723c799e5438a5b7578508d4294cd7a5d0800?s=96&d=mm&r=g\",\"caption\":\"Gon\u00e7alves Junior\"},\"url\":\"https:\\\/\\\/www.p31noticias.com.br\\\/?author=2\"}]}<\/script>\n<!-- \/ Yoast SEO Premium plugin. -->","yoast_head_json":{"title":"Embaixador da \u00cdndia agradece Brasil e v\u00ea parceria como 'definidora do s\u00e9culo' - P31","robots":{"index":"index","follow":"follow","max-snippet":"max-snippet:-1","max-image-preview":"max-image-preview:large","max-video-preview":"max-video-preview:-1"},"canonical":"https:\/\/www.p31noticias.com.br\/?p=22890","og_locale":"pt_BR","og_type":"article","og_title":"Embaixador da \u00cdndia agradece Brasil e v\u00ea parceria como 'definidora do s\u00e9culo'","og_description":"O embaixador da\u00a0\u00cdndia\u00a0no Brasil, Suresh Reddy, enalteceu nas redes sociais a parceria entre os pa\u00edses, que, na vis\u00e3o dele, ser\u00e1 &#8220;uma das definidoras deste s\u00e9culo&#8221;. A mensagem foi escrita em resposta a Filipe Martins, assessor especial para Assuntos Internacionais do presidente\u00a0Jair Bolsonaro\u00a0(sem partido). &#8220;Obrigado Filipe G. Martins por compartilhar seus pensamentos sobre a parceria entre [&hellip;]","og_url":"https:\/\/www.p31noticias.com.br\/?p=22890","og_site_name":"P31","article_published_time":"2021-01-30T00:11:38+00:00","og_image":[{"width":1112,"height":753,"url":"https:\/\/www.p31noticias.com.br\/wp-content\/uploads\/2021\/01\/unnamed-2-2.jpg","type":"image\/jpeg"}],"author":"Gon\u00e7alves Junior","twitter_card":"summary_large_image","twitter_misc":{"Escrito por":"Gon\u00e7alves Junior","Est. tempo de leitura":"2 minutos"},"schema":{"@context":"https:\/\/schema.org","@graph":[{"@type":"Article","@id":"https:\/\/www.p31noticias.com.br\/?p=22890#article","isPartOf":{"@id":"https:\/\/www.p31noticias.com.br\/?p=22890"},"author":{"name":"Gon\u00e7alves Junior","@id":"https:\/\/www.p31noticias.com.br\/#\/schema\/person\/95f2ece30e3b4132065b915150cd0f94"},"headline":"Embaixador da \u00cdndia agradece Brasil e v\u00ea parceria como &#8216;definidora do s\u00e9culo&#8217;","datePublished":"2021-01-30T00:11:38+00:00","mainEntityOfPage":{"@id":"https:\/\/www.p31noticias.com.br\/?p=22890"},"wordCount":317,"commentCount":0,"image":{"@id":"https:\/\/www.p31noticias.com.br\/?p=22890#primaryimage"},"thumbnailUrl":"https:\/\/www.p31noticias.com.br\/wp-content\/uploads\/2021\/01\/unnamed-2-2.jpg","articleSection":["Brasil"],"inLanguage":"pt-BR","potentialAction":[{"@type":"CommentAction","name":"Comment","target":["https:\/\/www.p31noticias.com.br\/?p=22890#respond"]}],"copyrightYear":"2021","copyrightHolder":{"@id":"https:\/\/www.p31noticias.com.br\/#organization"}},{"@type":"WebPage","@id":"https:\/\/www.p31noticias.com.br\/?p=22890","url":"https:\/\/www.p31noticias.com.br\/?p=22890","name":"Embaixador da \u00cdndia agradece Brasil e v\u00ea parceria como 'definidora do s\u00e9culo' - P31","isPartOf":{"@id":"https:\/\/www.p31noticias.com.br\/#website"},"primaryImageOfPage":{"@id":"https:\/\/www.p31noticias.com.br\/?p=22890#primaryimage"},"image":{"@id":"https:\/\/www.p31noticias.com.br\/?p=22890#primaryimage"},"thumbnailUrl":"https:\/\/www.p31noticias.com.br\/wp-content\/uploads\/2021\/01\/unnamed-2-2.jpg","datePublished":"2021-01-30T00:11:38+00:00","author":{"@id":"https:\/\/www.p31noticias.com.br\/#\/schema\/person\/95f2ece30e3b4132065b915150cd0f94"},"breadcrumb":{"@id":"https:\/\/www.p31noticias.com.br\/?p=22890#breadcrumb"},"inLanguage":"pt-BR","potentialAction":[{"@type":"ReadAction","target":["https:\/\/www.p31noticias.com.br\/?p=22890"]}]},{"@type":"ImageObject","inLanguage":"pt-BR","@id":"https:\/\/www.p31noticias.com.br\/?p=22890#primaryimage","url":"https:\/\/www.p31noticias.com.br\/wp-content\/uploads\/2021\/01\/unnamed-2-2.jpg","contentUrl":"https:\/\/www.p31noticias.com.br\/wp-content\/uploads\/2021\/01\/unnamed-2-2.jpg","width":1112,"height":753},{"@type":"BreadcrumbList","@id":"https:\/\/www.p31noticias.com.br\/?p=22890#breadcrumb","itemListElement":[{"@type":"ListItem","position":1,"name":"In\u00edcio","item":"https:\/\/www.p31noticias.com.br\/"},{"@type":"ListItem","position":2,"name":"Embaixador da \u00cdndia agradece Brasil e v\u00ea parceria como &#8216;definidora do s\u00e9culo&#8217;"}]},{"@type":"WebSite","@id":"https:\/\/www.p31noticias.com.br\/#website","url":"https:\/\/www.p31noticias.com.br\/","name":"P31","description":"NOT\u00cdCIAS","potentialAction":[{"@type":"SearchAction","target":{"@type":"EntryPoint","urlTemplate":"https:\/\/www.p31noticias.com.br\/?s={search_term_string}"},"query-input":{"@type":"PropertyValueSpecification","valueRequired":true,"valueName":"search_term_string"}}],"inLanguage":"pt-BR"},{"@type":"Person","@id":"https:\/\/www.p31noticias.com.br\/#\/schema\/person\/95f2ece30e3b4132065b915150cd0f94","name":"Gon\u00e7alves Junior","image":{"@type":"ImageObject","inLanguage":"pt-BR","@id":"https:\/\/secure.gravatar.com\/avatar\/6711f350116a89762687a48d66f723c799e5438a5b7578508d4294cd7a5d0800?s=96&d=mm&r=g","url":"https:\/\/secure.gravatar.com\/avatar\/6711f350116a89762687a48d66f723c799e5438a5b7578508d4294cd7a5d0800?s=96&d=mm&r=g","contentUrl":"https:\/\/secure.gravatar.com\/avatar\/6711f350116a89762687a48d66f723c799e5438a5b7578508d4294cd7a5d0800?s=96&d=mm&r=g","caption":"Gon\u00e7alves Junior"},"url":"https:\/\/www.p31noticias.com.br\/?author=2"}]}},"amp_enabled":true,"_links":{"self":[{"href":"https:\/\/www.p31noticias.com.br\/index.php?rest_route=\/wp\/v2\/posts\/22890","targetHints":{"allow":["GET"]}}],"collection":[{"href":"https:\/\/www.p31noticias.com.br\/index.php?rest_route=\/wp\/v2\/posts"}],"about":[{"href":"https:\/\/www.p31noticias.com.br\/index.php?rest_route=\/wp\/v2\/types\/post"}],"author":[{"embeddable":true,"href":"https:\/\/www.p31noticias.com.br\/index.php?rest_route=\/wp\/v2\/users\/2"}],"replies":[{"embeddable":true,"href":"https:\/\/www.p31noticias.com.br\/index.php?rest_route=%2Fwp%2Fv2%2Fcomments&post=22890"}],"version-history":[{"count":2,"href":"https:\/\/www.p31noticias.com.br\/index.php?rest_route=\/wp\/v2\/posts\/22890\/revisions"}],"predecessor-version":[{"id":22893,"href":"https:\/\/www.p31noticias.com.br\/index.php?rest_route=\/wp\/v2\/posts\/22890\/revisions\/22893"}],"wp:featuredmedia":[{"embeddable":true,"href":"https:\/\/www.p31noticias.com.br\/index.php?rest_route=\/wp\/v2\/media\/22891"}],"wp:attachment":[{"href":"https:\/\/www.p31noticias.com.br\/index.php?rest_route=%2Fwp%2Fv2%2Fmedia&parent=22890"}],"wp:term":[{"taxonomy":"category","embeddable":true,"href":"https:\/\/www.p31noticias.com.br\/index.php?rest_route=%2Fwp%2Fv2%2Fcategories&post=22890"},{"taxonomy":"post_tag","embeddable":true,"href":"https:\/\/www.p31noticias.com.br\/index.php?rest_route=%2Fwp%2Fv2%2Ftags&post=22890"}],"curies":[{"name":"wp","href":"https:\/\/api.w.org\/{rel}","templated":true}]}}