{"id":22873,"date":"2021-01-26T23:41:51","date_gmt":"2021-01-26T23:41:51","guid":{"rendered":"https:\/\/p31noticias.com.br\/?p=22873"},"modified":"2021-01-26T23:41:51","modified_gmt":"2021-01-26T23:41:51","slug":"pedra-de-1-500-anos-com-dedicatoria-a-jesus-e-achada-em-regiao-arabe-de-israel","status":"publish","type":"post","link":"https:\/\/www.p31noticias.com.br\/?p=22873","title":{"rendered":"Pedra de 1.500 anos com dedicat\u00f3ria a Jesus \u00e9 achada em regi\u00e3o \u00e1rabe de Israel"},"content":{"rendered":"<div id=\"CNNImage_1611418985627\">\n<figure class=\"cnnImage\"><figcaption class=\"light\"><em><strong>Descoberta de pedra de 1.500 anos tem a frase \u2018Cristo nasceu em Maria\u2019<\/strong><\/em><\/figcaption><\/figure>\n<\/div>\n<p style=\"text-align: justify;\">Uma pedra com a frase \u201cCristo nasceu de Maria\u201d levou arque\u00f3logos a confirmarem a exist\u00eancia de igrejas crist\u00e3s em assentamentos primitivos \u00e1rabes h\u00e1 pelo menos 1.500 anos, em Israel.<\/p>\n<p style=\"text-align: justify;\">O artefato, anunciado nesta semana por pesquisadores do Instituto de Antiguidade de Israel, aponta evid\u00eancias de templos antes do advento do Isl\u00e3 e ainda sugere que permaneceram em atividade no per\u00edodo mu\u00e7ulmano.<\/p>\n<p style=\"text-align: justify;\">A descoberta aconteceu no Vale de Jezreel, comunidade da cidade Tayibe, ao norte de Israel. Com a descoberta, a regi\u00e3o que \u00e9 marcada pela forte presen\u00e7a \u00e1rabe, agora mostra que o seu passado viveu o cristianismo pelo menos at\u00e9 o s\u00e9culo 5, algo que para os pesquisadores era pass\u00edvel de confirma\u00e7\u00e3o cient\u00edfica.<\/p>\n<p style=\"text-align: justify;\">\u201cA import\u00e2ncia da inscri\u00e7\u00e3o \u00e9 que at\u00e9 agora n\u00e3o sab\u00edamos com certeza se havia igrejas deste per\u00edodo nesta \u00e1rea\u201d, disse o arque\u00f3logo Walid Atrash, da Autoridade de Antiguidades de Israel, ao jornal\u00a0<a href=\"https:\/\/www.timesofisrael.com\/christ-born-of-mary-1st-proof-of-early-christianity-found-in-galilee-village\/\" target=\"_blank\" rel=\"noopener noreferrer\">The Times of Israel<\/a>.<\/p>\n<p style=\"text-align: justify;\">Segundo os arque\u00f3logos, a pedra com o escrito em refer\u00eancia a Jesus Cristo foi encontrada em um lugar que seria a parede de uma entrada da igreja constru\u00edda com estrutura da era bizantina. As artes neste per\u00edodo, dominado pelo Imp\u00e9rio Romano, tinham fortes tra\u00e7os pol\u00edticos-religiosos.<\/p>\n<p style=\"text-align: justify;\">A igreja teria sido fundada pelo arcebispo regional de Beit She&#8217;an ao fim do s\u00e9culo 5, conhecido pelo nome de \u201cTeod\u00f3sio\u201d, sugere os textos encontrados pelos arque\u00f3logos na pedra.<\/p>\n<p style=\"text-align: justify;\">Apesar do achado, segundo Walid Atrash, a confirma\u00e7\u00e3o da exist\u00eancia de igrejas na regi\u00e3o \u201cn\u00e3o \u00e9 surpreendente\u201d porque ru\u00ednas de supostos templos crist\u00e3os j\u00e1 haviam sido encontradas. O que os pesquisadores n\u00e3o tinham em m\u00e3os eram confirma\u00e7\u00f5es de que a presen\u00e7a crist\u00e3 era do per\u00edodo bizantino.<\/p>\n<p style=\"text-align: justify;\">Para Atrash, a nova inscri\u00e7\u00e3o em pedra \u201cfechou o c\u00edrculo, e agora sabemos que havia crist\u00e3os nesta \u00e1rea durante esta era\u201d.<\/p>\n<p style=\"text-align: justify;\">Os pesquisadores acreditam que a igreja durou at\u00e9 o in\u00edcio do per\u00edodo mu\u00e7ulmano. Os estudos continuam para saber agora se crist\u00e3os ou judeus constru\u00edram o templo.<\/p>\n<h4 style=\"text-align: justify;\">O significado da escritura<\/h4>\n<p style=\"text-align: justify;\">A frase \u201cCristo nasceu de Maria\u201d est\u00e1 em uma pedra que continha sete linhas de escritos, mas que foram parcialmente destru\u00eddas pelo tempo.<\/p>\n<p style=\"text-align: justify;\">De acordo com Leah Di Segni, pesquisadora do Instituto de Arqueologia da Universidade Hebraica de Jerusal\u00e9m, a express\u00e3o \u201cCristo nasceu de Maria\u201d serve como um amuleto de boa sorte para afastar o mau-olhado.<\/p>\n<p style=\"text-align: justify;\">A men\u00e7\u00e3o do arcebispo Teod\u00f3sio na inscri\u00e7\u00e3o, \u00e9 outra evid\u00eancia de que a pedra estava em uma igreja e n\u00e3o em um mosteiro.<\/p>\n<p style=\"text-align: justify;\">\u201cA inscri\u00e7\u00e3o sa\u00fada aqueles que entram e os aben\u00e7oa. Portanto, \u00e9 claro que o edif\u00edcio \u00e9 uma igreja, e n\u00e3o um mosteiro: as igrejas saudavam os crentes na entrada, enquanto os mosteiros tendiam a n\u00e3o fazer isso\u201d, comentou Di Segni.<\/p>\n<p style=\"text-align: justify;\">A inscri\u00e7\u00e3o, segundo os pesquisadores, ficava dentro da parede e n\u00e3o seria vis\u00edvel. A suspeita \u00e9 de que a igreja tenha sido destru\u00edda em um dos v\u00e1rios terremotos que atingiram a regi\u00e3o durante essa \u00e9poca.<\/p>\n<p>Fonte : CNN BRASIL<\/p>\n","protected":false},"excerpt":{"rendered":"<p>Descoberta de pedra de 1.500 anos tem a frase \u2018Cristo nasceu em Maria\u2019 Uma pedra com a frase \u201cCristo nasceu de Maria\u201d levou arque\u00f3logos a confirmarem a exist\u00eancia de igrejas crist\u00e3s em assentamentos primitivos \u00e1rabes h\u00e1 pelo menos 1.500 anos, em Israel. O artefato, anunciado nesta semana por pesquisadores do Instituto de Antiguidade de Israel, [&hellip;]<\/p>\n","protected":false},"author":2,"featured_media":22874,"comment_status":"open","ping_status":"open","sticky":false,"template":"","format":"standard","meta":{"footnotes":""},"categories":[21],"tags":[],"class_list":{"0":"post-22873","1":"post","2":"type-post","3":"status-publish","4":"format-standard","5":"has-post-thumbnail","7":"category-brasilia"},"yoast_head":"<!-- This site is optimized with the Yoast SEO Premium plugin v24.5 (Yoast SEO v27.5) - https:\/\/yoast.com\/product\/yoast-seo-premium-wordpress\/ -->\n<title>Pedra de 1.500 anos com dedicat\u00f3ria a Jesus \u00e9 achada em regi\u00e3o \u00e1rabe de Israel - P31<\/title>\n<meta name=\"robots\" content=\"index, follow, max-snippet:-1, max-image-preview:large, max-video-preview:-1\" \/>\n<link rel=\"canonical\" href=\"https:\/\/www.p31noticias.com.br\/?p=22873\" \/>\n<meta property=\"og:locale\" content=\"pt_BR\" \/>\n<meta property=\"og:type\" content=\"article\" \/>\n<meta property=\"og:title\" content=\"Pedra de 1.500 anos com dedicat\u00f3ria a Jesus \u00e9 achada em regi\u00e3o \u00e1rabe de Israel\" \/>\n<meta property=\"og:description\" content=\"Descoberta de pedra de 1.500 anos tem a frase \u2018Cristo nasceu em Maria\u2019 Uma pedra com a frase \u201cCristo nasceu de Maria\u201d levou arque\u00f3logos a confirmarem a exist\u00eancia de igrejas crist\u00e3s em assentamentos primitivos \u00e1rabes h\u00e1 pelo menos 1.500 anos, em Israel. O artefato, anunciado nesta semana por pesquisadores do Instituto de Antiguidade de Israel, [&hellip;]\" \/>\n<meta property=\"og:url\" content=\"https:\/\/www.p31noticias.com.br\/?p=22873\" \/>\n<meta property=\"og:site_name\" content=\"P31\" \/>\n<meta property=\"article:published_time\" content=\"2021-01-26T23:41:51+00:00\" \/>\n<meta property=\"og:image\" content=\"https:\/\/www.p31noticias.com.br\/wp-content\/uploads\/2021\/01\/unnamed-2-1.jpg\" \/>\n\t<meta property=\"og:image:width\" content=\"1242\" \/>\n\t<meta property=\"og:image:height\" content=\"818\" \/>\n\t<meta property=\"og:image:type\" content=\"image\/jpeg\" \/>\n<meta name=\"author\" content=\"Gon\u00e7alves Junior\" \/>\n<meta name=\"twitter:card\" content=\"summary_large_image\" \/>\n<meta name=\"twitter:label1\" content=\"Escrito por\" \/>\n\t<meta name=\"twitter:data1\" content=\"Gon\u00e7alves Junior\" \/>\n\t<meta name=\"twitter:label2\" content=\"Est. tempo de leitura\" \/>\n\t<meta name=\"twitter:data2\" content=\"3 minutos\" \/>\n<script type=\"application\/ld+json\" class=\"yoast-schema-graph\">{\"@context\":\"https:\\\/\\\/schema.org\",\"@graph\":[{\"@type\":\"Article\",\"@id\":\"https:\\\/\\\/www.p31noticias.com.br\\\/?p=22873#article\",\"isPartOf\":{\"@id\":\"https:\\\/\\\/www.p31noticias.com.br\\\/?p=22873\"},\"author\":{\"name\":\"Gon\u00e7alves Junior\",\"@id\":\"https:\\\/\\\/www.p31noticias.com.br\\\/#\\\/schema\\\/person\\\/95f2ece30e3b4132065b915150cd0f94\"},\"headline\":\"Pedra de 1.500 anos com dedicat\u00f3ria a Jesus \u00e9 achada em regi\u00e3o \u00e1rabe de Israel\",\"datePublished\":\"2021-01-26T23:41:51+00:00\",\"mainEntityOfPage\":{\"@id\":\"https:\\\/\\\/www.p31noticias.com.br\\\/?p=22873\"},\"wordCount\":562,\"commentCount\":0,\"image\":{\"@id\":\"https:\\\/\\\/www.p31noticias.com.br\\\/?p=22873#primaryimage\"},\"thumbnailUrl\":\"https:\\\/\\\/www.p31noticias.com.br\\\/wp-content\\\/uploads\\\/2021\\\/01\\\/unnamed-2-1.jpg\",\"articleSection\":[\"Bras\u00edlia\"],\"inLanguage\":\"pt-BR\",\"potentialAction\":[{\"@type\":\"CommentAction\",\"name\":\"Comment\",\"target\":[\"https:\\\/\\\/www.p31noticias.com.br\\\/?p=22873#respond\"]}],\"copyrightYear\":\"2021\",\"copyrightHolder\":{\"@id\":\"https:\\\/\\\/www.p31noticias.com.br\\\/#organization\"}},{\"@type\":\"WebPage\",\"@id\":\"https:\\\/\\\/www.p31noticias.com.br\\\/?p=22873\",\"url\":\"https:\\\/\\\/www.p31noticias.com.br\\\/?p=22873\",\"name\":\"Pedra de 1.500 anos com dedicat\u00f3ria a Jesus \u00e9 achada em regi\u00e3o \u00e1rabe de Israel - P31\",\"isPartOf\":{\"@id\":\"https:\\\/\\\/www.p31noticias.com.br\\\/#website\"},\"primaryImageOfPage\":{\"@id\":\"https:\\\/\\\/www.p31noticias.com.br\\\/?p=22873#primaryimage\"},\"image\":{\"@id\":\"https:\\\/\\\/www.p31noticias.com.br\\\/?p=22873#primaryimage\"},\"thumbnailUrl\":\"https:\\\/\\\/www.p31noticias.com.br\\\/wp-content\\\/uploads\\\/2021\\\/01\\\/unnamed-2-1.jpg\",\"datePublished\":\"2021-01-26T23:41:51+00:00\",\"author\":{\"@id\":\"https:\\\/\\\/www.p31noticias.com.br\\\/#\\\/schema\\\/person\\\/95f2ece30e3b4132065b915150cd0f94\"},\"breadcrumb\":{\"@id\":\"https:\\\/\\\/www.p31noticias.com.br\\\/?p=22873#breadcrumb\"},\"inLanguage\":\"pt-BR\",\"potentialAction\":[{\"@type\":\"ReadAction\",\"target\":[\"https:\\\/\\\/www.p31noticias.com.br\\\/?p=22873\"]}]},{\"@type\":\"ImageObject\",\"inLanguage\":\"pt-BR\",\"@id\":\"https:\\\/\\\/www.p31noticias.com.br\\\/?p=22873#primaryimage\",\"url\":\"https:\\\/\\\/www.p31noticias.com.br\\\/wp-content\\\/uploads\\\/2021\\\/01\\\/unnamed-2-1.jpg\",\"contentUrl\":\"https:\\\/\\\/www.p31noticias.com.br\\\/wp-content\\\/uploads\\\/2021\\\/01\\\/unnamed-2-1.jpg\",\"width\":1242,\"height\":818},{\"@type\":\"BreadcrumbList\",\"@id\":\"https:\\\/\\\/www.p31noticias.com.br\\\/?p=22873#breadcrumb\",\"itemListElement\":[{\"@type\":\"ListItem\",\"position\":1,\"name\":\"In\u00edcio\",\"item\":\"https:\\\/\\\/www.p31noticias.com.br\\\/\"},{\"@type\":\"ListItem\",\"position\":2,\"name\":\"Pedra de 1.500 anos com dedicat\u00f3ria a Jesus \u00e9 achada em regi\u00e3o \u00e1rabe de Israel\"}]},{\"@type\":\"WebSite\",\"@id\":\"https:\\\/\\\/www.p31noticias.com.br\\\/#website\",\"url\":\"https:\\\/\\\/www.p31noticias.com.br\\\/\",\"name\":\"P31\",\"description\":\"NOT\u00cdCIAS\",\"potentialAction\":[{\"@type\":\"SearchAction\",\"target\":{\"@type\":\"EntryPoint\",\"urlTemplate\":\"https:\\\/\\\/www.p31noticias.com.br\\\/?s={search_term_string}\"},\"query-input\":{\"@type\":\"PropertyValueSpecification\",\"valueRequired\":true,\"valueName\":\"search_term_string\"}}],\"inLanguage\":\"pt-BR\"},{\"@type\":\"Person\",\"@id\":\"https:\\\/\\\/www.p31noticias.com.br\\\/#\\\/schema\\\/person\\\/95f2ece30e3b4132065b915150cd0f94\",\"name\":\"Gon\u00e7alves Junior\",\"image\":{\"@type\":\"ImageObject\",\"inLanguage\":\"pt-BR\",\"@id\":\"https:\\\/\\\/secure.gravatar.com\\\/avatar\\\/6711f350116a89762687a48d66f723c799e5438a5b7578508d4294cd7a5d0800?s=96&d=mm&r=g\",\"url\":\"https:\\\/\\\/secure.gravatar.com\\\/avatar\\\/6711f350116a89762687a48d66f723c799e5438a5b7578508d4294cd7a5d0800?s=96&d=mm&r=g\",\"contentUrl\":\"https:\\\/\\\/secure.gravatar.com\\\/avatar\\\/6711f350116a89762687a48d66f723c799e5438a5b7578508d4294cd7a5d0800?s=96&d=mm&r=g\",\"caption\":\"Gon\u00e7alves Junior\"},\"url\":\"https:\\\/\\\/www.p31noticias.com.br\\\/?author=2\"}]}<\/script>\n<!-- \/ Yoast SEO Premium plugin. -->","yoast_head_json":{"title":"Pedra de 1.500 anos com dedicat\u00f3ria a Jesus \u00e9 achada em regi\u00e3o \u00e1rabe de Israel - P31","robots":{"index":"index","follow":"follow","max-snippet":"max-snippet:-1","max-image-preview":"max-image-preview:large","max-video-preview":"max-video-preview:-1"},"canonical":"https:\/\/www.p31noticias.com.br\/?p=22873","og_locale":"pt_BR","og_type":"article","og_title":"Pedra de 1.500 anos com dedicat\u00f3ria a Jesus \u00e9 achada em regi\u00e3o \u00e1rabe de Israel","og_description":"Descoberta de pedra de 1.500 anos tem a frase \u2018Cristo nasceu em Maria\u2019 Uma pedra com a frase \u201cCristo nasceu de Maria\u201d levou arque\u00f3logos a confirmarem a exist\u00eancia de igrejas crist\u00e3s em assentamentos primitivos \u00e1rabes h\u00e1 pelo menos 1.500 anos, em Israel. O artefato, anunciado nesta semana por pesquisadores do Instituto de Antiguidade de Israel, [&hellip;]","og_url":"https:\/\/www.p31noticias.com.br\/?p=22873","og_site_name":"P31","article_published_time":"2021-01-26T23:41:51+00:00","og_image":[{"width":1242,"height":818,"url":"https:\/\/www.p31noticias.com.br\/wp-content\/uploads\/2021\/01\/unnamed-2-1.jpg","type":"image\/jpeg"}],"author":"Gon\u00e7alves Junior","twitter_card":"summary_large_image","twitter_misc":{"Escrito por":"Gon\u00e7alves Junior","Est. tempo de leitura":"3 minutos"},"schema":{"@context":"https:\/\/schema.org","@graph":[{"@type":"Article","@id":"https:\/\/www.p31noticias.com.br\/?p=22873#article","isPartOf":{"@id":"https:\/\/www.p31noticias.com.br\/?p=22873"},"author":{"name":"Gon\u00e7alves Junior","@id":"https:\/\/www.p31noticias.com.br\/#\/schema\/person\/95f2ece30e3b4132065b915150cd0f94"},"headline":"Pedra de 1.500 anos com dedicat\u00f3ria a Jesus \u00e9 achada em regi\u00e3o \u00e1rabe de Israel","datePublished":"2021-01-26T23:41:51+00:00","mainEntityOfPage":{"@id":"https:\/\/www.p31noticias.com.br\/?p=22873"},"wordCount":562,"commentCount":0,"image":{"@id":"https:\/\/www.p31noticias.com.br\/?p=22873#primaryimage"},"thumbnailUrl":"https:\/\/www.p31noticias.com.br\/wp-content\/uploads\/2021\/01\/unnamed-2-1.jpg","articleSection":["Bras\u00edlia"],"inLanguage":"pt-BR","potentialAction":[{"@type":"CommentAction","name":"Comment","target":["https:\/\/www.p31noticias.com.br\/?p=22873#respond"]}],"copyrightYear":"2021","copyrightHolder":{"@id":"https:\/\/www.p31noticias.com.br\/#organization"}},{"@type":"WebPage","@id":"https:\/\/www.p31noticias.com.br\/?p=22873","url":"https:\/\/www.p31noticias.com.br\/?p=22873","name":"Pedra de 1.500 anos com dedicat\u00f3ria a Jesus \u00e9 achada em regi\u00e3o \u00e1rabe de Israel - P31","isPartOf":{"@id":"https:\/\/www.p31noticias.com.br\/#website"},"primaryImageOfPage":{"@id":"https:\/\/www.p31noticias.com.br\/?p=22873#primaryimage"},"image":{"@id":"https:\/\/www.p31noticias.com.br\/?p=22873#primaryimage"},"thumbnailUrl":"https:\/\/www.p31noticias.com.br\/wp-content\/uploads\/2021\/01\/unnamed-2-1.jpg","datePublished":"2021-01-26T23:41:51+00:00","author":{"@id":"https:\/\/www.p31noticias.com.br\/#\/schema\/person\/95f2ece30e3b4132065b915150cd0f94"},"breadcrumb":{"@id":"https:\/\/www.p31noticias.com.br\/?p=22873#breadcrumb"},"inLanguage":"pt-BR","potentialAction":[{"@type":"ReadAction","target":["https:\/\/www.p31noticias.com.br\/?p=22873"]}]},{"@type":"ImageObject","inLanguage":"pt-BR","@id":"https:\/\/www.p31noticias.com.br\/?p=22873#primaryimage","url":"https:\/\/www.p31noticias.com.br\/wp-content\/uploads\/2021\/01\/unnamed-2-1.jpg","contentUrl":"https:\/\/www.p31noticias.com.br\/wp-content\/uploads\/2021\/01\/unnamed-2-1.jpg","width":1242,"height":818},{"@type":"BreadcrumbList","@id":"https:\/\/www.p31noticias.com.br\/?p=22873#breadcrumb","itemListElement":[{"@type":"ListItem","position":1,"name":"In\u00edcio","item":"https:\/\/www.p31noticias.com.br\/"},{"@type":"ListItem","position":2,"name":"Pedra de 1.500 anos com dedicat\u00f3ria a Jesus \u00e9 achada em regi\u00e3o \u00e1rabe de Israel"}]},{"@type":"WebSite","@id":"https:\/\/www.p31noticias.com.br\/#website","url":"https:\/\/www.p31noticias.com.br\/","name":"P31","description":"NOT\u00cdCIAS","potentialAction":[{"@type":"SearchAction","target":{"@type":"EntryPoint","urlTemplate":"https:\/\/www.p31noticias.com.br\/?s={search_term_string}"},"query-input":{"@type":"PropertyValueSpecification","valueRequired":true,"valueName":"search_term_string"}}],"inLanguage":"pt-BR"},{"@type":"Person","@id":"https:\/\/www.p31noticias.com.br\/#\/schema\/person\/95f2ece30e3b4132065b915150cd0f94","name":"Gon\u00e7alves Junior","image":{"@type":"ImageObject","inLanguage":"pt-BR","@id":"https:\/\/secure.gravatar.com\/avatar\/6711f350116a89762687a48d66f723c799e5438a5b7578508d4294cd7a5d0800?s=96&d=mm&r=g","url":"https:\/\/secure.gravatar.com\/avatar\/6711f350116a89762687a48d66f723c799e5438a5b7578508d4294cd7a5d0800?s=96&d=mm&r=g","contentUrl":"https:\/\/secure.gravatar.com\/avatar\/6711f350116a89762687a48d66f723c799e5438a5b7578508d4294cd7a5d0800?s=96&d=mm&r=g","caption":"Gon\u00e7alves Junior"},"url":"https:\/\/www.p31noticias.com.br\/?author=2"}]}},"amp_enabled":true,"_links":{"self":[{"href":"https:\/\/www.p31noticias.com.br\/index.php?rest_route=\/wp\/v2\/posts\/22873","targetHints":{"allow":["GET"]}}],"collection":[{"href":"https:\/\/www.p31noticias.com.br\/index.php?rest_route=\/wp\/v2\/posts"}],"about":[{"href":"https:\/\/www.p31noticias.com.br\/index.php?rest_route=\/wp\/v2\/types\/post"}],"author":[{"embeddable":true,"href":"https:\/\/www.p31noticias.com.br\/index.php?rest_route=\/wp\/v2\/users\/2"}],"replies":[{"embeddable":true,"href":"https:\/\/www.p31noticias.com.br\/index.php?rest_route=%2Fwp%2Fv2%2Fcomments&post=22873"}],"version-history":[{"count":2,"href":"https:\/\/www.p31noticias.com.br\/index.php?rest_route=\/wp\/v2\/posts\/22873\/revisions"}],"predecessor-version":[{"id":22876,"href":"https:\/\/www.p31noticias.com.br\/index.php?rest_route=\/wp\/v2\/posts\/22873\/revisions\/22876"}],"wp:featuredmedia":[{"embeddable":true,"href":"https:\/\/www.p31noticias.com.br\/index.php?rest_route=\/wp\/v2\/media\/22874"}],"wp:attachment":[{"href":"https:\/\/www.p31noticias.com.br\/index.php?rest_route=%2Fwp%2Fv2%2Fmedia&parent=22873"}],"wp:term":[{"taxonomy":"category","embeddable":true,"href":"https:\/\/www.p31noticias.com.br\/index.php?rest_route=%2Fwp%2Fv2%2Fcategories&post=22873"},{"taxonomy":"post_tag","embeddable":true,"href":"https:\/\/www.p31noticias.com.br\/index.php?rest_route=%2Fwp%2Fv2%2Ftags&post=22873"}],"curies":[{"name":"wp","href":"https:\/\/api.w.org\/{rel}","templated":true}]}}