{"id":22866,"date":"2021-01-23T02:55:15","date_gmt":"2021-01-23T02:55:15","guid":{"rendered":"https:\/\/p31noticias.com.br\/?p=22866"},"modified":"2021-01-23T02:55:15","modified_gmt":"2021-01-23T02:55:15","slug":"lembra-dele-desembargador-e-condenado-a-pagar-r-20-mil-a-guarda-que-humilhou-em-santos-sp","status":"publish","type":"post","link":"https:\/\/www.p31noticias.com.br\/?p=22866","title":{"rendered":"Lembra dele? Desembargador \u00e9 condenado a pagar R$ 20 mil a guarda que humilhou em Santos, SP"},"content":{"rendered":"<p><strong><em>Em julho do ano passado, desembargador Eduardo Siqueira foi flagrado ofendendo o agente, ap\u00f3s ser multado por n\u00e3o utilizar m\u00e1scara enquanto caminhava pela praia.<\/em><\/strong><\/p>\n<p>A Justi\u00e7a condenou o desembargador Eduardo Siqueira a pagar R$ 20 mil de indeniza\u00e7\u00e3o por danos morais ao guarda municipal C\u00edcero Hil\u00e1rio, de 36 anos, a quem ele humilhou em Santos, no litoral de S\u00e3o Paulo. Em julho do ano passado,\u00a0<a href=\"https:\/\/g1.globo.com\/sp\/santos-regiao\/noticia\/2020\/07\/19\/desembargador-humilha-guarda-apos-multa-por-nao-usar-mascara-em-sp-analfabeto.ghtml\">Siqueira foi flagrado ofendendo\u00a0<\/a>o agente ap\u00f3s ser multado por n\u00e3o utilizar m\u00e1scara enquanto caminhava pela praia.<\/p>\n<p>Na \u00e9poca, a a\u00e7\u00e3o do desembargador foi filmada pelos guardas. As imagens mostraram que ele rasgou a multa e chamou um dos agentes de analfabeto. \u201cLeia bem com quem o senhor est\u00e1 se metendo\u201d, disse Siqueira ao guarda, mostrando um documento.<\/p>\n<p>Cinco dias ap\u00f3s o epis\u00f3dio, Siqueira divulgou uma nota, na qual\u00a0<a href=\"https:\/\/g1.globo.com\/sp\/sao-paulo\/noticia\/2020\/07\/23\/desembargador-que-chamou-gcm-de-analfabeto-pede-desculpas-nada-disso-justifica-os-excessos-ocorridos-dos-quais-me-arrependo.ghtml\">pediu desculpas e disse que o trabalho do guarda foi \u201cirrepreens\u00edvel\u201d<\/a>. Diante da conduta, ele passou a ser\u00a0<a href=\"https:\/\/g1.globo.com\/politica\/noticia\/2020\/08\/25\/relator-no-cnj-pede-afastamento-e-apuracao-da-conduta-de-desembargador-que-humilhou-guarda-em-sp.ghtml\">alvo de um processo administrativo disciplinar no Conselho Nacional de Justi\u00e7a (CNJ) e foi afastado no fim de agosto<\/a>. Por\u00e9m, em janeiro deste ano, o ministro Gilmar Mendes, do Supremo Tribunal Federal (STF), suspendeu inqu\u00e9rito do Superior Tribunal de Justi\u00e7a (STJ) que investiga o desembargador.<\/p>\n<p>No entanto, nesta quinta-feira (21), tr\u00eas meses ap\u00f3s o guarda ofendido\u00a0<a href=\"https:\/\/g1.globo.com\/sp\/santos-regiao\/noticia\/2020\/10\/21\/guarda-humilhado-por-desembargador-pede-r-114-mil-por-danos-morais.ghtml\">entrar com uma a\u00e7\u00e3o judicial pedindo o pagamento de R$ 114 mil por danos morais<\/a>, o juiz Jos\u00e9 Alonso Beltrame J\u00fanior, da 10\u00aa Vara C\u00edvel de Santos, condenou o desembargador a pagar R$ 20 mil ao agente.<\/p>\n<p><em>\u201cConstitucional ou n\u00e3o a exig\u00eancia do uso de m\u00e1scaras ou a possibilidade de aplica\u00e7\u00e3o de multas, \u00e9 fato que houve a atitude desrespeitosa, ofensiva e desproporcional. A s\u00e9rie de posturas teve potencial para humilhar e menosprezar o guarda municipal que atuava no exerc\u00edcio da delicada fun\u00e7\u00e3o de cobrar da popula\u00e7\u00e3o posturas tendentes a minimizar os efeitos da grave pandemia, que a todos afeta\u201d<\/em>, colocou o juiz.<\/p>\n<p>Sobre o valor de R$ 20 mil, o magistrado justificou que a quantia foi definida seguindo os par\u00e2metros que representam razo\u00e1vel satisfa\u00e7\u00e3o ao guarda, e que tamb\u00e9m atue como fator inibidor de conduta semelhante por parte do desembargador.<\/p>\n<p><em>\u201c[\u2026] Julgo procedente a\u00e7\u00e3o para condenar o requerido ao pagamento de indeniza\u00e7\u00e3o por danos morais no valor de R$ 20.000 atualizados da data desta senten\u00e7a, com juros de 1% ao m\u00eas contados da data do evento danoso, 18 de julho de 2020, nos termos da s\u00famula 54 do STJ. O requerido arcar\u00e1 com as custas, despesas processuais e honor\u00e1rios advocat\u00edcios ora arbitrados em 10% sobre valor da condena\u00e7\u00e3o\u201d<\/em>, determinou Beltrame. A decis\u00e3o \u00e9 em primeira inst\u00e2ncia, cabe recurso.<\/p>\n<p>Em nota, o advogado Jefferson Douglas de Oliveira, que defende o GCM, afirma que recebeu a not\u00edcia da senten\u00e7a, e que vai analisar com calma o fundamento adotado pelo magistrado, para avaliar se \u00e9 vi\u00e1vel recorrer ou n\u00e3o da senten\u00e7a para majorar o valor dos danos morais.<\/p>\n<p>Tamb\u00e9m em nota, o advogado Salo Kibrit, que representa Eduardo Siqueira, afirma que o desembargador n\u00e3o concorda com a senten\u00e7a proferida, de modo que, no momento oportuno, oferecer\u00e1 o pertinente recurso.<\/p>\n<p><strong>Persegui\u00e7\u00e3o<\/strong><\/p>\n<p>Ap\u00f3s o epis\u00f3dio na praia, a defesa de Siqueira afirmou que, na ocasi\u00e3o, o magistrado foi \u201cperseguido e ilegalmente filmado pela Guarda Civil Municipal de Santos\u201d. O desembargador tamb\u00e9m afirma ter sido v\u00edtima de uma arma\u00e7\u00e3o no epis\u00f3dio em que foi filmado chamando o GCM de \u2018analfabeto\u2019, rasgando a multa, jogando o papel no ch\u00e3o e, por fim, dando uma \u2018carteirada\u2019 ao telefonar para o secret\u00e1rio de Seguran\u00e7a P\u00fablica do munic\u00edpio, S\u00e9rgio Del Bel, para que o mesmo \u2018intimidasse\u2019 o guarda municipal.<\/p>\n<p><em>\u201cAcabou sendo v\u00edtima de uma arma\u00e7\u00e3o, um flagrante preparado, engendrado pelo guarda municipal autor [da a\u00e7\u00e3o indenizat\u00f3ria] e seu colega Roberto, que sabia das abordagens anteriores, especialmente da \u00faltima, quando, pela primeira vez, houve uma alterca\u00e7\u00e3o\u201d<\/em>, cita a defesa do magistrado na contesta\u00e7\u00e3o.<\/p>\n<p>Siqueira aponta, tamb\u00e9m, que se exaltou com o guarda municipal ap\u00f3s \u201csucumbir \u00e0 provoca\u00e7\u00e3o\u201d. Segundo a defesa, o magistrado sofre de \u201cmal psiqui\u00e1trico, sendo acompanhado por m\u00e9dico de alta capacidade h\u00e1 alguns anos, que lhe prescreveu medicamentos para controle de seu estado emocional, alguns de uso controlado\u201d. Na ocasi\u00e3o, no entanto, Siqueira estava \u201ch\u00e1 algum tempo privado de adequada medica\u00e7\u00e3o, causando-lhe descompensa\u00e7\u00e3o\u201d.<\/p>\n<p>Fonte: G1<\/p>\n","protected":false},"excerpt":{"rendered":"<p>Em julho do ano passado, desembargador Eduardo Siqueira foi flagrado ofendendo o agente, ap\u00f3s ser multado por n\u00e3o utilizar m\u00e1scara enquanto caminhava pela praia. A Justi\u00e7a condenou o desembargador Eduardo Siqueira a pagar R$ 20 mil de indeniza\u00e7\u00e3o por danos morais ao guarda municipal C\u00edcero Hil\u00e1rio, de 36 anos, a quem ele humilhou em Santos, [&hellip;]<\/p>\n","protected":false},"author":2,"featured_media":22868,"comment_status":"open","ping_status":"open","sticky":false,"template":"","format":"standard","meta":{"footnotes":""},"categories":[1],"tags":[],"class_list":{"0":"post-22866","1":"post","2":"type-post","3":"status-publish","4":"format-standard","5":"has-post-thumbnail","7":"category-outros"},"yoast_head":"<!-- This site is optimized with the Yoast SEO Premium plugin v24.5 (Yoast SEO v27.5) - https:\/\/yoast.com\/product\/yoast-seo-premium-wordpress\/ -->\n<title>Lembra dele? Desembargador \u00e9 condenado a pagar R$ 20 mil a guarda que humilhou em Santos, SP - P31<\/title>\n<meta name=\"robots\" content=\"index, follow, max-snippet:-1, max-image-preview:large, max-video-preview:-1\" \/>\n<link rel=\"canonical\" href=\"https:\/\/www.p31noticias.com.br\/?p=22866\" \/>\n<meta property=\"og:locale\" content=\"pt_BR\" \/>\n<meta property=\"og:type\" content=\"article\" \/>\n<meta property=\"og:title\" content=\"Lembra dele? Desembargador \u00e9 condenado a pagar R$ 20 mil a guarda que humilhou em Santos, SP\" \/>\n<meta property=\"og:description\" content=\"Em julho do ano passado, desembargador Eduardo Siqueira foi flagrado ofendendo o agente, ap\u00f3s ser multado por n\u00e3o utilizar m\u00e1scara enquanto caminhava pela praia. A Justi\u00e7a condenou o desembargador Eduardo Siqueira a pagar R$ 20 mil de indeniza\u00e7\u00e3o por danos morais ao guarda municipal C\u00edcero Hil\u00e1rio, de 36 anos, a quem ele humilhou em Santos, [&hellip;]\" \/>\n<meta property=\"og:url\" content=\"https:\/\/www.p31noticias.com.br\/?p=22866\" \/>\n<meta property=\"og:site_name\" content=\"P31\" \/>\n<meta property=\"article:published_time\" content=\"2021-01-23T02:55:15+00:00\" \/>\n<meta property=\"og:image\" content=\"https:\/\/www.p31noticias.com.br\/wp-content\/uploads\/2021\/01\/Desembargador-1-696x449-1.jpeg\" \/>\n\t<meta property=\"og:image:width\" content=\"696\" \/>\n\t<meta property=\"og:image:height\" content=\"449\" \/>\n\t<meta property=\"og:image:type\" content=\"image\/jpeg\" \/>\n<meta name=\"author\" content=\"Gon\u00e7alves Junior\" \/>\n<meta name=\"twitter:card\" content=\"summary_large_image\" \/>\n<meta name=\"twitter:label1\" content=\"Escrito por\" \/>\n\t<meta name=\"twitter:data1\" content=\"Gon\u00e7alves Junior\" \/>\n\t<meta name=\"twitter:label2\" content=\"Est. tempo de leitura\" \/>\n\t<meta name=\"twitter:data2\" content=\"4 minutos\" \/>\n<script type=\"application\/ld+json\" class=\"yoast-schema-graph\">{\"@context\":\"https:\\\/\\\/schema.org\",\"@graph\":[{\"@type\":\"Article\",\"@id\":\"https:\\\/\\\/www.p31noticias.com.br\\\/?p=22866#article\",\"isPartOf\":{\"@id\":\"https:\\\/\\\/www.p31noticias.com.br\\\/?p=22866\"},\"author\":{\"name\":\"Gon\u00e7alves Junior\",\"@id\":\"https:\\\/\\\/www.p31noticias.com.br\\\/#\\\/schema\\\/person\\\/95f2ece30e3b4132065b915150cd0f94\"},\"headline\":\"Lembra dele? Desembargador \u00e9 condenado a pagar R$ 20 mil a guarda que humilhou em Santos, SP\",\"datePublished\":\"2021-01-23T02:55:15+00:00\",\"mainEntityOfPage\":{\"@id\":\"https:\\\/\\\/www.p31noticias.com.br\\\/?p=22866\"},\"wordCount\":774,\"commentCount\":0,\"image\":{\"@id\":\"https:\\\/\\\/www.p31noticias.com.br\\\/?p=22866#primaryimage\"},\"thumbnailUrl\":\"https:\\\/\\\/www.p31noticias.com.br\\\/wp-content\\\/uploads\\\/2021\\\/01\\\/Desembargador-1-696x449-1.jpeg\",\"articleSection\":[\"Outros\"],\"inLanguage\":\"pt-BR\",\"potentialAction\":[{\"@type\":\"CommentAction\",\"name\":\"Comment\",\"target\":[\"https:\\\/\\\/www.p31noticias.com.br\\\/?p=22866#respond\"]}],\"copyrightYear\":\"2021\",\"copyrightHolder\":{\"@id\":\"https:\\\/\\\/www.p31noticias.com.br\\\/#organization\"}},{\"@type\":\"WebPage\",\"@id\":\"https:\\\/\\\/www.p31noticias.com.br\\\/?p=22866\",\"url\":\"https:\\\/\\\/www.p31noticias.com.br\\\/?p=22866\",\"name\":\"Lembra dele? Desembargador \u00e9 condenado a pagar R$ 20 mil a guarda que humilhou em Santos, SP - P31\",\"isPartOf\":{\"@id\":\"https:\\\/\\\/www.p31noticias.com.br\\\/#website\"},\"primaryImageOfPage\":{\"@id\":\"https:\\\/\\\/www.p31noticias.com.br\\\/?p=22866#primaryimage\"},\"image\":{\"@id\":\"https:\\\/\\\/www.p31noticias.com.br\\\/?p=22866#primaryimage\"},\"thumbnailUrl\":\"https:\\\/\\\/www.p31noticias.com.br\\\/wp-content\\\/uploads\\\/2021\\\/01\\\/Desembargador-1-696x449-1.jpeg\",\"datePublished\":\"2021-01-23T02:55:15+00:00\",\"author\":{\"@id\":\"https:\\\/\\\/www.p31noticias.com.br\\\/#\\\/schema\\\/person\\\/95f2ece30e3b4132065b915150cd0f94\"},\"breadcrumb\":{\"@id\":\"https:\\\/\\\/www.p31noticias.com.br\\\/?p=22866#breadcrumb\"},\"inLanguage\":\"pt-BR\",\"potentialAction\":[{\"@type\":\"ReadAction\",\"target\":[\"https:\\\/\\\/www.p31noticias.com.br\\\/?p=22866\"]}]},{\"@type\":\"ImageObject\",\"inLanguage\":\"pt-BR\",\"@id\":\"https:\\\/\\\/www.p31noticias.com.br\\\/?p=22866#primaryimage\",\"url\":\"https:\\\/\\\/www.p31noticias.com.br\\\/wp-content\\\/uploads\\\/2021\\\/01\\\/Desembargador-1-696x449-1.jpeg\",\"contentUrl\":\"https:\\\/\\\/www.p31noticias.com.br\\\/wp-content\\\/uploads\\\/2021\\\/01\\\/Desembargador-1-696x449-1.jpeg\",\"width\":696,\"height\":449},{\"@type\":\"BreadcrumbList\",\"@id\":\"https:\\\/\\\/www.p31noticias.com.br\\\/?p=22866#breadcrumb\",\"itemListElement\":[{\"@type\":\"ListItem\",\"position\":1,\"name\":\"In\u00edcio\",\"item\":\"https:\\\/\\\/www.p31noticias.com.br\\\/\"},{\"@type\":\"ListItem\",\"position\":2,\"name\":\"Lembra dele? Desembargador \u00e9 condenado a pagar R$ 20 mil a guarda que humilhou em Santos, SP\"}]},{\"@type\":\"WebSite\",\"@id\":\"https:\\\/\\\/www.p31noticias.com.br\\\/#website\",\"url\":\"https:\\\/\\\/www.p31noticias.com.br\\\/\",\"name\":\"P31\",\"description\":\"NOT\u00cdCIAS\",\"potentialAction\":[{\"@type\":\"SearchAction\",\"target\":{\"@type\":\"EntryPoint\",\"urlTemplate\":\"https:\\\/\\\/www.p31noticias.com.br\\\/?s={search_term_string}\"},\"query-input\":{\"@type\":\"PropertyValueSpecification\",\"valueRequired\":true,\"valueName\":\"search_term_string\"}}],\"inLanguage\":\"pt-BR\"},{\"@type\":\"Person\",\"@id\":\"https:\\\/\\\/www.p31noticias.com.br\\\/#\\\/schema\\\/person\\\/95f2ece30e3b4132065b915150cd0f94\",\"name\":\"Gon\u00e7alves Junior\",\"image\":{\"@type\":\"ImageObject\",\"inLanguage\":\"pt-BR\",\"@id\":\"https:\\\/\\\/secure.gravatar.com\\\/avatar\\\/6711f350116a89762687a48d66f723c799e5438a5b7578508d4294cd7a5d0800?s=96&d=mm&r=g\",\"url\":\"https:\\\/\\\/secure.gravatar.com\\\/avatar\\\/6711f350116a89762687a48d66f723c799e5438a5b7578508d4294cd7a5d0800?s=96&d=mm&r=g\",\"contentUrl\":\"https:\\\/\\\/secure.gravatar.com\\\/avatar\\\/6711f350116a89762687a48d66f723c799e5438a5b7578508d4294cd7a5d0800?s=96&d=mm&r=g\",\"caption\":\"Gon\u00e7alves Junior\"},\"url\":\"https:\\\/\\\/www.p31noticias.com.br\\\/?author=2\"}]}<\/script>\n<!-- \/ Yoast SEO Premium plugin. -->","yoast_head_json":{"title":"Lembra dele? Desembargador \u00e9 condenado a pagar R$ 20 mil a guarda que humilhou em Santos, SP - P31","robots":{"index":"index","follow":"follow","max-snippet":"max-snippet:-1","max-image-preview":"max-image-preview:large","max-video-preview":"max-video-preview:-1"},"canonical":"https:\/\/www.p31noticias.com.br\/?p=22866","og_locale":"pt_BR","og_type":"article","og_title":"Lembra dele? Desembargador \u00e9 condenado a pagar R$ 20 mil a guarda que humilhou em Santos, SP","og_description":"Em julho do ano passado, desembargador Eduardo Siqueira foi flagrado ofendendo o agente, ap\u00f3s ser multado por n\u00e3o utilizar m\u00e1scara enquanto caminhava pela praia. A Justi\u00e7a condenou o desembargador Eduardo Siqueira a pagar R$ 20 mil de indeniza\u00e7\u00e3o por danos morais ao guarda municipal C\u00edcero Hil\u00e1rio, de 36 anos, a quem ele humilhou em Santos, [&hellip;]","og_url":"https:\/\/www.p31noticias.com.br\/?p=22866","og_site_name":"P31","article_published_time":"2021-01-23T02:55:15+00:00","og_image":[{"width":696,"height":449,"url":"https:\/\/www.p31noticias.com.br\/wp-content\/uploads\/2021\/01\/Desembargador-1-696x449-1.jpeg","type":"image\/jpeg"}],"author":"Gon\u00e7alves Junior","twitter_card":"summary_large_image","twitter_misc":{"Escrito por":"Gon\u00e7alves Junior","Est. tempo de leitura":"4 minutos"},"schema":{"@context":"https:\/\/schema.org","@graph":[{"@type":"Article","@id":"https:\/\/www.p31noticias.com.br\/?p=22866#article","isPartOf":{"@id":"https:\/\/www.p31noticias.com.br\/?p=22866"},"author":{"name":"Gon\u00e7alves Junior","@id":"https:\/\/www.p31noticias.com.br\/#\/schema\/person\/95f2ece30e3b4132065b915150cd0f94"},"headline":"Lembra dele? Desembargador \u00e9 condenado a pagar R$ 20 mil a guarda que humilhou em Santos, SP","datePublished":"2021-01-23T02:55:15+00:00","mainEntityOfPage":{"@id":"https:\/\/www.p31noticias.com.br\/?p=22866"},"wordCount":774,"commentCount":0,"image":{"@id":"https:\/\/www.p31noticias.com.br\/?p=22866#primaryimage"},"thumbnailUrl":"https:\/\/www.p31noticias.com.br\/wp-content\/uploads\/2021\/01\/Desembargador-1-696x449-1.jpeg","articleSection":["Outros"],"inLanguage":"pt-BR","potentialAction":[{"@type":"CommentAction","name":"Comment","target":["https:\/\/www.p31noticias.com.br\/?p=22866#respond"]}],"copyrightYear":"2021","copyrightHolder":{"@id":"https:\/\/www.p31noticias.com.br\/#organization"}},{"@type":"WebPage","@id":"https:\/\/www.p31noticias.com.br\/?p=22866","url":"https:\/\/www.p31noticias.com.br\/?p=22866","name":"Lembra dele? Desembargador \u00e9 condenado a pagar R$ 20 mil a guarda que humilhou em Santos, SP - P31","isPartOf":{"@id":"https:\/\/www.p31noticias.com.br\/#website"},"primaryImageOfPage":{"@id":"https:\/\/www.p31noticias.com.br\/?p=22866#primaryimage"},"image":{"@id":"https:\/\/www.p31noticias.com.br\/?p=22866#primaryimage"},"thumbnailUrl":"https:\/\/www.p31noticias.com.br\/wp-content\/uploads\/2021\/01\/Desembargador-1-696x449-1.jpeg","datePublished":"2021-01-23T02:55:15+00:00","author":{"@id":"https:\/\/www.p31noticias.com.br\/#\/schema\/person\/95f2ece30e3b4132065b915150cd0f94"},"breadcrumb":{"@id":"https:\/\/www.p31noticias.com.br\/?p=22866#breadcrumb"},"inLanguage":"pt-BR","potentialAction":[{"@type":"ReadAction","target":["https:\/\/www.p31noticias.com.br\/?p=22866"]}]},{"@type":"ImageObject","inLanguage":"pt-BR","@id":"https:\/\/www.p31noticias.com.br\/?p=22866#primaryimage","url":"https:\/\/www.p31noticias.com.br\/wp-content\/uploads\/2021\/01\/Desembargador-1-696x449-1.jpeg","contentUrl":"https:\/\/www.p31noticias.com.br\/wp-content\/uploads\/2021\/01\/Desembargador-1-696x449-1.jpeg","width":696,"height":449},{"@type":"BreadcrumbList","@id":"https:\/\/www.p31noticias.com.br\/?p=22866#breadcrumb","itemListElement":[{"@type":"ListItem","position":1,"name":"In\u00edcio","item":"https:\/\/www.p31noticias.com.br\/"},{"@type":"ListItem","position":2,"name":"Lembra dele? Desembargador \u00e9 condenado a pagar R$ 20 mil a guarda que humilhou em Santos, SP"}]},{"@type":"WebSite","@id":"https:\/\/www.p31noticias.com.br\/#website","url":"https:\/\/www.p31noticias.com.br\/","name":"P31","description":"NOT\u00cdCIAS","potentialAction":[{"@type":"SearchAction","target":{"@type":"EntryPoint","urlTemplate":"https:\/\/www.p31noticias.com.br\/?s={search_term_string}"},"query-input":{"@type":"PropertyValueSpecification","valueRequired":true,"valueName":"search_term_string"}}],"inLanguage":"pt-BR"},{"@type":"Person","@id":"https:\/\/www.p31noticias.com.br\/#\/schema\/person\/95f2ece30e3b4132065b915150cd0f94","name":"Gon\u00e7alves Junior","image":{"@type":"ImageObject","inLanguage":"pt-BR","@id":"https:\/\/secure.gravatar.com\/avatar\/6711f350116a89762687a48d66f723c799e5438a5b7578508d4294cd7a5d0800?s=96&d=mm&r=g","url":"https:\/\/secure.gravatar.com\/avatar\/6711f350116a89762687a48d66f723c799e5438a5b7578508d4294cd7a5d0800?s=96&d=mm&r=g","contentUrl":"https:\/\/secure.gravatar.com\/avatar\/6711f350116a89762687a48d66f723c799e5438a5b7578508d4294cd7a5d0800?s=96&d=mm&r=g","caption":"Gon\u00e7alves Junior"},"url":"https:\/\/www.p31noticias.com.br\/?author=2"}]}},"amp_enabled":true,"_links":{"self":[{"href":"https:\/\/www.p31noticias.com.br\/index.php?rest_route=\/wp\/v2\/posts\/22866","targetHints":{"allow":["GET"]}}],"collection":[{"href":"https:\/\/www.p31noticias.com.br\/index.php?rest_route=\/wp\/v2\/posts"}],"about":[{"href":"https:\/\/www.p31noticias.com.br\/index.php?rest_route=\/wp\/v2\/types\/post"}],"author":[{"embeddable":true,"href":"https:\/\/www.p31noticias.com.br\/index.php?rest_route=\/wp\/v2\/users\/2"}],"replies":[{"embeddable":true,"href":"https:\/\/www.p31noticias.com.br\/index.php?rest_route=%2Fwp%2Fv2%2Fcomments&post=22866"}],"version-history":[{"count":1,"href":"https:\/\/www.p31noticias.com.br\/index.php?rest_route=\/wp\/v2\/posts\/22866\/revisions"}],"predecessor-version":[{"id":22867,"href":"https:\/\/www.p31noticias.com.br\/index.php?rest_route=\/wp\/v2\/posts\/22866\/revisions\/22867"}],"wp:featuredmedia":[{"embeddable":true,"href":"https:\/\/www.p31noticias.com.br\/index.php?rest_route=\/wp\/v2\/media\/22868"}],"wp:attachment":[{"href":"https:\/\/www.p31noticias.com.br\/index.php?rest_route=%2Fwp%2Fv2%2Fmedia&parent=22866"}],"wp:term":[{"taxonomy":"category","embeddable":true,"href":"https:\/\/www.p31noticias.com.br\/index.php?rest_route=%2Fwp%2Fv2%2Fcategories&post=22866"},{"taxonomy":"post_tag","embeddable":true,"href":"https:\/\/www.p31noticias.com.br\/index.php?rest_route=%2Fwp%2Fv2%2Ftags&post=22866"}],"curies":[{"name":"wp","href":"https:\/\/api.w.org\/{rel}","templated":true}]}}