{"id":22863,"date":"2021-01-23T02:45:23","date_gmt":"2021-01-23T02:45:23","guid":{"rendered":"https:\/\/p31noticias.com.br\/?p=22863"},"modified":"2021-01-23T02:46:11","modified_gmt":"2021-01-23T02:46:11","slug":"amazonas-recebera-cota-extra-de-vacinas-para-frear-pandemia","status":"publish","type":"post","link":"https:\/\/www.p31noticias.com.br\/?p=22863","title":{"rendered":"Amazonas receber\u00e1 cota extra de vacinas para frear pandemia"},"content":{"rendered":"<h3 class=\"col-10 offset-1 animated fadeInDown dealy-900 display-8 display-md-8 alt-font font-italic my-1 text-center\" style=\"text-align: justify;\"><em><strong>Medida apresentada pelo governo federal foi aprovada por governadores .<\/strong><\/em><\/h3>\n<p style=\"text-align: justify;\">O Minist\u00e9rio da Sa\u00fade informou nesta sexta-feira (22) que o governo federal vai criar um Fundo Epidemiol\u00f3gico para refor\u00e7ar a imuniza\u00e7\u00e3o contra a covid-19 e frear o avan\u00e7o da pandemia no estado do Amazonas, que vive um colapso no sistema de sa\u00fade por causa da dissemina\u00e7\u00e3o do novo coronav\u00edrus. Segundo a pasta, a proposta foi aprovada por unanimidade na \u00faltima quinta-feira (21), na reuni\u00e3o do F\u00f3rum de Governadores.<img decoding=\"async\" src=\"https:\/\/agenciabrasil.ebc.com.br\/ebc.png?id=1399477&amp;o=node\" \/><img decoding=\"async\" src=\"https:\/\/agenciabrasil.ebc.com.br\/ebc.gif?id=1399477&amp;o=node\" \/><\/p>\n<p style=\"text-align: justify;\">&#8220;O Fundo Epidemiol\u00f3gico foi elaborado em parceria com o Conselho Nacional de Secret\u00e1rios de Sa\u00fade (Conass) e o Conselho Nacional de Secretarias Municipais de Sa\u00fade (Conasems) e destina uma cota das novas doses de vacinas para a regi\u00e3o que estiver mais impactada pela pandemia no per\u00edodo analisado. Neste momento, as doses ser\u00e3o destinadas ao Amazonas&#8221;, informou o minist\u00e9rio, em nota.<\/p>\n<p style=\"text-align: justify;\">Na primeira cota de vacinas, j\u00e1 entregue aos estados, foram distribu\u00eddas cerca de 6 milh\u00f5es de doses da Coronavac, produzida pela farmac\u00eautica Sinovac em parceria com o Instituto Butantan. Neste caso, cada estado recebeu um volume proporcional de doses, de acordo com o tamanho do p\u00fablico-alvo priorit\u00e1rio neste momento, que s\u00e3o profissionais da sa\u00fade, idosos que vivem em institui\u00e7\u00f5es de acolhimento e ind\u00edgenas aldeados. A pr\u00f3xima cota de vacinas soma outras 6,8 milh\u00f5es, sendo 4,8 milh\u00f5es da Coronavac, que\u00a0<a href=\"https:\/\/agenciabrasil.ebc.com.br\/saude\/noticia\/2021-01\/butantan-inicia-distribuicao-de-2o-lote-de-vacinas-apos-aval-da-anvisa\" target=\"_blank\" rel=\"noopener noreferrer\">j\u00e1 est\u00e3o sendo distribu\u00eddas<\/a>, e outras duas milh\u00f5es de doses do imunizante da AstraZeneca, que chegaram hoje ao Brasil,\u00a0<a href=\"https:\/\/agenciabrasil.ebc.com.br\/saude\/noticia\/2021-01\/vacinas-da-astrazeneca-chegam-ao-brasil\" target=\"_blank\" rel=\"noopener noreferrer\">vindas da \u00cdndia<\/a>.<\/p>\n<p style=\"text-align: justify;\">De acordo com o governador do Piau\u00ed, Wellington Dias, a proposta aprovada pelos governadores prev\u00ea que\u00a0<a href=\"https:\/\/agenciabrasil.ebc.com.br\/saude\/noticia\/2021-01\/pazuello-garante-5-da-carga-de-vacinas-da-astrazeneca-para-o-amazonas\" target=\"_blank\" rel=\"noopener noreferrer\">5% da nova cota de vacinas<\/a>\u00a0seja destinada exclusivamente ao Amazonas, o que representa cerca de 300 mil doses. O restante ser\u00e1 distribu\u00eddo proporcionalmente entre todos os estados, nos mesmos moldes do repasses das primeira cota, de 6 milh\u00f5es de doses.<\/p>\n<p style=\"text-align: justify;\">De acordo com dados do Minist\u00e9rio da Sa\u00fade, o Amazonas soma 245,1 mil casos de pessoas contaminadas e 6,8 mil mortes,\u00a0<a href=\"https:\/\/agenciabrasil.ebc.com.br\/saude\/noticia\/2021-01\/numero-de-casos-de-covid-19-chega-875-milhoes-no-brasil\" target=\"_blank\" rel=\"noopener noreferrer\">desde o in\u00edcio da pandemia<\/a>. Apenas na \u00faltima semana, foram confirmadas 714 novas mortes por covid-19. Entre 10 e 16 de janeiro, o\u00a0<a href=\"https:\/\/agenciabrasil.ebc.com.br\/saude\/noticia\/2021-01\/covid-19-numero-de-casos-sobem-e-mortes-caem-segundo-boletim\" target=\"_blank\" rel=\"noopener noreferrer\">estado registrou\u00a0<\/a>aumento de 32% nos \u00f3bitos.<\/p>\n<p>Fonte : Ag\u00eancia Brasil<\/p>\n","protected":false},"excerpt":{"rendered":"<p>Medida apresentada pelo governo federal foi aprovada por governadores . O Minist\u00e9rio da Sa\u00fade informou nesta sexta-feira (22) que o governo federal vai criar um Fundo Epidemiol\u00f3gico para refor\u00e7ar a imuniza\u00e7\u00e3o contra a covid-19 e frear o avan\u00e7o da pandemia no estado do Amazonas, que vive um colapso no sistema de sa\u00fade por causa da [&hellip;]<\/p>\n","protected":false},"author":2,"featured_media":22864,"comment_status":"open","ping_status":"open","sticky":false,"template":"","format":"standard","meta":{"footnotes":""},"categories":[1],"tags":[],"class_list":{"0":"post-22863","1":"post","2":"type-post","3":"status-publish","4":"format-standard","5":"has-post-thumbnail","7":"category-outros"},"yoast_head":"<!-- This site is optimized with the Yoast SEO Premium plugin v24.5 (Yoast SEO v27.5) - https:\/\/yoast.com\/product\/yoast-seo-premium-wordpress\/ -->\n<title>Amazonas receber\u00e1 cota extra de vacinas para frear pandemia - P31<\/title>\n<meta name=\"robots\" content=\"index, follow, max-snippet:-1, max-image-preview:large, max-video-preview:-1\" \/>\n<link rel=\"canonical\" href=\"https:\/\/www.p31noticias.com.br\/?p=22863\" \/>\n<meta property=\"og:locale\" content=\"pt_BR\" \/>\n<meta property=\"og:type\" content=\"article\" \/>\n<meta property=\"og:title\" content=\"Amazonas receber\u00e1 cota extra de vacinas para frear pandemia\" \/>\n<meta property=\"og:description\" content=\"Medida apresentada pelo governo federal foi aprovada por governadores . O Minist\u00e9rio da Sa\u00fade informou nesta sexta-feira (22) que o governo federal vai criar um Fundo Epidemiol\u00f3gico para refor\u00e7ar a imuniza\u00e7\u00e3o contra a covid-19 e frear o avan\u00e7o da pandemia no estado do Amazonas, que vive um colapso no sistema de sa\u00fade por causa da [&hellip;]\" \/>\n<meta property=\"og:url\" content=\"https:\/\/www.p31noticias.com.br\/?p=22863\" \/>\n<meta property=\"og:site_name\" content=\"P31\" \/>\n<meta property=\"article:published_time\" content=\"2021-01-23T02:45:23+00:00\" \/>\n<meta property=\"article:modified_time\" content=\"2021-01-23T02:46:11+00:00\" \/>\n<meta property=\"og:image\" content=\"https:\/\/www.p31noticias.com.br\/wp-content\/uploads\/2021\/01\/vacina001.jpg\" \/>\n\t<meta property=\"og:image:width\" content=\"1170\" \/>\n\t<meta property=\"og:image:height\" content=\"700\" \/>\n\t<meta property=\"og:image:type\" content=\"image\/jpeg\" \/>\n<meta name=\"author\" content=\"Gon\u00e7alves Junior\" \/>\n<meta name=\"twitter:card\" content=\"summary_large_image\" \/>\n<meta name=\"twitter:label1\" content=\"Escrito por\" \/>\n\t<meta name=\"twitter:data1\" content=\"Gon\u00e7alves Junior\" \/>\n\t<meta name=\"twitter:label2\" content=\"Est. tempo de leitura\" \/>\n\t<meta name=\"twitter:data2\" content=\"2 minutos\" \/>\n<script type=\"application\/ld+json\" class=\"yoast-schema-graph\">{\"@context\":\"https:\\\/\\\/schema.org\",\"@graph\":[{\"@type\":\"Article\",\"@id\":\"https:\\\/\\\/www.p31noticias.com.br\\\/?p=22863#article\",\"isPartOf\":{\"@id\":\"https:\\\/\\\/www.p31noticias.com.br\\\/?p=22863\"},\"author\":{\"name\":\"Gon\u00e7alves Junior\",\"@id\":\"https:\\\/\\\/www.p31noticias.com.br\\\/#\\\/schema\\\/person\\\/95f2ece30e3b4132065b915150cd0f94\"},\"headline\":\"Amazonas receber\u00e1 cota extra de vacinas para frear pandemia\",\"datePublished\":\"2021-01-23T02:45:23+00:00\",\"dateModified\":\"2021-01-23T02:46:11+00:00\",\"mainEntityOfPage\":{\"@id\":\"https:\\\/\\\/www.p31noticias.com.br\\\/?p=22863\"},\"wordCount\":384,\"commentCount\":0,\"image\":{\"@id\":\"https:\\\/\\\/www.p31noticias.com.br\\\/?p=22863#primaryimage\"},\"thumbnailUrl\":\"https:\\\/\\\/www.p31noticias.com.br\\\/wp-content\\\/uploads\\\/2021\\\/01\\\/vacina001.jpg\",\"articleSection\":[\"Outros\"],\"inLanguage\":\"pt-BR\",\"potentialAction\":[{\"@type\":\"CommentAction\",\"name\":\"Comment\",\"target\":[\"https:\\\/\\\/www.p31noticias.com.br\\\/?p=22863#respond\"]}],\"copyrightYear\":\"2021\",\"copyrightHolder\":{\"@id\":\"https:\\\/\\\/www.p31noticias.com.br\\\/#organization\"}},{\"@type\":\"WebPage\",\"@id\":\"https:\\\/\\\/www.p31noticias.com.br\\\/?p=22863\",\"url\":\"https:\\\/\\\/www.p31noticias.com.br\\\/?p=22863\",\"name\":\"Amazonas receber\u00e1 cota extra de vacinas para frear pandemia - P31\",\"isPartOf\":{\"@id\":\"https:\\\/\\\/www.p31noticias.com.br\\\/#website\"},\"primaryImageOfPage\":{\"@id\":\"https:\\\/\\\/www.p31noticias.com.br\\\/?p=22863#primaryimage\"},\"image\":{\"@id\":\"https:\\\/\\\/www.p31noticias.com.br\\\/?p=22863#primaryimage\"},\"thumbnailUrl\":\"https:\\\/\\\/www.p31noticias.com.br\\\/wp-content\\\/uploads\\\/2021\\\/01\\\/vacina001.jpg\",\"datePublished\":\"2021-01-23T02:45:23+00:00\",\"dateModified\":\"2021-01-23T02:46:11+00:00\",\"author\":{\"@id\":\"https:\\\/\\\/www.p31noticias.com.br\\\/#\\\/schema\\\/person\\\/95f2ece30e3b4132065b915150cd0f94\"},\"breadcrumb\":{\"@id\":\"https:\\\/\\\/www.p31noticias.com.br\\\/?p=22863#breadcrumb\"},\"inLanguage\":\"pt-BR\",\"potentialAction\":[{\"@type\":\"ReadAction\",\"target\":[\"https:\\\/\\\/www.p31noticias.com.br\\\/?p=22863\"]}]},{\"@type\":\"ImageObject\",\"inLanguage\":\"pt-BR\",\"@id\":\"https:\\\/\\\/www.p31noticias.com.br\\\/?p=22863#primaryimage\",\"url\":\"https:\\\/\\\/www.p31noticias.com.br\\\/wp-content\\\/uploads\\\/2021\\\/01\\\/vacina001.jpg\",\"contentUrl\":\"https:\\\/\\\/www.p31noticias.com.br\\\/wp-content\\\/uploads\\\/2021\\\/01\\\/vacina001.jpg\",\"width\":1170,\"height\":700,\"caption\":\"O voo procedente da \u00cdndia que trouxe 2 milh\u00f5es de vacinas da AstraZeneca contra a covid-19 ao Brasil chegou por volta das 17h30 no Aeroporto Internacional de S\u00e3o Paulo, localizado em Guarulhos.\"},{\"@type\":\"BreadcrumbList\",\"@id\":\"https:\\\/\\\/www.p31noticias.com.br\\\/?p=22863#breadcrumb\",\"itemListElement\":[{\"@type\":\"ListItem\",\"position\":1,\"name\":\"In\u00edcio\",\"item\":\"https:\\\/\\\/www.p31noticias.com.br\\\/\"},{\"@type\":\"ListItem\",\"position\":2,\"name\":\"Amazonas receber\u00e1 cota extra de vacinas para frear pandemia\"}]},{\"@type\":\"WebSite\",\"@id\":\"https:\\\/\\\/www.p31noticias.com.br\\\/#website\",\"url\":\"https:\\\/\\\/www.p31noticias.com.br\\\/\",\"name\":\"P31\",\"description\":\"NOT\u00cdCIAS\",\"potentialAction\":[{\"@type\":\"SearchAction\",\"target\":{\"@type\":\"EntryPoint\",\"urlTemplate\":\"https:\\\/\\\/www.p31noticias.com.br\\\/?s={search_term_string}\"},\"query-input\":{\"@type\":\"PropertyValueSpecification\",\"valueRequired\":true,\"valueName\":\"search_term_string\"}}],\"inLanguage\":\"pt-BR\"},{\"@type\":\"Person\",\"@id\":\"https:\\\/\\\/www.p31noticias.com.br\\\/#\\\/schema\\\/person\\\/95f2ece30e3b4132065b915150cd0f94\",\"name\":\"Gon\u00e7alves Junior\",\"image\":{\"@type\":\"ImageObject\",\"inLanguage\":\"pt-BR\",\"@id\":\"https:\\\/\\\/secure.gravatar.com\\\/avatar\\\/6711f350116a89762687a48d66f723c799e5438a5b7578508d4294cd7a5d0800?s=96&d=mm&r=g\",\"url\":\"https:\\\/\\\/secure.gravatar.com\\\/avatar\\\/6711f350116a89762687a48d66f723c799e5438a5b7578508d4294cd7a5d0800?s=96&d=mm&r=g\",\"contentUrl\":\"https:\\\/\\\/secure.gravatar.com\\\/avatar\\\/6711f350116a89762687a48d66f723c799e5438a5b7578508d4294cd7a5d0800?s=96&d=mm&r=g\",\"caption\":\"Gon\u00e7alves Junior\"},\"url\":\"https:\\\/\\\/www.p31noticias.com.br\\\/?author=2\"}]}<\/script>\n<!-- \/ Yoast SEO Premium plugin. -->","yoast_head_json":{"title":"Amazonas receber\u00e1 cota extra de vacinas para frear pandemia - P31","robots":{"index":"index","follow":"follow","max-snippet":"max-snippet:-1","max-image-preview":"max-image-preview:large","max-video-preview":"max-video-preview:-1"},"canonical":"https:\/\/www.p31noticias.com.br\/?p=22863","og_locale":"pt_BR","og_type":"article","og_title":"Amazonas receber\u00e1 cota extra de vacinas para frear pandemia","og_description":"Medida apresentada pelo governo federal foi aprovada por governadores . O Minist\u00e9rio da Sa\u00fade informou nesta sexta-feira (22) que o governo federal vai criar um Fundo Epidemiol\u00f3gico para refor\u00e7ar a imuniza\u00e7\u00e3o contra a covid-19 e frear o avan\u00e7o da pandemia no estado do Amazonas, que vive um colapso no sistema de sa\u00fade por causa da [&hellip;]","og_url":"https:\/\/www.p31noticias.com.br\/?p=22863","og_site_name":"P31","article_published_time":"2021-01-23T02:45:23+00:00","article_modified_time":"2021-01-23T02:46:11+00:00","og_image":[{"width":1170,"height":700,"url":"https:\/\/www.p31noticias.com.br\/wp-content\/uploads\/2021\/01\/vacina001.jpg","type":"image\/jpeg"}],"author":"Gon\u00e7alves Junior","twitter_card":"summary_large_image","twitter_misc":{"Escrito por":"Gon\u00e7alves Junior","Est. tempo de leitura":"2 minutos"},"schema":{"@context":"https:\/\/schema.org","@graph":[{"@type":"Article","@id":"https:\/\/www.p31noticias.com.br\/?p=22863#article","isPartOf":{"@id":"https:\/\/www.p31noticias.com.br\/?p=22863"},"author":{"name":"Gon\u00e7alves Junior","@id":"https:\/\/www.p31noticias.com.br\/#\/schema\/person\/95f2ece30e3b4132065b915150cd0f94"},"headline":"Amazonas receber\u00e1 cota extra de vacinas para frear pandemia","datePublished":"2021-01-23T02:45:23+00:00","dateModified":"2021-01-23T02:46:11+00:00","mainEntityOfPage":{"@id":"https:\/\/www.p31noticias.com.br\/?p=22863"},"wordCount":384,"commentCount":0,"image":{"@id":"https:\/\/www.p31noticias.com.br\/?p=22863#primaryimage"},"thumbnailUrl":"https:\/\/www.p31noticias.com.br\/wp-content\/uploads\/2021\/01\/vacina001.jpg","articleSection":["Outros"],"inLanguage":"pt-BR","potentialAction":[{"@type":"CommentAction","name":"Comment","target":["https:\/\/www.p31noticias.com.br\/?p=22863#respond"]}],"copyrightYear":"2021","copyrightHolder":{"@id":"https:\/\/www.p31noticias.com.br\/#organization"}},{"@type":"WebPage","@id":"https:\/\/www.p31noticias.com.br\/?p=22863","url":"https:\/\/www.p31noticias.com.br\/?p=22863","name":"Amazonas receber\u00e1 cota extra de vacinas para frear pandemia - P31","isPartOf":{"@id":"https:\/\/www.p31noticias.com.br\/#website"},"primaryImageOfPage":{"@id":"https:\/\/www.p31noticias.com.br\/?p=22863#primaryimage"},"image":{"@id":"https:\/\/www.p31noticias.com.br\/?p=22863#primaryimage"},"thumbnailUrl":"https:\/\/www.p31noticias.com.br\/wp-content\/uploads\/2021\/01\/vacina001.jpg","datePublished":"2021-01-23T02:45:23+00:00","dateModified":"2021-01-23T02:46:11+00:00","author":{"@id":"https:\/\/www.p31noticias.com.br\/#\/schema\/person\/95f2ece30e3b4132065b915150cd0f94"},"breadcrumb":{"@id":"https:\/\/www.p31noticias.com.br\/?p=22863#breadcrumb"},"inLanguage":"pt-BR","potentialAction":[{"@type":"ReadAction","target":["https:\/\/www.p31noticias.com.br\/?p=22863"]}]},{"@type":"ImageObject","inLanguage":"pt-BR","@id":"https:\/\/www.p31noticias.com.br\/?p=22863#primaryimage","url":"https:\/\/www.p31noticias.com.br\/wp-content\/uploads\/2021\/01\/vacina001.jpg","contentUrl":"https:\/\/www.p31noticias.com.br\/wp-content\/uploads\/2021\/01\/vacina001.jpg","width":1170,"height":700,"caption":"O voo procedente da \u00cdndia que trouxe 2 milh\u00f5es de vacinas da AstraZeneca contra a covid-19 ao Brasil chegou por volta das 17h30 no Aeroporto Internacional de S\u00e3o Paulo, localizado em Guarulhos."},{"@type":"BreadcrumbList","@id":"https:\/\/www.p31noticias.com.br\/?p=22863#breadcrumb","itemListElement":[{"@type":"ListItem","position":1,"name":"In\u00edcio","item":"https:\/\/www.p31noticias.com.br\/"},{"@type":"ListItem","position":2,"name":"Amazonas receber\u00e1 cota extra de vacinas para frear pandemia"}]},{"@type":"WebSite","@id":"https:\/\/www.p31noticias.com.br\/#website","url":"https:\/\/www.p31noticias.com.br\/","name":"P31","description":"NOT\u00cdCIAS","potentialAction":[{"@type":"SearchAction","target":{"@type":"EntryPoint","urlTemplate":"https:\/\/www.p31noticias.com.br\/?s={search_term_string}"},"query-input":{"@type":"PropertyValueSpecification","valueRequired":true,"valueName":"search_term_string"}}],"inLanguage":"pt-BR"},{"@type":"Person","@id":"https:\/\/www.p31noticias.com.br\/#\/schema\/person\/95f2ece30e3b4132065b915150cd0f94","name":"Gon\u00e7alves Junior","image":{"@type":"ImageObject","inLanguage":"pt-BR","@id":"https:\/\/secure.gravatar.com\/avatar\/6711f350116a89762687a48d66f723c799e5438a5b7578508d4294cd7a5d0800?s=96&d=mm&r=g","url":"https:\/\/secure.gravatar.com\/avatar\/6711f350116a89762687a48d66f723c799e5438a5b7578508d4294cd7a5d0800?s=96&d=mm&r=g","contentUrl":"https:\/\/secure.gravatar.com\/avatar\/6711f350116a89762687a48d66f723c799e5438a5b7578508d4294cd7a5d0800?s=96&d=mm&r=g","caption":"Gon\u00e7alves Junior"},"url":"https:\/\/www.p31noticias.com.br\/?author=2"}]}},"amp_enabled":true,"_links":{"self":[{"href":"https:\/\/www.p31noticias.com.br\/index.php?rest_route=\/wp\/v2\/posts\/22863","targetHints":{"allow":["GET"]}}],"collection":[{"href":"https:\/\/www.p31noticias.com.br\/index.php?rest_route=\/wp\/v2\/posts"}],"about":[{"href":"https:\/\/www.p31noticias.com.br\/index.php?rest_route=\/wp\/v2\/types\/post"}],"author":[{"embeddable":true,"href":"https:\/\/www.p31noticias.com.br\/index.php?rest_route=\/wp\/v2\/users\/2"}],"replies":[{"embeddable":true,"href":"https:\/\/www.p31noticias.com.br\/index.php?rest_route=%2Fwp%2Fv2%2Fcomments&post=22863"}],"version-history":[{"count":1,"href":"https:\/\/www.p31noticias.com.br\/index.php?rest_route=\/wp\/v2\/posts\/22863\/revisions"}],"predecessor-version":[{"id":22865,"href":"https:\/\/www.p31noticias.com.br\/index.php?rest_route=\/wp\/v2\/posts\/22863\/revisions\/22865"}],"wp:featuredmedia":[{"embeddable":true,"href":"https:\/\/www.p31noticias.com.br\/index.php?rest_route=\/wp\/v2\/media\/22864"}],"wp:attachment":[{"href":"https:\/\/www.p31noticias.com.br\/index.php?rest_route=%2Fwp%2Fv2%2Fmedia&parent=22863"}],"wp:term":[{"taxonomy":"category","embeddable":true,"href":"https:\/\/www.p31noticias.com.br\/index.php?rest_route=%2Fwp%2Fv2%2Fcategories&post=22863"},{"taxonomy":"post_tag","embeddable":true,"href":"https:\/\/www.p31noticias.com.br\/index.php?rest_route=%2Fwp%2Fv2%2Ftags&post=22863"}],"curies":[{"name":"wp","href":"https:\/\/api.w.org\/{rel}","templated":true}]}}