{"id":22858,"date":"2021-01-23T02:34:45","date_gmt":"2021-01-23T02:34:45","guid":{"rendered":"https:\/\/p31noticias.com.br\/?p=22858"},"modified":"2021-01-23T02:36:20","modified_gmt":"2021-01-23T02:36:20","slug":"vacinas-da-astrazeneca-chegam-ao-brasil","status":"publish","type":"post","link":"https:\/\/www.p31noticias.com.br\/?p=22858","title":{"rendered":"Vacinas da AstraZeneca chegam ao Brasil"},"content":{"rendered":"<h3 class=\"col-10 offset-1 animated fadeInDown dealy-900 display-8 display-md-8 alt-font font-italic my-1 text-center\"><em><strong>Voo trazendo imunizante desceu em S\u00e3o Paulo.<\/strong><\/em><\/h3>\n<p style=\"text-align: justify;\">O voo procedente da \u00cdndia que trouxe 2 milh\u00f5es de vacinas da AstraZeneca contra a covid-19 ao Brasil chegou por volta das 17h30 no Aeroporto Internacional de S\u00e3o Paulo, localizado em Guarulhos.<img decoding=\"async\" src=\"https:\/\/agenciabrasil.ebc.com.br\/ebc.png?id=1399442&amp;o=node\" \/><img decoding=\"async\" src=\"https:\/\/agenciabrasil.ebc.com.br\/ebc.gif?id=1399442&amp;o=node\" \/>Para o recebimento da carga, estavam presentes no local os ministros da Sa\u00fade Eduardo Pazuello, das Rela\u00e7\u00f5es Exteriores, Ernesto Ara\u00fajo, e das Comunica\u00e7\u00f5es, F\u00e1bio Faria. De l\u00e1, as vacinas ser\u00e3o encaminhadas para o Rio de Janeiro.<\/p>\n<p style=\"text-align: justify;\">A carga vinda da \u00cdndia foi transportada em voo comercial da companhia Emirates. Ap\u00f3s os tr\u00e2mites alfandeg\u00e1rios, seguir\u00e1 em aeronave da Azul para o Aeroporto Internacional Tom Jobim, no Rio.<\/p>\n<p style=\"text-align: justify;\">De acordo com a Fiocruz, assim que chegarem \u00e0 institui\u00e7\u00e3o, as vacinas passar\u00e3o por checagem de qualidade e seguran\u00e7a, al\u00e9m de rotulagem, com etiquetagem das caixas com informa\u00e7\u00f5es em portugu\u00eas.<\/p>\n<p style=\"text-align: justify;\">A previs\u00e3o \u00e9 que esse processo seja realizado at\u00e9 manh\u00e3 de s\u00e1bado (23) por equipes treinadas em boas pr\u00e1ticas de produ\u00e7\u00e3o. As vacinas devem ser liberadas para distribui\u00e7\u00e3o no per\u00edodo da tarde.<\/p>\n<p>Fonte : Ag\u00eancia Brasil<\/p>\n","protected":false},"excerpt":{"rendered":"<p>Voo trazendo imunizante desceu em S\u00e3o Paulo. O voo procedente da \u00cdndia que trouxe 2 milh\u00f5es de vacinas da AstraZeneca contra a covid-19 ao Brasil chegou por volta das 17h30 no Aeroporto Internacional de S\u00e3o Paulo, localizado em Guarulhos.Para o recebimento da carga, estavam presentes no local os ministros da Sa\u00fade Eduardo Pazuello, das Rela\u00e7\u00f5es [&hellip;]<\/p>\n","protected":false},"author":2,"featured_media":22859,"comment_status":"open","ping_status":"open","sticky":false,"template":"","format":"standard","meta":{"footnotes":""},"categories":[68],"tags":[],"class_list":{"0":"post-22858","1":"post","2":"type-post","3":"status-publish","4":"format-standard","5":"has-post-thumbnail","7":"category-brasil"},"yoast_head":"<!-- This site is optimized with the Yoast SEO Premium plugin v24.5 (Yoast SEO v27.5) - https:\/\/yoast.com\/product\/yoast-seo-premium-wordpress\/ -->\n<title>Vacinas da AstraZeneca chegam ao Brasil - P31<\/title>\n<meta name=\"robots\" content=\"index, follow, max-snippet:-1, max-image-preview:large, max-video-preview:-1\" \/>\n<link rel=\"canonical\" href=\"https:\/\/www.p31noticias.com.br\/?p=22858\" \/>\n<meta property=\"og:locale\" content=\"pt_BR\" \/>\n<meta property=\"og:type\" content=\"article\" \/>\n<meta property=\"og:title\" content=\"Vacinas da AstraZeneca chegam ao Brasil\" \/>\n<meta property=\"og:description\" content=\"Voo trazendo imunizante desceu em S\u00e3o Paulo. O voo procedente da \u00cdndia que trouxe 2 milh\u00f5es de vacinas da AstraZeneca contra a covid-19 ao Brasil chegou por volta das 17h30 no Aeroporto Internacional de S\u00e3o Paulo, localizado em Guarulhos.Para o recebimento da carga, estavam presentes no local os ministros da Sa\u00fade Eduardo Pazuello, das Rela\u00e7\u00f5es [&hellip;]\" \/>\n<meta property=\"og:url\" content=\"https:\/\/www.p31noticias.com.br\/?p=22858\" \/>\n<meta property=\"og:site_name\" content=\"P31\" \/>\n<meta property=\"article:published_time\" content=\"2021-01-23T02:34:45+00:00\" \/>\n<meta property=\"article:modified_time\" content=\"2021-01-23T02:36:20+00:00\" \/>\n<meta property=\"og:image\" content=\"https:\/\/www.p31noticias.com.br\/wp-content\/uploads\/2021\/01\/guarulhos_vacina_saude220120212241.jpg\" \/>\n\t<meta property=\"og:image:width\" content=\"1170\" \/>\n\t<meta property=\"og:image:height\" content=\"700\" \/>\n\t<meta property=\"og:image:type\" content=\"image\/jpeg\" \/>\n<meta name=\"author\" content=\"Gon\u00e7alves Junior\" \/>\n<meta name=\"twitter:card\" content=\"summary_large_image\" \/>\n<meta name=\"twitter:label1\" content=\"Escrito por\" \/>\n\t<meta name=\"twitter:data1\" content=\"Gon\u00e7alves Junior\" \/>\n\t<meta name=\"twitter:label2\" content=\"Est. tempo de leitura\" \/>\n\t<meta name=\"twitter:data2\" content=\"1 minuto\" \/>\n<script type=\"application\/ld+json\" class=\"yoast-schema-graph\">{\"@context\":\"https:\\\/\\\/schema.org\",\"@graph\":[{\"@type\":\"Article\",\"@id\":\"https:\\\/\\\/www.p31noticias.com.br\\\/?p=22858#article\",\"isPartOf\":{\"@id\":\"https:\\\/\\\/www.p31noticias.com.br\\\/?p=22858\"},\"author\":{\"name\":\"Gon\u00e7alves Junior\",\"@id\":\"https:\\\/\\\/www.p31noticias.com.br\\\/#\\\/schema\\\/person\\\/95f2ece30e3b4132065b915150cd0f94\"},\"headline\":\"Vacinas da AstraZeneca chegam ao Brasil\",\"datePublished\":\"2021-01-23T02:34:45+00:00\",\"dateModified\":\"2021-01-23T02:36:20+00:00\",\"mainEntityOfPage\":{\"@id\":\"https:\\\/\\\/www.p31noticias.com.br\\\/?p=22858\"},\"wordCount\":197,\"commentCount\":0,\"image\":{\"@id\":\"https:\\\/\\\/www.p31noticias.com.br\\\/?p=22858#primaryimage\"},\"thumbnailUrl\":\"https:\\\/\\\/www.p31noticias.com.br\\\/wp-content\\\/uploads\\\/2021\\\/01\\\/guarulhos_vacina_saude220120212241.jpg\",\"articleSection\":[\"Brasil\"],\"inLanguage\":\"pt-BR\",\"potentialAction\":[{\"@type\":\"CommentAction\",\"name\":\"Comment\",\"target\":[\"https:\\\/\\\/www.p31noticias.com.br\\\/?p=22858#respond\"]}],\"copyrightYear\":\"2021\",\"copyrightHolder\":{\"@id\":\"https:\\\/\\\/www.p31noticias.com.br\\\/#organization\"}},{\"@type\":\"WebPage\",\"@id\":\"https:\\\/\\\/www.p31noticias.com.br\\\/?p=22858\",\"url\":\"https:\\\/\\\/www.p31noticias.com.br\\\/?p=22858\",\"name\":\"Vacinas da AstraZeneca chegam ao Brasil - P31\",\"isPartOf\":{\"@id\":\"https:\\\/\\\/www.p31noticias.com.br\\\/#website\"},\"primaryImageOfPage\":{\"@id\":\"https:\\\/\\\/www.p31noticias.com.br\\\/?p=22858#primaryimage\"},\"image\":{\"@id\":\"https:\\\/\\\/www.p31noticias.com.br\\\/?p=22858#primaryimage\"},\"thumbnailUrl\":\"https:\\\/\\\/www.p31noticias.com.br\\\/wp-content\\\/uploads\\\/2021\\\/01\\\/guarulhos_vacina_saude220120212241.jpg\",\"datePublished\":\"2021-01-23T02:34:45+00:00\",\"dateModified\":\"2021-01-23T02:36:20+00:00\",\"author\":{\"@id\":\"https:\\\/\\\/www.p31noticias.com.br\\\/#\\\/schema\\\/person\\\/95f2ece30e3b4132065b915150cd0f94\"},\"breadcrumb\":{\"@id\":\"https:\\\/\\\/www.p31noticias.com.br\\\/?p=22858#breadcrumb\"},\"inLanguage\":\"pt-BR\",\"potentialAction\":[{\"@type\":\"ReadAction\",\"target\":[\"https:\\\/\\\/www.p31noticias.com.br\\\/?p=22858\"]}]},{\"@type\":\"ImageObject\",\"inLanguage\":\"pt-BR\",\"@id\":\"https:\\\/\\\/www.p31noticias.com.br\\\/?p=22858#primaryimage\",\"url\":\"https:\\\/\\\/www.p31noticias.com.br\\\/wp-content\\\/uploads\\\/2021\\\/01\\\/guarulhos_vacina_saude220120212241.jpg\",\"contentUrl\":\"https:\\\/\\\/www.p31noticias.com.br\\\/wp-content\\\/uploads\\\/2021\\\/01\\\/guarulhos_vacina_saude220120212241.jpg\",\"width\":1170,\"height\":700,\"caption\":\"O embaixador da \u00cdndia no Brasil, Suresh Reddy,os ministros das Rela\u00e7\u00f5es Exteriores, Ernesto Araujo, da Sa\u00fade, Eduardo Pazuello, e das Comunica\u00e7\u00f5es, F\u00e1bio Faria, duranta a chegada das vacinas em solo brasileiro, no aeroporto de Guarulhos\"},{\"@type\":\"BreadcrumbList\",\"@id\":\"https:\\\/\\\/www.p31noticias.com.br\\\/?p=22858#breadcrumb\",\"itemListElement\":[{\"@type\":\"ListItem\",\"position\":1,\"name\":\"In\u00edcio\",\"item\":\"https:\\\/\\\/www.p31noticias.com.br\\\/\"},{\"@type\":\"ListItem\",\"position\":2,\"name\":\"Vacinas da AstraZeneca chegam ao Brasil\"}]},{\"@type\":\"WebSite\",\"@id\":\"https:\\\/\\\/www.p31noticias.com.br\\\/#website\",\"url\":\"https:\\\/\\\/www.p31noticias.com.br\\\/\",\"name\":\"P31\",\"description\":\"NOT\u00cdCIAS\",\"potentialAction\":[{\"@type\":\"SearchAction\",\"target\":{\"@type\":\"EntryPoint\",\"urlTemplate\":\"https:\\\/\\\/www.p31noticias.com.br\\\/?s={search_term_string}\"},\"query-input\":{\"@type\":\"PropertyValueSpecification\",\"valueRequired\":true,\"valueName\":\"search_term_string\"}}],\"inLanguage\":\"pt-BR\"},{\"@type\":\"Person\",\"@id\":\"https:\\\/\\\/www.p31noticias.com.br\\\/#\\\/schema\\\/person\\\/95f2ece30e3b4132065b915150cd0f94\",\"name\":\"Gon\u00e7alves Junior\",\"image\":{\"@type\":\"ImageObject\",\"inLanguage\":\"pt-BR\",\"@id\":\"https:\\\/\\\/secure.gravatar.com\\\/avatar\\\/6711f350116a89762687a48d66f723c799e5438a5b7578508d4294cd7a5d0800?s=96&d=mm&r=g\",\"url\":\"https:\\\/\\\/secure.gravatar.com\\\/avatar\\\/6711f350116a89762687a48d66f723c799e5438a5b7578508d4294cd7a5d0800?s=96&d=mm&r=g\",\"contentUrl\":\"https:\\\/\\\/secure.gravatar.com\\\/avatar\\\/6711f350116a89762687a48d66f723c799e5438a5b7578508d4294cd7a5d0800?s=96&d=mm&r=g\",\"caption\":\"Gon\u00e7alves Junior\"},\"url\":\"https:\\\/\\\/www.p31noticias.com.br\\\/?author=2\"}]}<\/script>\n<!-- \/ Yoast SEO Premium plugin. -->","yoast_head_json":{"title":"Vacinas da AstraZeneca chegam ao Brasil - P31","robots":{"index":"index","follow":"follow","max-snippet":"max-snippet:-1","max-image-preview":"max-image-preview:large","max-video-preview":"max-video-preview:-1"},"canonical":"https:\/\/www.p31noticias.com.br\/?p=22858","og_locale":"pt_BR","og_type":"article","og_title":"Vacinas da AstraZeneca chegam ao Brasil","og_description":"Voo trazendo imunizante desceu em S\u00e3o Paulo. O voo procedente da \u00cdndia que trouxe 2 milh\u00f5es de vacinas da AstraZeneca contra a covid-19 ao Brasil chegou por volta das 17h30 no Aeroporto Internacional de S\u00e3o Paulo, localizado em Guarulhos.Para o recebimento da carga, estavam presentes no local os ministros da Sa\u00fade Eduardo Pazuello, das Rela\u00e7\u00f5es [&hellip;]","og_url":"https:\/\/www.p31noticias.com.br\/?p=22858","og_site_name":"P31","article_published_time":"2021-01-23T02:34:45+00:00","article_modified_time":"2021-01-23T02:36:20+00:00","og_image":[{"width":1170,"height":700,"url":"https:\/\/www.p31noticias.com.br\/wp-content\/uploads\/2021\/01\/guarulhos_vacina_saude220120212241.jpg","type":"image\/jpeg"}],"author":"Gon\u00e7alves Junior","twitter_card":"summary_large_image","twitter_misc":{"Escrito por":"Gon\u00e7alves Junior","Est. tempo de leitura":"1 minuto"},"schema":{"@context":"https:\/\/schema.org","@graph":[{"@type":"Article","@id":"https:\/\/www.p31noticias.com.br\/?p=22858#article","isPartOf":{"@id":"https:\/\/www.p31noticias.com.br\/?p=22858"},"author":{"name":"Gon\u00e7alves Junior","@id":"https:\/\/www.p31noticias.com.br\/#\/schema\/person\/95f2ece30e3b4132065b915150cd0f94"},"headline":"Vacinas da AstraZeneca chegam ao Brasil","datePublished":"2021-01-23T02:34:45+00:00","dateModified":"2021-01-23T02:36:20+00:00","mainEntityOfPage":{"@id":"https:\/\/www.p31noticias.com.br\/?p=22858"},"wordCount":197,"commentCount":0,"image":{"@id":"https:\/\/www.p31noticias.com.br\/?p=22858#primaryimage"},"thumbnailUrl":"https:\/\/www.p31noticias.com.br\/wp-content\/uploads\/2021\/01\/guarulhos_vacina_saude220120212241.jpg","articleSection":["Brasil"],"inLanguage":"pt-BR","potentialAction":[{"@type":"CommentAction","name":"Comment","target":["https:\/\/www.p31noticias.com.br\/?p=22858#respond"]}],"copyrightYear":"2021","copyrightHolder":{"@id":"https:\/\/www.p31noticias.com.br\/#organization"}},{"@type":"WebPage","@id":"https:\/\/www.p31noticias.com.br\/?p=22858","url":"https:\/\/www.p31noticias.com.br\/?p=22858","name":"Vacinas da AstraZeneca chegam ao Brasil - P31","isPartOf":{"@id":"https:\/\/www.p31noticias.com.br\/#website"},"primaryImageOfPage":{"@id":"https:\/\/www.p31noticias.com.br\/?p=22858#primaryimage"},"image":{"@id":"https:\/\/www.p31noticias.com.br\/?p=22858#primaryimage"},"thumbnailUrl":"https:\/\/www.p31noticias.com.br\/wp-content\/uploads\/2021\/01\/guarulhos_vacina_saude220120212241.jpg","datePublished":"2021-01-23T02:34:45+00:00","dateModified":"2021-01-23T02:36:20+00:00","author":{"@id":"https:\/\/www.p31noticias.com.br\/#\/schema\/person\/95f2ece30e3b4132065b915150cd0f94"},"breadcrumb":{"@id":"https:\/\/www.p31noticias.com.br\/?p=22858#breadcrumb"},"inLanguage":"pt-BR","potentialAction":[{"@type":"ReadAction","target":["https:\/\/www.p31noticias.com.br\/?p=22858"]}]},{"@type":"ImageObject","inLanguage":"pt-BR","@id":"https:\/\/www.p31noticias.com.br\/?p=22858#primaryimage","url":"https:\/\/www.p31noticias.com.br\/wp-content\/uploads\/2021\/01\/guarulhos_vacina_saude220120212241.jpg","contentUrl":"https:\/\/www.p31noticias.com.br\/wp-content\/uploads\/2021\/01\/guarulhos_vacina_saude220120212241.jpg","width":1170,"height":700,"caption":"O embaixador da \u00cdndia no Brasil, Suresh Reddy,os ministros das Rela\u00e7\u00f5es Exteriores, Ernesto Araujo, da Sa\u00fade, Eduardo Pazuello, e das Comunica\u00e7\u00f5es, F\u00e1bio Faria, duranta a chegada das vacinas em solo brasileiro, no aeroporto de Guarulhos"},{"@type":"BreadcrumbList","@id":"https:\/\/www.p31noticias.com.br\/?p=22858#breadcrumb","itemListElement":[{"@type":"ListItem","position":1,"name":"In\u00edcio","item":"https:\/\/www.p31noticias.com.br\/"},{"@type":"ListItem","position":2,"name":"Vacinas da AstraZeneca chegam ao Brasil"}]},{"@type":"WebSite","@id":"https:\/\/www.p31noticias.com.br\/#website","url":"https:\/\/www.p31noticias.com.br\/","name":"P31","description":"NOT\u00cdCIAS","potentialAction":[{"@type":"SearchAction","target":{"@type":"EntryPoint","urlTemplate":"https:\/\/www.p31noticias.com.br\/?s={search_term_string}"},"query-input":{"@type":"PropertyValueSpecification","valueRequired":true,"valueName":"search_term_string"}}],"inLanguage":"pt-BR"},{"@type":"Person","@id":"https:\/\/www.p31noticias.com.br\/#\/schema\/person\/95f2ece30e3b4132065b915150cd0f94","name":"Gon\u00e7alves Junior","image":{"@type":"ImageObject","inLanguage":"pt-BR","@id":"https:\/\/secure.gravatar.com\/avatar\/6711f350116a89762687a48d66f723c799e5438a5b7578508d4294cd7a5d0800?s=96&d=mm&r=g","url":"https:\/\/secure.gravatar.com\/avatar\/6711f350116a89762687a48d66f723c799e5438a5b7578508d4294cd7a5d0800?s=96&d=mm&r=g","contentUrl":"https:\/\/secure.gravatar.com\/avatar\/6711f350116a89762687a48d66f723c799e5438a5b7578508d4294cd7a5d0800?s=96&d=mm&r=g","caption":"Gon\u00e7alves Junior"},"url":"https:\/\/www.p31noticias.com.br\/?author=2"}]}},"amp_enabled":true,"_links":{"self":[{"href":"https:\/\/www.p31noticias.com.br\/index.php?rest_route=\/wp\/v2\/posts\/22858","targetHints":{"allow":["GET"]}}],"collection":[{"href":"https:\/\/www.p31noticias.com.br\/index.php?rest_route=\/wp\/v2\/posts"}],"about":[{"href":"https:\/\/www.p31noticias.com.br\/index.php?rest_route=\/wp\/v2\/types\/post"}],"author":[{"embeddable":true,"href":"https:\/\/www.p31noticias.com.br\/index.php?rest_route=\/wp\/v2\/users\/2"}],"replies":[{"embeddable":true,"href":"https:\/\/www.p31noticias.com.br\/index.php?rest_route=%2Fwp%2Fv2%2Fcomments&post=22858"}],"version-history":[{"count":3,"href":"https:\/\/www.p31noticias.com.br\/index.php?rest_route=\/wp\/v2\/posts\/22858\/revisions"}],"predecessor-version":[{"id":22862,"href":"https:\/\/www.p31noticias.com.br\/index.php?rest_route=\/wp\/v2\/posts\/22858\/revisions\/22862"}],"wp:featuredmedia":[{"embeddable":true,"href":"https:\/\/www.p31noticias.com.br\/index.php?rest_route=\/wp\/v2\/media\/22859"}],"wp:attachment":[{"href":"https:\/\/www.p31noticias.com.br\/index.php?rest_route=%2Fwp%2Fv2%2Fmedia&parent=22858"}],"wp:term":[{"taxonomy":"category","embeddable":true,"href":"https:\/\/www.p31noticias.com.br\/index.php?rest_route=%2Fwp%2Fv2%2Fcategories&post=22858"},{"taxonomy":"post_tag","embeddable":true,"href":"https:\/\/www.p31noticias.com.br\/index.php?rest_route=%2Fwp%2Fv2%2Ftags&post=22858"}],"curies":[{"name":"wp","href":"https:\/\/api.w.org\/{rel}","templated":true}]}}