{"id":22843,"date":"2021-01-13T03:00:53","date_gmt":"2021-01-13T03:00:53","guid":{"rendered":"https:\/\/p31noticias.com.br\/?p=22843"},"modified":"2021-01-13T03:00:53","modified_gmt":"2021-01-13T03:00:53","slug":"com-r-335-milhoes-em-emprestimos-bndes-vai-cobrar-ford-sobre-saida-do-brasil","status":"publish","type":"post","link":"https:\/\/www.p31noticias.com.br\/?p=22843","title":{"rendered":"Com R$ 335 milh\u00f5es em empr\u00e9stimos, BNDES vai cobrar Ford sobre sa\u00edda do Brasil ."},"content":{"rendered":"<p style=\"text-align: justify;\"><em><strong>Montadora recebeu financiamentos do banco de fomento com cl\u00e1usulas relacionadas \u00e0 manuten\u00e7\u00e3o de empregos no Brasil<\/strong><\/em><\/p>\n<p class=\"    \" style=\"text-align: justify;\">O Banco Nacional de Desenvolvimento Econ\u00f4mico e Social (BNDES) afirmou nesta segunda-feira (11) que vai pedir explica\u00e7\u00f5es \u00e0 Ford sobre\u00a0<a href=\"https:\/\/carros.ig.com.br\/2021-01-11\/ford-anuncia-fechamento-das-suas-fabricas-no-brasil.html\" rel=\"noopener\">sua decis\u00e3o de fechar suas f\u00e1bricas e encerrar a produ\u00e7\u00e3o de ve\u00edculos no Brasil<\/a>\u00a0, o que deve levar \u00e0 demiss\u00e3o de cerca de 5 mil trabalhadores, segundo a montadora. De acordo com o Sindicato dos Metal\u00fargicos, esse n\u00famero \u00e9 bem maior e,\u00a0<a href=\"https:\/\/economia.ig.com.br\/2021-01-12\/trabalhadores-da-ford-em-camacari-protestam-contra-fechamento-de-fabrica.html\">contando trabalhadores indiretos, at\u00e9 72 mil podem ser afetados<\/a>\u00a0.<\/p>\n<p style=\"text-align: justify;\">De acordo com levantamento feito pelo\u00a0<em>GLOBO<\/em>\u00a0, somente as 20 maiores opera\u00e7\u00f5es do\u00a0<strong>BNDES<\/strong>\u00a0com a\u00a0<strong>Ford<\/strong>\u00a0somaram cerca de R$ 3,5 bilh\u00f5es em linhas de financiamento desde 2002.<\/p>\n<p style=\"text-align: justify;\">Os projetos tinham foco em exporta\u00e7\u00e3o, desenvolvimento de ve\u00edculo e apoio a projetos sociais na comunidade.<\/p>\n<p style=\"text-align: justify;\">Segundo o BNDES, entre as opera\u00e7\u00f5es diretas feitas com a Ford, ainda h\u00e1 duas opera\u00e7\u00f5es ativas. Por isso, o banco j\u00e1 procurou a empresa para pedir esclarecimentos.<\/p>\n<p style=\"text-align: justify;\">&#8220;O BNDES soube pela m\u00eddia do fechamento das f\u00e1bricas, procurou a empresa para pedir esclarecimentos. O Banco aguarda informa\u00e7\u00e3o oficial para avaliar os impactos da eventual decis\u00e3o nos projetos financiados&#8221;.<\/p>\n<p style=\"text-align: justify;\">Est\u00e3o em situa\u00e7\u00e3o ativa\u00a0<strong>empr\u00e9stimos<\/strong>\u00a0cujo valor contratado chega a R$ 335 milh\u00f5es e se referem ao desenvolvimento de novos ve\u00edculos e de projetos sociais.<\/p>\n<p style=\"text-align: justify;\">&#8220;Os projetos financiados junto \u00e0 Ford, bem como outros financiados pelo BNDES no antigo Programa BNDES Proengenharia, trouxeram como externalidade a capacita\u00e7\u00e3o local da engenharia para atua\u00e7\u00e3o da ind\u00fastria em n\u00edvel internacional. Todos os contratos diretos do BNDES disp\u00f5em de cl\u00e1usulas-padr\u00e3o relacionadas \u00e0\u00a0<strong>manuten\u00e7\u00e3o do emprego<\/strong>\u00a0em raz\u00e3o da implanta\u00e7\u00e3o do projeto&#8221;, explicou o banco em nota.<\/p>\n<p style=\"text-align: justify;\">Em 2014, a montadora recebeu, por exemplo, R$ 195,4 milh\u00f5es para criar, desenvolver e produzir o\u00a0<strong>novo Ka<\/strong>\u00a0na f\u00e1brica da empresa em\u00a0<strong>Cama\u00e7ari<\/strong>\u00a0. Nesse caso, os recursos foram contratados pelo programa voltado para inova\u00e7\u00e3o de m\u00e1quinas.<\/p>\n<p style=\"text-align: justify;\">Desde os anos 2000, a montadora vem recebendo financiamento para permitir embarques, pr\u00e1tica comum no setor. Em 2005, a montadora recebeu cr\u00e9dito de US$ 250 milh\u00f5es, com compromisso de exporta\u00e7\u00e3o de, no m\u00ednimo, US$ 834 milh\u00f5es na ocasi\u00e3o.<\/p>\n<p style=\"text-align: justify;\">Em 2008, quando recebeu empr\u00e9stimo de R$ 78 milh\u00f5es para desenvolver seu Programa de Apoio \u00e0 Engenharia Automotiva em Cama\u00e7ari, a empresa precisou garantir que iria manter a m\u00e3o-de-obra qualificada em seus quadros na Bahia, como os 1.050 engenheiros envolvidos no desenvolvimento e engenharia de produtos.<\/p>\n<p style=\"text-align: justify;\">Fonte : IgMail ( canal de economia )<\/p>\n","protected":false},"excerpt":{"rendered":"<p>Montadora recebeu financiamentos do banco de fomento com cl\u00e1usulas relacionadas \u00e0 manuten\u00e7\u00e3o de empregos no Brasil O Banco Nacional de Desenvolvimento Econ\u00f4mico e Social (BNDES) afirmou nesta segunda-feira (11) que vai pedir explica\u00e7\u00f5es \u00e0 Ford sobre\u00a0sua decis\u00e3o de fechar suas f\u00e1bricas e encerrar a produ\u00e7\u00e3o de ve\u00edculos no Brasil\u00a0, o que deve levar \u00e0 demiss\u00e3o [&hellip;]<\/p>\n","protected":false},"author":2,"featured_media":22844,"comment_status":"open","ping_status":"open","sticky":false,"template":"","format":"standard","meta":{"footnotes":""},"categories":[1],"tags":[],"class_list":{"0":"post-22843","1":"post","2":"type-post","3":"status-publish","4":"format-standard","5":"has-post-thumbnail","7":"category-outros"},"yoast_head":"<!-- This site is optimized with the Yoast SEO Premium plugin v24.5 (Yoast SEO v27.5) - https:\/\/yoast.com\/product\/yoast-seo-premium-wordpress\/ -->\n<title>Com R$ 335 milh\u00f5es em empr\u00e9stimos, BNDES vai cobrar Ford sobre sa\u00edda do Brasil . - P31<\/title>\n<meta name=\"robots\" content=\"index, follow, max-snippet:-1, max-image-preview:large, max-video-preview:-1\" \/>\n<link rel=\"canonical\" href=\"https:\/\/www.p31noticias.com.br\/?p=22843\" \/>\n<meta property=\"og:locale\" content=\"pt_BR\" \/>\n<meta property=\"og:type\" content=\"article\" \/>\n<meta property=\"og:title\" content=\"Com R$ 335 milh\u00f5es em empr\u00e9stimos, BNDES vai cobrar Ford sobre sa\u00edda do Brasil .\" \/>\n<meta property=\"og:description\" content=\"Montadora recebeu financiamentos do banco de fomento com cl\u00e1usulas relacionadas \u00e0 manuten\u00e7\u00e3o de empregos no Brasil O Banco Nacional de Desenvolvimento Econ\u00f4mico e Social (BNDES) afirmou nesta segunda-feira (11) que vai pedir explica\u00e7\u00f5es \u00e0 Ford sobre\u00a0sua decis\u00e3o de fechar suas f\u00e1bricas e encerrar a produ\u00e7\u00e3o de ve\u00edculos no Brasil\u00a0, o que deve levar \u00e0 demiss\u00e3o [&hellip;]\" \/>\n<meta property=\"og:url\" content=\"https:\/\/www.p31noticias.com.br\/?p=22843\" \/>\n<meta property=\"og:site_name\" content=\"P31\" \/>\n<meta property=\"article:published_time\" content=\"2021-01-13T03:00:53+00:00\" \/>\n<meta property=\"og:image\" content=\"https:\/\/www.p31noticias.com.br\/wp-content\/uploads\/2021\/01\/images.jpg\" \/>\n\t<meta property=\"og:image:width\" content=\"318\" \/>\n\t<meta property=\"og:image:height\" content=\"159\" \/>\n\t<meta property=\"og:image:type\" content=\"image\/jpeg\" \/>\n<meta name=\"author\" content=\"Gon\u00e7alves Junior\" \/>\n<meta name=\"twitter:card\" content=\"summary_large_image\" \/>\n<meta name=\"twitter:label1\" content=\"Escrito por\" \/>\n\t<meta name=\"twitter:data1\" content=\"Gon\u00e7alves Junior\" \/>\n\t<meta name=\"twitter:label2\" content=\"Est. tempo de leitura\" \/>\n\t<meta name=\"twitter:data2\" content=\"2 minutos\" \/>\n<script type=\"application\/ld+json\" class=\"yoast-schema-graph\">{\"@context\":\"https:\\\/\\\/schema.org\",\"@graph\":[{\"@type\":\"Article\",\"@id\":\"https:\\\/\\\/www.p31noticias.com.br\\\/?p=22843#article\",\"isPartOf\":{\"@id\":\"https:\\\/\\\/www.p31noticias.com.br\\\/?p=22843\"},\"author\":{\"name\":\"Gon\u00e7alves Junior\",\"@id\":\"https:\\\/\\\/www.p31noticias.com.br\\\/#\\\/schema\\\/person\\\/95f2ece30e3b4132065b915150cd0f94\"},\"headline\":\"Com R$ 335 milh\u00f5es em empr\u00e9stimos, BNDES vai cobrar Ford sobre sa\u00edda do Brasil .\",\"datePublished\":\"2021-01-13T03:00:53+00:00\",\"mainEntityOfPage\":{\"@id\":\"https:\\\/\\\/www.p31noticias.com.br\\\/?p=22843\"},\"wordCount\":442,\"commentCount\":0,\"image\":{\"@id\":\"https:\\\/\\\/www.p31noticias.com.br\\\/?p=22843#primaryimage\"},\"thumbnailUrl\":\"https:\\\/\\\/www.p31noticias.com.br\\\/wp-content\\\/uploads\\\/2021\\\/01\\\/images.jpg\",\"articleSection\":[\"Outros\"],\"inLanguage\":\"pt-BR\",\"potentialAction\":[{\"@type\":\"CommentAction\",\"name\":\"Comment\",\"target\":[\"https:\\\/\\\/www.p31noticias.com.br\\\/?p=22843#respond\"]}],\"copyrightYear\":\"2021\",\"copyrightHolder\":{\"@id\":\"https:\\\/\\\/www.p31noticias.com.br\\\/#organization\"}},{\"@type\":\"WebPage\",\"@id\":\"https:\\\/\\\/www.p31noticias.com.br\\\/?p=22843\",\"url\":\"https:\\\/\\\/www.p31noticias.com.br\\\/?p=22843\",\"name\":\"Com R$ 335 milh\u00f5es em empr\u00e9stimos, BNDES vai cobrar Ford sobre sa\u00edda do Brasil . - P31\",\"isPartOf\":{\"@id\":\"https:\\\/\\\/www.p31noticias.com.br\\\/#website\"},\"primaryImageOfPage\":{\"@id\":\"https:\\\/\\\/www.p31noticias.com.br\\\/?p=22843#primaryimage\"},\"image\":{\"@id\":\"https:\\\/\\\/www.p31noticias.com.br\\\/?p=22843#primaryimage\"},\"thumbnailUrl\":\"https:\\\/\\\/www.p31noticias.com.br\\\/wp-content\\\/uploads\\\/2021\\\/01\\\/images.jpg\",\"datePublished\":\"2021-01-13T03:00:53+00:00\",\"author\":{\"@id\":\"https:\\\/\\\/www.p31noticias.com.br\\\/#\\\/schema\\\/person\\\/95f2ece30e3b4132065b915150cd0f94\"},\"breadcrumb\":{\"@id\":\"https:\\\/\\\/www.p31noticias.com.br\\\/?p=22843#breadcrumb\"},\"inLanguage\":\"pt-BR\",\"potentialAction\":[{\"@type\":\"ReadAction\",\"target\":[\"https:\\\/\\\/www.p31noticias.com.br\\\/?p=22843\"]}]},{\"@type\":\"ImageObject\",\"inLanguage\":\"pt-BR\",\"@id\":\"https:\\\/\\\/www.p31noticias.com.br\\\/?p=22843#primaryimage\",\"url\":\"https:\\\/\\\/www.p31noticias.com.br\\\/wp-content\\\/uploads\\\/2021\\\/01\\\/images.jpg\",\"contentUrl\":\"https:\\\/\\\/www.p31noticias.com.br\\\/wp-content\\\/uploads\\\/2021\\\/01\\\/images.jpg\",\"width\":318,\"height\":159},{\"@type\":\"BreadcrumbList\",\"@id\":\"https:\\\/\\\/www.p31noticias.com.br\\\/?p=22843#breadcrumb\",\"itemListElement\":[{\"@type\":\"ListItem\",\"position\":1,\"name\":\"In\u00edcio\",\"item\":\"https:\\\/\\\/www.p31noticias.com.br\\\/\"},{\"@type\":\"ListItem\",\"position\":2,\"name\":\"Com R$ 335 milh\u00f5es em empr\u00e9stimos, BNDES vai cobrar Ford sobre sa\u00edda do Brasil .\"}]},{\"@type\":\"WebSite\",\"@id\":\"https:\\\/\\\/www.p31noticias.com.br\\\/#website\",\"url\":\"https:\\\/\\\/www.p31noticias.com.br\\\/\",\"name\":\"P31\",\"description\":\"NOT\u00cdCIAS\",\"potentialAction\":[{\"@type\":\"SearchAction\",\"target\":{\"@type\":\"EntryPoint\",\"urlTemplate\":\"https:\\\/\\\/www.p31noticias.com.br\\\/?s={search_term_string}\"},\"query-input\":{\"@type\":\"PropertyValueSpecification\",\"valueRequired\":true,\"valueName\":\"search_term_string\"}}],\"inLanguage\":\"pt-BR\"},{\"@type\":\"Person\",\"@id\":\"https:\\\/\\\/www.p31noticias.com.br\\\/#\\\/schema\\\/person\\\/95f2ece30e3b4132065b915150cd0f94\",\"name\":\"Gon\u00e7alves Junior\",\"image\":{\"@type\":\"ImageObject\",\"inLanguage\":\"pt-BR\",\"@id\":\"https:\\\/\\\/secure.gravatar.com\\\/avatar\\\/6711f350116a89762687a48d66f723c799e5438a5b7578508d4294cd7a5d0800?s=96&d=mm&r=g\",\"url\":\"https:\\\/\\\/secure.gravatar.com\\\/avatar\\\/6711f350116a89762687a48d66f723c799e5438a5b7578508d4294cd7a5d0800?s=96&d=mm&r=g\",\"contentUrl\":\"https:\\\/\\\/secure.gravatar.com\\\/avatar\\\/6711f350116a89762687a48d66f723c799e5438a5b7578508d4294cd7a5d0800?s=96&d=mm&r=g\",\"caption\":\"Gon\u00e7alves Junior\"},\"url\":\"https:\\\/\\\/www.p31noticias.com.br\\\/?author=2\"}]}<\/script>\n<!-- \/ Yoast SEO Premium plugin. -->","yoast_head_json":{"title":"Com R$ 335 milh\u00f5es em empr\u00e9stimos, BNDES vai cobrar Ford sobre sa\u00edda do Brasil . - P31","robots":{"index":"index","follow":"follow","max-snippet":"max-snippet:-1","max-image-preview":"max-image-preview:large","max-video-preview":"max-video-preview:-1"},"canonical":"https:\/\/www.p31noticias.com.br\/?p=22843","og_locale":"pt_BR","og_type":"article","og_title":"Com R$ 335 milh\u00f5es em empr\u00e9stimos, BNDES vai cobrar Ford sobre sa\u00edda do Brasil .","og_description":"Montadora recebeu financiamentos do banco de fomento com cl\u00e1usulas relacionadas \u00e0 manuten\u00e7\u00e3o de empregos no Brasil O Banco Nacional de Desenvolvimento Econ\u00f4mico e Social (BNDES) afirmou nesta segunda-feira (11) que vai pedir explica\u00e7\u00f5es \u00e0 Ford sobre\u00a0sua decis\u00e3o de fechar suas f\u00e1bricas e encerrar a produ\u00e7\u00e3o de ve\u00edculos no Brasil\u00a0, o que deve levar \u00e0 demiss\u00e3o [&hellip;]","og_url":"https:\/\/www.p31noticias.com.br\/?p=22843","og_site_name":"P31","article_published_time":"2021-01-13T03:00:53+00:00","og_image":[{"width":318,"height":159,"url":"https:\/\/www.p31noticias.com.br\/wp-content\/uploads\/2021\/01\/images.jpg","type":"image\/jpeg"}],"author":"Gon\u00e7alves Junior","twitter_card":"summary_large_image","twitter_misc":{"Escrito por":"Gon\u00e7alves Junior","Est. tempo de leitura":"2 minutos"},"schema":{"@context":"https:\/\/schema.org","@graph":[{"@type":"Article","@id":"https:\/\/www.p31noticias.com.br\/?p=22843#article","isPartOf":{"@id":"https:\/\/www.p31noticias.com.br\/?p=22843"},"author":{"name":"Gon\u00e7alves Junior","@id":"https:\/\/www.p31noticias.com.br\/#\/schema\/person\/95f2ece30e3b4132065b915150cd0f94"},"headline":"Com R$ 335 milh\u00f5es em empr\u00e9stimos, BNDES vai cobrar Ford sobre sa\u00edda do Brasil .","datePublished":"2021-01-13T03:00:53+00:00","mainEntityOfPage":{"@id":"https:\/\/www.p31noticias.com.br\/?p=22843"},"wordCount":442,"commentCount":0,"image":{"@id":"https:\/\/www.p31noticias.com.br\/?p=22843#primaryimage"},"thumbnailUrl":"https:\/\/www.p31noticias.com.br\/wp-content\/uploads\/2021\/01\/images.jpg","articleSection":["Outros"],"inLanguage":"pt-BR","potentialAction":[{"@type":"CommentAction","name":"Comment","target":["https:\/\/www.p31noticias.com.br\/?p=22843#respond"]}],"copyrightYear":"2021","copyrightHolder":{"@id":"https:\/\/www.p31noticias.com.br\/#organization"}},{"@type":"WebPage","@id":"https:\/\/www.p31noticias.com.br\/?p=22843","url":"https:\/\/www.p31noticias.com.br\/?p=22843","name":"Com R$ 335 milh\u00f5es em empr\u00e9stimos, BNDES vai cobrar Ford sobre sa\u00edda do Brasil . - P31","isPartOf":{"@id":"https:\/\/www.p31noticias.com.br\/#website"},"primaryImageOfPage":{"@id":"https:\/\/www.p31noticias.com.br\/?p=22843#primaryimage"},"image":{"@id":"https:\/\/www.p31noticias.com.br\/?p=22843#primaryimage"},"thumbnailUrl":"https:\/\/www.p31noticias.com.br\/wp-content\/uploads\/2021\/01\/images.jpg","datePublished":"2021-01-13T03:00:53+00:00","author":{"@id":"https:\/\/www.p31noticias.com.br\/#\/schema\/person\/95f2ece30e3b4132065b915150cd0f94"},"breadcrumb":{"@id":"https:\/\/www.p31noticias.com.br\/?p=22843#breadcrumb"},"inLanguage":"pt-BR","potentialAction":[{"@type":"ReadAction","target":["https:\/\/www.p31noticias.com.br\/?p=22843"]}]},{"@type":"ImageObject","inLanguage":"pt-BR","@id":"https:\/\/www.p31noticias.com.br\/?p=22843#primaryimage","url":"https:\/\/www.p31noticias.com.br\/wp-content\/uploads\/2021\/01\/images.jpg","contentUrl":"https:\/\/www.p31noticias.com.br\/wp-content\/uploads\/2021\/01\/images.jpg","width":318,"height":159},{"@type":"BreadcrumbList","@id":"https:\/\/www.p31noticias.com.br\/?p=22843#breadcrumb","itemListElement":[{"@type":"ListItem","position":1,"name":"In\u00edcio","item":"https:\/\/www.p31noticias.com.br\/"},{"@type":"ListItem","position":2,"name":"Com R$ 335 milh\u00f5es em empr\u00e9stimos, BNDES vai cobrar Ford sobre sa\u00edda do Brasil ."}]},{"@type":"WebSite","@id":"https:\/\/www.p31noticias.com.br\/#website","url":"https:\/\/www.p31noticias.com.br\/","name":"P31","description":"NOT\u00cdCIAS","potentialAction":[{"@type":"SearchAction","target":{"@type":"EntryPoint","urlTemplate":"https:\/\/www.p31noticias.com.br\/?s={search_term_string}"},"query-input":{"@type":"PropertyValueSpecification","valueRequired":true,"valueName":"search_term_string"}}],"inLanguage":"pt-BR"},{"@type":"Person","@id":"https:\/\/www.p31noticias.com.br\/#\/schema\/person\/95f2ece30e3b4132065b915150cd0f94","name":"Gon\u00e7alves Junior","image":{"@type":"ImageObject","inLanguage":"pt-BR","@id":"https:\/\/secure.gravatar.com\/avatar\/6711f350116a89762687a48d66f723c799e5438a5b7578508d4294cd7a5d0800?s=96&d=mm&r=g","url":"https:\/\/secure.gravatar.com\/avatar\/6711f350116a89762687a48d66f723c799e5438a5b7578508d4294cd7a5d0800?s=96&d=mm&r=g","contentUrl":"https:\/\/secure.gravatar.com\/avatar\/6711f350116a89762687a48d66f723c799e5438a5b7578508d4294cd7a5d0800?s=96&d=mm&r=g","caption":"Gon\u00e7alves Junior"},"url":"https:\/\/www.p31noticias.com.br\/?author=2"}]}},"amp_enabled":true,"_links":{"self":[{"href":"https:\/\/www.p31noticias.com.br\/index.php?rest_route=\/wp\/v2\/posts\/22843","targetHints":{"allow":["GET"]}}],"collection":[{"href":"https:\/\/www.p31noticias.com.br\/index.php?rest_route=\/wp\/v2\/posts"}],"about":[{"href":"https:\/\/www.p31noticias.com.br\/index.php?rest_route=\/wp\/v2\/types\/post"}],"author":[{"embeddable":true,"href":"https:\/\/www.p31noticias.com.br\/index.php?rest_route=\/wp\/v2\/users\/2"}],"replies":[{"embeddable":true,"href":"https:\/\/www.p31noticias.com.br\/index.php?rest_route=%2Fwp%2Fv2%2Fcomments&post=22843"}],"version-history":[{"count":3,"href":"https:\/\/www.p31noticias.com.br\/index.php?rest_route=\/wp\/v2\/posts\/22843\/revisions"}],"predecessor-version":[{"id":22847,"href":"https:\/\/www.p31noticias.com.br\/index.php?rest_route=\/wp\/v2\/posts\/22843\/revisions\/22847"}],"wp:featuredmedia":[{"embeddable":true,"href":"https:\/\/www.p31noticias.com.br\/index.php?rest_route=\/wp\/v2\/media\/22844"}],"wp:attachment":[{"href":"https:\/\/www.p31noticias.com.br\/index.php?rest_route=%2Fwp%2Fv2%2Fmedia&parent=22843"}],"wp:term":[{"taxonomy":"category","embeddable":true,"href":"https:\/\/www.p31noticias.com.br\/index.php?rest_route=%2Fwp%2Fv2%2Fcategories&post=22843"},{"taxonomy":"post_tag","embeddable":true,"href":"https:\/\/www.p31noticias.com.br\/index.php?rest_route=%2Fwp%2Fv2%2Ftags&post=22843"}],"curies":[{"name":"wp","href":"https:\/\/api.w.org\/{rel}","templated":true}]}}