{"id":22809,"date":"2020-12-28T00:09:05","date_gmt":"2020-12-28T00:09:05","guid":{"rendered":"https:\/\/p31noticias.com.br\/?p=22809"},"modified":"2020-12-28T00:09:05","modified_gmt":"2020-12-28T00:09:05","slug":"bolsonaro-diz-ter-pressa-por-vacina-e-diz-que-ela-nao-sera-obrigatoria","status":"publish","type":"post","link":"https:\/\/www.p31noticias.com.br\/?p=22809","title":{"rendered":"Bolsonaro diz ter pressa por vacina e diz que ela n\u00e3o ser\u00e1 obrigat\u00f3ria"},"content":{"rendered":"<p style=\"text-align: justify;\">Neste domingo (27), o presidente\u00a0<a href=\"https:\/\/www.cnnbrasil.com.br\/tudo-sobre\/jair-bolsonaro\">Jair Bolsonaro<\/a>\u00a0(sem partido) disse ter &#8220;pressa pela vacina&#8221; contra a\u00a0<a href=\"https:\/\/www.cnnbrasil.com.br\/tudo-sobre\/vacina-covid-19\">Covid-19<\/a>. Em sua conta no Facebook, ele afirmou que &#8220;t\u00e3o logo um laborat\u00f3rio apresente seu pedido de uso emergencial, ou registro junto \u00e0 Anvisa, e esta proceda a sua an\u00e1lise completa e o acolha, a vacina ser\u00e1 ofertada a todos e de forma gratuita e n\u00e3o obrigat\u00f3ria&#8221;.\u00a0O Brasil n\u00e3o tem previs\u00e3o para in\u00edcio da vacina\u00e7\u00e3o contra a Covid-19, enquanto\u00a0<a href=\"https:\/\/www.cnnbrasil.com.br\/saude\/2020\/12\/24\/quais-os-paises-que-ja-comecaram-a-vacinacao-contra-a-covid-19\">mais de 30 pa\u00edses j\u00e1 iniciaram a imuniza\u00e7\u00e3o<\/a>.Bolsonaro disse que dos quatro laborat\u00f3rios que desenvolvem estudos cl\u00ednicos atualmente no Brasil \u2014 AstraZeneca, Janssen, Pfizer e Sinovac \u2014 nenhum protocolou pedido de aprova\u00e7\u00e3o de registro nem para uso emergencial junto \u00e0 Anvisa at\u00e9 agora.<\/p>\n<p style=\"text-align: justify;\">O presidente tamb\u00e9m defendeu a qualidade dos trabalhos da ag\u00eancia nacional reguladora: &#8220;A Anvisa \u00e9 uma ag\u00eancia de Estado, n\u00e3o de governo. Sua atua\u00e7\u00e3o \u00e9 independente e reconhecida no mundo todo, pela excel\u00eancia do trabalho dos seus servidores&#8221;, escreve Bolsonaro.<\/p>\n<p style=\"text-align: justify;\">Na publica\u00e7\u00e3o, o presidente tamb\u00e9m retoma a discuss\u00e3o em torno das rea\u00e7\u00f5es adversas dos imunizantes. &#8220;Temos pressa em obter uma vacina, segura, eficaz e com qualidade, fabricada por laborat\u00f3rios devidamente certificados. Mas a quest\u00e3o da responsabilidade por rea\u00e7\u00f5es adversas de suas vacinas \u00e9 um tema de grande impacto, e que precisa ser muito bem esclarecido.&#8221;<\/p>\n<p style=\"text-align: justify;\">Na declara\u00e7\u00e3o, o presidente disse ainda que, caso exercesse press\u00f5es pela vacina, seria acusado de interfer\u00eancia e irresponsabilidade.<\/p>\n<p style=\"text-align: justify;\">At\u00e9 este domingo, o Brasil acumula pelo menos\u00a07.448.560 de diagn\u00f3sticos de Covid-19 e 190.488 mortes causadas pelo novo coronav\u00edrus.\u00a0O pa\u00eds tem o terceiro maior total de ocorr\u00eancias em todo o mundo, atr\u00e1s somente dos Estados Unidos e da \u00cdndia.<\/p>\n<p style=\"text-align: justify;\"><a href=\"https:\/\/www.cnnbrasil.com.br\/saude\/2020\/12\/24\/quais-os-paises-que-ja-comecaram-a-vacinacao-contra-a-covid-19\" target=\"_blank\" rel=\"noopener noreferrer\">Mais de 30 pa\u00edses ao redor do mundo j\u00e1 est\u00e3o vacinando suas popula\u00e7\u00f5es<\/a>\u00a0contra o novo coronav\u00edrus. A lista inclui na\u00e7\u00f5es como Costa Rica, Chile e M\u00e9xico. O Brasil n\u00e3o \u00e9 um deles.<\/p>\n<p>Fonte : CNN BRASIL<\/p>\n","protected":false},"excerpt":{"rendered":"<p>Neste domingo (27), o presidente\u00a0Jair Bolsonaro\u00a0(sem partido) disse ter &#8220;pressa pela vacina&#8221; contra a\u00a0Covid-19. Em sua conta no Facebook, ele afirmou que &#8220;t\u00e3o logo um laborat\u00f3rio apresente seu pedido de uso emergencial, ou registro junto \u00e0 Anvisa, e esta proceda a sua an\u00e1lise completa e o acolha, a vacina ser\u00e1 ofertada a todos e de [&hellip;]<\/p>\n","protected":false},"author":2,"featured_media":22271,"comment_status":"open","ping_status":"open","sticky":false,"template":"","format":"standard","meta":{"footnotes":""},"categories":[1],"tags":[],"class_list":{"0":"post-22809","1":"post","2":"type-post","3":"status-publish","4":"format-standard","5":"has-post-thumbnail","7":"category-outros"},"yoast_head":"<!-- This site is optimized with the Yoast SEO Premium plugin v24.5 (Yoast SEO v27.5) - https:\/\/yoast.com\/product\/yoast-seo-premium-wordpress\/ -->\n<title>Bolsonaro diz ter pressa por vacina e diz que ela n\u00e3o ser\u00e1 obrigat\u00f3ria - P31<\/title>\n<meta name=\"robots\" content=\"index, follow, max-snippet:-1, max-image-preview:large, max-video-preview:-1\" \/>\n<link rel=\"canonical\" href=\"https:\/\/www.p31noticias.com.br\/?p=22809\" \/>\n<meta property=\"og:locale\" content=\"pt_BR\" \/>\n<meta property=\"og:type\" content=\"article\" \/>\n<meta property=\"og:title\" content=\"Bolsonaro diz ter pressa por vacina e diz que ela n\u00e3o ser\u00e1 obrigat\u00f3ria\" \/>\n<meta property=\"og:description\" content=\"Neste domingo (27), o presidente\u00a0Jair Bolsonaro\u00a0(sem partido) disse ter &#8220;pressa pela vacina&#8221; contra a\u00a0Covid-19. Em sua conta no Facebook, ele afirmou que &#8220;t\u00e3o logo um laborat\u00f3rio apresente seu pedido de uso emergencial, ou registro junto \u00e0 Anvisa, e esta proceda a sua an\u00e1lise completa e o acolha, a vacina ser\u00e1 ofertada a todos e de [&hellip;]\" \/>\n<meta property=\"og:url\" content=\"https:\/\/www.p31noticias.com.br\/?p=22809\" \/>\n<meta property=\"og:site_name\" content=\"P31\" \/>\n<meta property=\"article:published_time\" content=\"2020-12-28T00:09:05+00:00\" \/>\n<meta property=\"og:image\" content=\"https:\/\/www.p31noticias.com.br\/wp-content\/uploads\/2020\/06\/Bolsonaro-inmetro.jpg\" \/>\n\t<meta property=\"og:image:width\" content=\"650\" \/>\n\t<meta property=\"og:image:height\" content=\"336\" \/>\n\t<meta property=\"og:image:type\" content=\"image\/jpeg\" \/>\n<meta name=\"author\" content=\"Gon\u00e7alves Junior\" \/>\n<meta name=\"twitter:card\" content=\"summary_large_image\" \/>\n<meta name=\"twitter:label1\" content=\"Escrito por\" \/>\n\t<meta name=\"twitter:data1\" content=\"Gon\u00e7alves Junior\" \/>\n\t<meta name=\"twitter:label2\" content=\"Est. tempo de leitura\" \/>\n\t<meta name=\"twitter:data2\" content=\"2 minutos\" \/>\n<script type=\"application\/ld+json\" class=\"yoast-schema-graph\">{\"@context\":\"https:\\\/\\\/schema.org\",\"@graph\":[{\"@type\":\"Article\",\"@id\":\"https:\\\/\\\/www.p31noticias.com.br\\\/?p=22809#article\",\"isPartOf\":{\"@id\":\"https:\\\/\\\/www.p31noticias.com.br\\\/?p=22809\"},\"author\":{\"name\":\"Gon\u00e7alves Junior\",\"@id\":\"https:\\\/\\\/www.p31noticias.com.br\\\/#\\\/schema\\\/person\\\/95f2ece30e3b4132065b915150cd0f94\"},\"headline\":\"Bolsonaro diz ter pressa por vacina e diz que ela n\u00e3o ser\u00e1 obrigat\u00f3ria\",\"datePublished\":\"2020-12-28T00:09:05+00:00\",\"mainEntityOfPage\":{\"@id\":\"https:\\\/\\\/www.p31noticias.com.br\\\/?p=22809\"},\"wordCount\":354,\"commentCount\":0,\"image\":{\"@id\":\"https:\\\/\\\/www.p31noticias.com.br\\\/?p=22809#primaryimage\"},\"thumbnailUrl\":\"https:\\\/\\\/www.p31noticias.com.br\\\/wp-content\\\/uploads\\\/2020\\\/06\\\/Bolsonaro-inmetro.jpg\",\"articleSection\":[\"Outros\"],\"inLanguage\":\"pt-BR\",\"potentialAction\":[{\"@type\":\"CommentAction\",\"name\":\"Comment\",\"target\":[\"https:\\\/\\\/www.p31noticias.com.br\\\/?p=22809#respond\"]}],\"copyrightYear\":\"2020\",\"copyrightHolder\":{\"@id\":\"https:\\\/\\\/www.p31noticias.com.br\\\/#organization\"}},{\"@type\":\"WebPage\",\"@id\":\"https:\\\/\\\/www.p31noticias.com.br\\\/?p=22809\",\"url\":\"https:\\\/\\\/www.p31noticias.com.br\\\/?p=22809\",\"name\":\"Bolsonaro diz ter pressa por vacina e diz que ela n\u00e3o ser\u00e1 obrigat\u00f3ria - P31\",\"isPartOf\":{\"@id\":\"https:\\\/\\\/www.p31noticias.com.br\\\/#website\"},\"primaryImageOfPage\":{\"@id\":\"https:\\\/\\\/www.p31noticias.com.br\\\/?p=22809#primaryimage\"},\"image\":{\"@id\":\"https:\\\/\\\/www.p31noticias.com.br\\\/?p=22809#primaryimage\"},\"thumbnailUrl\":\"https:\\\/\\\/www.p31noticias.com.br\\\/wp-content\\\/uploads\\\/2020\\\/06\\\/Bolsonaro-inmetro.jpg\",\"datePublished\":\"2020-12-28T00:09:05+00:00\",\"author\":{\"@id\":\"https:\\\/\\\/www.p31noticias.com.br\\\/#\\\/schema\\\/person\\\/95f2ece30e3b4132065b915150cd0f94\"},\"breadcrumb\":{\"@id\":\"https:\\\/\\\/www.p31noticias.com.br\\\/?p=22809#breadcrumb\"},\"inLanguage\":\"pt-BR\",\"potentialAction\":[{\"@type\":\"ReadAction\",\"target\":[\"https:\\\/\\\/www.p31noticias.com.br\\\/?p=22809\"]}]},{\"@type\":\"ImageObject\",\"inLanguage\":\"pt-BR\",\"@id\":\"https:\\\/\\\/www.p31noticias.com.br\\\/?p=22809#primaryimage\",\"url\":\"https:\\\/\\\/www.p31noticias.com.br\\\/wp-content\\\/uploads\\\/2020\\\/06\\\/Bolsonaro-inmetro.jpg\",\"contentUrl\":\"https:\\\/\\\/www.p31noticias.com.br\\\/wp-content\\\/uploads\\\/2020\\\/06\\\/Bolsonaro-inmetro.jpg\",\"width\":650,\"height\":336,\"caption\":\"O presidente da Rep\u00fablica,Jair Bolsonaro, participa do lan\u00e7amento da nova linha de cr\u00e9dito imobili\u00e1rio com taxa fixa da Caixa Econ\u00f4mica Federal\"},{\"@type\":\"BreadcrumbList\",\"@id\":\"https:\\\/\\\/www.p31noticias.com.br\\\/?p=22809#breadcrumb\",\"itemListElement\":[{\"@type\":\"ListItem\",\"position\":1,\"name\":\"In\u00edcio\",\"item\":\"https:\\\/\\\/www.p31noticias.com.br\\\/\"},{\"@type\":\"ListItem\",\"position\":2,\"name\":\"Bolsonaro diz ter pressa por vacina e diz que ela n\u00e3o ser\u00e1 obrigat\u00f3ria\"}]},{\"@type\":\"WebSite\",\"@id\":\"https:\\\/\\\/www.p31noticias.com.br\\\/#website\",\"url\":\"https:\\\/\\\/www.p31noticias.com.br\\\/\",\"name\":\"P31\",\"description\":\"NOT\u00cdCIAS\",\"potentialAction\":[{\"@type\":\"SearchAction\",\"target\":{\"@type\":\"EntryPoint\",\"urlTemplate\":\"https:\\\/\\\/www.p31noticias.com.br\\\/?s={search_term_string}\"},\"query-input\":{\"@type\":\"PropertyValueSpecification\",\"valueRequired\":true,\"valueName\":\"search_term_string\"}}],\"inLanguage\":\"pt-BR\"},{\"@type\":\"Person\",\"@id\":\"https:\\\/\\\/www.p31noticias.com.br\\\/#\\\/schema\\\/person\\\/95f2ece30e3b4132065b915150cd0f94\",\"name\":\"Gon\u00e7alves Junior\",\"image\":{\"@type\":\"ImageObject\",\"inLanguage\":\"pt-BR\",\"@id\":\"https:\\\/\\\/secure.gravatar.com\\\/avatar\\\/6711f350116a89762687a48d66f723c799e5438a5b7578508d4294cd7a5d0800?s=96&d=mm&r=g\",\"url\":\"https:\\\/\\\/secure.gravatar.com\\\/avatar\\\/6711f350116a89762687a48d66f723c799e5438a5b7578508d4294cd7a5d0800?s=96&d=mm&r=g\",\"contentUrl\":\"https:\\\/\\\/secure.gravatar.com\\\/avatar\\\/6711f350116a89762687a48d66f723c799e5438a5b7578508d4294cd7a5d0800?s=96&d=mm&r=g\",\"caption\":\"Gon\u00e7alves Junior\"},\"url\":\"https:\\\/\\\/www.p31noticias.com.br\\\/?author=2\"}]}<\/script>\n<!-- \/ Yoast SEO Premium plugin. -->","yoast_head_json":{"title":"Bolsonaro diz ter pressa por vacina e diz que ela n\u00e3o ser\u00e1 obrigat\u00f3ria - P31","robots":{"index":"index","follow":"follow","max-snippet":"max-snippet:-1","max-image-preview":"max-image-preview:large","max-video-preview":"max-video-preview:-1"},"canonical":"https:\/\/www.p31noticias.com.br\/?p=22809","og_locale":"pt_BR","og_type":"article","og_title":"Bolsonaro diz ter pressa por vacina e diz que ela n\u00e3o ser\u00e1 obrigat\u00f3ria","og_description":"Neste domingo (27), o presidente\u00a0Jair Bolsonaro\u00a0(sem partido) disse ter &#8220;pressa pela vacina&#8221; contra a\u00a0Covid-19. Em sua conta no Facebook, ele afirmou que &#8220;t\u00e3o logo um laborat\u00f3rio apresente seu pedido de uso emergencial, ou registro junto \u00e0 Anvisa, e esta proceda a sua an\u00e1lise completa e o acolha, a vacina ser\u00e1 ofertada a todos e de [&hellip;]","og_url":"https:\/\/www.p31noticias.com.br\/?p=22809","og_site_name":"P31","article_published_time":"2020-12-28T00:09:05+00:00","og_image":[{"width":650,"height":336,"url":"https:\/\/www.p31noticias.com.br\/wp-content\/uploads\/2020\/06\/Bolsonaro-inmetro.jpg","type":"image\/jpeg"}],"author":"Gon\u00e7alves Junior","twitter_card":"summary_large_image","twitter_misc":{"Escrito por":"Gon\u00e7alves Junior","Est. tempo de leitura":"2 minutos"},"schema":{"@context":"https:\/\/schema.org","@graph":[{"@type":"Article","@id":"https:\/\/www.p31noticias.com.br\/?p=22809#article","isPartOf":{"@id":"https:\/\/www.p31noticias.com.br\/?p=22809"},"author":{"name":"Gon\u00e7alves Junior","@id":"https:\/\/www.p31noticias.com.br\/#\/schema\/person\/95f2ece30e3b4132065b915150cd0f94"},"headline":"Bolsonaro diz ter pressa por vacina e diz que ela n\u00e3o ser\u00e1 obrigat\u00f3ria","datePublished":"2020-12-28T00:09:05+00:00","mainEntityOfPage":{"@id":"https:\/\/www.p31noticias.com.br\/?p=22809"},"wordCount":354,"commentCount":0,"image":{"@id":"https:\/\/www.p31noticias.com.br\/?p=22809#primaryimage"},"thumbnailUrl":"https:\/\/www.p31noticias.com.br\/wp-content\/uploads\/2020\/06\/Bolsonaro-inmetro.jpg","articleSection":["Outros"],"inLanguage":"pt-BR","potentialAction":[{"@type":"CommentAction","name":"Comment","target":["https:\/\/www.p31noticias.com.br\/?p=22809#respond"]}],"copyrightYear":"2020","copyrightHolder":{"@id":"https:\/\/www.p31noticias.com.br\/#organization"}},{"@type":"WebPage","@id":"https:\/\/www.p31noticias.com.br\/?p=22809","url":"https:\/\/www.p31noticias.com.br\/?p=22809","name":"Bolsonaro diz ter pressa por vacina e diz que ela n\u00e3o ser\u00e1 obrigat\u00f3ria - P31","isPartOf":{"@id":"https:\/\/www.p31noticias.com.br\/#website"},"primaryImageOfPage":{"@id":"https:\/\/www.p31noticias.com.br\/?p=22809#primaryimage"},"image":{"@id":"https:\/\/www.p31noticias.com.br\/?p=22809#primaryimage"},"thumbnailUrl":"https:\/\/www.p31noticias.com.br\/wp-content\/uploads\/2020\/06\/Bolsonaro-inmetro.jpg","datePublished":"2020-12-28T00:09:05+00:00","author":{"@id":"https:\/\/www.p31noticias.com.br\/#\/schema\/person\/95f2ece30e3b4132065b915150cd0f94"},"breadcrumb":{"@id":"https:\/\/www.p31noticias.com.br\/?p=22809#breadcrumb"},"inLanguage":"pt-BR","potentialAction":[{"@type":"ReadAction","target":["https:\/\/www.p31noticias.com.br\/?p=22809"]}]},{"@type":"ImageObject","inLanguage":"pt-BR","@id":"https:\/\/www.p31noticias.com.br\/?p=22809#primaryimage","url":"https:\/\/www.p31noticias.com.br\/wp-content\/uploads\/2020\/06\/Bolsonaro-inmetro.jpg","contentUrl":"https:\/\/www.p31noticias.com.br\/wp-content\/uploads\/2020\/06\/Bolsonaro-inmetro.jpg","width":650,"height":336,"caption":"O presidente da Rep\u00fablica,Jair Bolsonaro, participa do lan\u00e7amento da nova linha de cr\u00e9dito imobili\u00e1rio com taxa fixa da Caixa Econ\u00f4mica Federal"},{"@type":"BreadcrumbList","@id":"https:\/\/www.p31noticias.com.br\/?p=22809#breadcrumb","itemListElement":[{"@type":"ListItem","position":1,"name":"In\u00edcio","item":"https:\/\/www.p31noticias.com.br\/"},{"@type":"ListItem","position":2,"name":"Bolsonaro diz ter pressa por vacina e diz que ela n\u00e3o ser\u00e1 obrigat\u00f3ria"}]},{"@type":"WebSite","@id":"https:\/\/www.p31noticias.com.br\/#website","url":"https:\/\/www.p31noticias.com.br\/","name":"P31","description":"NOT\u00cdCIAS","potentialAction":[{"@type":"SearchAction","target":{"@type":"EntryPoint","urlTemplate":"https:\/\/www.p31noticias.com.br\/?s={search_term_string}"},"query-input":{"@type":"PropertyValueSpecification","valueRequired":true,"valueName":"search_term_string"}}],"inLanguage":"pt-BR"},{"@type":"Person","@id":"https:\/\/www.p31noticias.com.br\/#\/schema\/person\/95f2ece30e3b4132065b915150cd0f94","name":"Gon\u00e7alves Junior","image":{"@type":"ImageObject","inLanguage":"pt-BR","@id":"https:\/\/secure.gravatar.com\/avatar\/6711f350116a89762687a48d66f723c799e5438a5b7578508d4294cd7a5d0800?s=96&d=mm&r=g","url":"https:\/\/secure.gravatar.com\/avatar\/6711f350116a89762687a48d66f723c799e5438a5b7578508d4294cd7a5d0800?s=96&d=mm&r=g","contentUrl":"https:\/\/secure.gravatar.com\/avatar\/6711f350116a89762687a48d66f723c799e5438a5b7578508d4294cd7a5d0800?s=96&d=mm&r=g","caption":"Gon\u00e7alves Junior"},"url":"https:\/\/www.p31noticias.com.br\/?author=2"}]}},"amp_enabled":true,"_links":{"self":[{"href":"https:\/\/www.p31noticias.com.br\/index.php?rest_route=\/wp\/v2\/posts\/22809","targetHints":{"allow":["GET"]}}],"collection":[{"href":"https:\/\/www.p31noticias.com.br\/index.php?rest_route=\/wp\/v2\/posts"}],"about":[{"href":"https:\/\/www.p31noticias.com.br\/index.php?rest_route=\/wp\/v2\/types\/post"}],"author":[{"embeddable":true,"href":"https:\/\/www.p31noticias.com.br\/index.php?rest_route=\/wp\/v2\/users\/2"}],"replies":[{"embeddable":true,"href":"https:\/\/www.p31noticias.com.br\/index.php?rest_route=%2Fwp%2Fv2%2Fcomments&post=22809"}],"version-history":[{"count":2,"href":"https:\/\/www.p31noticias.com.br\/index.php?rest_route=\/wp\/v2\/posts\/22809\/revisions"}],"predecessor-version":[{"id":22811,"href":"https:\/\/www.p31noticias.com.br\/index.php?rest_route=\/wp\/v2\/posts\/22809\/revisions\/22811"}],"wp:featuredmedia":[{"embeddable":true,"href":"https:\/\/www.p31noticias.com.br\/index.php?rest_route=\/wp\/v2\/media\/22271"}],"wp:attachment":[{"href":"https:\/\/www.p31noticias.com.br\/index.php?rest_route=%2Fwp%2Fv2%2Fmedia&parent=22809"}],"wp:term":[{"taxonomy":"category","embeddable":true,"href":"https:\/\/www.p31noticias.com.br\/index.php?rest_route=%2Fwp%2Fv2%2Fcategories&post=22809"},{"taxonomy":"post_tag","embeddable":true,"href":"https:\/\/www.p31noticias.com.br\/index.php?rest_route=%2Fwp%2Fv2%2Ftags&post=22809"}],"curies":[{"name":"wp","href":"https:\/\/api.w.org\/{rel}","templated":true}]}}