{"id":22793,"date":"2020-12-14T21:12:47","date_gmt":"2020-12-14T21:12:47","guid":{"rendered":"https:\/\/p31noticias.com.br\/?p=22793"},"modified":"2020-12-14T21:12:47","modified_gmt":"2020-12-14T21:12:47","slug":"injuria-racial-e-racismo-entenda-a-diferenca","status":"publish","type":"post","link":"https:\/\/www.p31noticias.com.br\/?p=22793","title":{"rendered":"&#8220;Inj\u00faria Racial e Racismo&#8221; &#8211;  Entenda a Diferen\u00e7a."},"content":{"rendered":"<div dir=\"auto\"><\/div>\n<div dir=\"auto\">\n<p style=\"text-align: justify;\"><em><strong>DEBORAH DE MELO GON\u00c7ALVES<\/strong><\/em><\/p>\n<p style=\"text-align: justify;\"><em><strong>Advogada Especialista em Direito do Trabalho .\u00a0<\/strong><\/em><em><strong>Colaboradora da Defensoria P\u00fablica do Distrito Federal nas \u00e1reas de Viol\u00eancia Dom\u00e9stica e Direito de Familia<\/strong><\/em>.<\/p>\n<\/div>\n<div dir=\"auto\"><\/div>\n<div dir=\"auto\" style=\"text-align: justify;\">Nos \u00faltimos tempos, temos visto v\u00e1rios epis\u00f3dios de pessoas sendo v\u00edtimas de atos de preconceito em raz\u00e3o da ra\u00e7a ou da cor da pele. No entanto, \u00e9 importante entendermos quando se trata de inj\u00faria racial ou racismo, a fim que de que as condutas sejam devidamente enquadradas e seus agentes devidamente punidos.<\/div>\n<div dir=\"auto\" style=\"text-align: justify;\">A inj\u00faria racial est\u00e1 definida no artigo 140, \u00a7 3\u00ba do C\u00f3digo Penal, e afirma ser toda conduta que ofenda a dignidade de algu\u00e9m com a utiliza\u00e7\u00e3o de elementos que se refiram \u00e0 ra\u00e7a, cor, etnia, religi\u00e3o, origem ou condi\u00e7\u00e3o de pessoa idosa ou portadora de defici\u00eancia. A pena aplicada ser\u00e1 de reclus\u00e3o de um a tr\u00eas anos e multa.<\/div>\n<div dir=\"auto\" style=\"text-align: justify;\">Normalmente, o crime de inj\u00faria se concretiza por meio de palavras depreciativas que tenham o fim de atingir a honra da v\u00edtima, referindo-se \u00e0 ra\u00e7a ou cor. Um exemplo recente foi o ocorrido no jogo do PSG, o qual foi suspenso, gerando uma nova perspectiva no futebol quanto ao que ser\u00e1 feito daqui pra frente, em casos como esse.<\/div>\n<div dir=\"auto\" style=\"text-align: justify;\">No que diz respeito ao crime de racismo, previsto na Lei n\u00ba 7.716 de 1989, se d\u00e1 por meio de conduta discriminat\u00f3ria dirigida a determinado grupo ou coletividade. Normalmente, se d\u00e1 em situa\u00e7\u00f5es mais amplas. Um exemplo de tal conduta seria a intoler\u00e2ncia religiosa, dirigida em face da pr\u00e1tica de religi\u00f5es de origem africana.<\/div>\n<div dir=\"auto\" style=\"text-align: justify;\">A lei supramencionada cita diversas situa\u00e7\u00f5es como crime de racismo, por exemplo, recusar ou impedir o acesso a estabelecimentos comerciais, impedir o acesso em entradas sociais em edif\u00edcios p\u00fablicos e residenciais e elevadores ou escadas, negar o emprego em empresa privada, entre outros.<\/div>\n<div dir=\"auto\" style=\"text-align: justify;\">Falando de uma forma mais simples, a inj\u00faria racial \u00e9 dirigida a um indiv\u00edduo, e o crime de racismo \u00e9 direcionado a uma coletividade. No entanto, ambos carregam como motiva\u00e7\u00e3o a ra\u00e7a, cor, etnia e, de forma geral, as origens e pr\u00e1ticas de uma pessoa ou coletividade.<\/div>\n<div dir=\"auto\" style=\"text-align: justify;\">Independente de ser configurada a inj\u00faria racial ou o crime de racismo, o importante \u00e9 sabermos e entendermos que condutas pautadas no preconceito de qualquer raz\u00e3o n\u00e3o podem fazer parte da nossa cultura. O combate \u00e9 necess\u00e1rio e n\u00e3o basta n\u00e3o ser racista, precisamos ser anti racistas.<\/div>\n<div dir=\"auto\"><\/div>\n<div dir=\"auto\"><em><strong>Justi\u00e7a e Direito<\/strong><\/em><\/div>\n","protected":false},"excerpt":{"rendered":"<p>DEBORAH DE MELO GON\u00c7ALVES Advogada Especialista em Direito do Trabalho .\u00a0Colaboradora da Defensoria P\u00fablica do Distrito Federal nas \u00e1reas de Viol\u00eancia Dom\u00e9stica e Direito de Familia. Nos \u00faltimos tempos, temos visto v\u00e1rios epis\u00f3dios de pessoas sendo v\u00edtimas de atos de preconceito em raz\u00e3o da ra\u00e7a ou da cor da pele. No entanto, \u00e9 importante entendermos [&hellip;]<\/p>\n","protected":false},"author":2,"featured_media":22722,"comment_status":"open","ping_status":"open","sticky":false,"template":"","format":"standard","meta":{"footnotes":""},"categories":[1],"tags":[],"class_list":{"0":"post-22793","1":"post","2":"type-post","3":"status-publish","4":"format-standard","5":"has-post-thumbnail","7":"category-outros"},"yoast_head":"<!-- This site is optimized with the Yoast SEO Premium plugin v24.5 (Yoast SEO v27.5) - https:\/\/yoast.com\/product\/yoast-seo-premium-wordpress\/ -->\n<title>&quot;Inj\u00faria Racial e Racismo&quot; - Entenda a Diferen\u00e7a. - P31<\/title>\n<meta name=\"robots\" content=\"index, follow, max-snippet:-1, max-image-preview:large, max-video-preview:-1\" \/>\n<link rel=\"canonical\" href=\"https:\/\/www.p31noticias.com.br\/?p=22793\" \/>\n<meta property=\"og:locale\" content=\"pt_BR\" \/>\n<meta property=\"og:type\" content=\"article\" \/>\n<meta property=\"og:title\" content=\"&quot;Inj\u00faria Racial e Racismo&quot; - Entenda a Diferen\u00e7a.\" \/>\n<meta property=\"og:description\" content=\"DEBORAH DE MELO GON\u00c7ALVES Advogada Especialista em Direito do Trabalho .\u00a0Colaboradora da Defensoria P\u00fablica do Distrito Federal nas \u00e1reas de Viol\u00eancia Dom\u00e9stica e Direito de Familia. Nos \u00faltimos tempos, temos visto v\u00e1rios epis\u00f3dios de pessoas sendo v\u00edtimas de atos de preconceito em raz\u00e3o da ra\u00e7a ou da cor da pele. No entanto, \u00e9 importante entendermos [&hellip;]\" \/>\n<meta property=\"og:url\" content=\"https:\/\/www.p31noticias.com.br\/?p=22793\" \/>\n<meta property=\"og:site_name\" content=\"P31\" \/>\n<meta property=\"article:published_time\" content=\"2020-12-14T21:12:47+00:00\" \/>\n<meta property=\"og:image\" content=\"https:\/\/www.p31noticias.com.br\/wp-content\/uploads\/2020\/11\/unnamed-2.jpg\" \/>\n\t<meta property=\"og:image:width\" content=\"635\" \/>\n\t<meta property=\"og:image:height\" content=\"635\" \/>\n\t<meta property=\"og:image:type\" content=\"image\/jpeg\" \/>\n<meta name=\"author\" content=\"Gon\u00e7alves Junior\" \/>\n<meta name=\"twitter:card\" content=\"summary_large_image\" \/>\n<meta name=\"twitter:label1\" content=\"Escrito por\" \/>\n\t<meta name=\"twitter:data1\" content=\"Gon\u00e7alves Junior\" \/>\n\t<meta name=\"twitter:label2\" content=\"Est. tempo de leitura\" \/>\n\t<meta name=\"twitter:data2\" content=\"2 minutos\" \/>\n<script type=\"application\/ld+json\" class=\"yoast-schema-graph\">{\"@context\":\"https:\\\/\\\/schema.org\",\"@graph\":[{\"@type\":\"Article\",\"@id\":\"https:\\\/\\\/www.p31noticias.com.br\\\/?p=22793#article\",\"isPartOf\":{\"@id\":\"https:\\\/\\\/www.p31noticias.com.br\\\/?p=22793\"},\"author\":{\"name\":\"Gon\u00e7alves Junior\",\"@id\":\"https:\\\/\\\/www.p31noticias.com.br\\\/#\\\/schema\\\/person\\\/95f2ece30e3b4132065b915150cd0f94\"},\"headline\":\"&#8220;Inj\u00faria Racial e Racismo&#8221; &#8211; Entenda a Diferen\u00e7a.\",\"datePublished\":\"2020-12-14T21:12:47+00:00\",\"mainEntityOfPage\":{\"@id\":\"https:\\\/\\\/www.p31noticias.com.br\\\/?p=22793\"},\"wordCount\":432,\"commentCount\":0,\"image\":{\"@id\":\"https:\\\/\\\/www.p31noticias.com.br\\\/?p=22793#primaryimage\"},\"thumbnailUrl\":\"https:\\\/\\\/www.p31noticias.com.br\\\/wp-content\\\/uploads\\\/2020\\\/11\\\/unnamed-2.jpg\",\"articleSection\":[\"Outros\"],\"inLanguage\":\"pt-BR\",\"potentialAction\":[{\"@type\":\"CommentAction\",\"name\":\"Comment\",\"target\":[\"https:\\\/\\\/www.p31noticias.com.br\\\/?p=22793#respond\"]}],\"copyrightYear\":\"2020\",\"copyrightHolder\":{\"@id\":\"https:\\\/\\\/www.p31noticias.com.br\\\/#organization\"}},{\"@type\":\"WebPage\",\"@id\":\"https:\\\/\\\/www.p31noticias.com.br\\\/?p=22793\",\"url\":\"https:\\\/\\\/www.p31noticias.com.br\\\/?p=22793\",\"name\":\"\\\"Inj\u00faria Racial e Racismo\\\" - Entenda a Diferen\u00e7a. - P31\",\"isPartOf\":{\"@id\":\"https:\\\/\\\/www.p31noticias.com.br\\\/#website\"},\"primaryImageOfPage\":{\"@id\":\"https:\\\/\\\/www.p31noticias.com.br\\\/?p=22793#primaryimage\"},\"image\":{\"@id\":\"https:\\\/\\\/www.p31noticias.com.br\\\/?p=22793#primaryimage\"},\"thumbnailUrl\":\"https:\\\/\\\/www.p31noticias.com.br\\\/wp-content\\\/uploads\\\/2020\\\/11\\\/unnamed-2.jpg\",\"datePublished\":\"2020-12-14T21:12:47+00:00\",\"author\":{\"@id\":\"https:\\\/\\\/www.p31noticias.com.br\\\/#\\\/schema\\\/person\\\/95f2ece30e3b4132065b915150cd0f94\"},\"breadcrumb\":{\"@id\":\"https:\\\/\\\/www.p31noticias.com.br\\\/?p=22793#breadcrumb\"},\"inLanguage\":\"pt-BR\",\"potentialAction\":[{\"@type\":\"ReadAction\",\"target\":[\"https:\\\/\\\/www.p31noticias.com.br\\\/?p=22793\"]}]},{\"@type\":\"ImageObject\",\"inLanguage\":\"pt-BR\",\"@id\":\"https:\\\/\\\/www.p31noticias.com.br\\\/?p=22793#primaryimage\",\"url\":\"https:\\\/\\\/www.p31noticias.com.br\\\/wp-content\\\/uploads\\\/2020\\\/11\\\/unnamed-2.jpg\",\"contentUrl\":\"https:\\\/\\\/www.p31noticias.com.br\\\/wp-content\\\/uploads\\\/2020\\\/11\\\/unnamed-2.jpg\",\"width\":635,\"height\":635,\"caption\":\"DEBORAH DE MELO GON\u00c7ALVES Advogada especialista em Direito do Trabalho. Colaboradora da Defensoria P\u00fablica do Distrito Federal nas \u00c1reas de Viol\u00eancia Dom\u00e9stica e Direito da Familia\"},{\"@type\":\"BreadcrumbList\",\"@id\":\"https:\\\/\\\/www.p31noticias.com.br\\\/?p=22793#breadcrumb\",\"itemListElement\":[{\"@type\":\"ListItem\",\"position\":1,\"name\":\"In\u00edcio\",\"item\":\"https:\\\/\\\/www.p31noticias.com.br\\\/\"},{\"@type\":\"ListItem\",\"position\":2,\"name\":\"&#8220;Inj\u00faria Racial e Racismo&#8221; &#8211; Entenda a Diferen\u00e7a.\"}]},{\"@type\":\"WebSite\",\"@id\":\"https:\\\/\\\/www.p31noticias.com.br\\\/#website\",\"url\":\"https:\\\/\\\/www.p31noticias.com.br\\\/\",\"name\":\"P31\",\"description\":\"NOT\u00cdCIAS\",\"potentialAction\":[{\"@type\":\"SearchAction\",\"target\":{\"@type\":\"EntryPoint\",\"urlTemplate\":\"https:\\\/\\\/www.p31noticias.com.br\\\/?s={search_term_string}\"},\"query-input\":{\"@type\":\"PropertyValueSpecification\",\"valueRequired\":true,\"valueName\":\"search_term_string\"}}],\"inLanguage\":\"pt-BR\"},{\"@type\":\"Person\",\"@id\":\"https:\\\/\\\/www.p31noticias.com.br\\\/#\\\/schema\\\/person\\\/95f2ece30e3b4132065b915150cd0f94\",\"name\":\"Gon\u00e7alves Junior\",\"image\":{\"@type\":\"ImageObject\",\"inLanguage\":\"pt-BR\",\"@id\":\"https:\\\/\\\/secure.gravatar.com\\\/avatar\\\/6711f350116a89762687a48d66f723c799e5438a5b7578508d4294cd7a5d0800?s=96&d=mm&r=g\",\"url\":\"https:\\\/\\\/secure.gravatar.com\\\/avatar\\\/6711f350116a89762687a48d66f723c799e5438a5b7578508d4294cd7a5d0800?s=96&d=mm&r=g\",\"contentUrl\":\"https:\\\/\\\/secure.gravatar.com\\\/avatar\\\/6711f350116a89762687a48d66f723c799e5438a5b7578508d4294cd7a5d0800?s=96&d=mm&r=g\",\"caption\":\"Gon\u00e7alves Junior\"},\"url\":\"https:\\\/\\\/www.p31noticias.com.br\\\/?author=2\"}]}<\/script>\n<!-- \/ Yoast SEO Premium plugin. -->","yoast_head_json":{"title":"\"Inj\u00faria Racial e Racismo\" - Entenda a Diferen\u00e7a. - P31","robots":{"index":"index","follow":"follow","max-snippet":"max-snippet:-1","max-image-preview":"max-image-preview:large","max-video-preview":"max-video-preview:-1"},"canonical":"https:\/\/www.p31noticias.com.br\/?p=22793","og_locale":"pt_BR","og_type":"article","og_title":"\"Inj\u00faria Racial e Racismo\" - Entenda a Diferen\u00e7a.","og_description":"DEBORAH DE MELO GON\u00c7ALVES Advogada Especialista em Direito do Trabalho .\u00a0Colaboradora da Defensoria P\u00fablica do Distrito Federal nas \u00e1reas de Viol\u00eancia Dom\u00e9stica e Direito de Familia. Nos \u00faltimos tempos, temos visto v\u00e1rios epis\u00f3dios de pessoas sendo v\u00edtimas de atos de preconceito em raz\u00e3o da ra\u00e7a ou da cor da pele. No entanto, \u00e9 importante entendermos [&hellip;]","og_url":"https:\/\/www.p31noticias.com.br\/?p=22793","og_site_name":"P31","article_published_time":"2020-12-14T21:12:47+00:00","og_image":[{"width":635,"height":635,"url":"https:\/\/www.p31noticias.com.br\/wp-content\/uploads\/2020\/11\/unnamed-2.jpg","type":"image\/jpeg"}],"author":"Gon\u00e7alves Junior","twitter_card":"summary_large_image","twitter_misc":{"Escrito por":"Gon\u00e7alves Junior","Est. tempo de leitura":"2 minutos"},"schema":{"@context":"https:\/\/schema.org","@graph":[{"@type":"Article","@id":"https:\/\/www.p31noticias.com.br\/?p=22793#article","isPartOf":{"@id":"https:\/\/www.p31noticias.com.br\/?p=22793"},"author":{"name":"Gon\u00e7alves Junior","@id":"https:\/\/www.p31noticias.com.br\/#\/schema\/person\/95f2ece30e3b4132065b915150cd0f94"},"headline":"&#8220;Inj\u00faria Racial e Racismo&#8221; &#8211; Entenda a Diferen\u00e7a.","datePublished":"2020-12-14T21:12:47+00:00","mainEntityOfPage":{"@id":"https:\/\/www.p31noticias.com.br\/?p=22793"},"wordCount":432,"commentCount":0,"image":{"@id":"https:\/\/www.p31noticias.com.br\/?p=22793#primaryimage"},"thumbnailUrl":"https:\/\/www.p31noticias.com.br\/wp-content\/uploads\/2020\/11\/unnamed-2.jpg","articleSection":["Outros"],"inLanguage":"pt-BR","potentialAction":[{"@type":"CommentAction","name":"Comment","target":["https:\/\/www.p31noticias.com.br\/?p=22793#respond"]}],"copyrightYear":"2020","copyrightHolder":{"@id":"https:\/\/www.p31noticias.com.br\/#organization"}},{"@type":"WebPage","@id":"https:\/\/www.p31noticias.com.br\/?p=22793","url":"https:\/\/www.p31noticias.com.br\/?p=22793","name":"\"Inj\u00faria Racial e Racismo\" - Entenda a Diferen\u00e7a. - P31","isPartOf":{"@id":"https:\/\/www.p31noticias.com.br\/#website"},"primaryImageOfPage":{"@id":"https:\/\/www.p31noticias.com.br\/?p=22793#primaryimage"},"image":{"@id":"https:\/\/www.p31noticias.com.br\/?p=22793#primaryimage"},"thumbnailUrl":"https:\/\/www.p31noticias.com.br\/wp-content\/uploads\/2020\/11\/unnamed-2.jpg","datePublished":"2020-12-14T21:12:47+00:00","author":{"@id":"https:\/\/www.p31noticias.com.br\/#\/schema\/person\/95f2ece30e3b4132065b915150cd0f94"},"breadcrumb":{"@id":"https:\/\/www.p31noticias.com.br\/?p=22793#breadcrumb"},"inLanguage":"pt-BR","potentialAction":[{"@type":"ReadAction","target":["https:\/\/www.p31noticias.com.br\/?p=22793"]}]},{"@type":"ImageObject","inLanguage":"pt-BR","@id":"https:\/\/www.p31noticias.com.br\/?p=22793#primaryimage","url":"https:\/\/www.p31noticias.com.br\/wp-content\/uploads\/2020\/11\/unnamed-2.jpg","contentUrl":"https:\/\/www.p31noticias.com.br\/wp-content\/uploads\/2020\/11\/unnamed-2.jpg","width":635,"height":635,"caption":"DEBORAH DE MELO GON\u00c7ALVES Advogada especialista em Direito do Trabalho. Colaboradora da Defensoria P\u00fablica do Distrito Federal nas \u00c1reas de Viol\u00eancia Dom\u00e9stica e Direito da Familia"},{"@type":"BreadcrumbList","@id":"https:\/\/www.p31noticias.com.br\/?p=22793#breadcrumb","itemListElement":[{"@type":"ListItem","position":1,"name":"In\u00edcio","item":"https:\/\/www.p31noticias.com.br\/"},{"@type":"ListItem","position":2,"name":"&#8220;Inj\u00faria Racial e Racismo&#8221; &#8211; Entenda a Diferen\u00e7a."}]},{"@type":"WebSite","@id":"https:\/\/www.p31noticias.com.br\/#website","url":"https:\/\/www.p31noticias.com.br\/","name":"P31","description":"NOT\u00cdCIAS","potentialAction":[{"@type":"SearchAction","target":{"@type":"EntryPoint","urlTemplate":"https:\/\/www.p31noticias.com.br\/?s={search_term_string}"},"query-input":{"@type":"PropertyValueSpecification","valueRequired":true,"valueName":"search_term_string"}}],"inLanguage":"pt-BR"},{"@type":"Person","@id":"https:\/\/www.p31noticias.com.br\/#\/schema\/person\/95f2ece30e3b4132065b915150cd0f94","name":"Gon\u00e7alves Junior","image":{"@type":"ImageObject","inLanguage":"pt-BR","@id":"https:\/\/secure.gravatar.com\/avatar\/6711f350116a89762687a48d66f723c799e5438a5b7578508d4294cd7a5d0800?s=96&d=mm&r=g","url":"https:\/\/secure.gravatar.com\/avatar\/6711f350116a89762687a48d66f723c799e5438a5b7578508d4294cd7a5d0800?s=96&d=mm&r=g","contentUrl":"https:\/\/secure.gravatar.com\/avatar\/6711f350116a89762687a48d66f723c799e5438a5b7578508d4294cd7a5d0800?s=96&d=mm&r=g","caption":"Gon\u00e7alves Junior"},"url":"https:\/\/www.p31noticias.com.br\/?author=2"}]}},"amp_enabled":true,"_links":{"self":[{"href":"https:\/\/www.p31noticias.com.br\/index.php?rest_route=\/wp\/v2\/posts\/22793","targetHints":{"allow":["GET"]}}],"collection":[{"href":"https:\/\/www.p31noticias.com.br\/index.php?rest_route=\/wp\/v2\/posts"}],"about":[{"href":"https:\/\/www.p31noticias.com.br\/index.php?rest_route=\/wp\/v2\/types\/post"}],"author":[{"embeddable":true,"href":"https:\/\/www.p31noticias.com.br\/index.php?rest_route=\/wp\/v2\/users\/2"}],"replies":[{"embeddable":true,"href":"https:\/\/www.p31noticias.com.br\/index.php?rest_route=%2Fwp%2Fv2%2Fcomments&post=22793"}],"version-history":[{"count":4,"href":"https:\/\/www.p31noticias.com.br\/index.php?rest_route=\/wp\/v2\/posts\/22793\/revisions"}],"predecessor-version":[{"id":22797,"href":"https:\/\/www.p31noticias.com.br\/index.php?rest_route=\/wp\/v2\/posts\/22793\/revisions\/22797"}],"wp:featuredmedia":[{"embeddable":true,"href":"https:\/\/www.p31noticias.com.br\/index.php?rest_route=\/wp\/v2\/media\/22722"}],"wp:attachment":[{"href":"https:\/\/www.p31noticias.com.br\/index.php?rest_route=%2Fwp%2Fv2%2Fmedia&parent=22793"}],"wp:term":[{"taxonomy":"category","embeddable":true,"href":"https:\/\/www.p31noticias.com.br\/index.php?rest_route=%2Fwp%2Fv2%2Fcategories&post=22793"},{"taxonomy":"post_tag","embeddable":true,"href":"https:\/\/www.p31noticias.com.br\/index.php?rest_route=%2Fwp%2Fv2%2Ftags&post=22793"}],"curies":[{"name":"wp","href":"https:\/\/api.w.org\/{rel}","templated":true}]}}