{"id":22787,"date":"2020-12-10T21:05:22","date_gmt":"2020-12-10T21:05:22","guid":{"rendered":"https:\/\/p31noticias.com.br\/?p=22787"},"modified":"2020-12-11T00:58:53","modified_gmt":"2020-12-11T00:58:53","slug":"covid-19-ministerio-publico-identifica-aglomeracoes-e-clientes-sem-mascaras-em-bares-do-df","status":"publish","type":"post","link":"https:\/\/www.p31noticias.com.br\/?p=22787","title":{"rendered":"Covid-19: Minist\u00e9rio P\u00fablico identifica aglomera\u00e7\u00f5es e clientes sem m\u00e1scaras em bares do DF"},"content":{"rendered":"<h2 class=\"content-head__subtitle\" style=\"text-align: justify;\"><em><strong>For\u00e7a-tarefa do \u00f3rg\u00e3o percorreu dez locais em tr\u00eas regi\u00f5es, entre 4 e 7 de dezembro. De acordo com MP, durante a\u00e7\u00e3o foram encontradas &#8216;irregularidades de todos os tipos&#8217;.<\/strong><\/em><\/h2>\n<p style=\"text-align: justify;\">Equipes do Minist\u00e9rio P\u00fablico do Distrito <strong>Federal<\/strong> e Territ\u00f3rios (MPDFT) flagraram desrespeito aos protocolos de seguran\u00e7a estabelecidos contra a\u00a0<a href=\"https:\/\/g1.globo.com\/bemestar\/coronavirus\/\">Covid-19<\/a>\u00a0em bares da capital. Entre 4 e 7 de dezembro, peritos do \u00f3rg\u00e3o percorreram dez estabelecimentos de tr\u00eas regi\u00f5es:\u00a0<span class=\"highlight highlighted\">Guar\u00e1 II, Lago Sul e Asa Sul.<\/span><\/p>\n<p style=\"text-align: justify;\">De acordo com informa\u00e7\u00f5es do MPDFT, os peritos identificaram &#8220;irregularidades de todos os tipos&#8221;. Segundo a vistoria, os estabelecimentos deixaram de aferir a temperatura dos clientes, n\u00e3o cobraram o uso de m\u00e1scara daqueles que n\u00e3o estavam se alimentando e\u00a0<span class=\"highlight highlighted\">desrespeitaram a lota\u00e7\u00e3o m\u00e1xima de 50%<\/span>, al\u00e9m de n\u00e3o disponibilizarem \u00e1lcool em gel para todos.<\/p>\n<p style=\"text-align: justify;\">Dos dez estabelecimentos vistoriados, segundo o MPDFT, apenas dois obedeceram o\u00a0<a href=\"https:\/\/g1.globo.com\/df\/distrito-federal\/noticia\/2020\/12\/03\/ibaneis-amplia-horario-de-funcionamento-de-bares-e-restaurantes-do-df-no-natal-e-reveillon.ghtml\">decreto governamental que limita o funcionamento de bares e restaurantes at\u00e9 \u00e0s 23h\u00a0<\/a><\/p>\n<div class=\"mc-column content-text active-extra-styles \" style=\"text-align: justify;\" data-block-type=\"unstyled\" data-block-weight=\"37\" data-block-id=\"7\">\n<p class=\"content-text__container \" data-track-category=\"Link no Texto\" data-track-links=\"\">&#8220;E do outro lado, os propriet\u00e1rios dos bares que se omitem na sua parcela de responsabilidade, uma vez que n\u00e3o exigem o uso da m\u00e1scara, n\u00e3o co\u00edbem aglomera\u00e7\u00f5es e n\u00e3o tomam atitudes quanto ao distanciamento social&#8221;, continua.<\/p>\n<\/div>\n<div class=\"mc-column content-text active-extra-styles \" data-block-type=\"unstyled\" data-block-weight=\"55\" data-block-id=\"9\">\n<p class=\"content-text__container \" style=\"text-align: justify;\" data-track-category=\"Link no Texto\" data-track-links=\"\"><span class=\"highlight highlighted\">Ap\u00f3s a vistoria, o MPDFT oficiou as administra\u00e7\u00f5es das tr\u00eas regi\u00f5es e a Secretaria de Estado de Prote\u00e7\u00e3o da Ordem Urban\u00edstica (DF Legal)<\/span>. Segundo o \u00f3rg\u00e3o, elas devem apresentar provid\u00eancias a serem adotadas para refor\u00e7ar as fiscaliza\u00e7\u00f5es, al\u00e9m de coibir e punir propriet\u00e1rios e frequentadores que descumprirem os protocolos de combate ao novo coronav\u00edrus.<\/p>\n<div class=\"mc-column content-text active-extra-styles \" style=\"text-align: justify;\" data-block-type=\"unstyled\" data-block-weight=\"20\" data-block-id=\"11\">\n<p class=\"content-text__container \" data-track-category=\"Link no Texto\" data-track-links=\"\">A reportagem entrou em contato com as tr\u00eas administra\u00e7\u00f5es, mas n\u00e3o obteve retorno at\u00e9 a \u00faltima atualiza\u00e7\u00e3o desta reportagem.<\/p>\n<\/div>\n<div class=\"mc-column content-text active-extra-styles \" data-block-type=\"unstyled\" data-block-weight=\"48\" data-block-id=\"12\">\n<p class=\"content-text__container \" style=\"text-align: justify;\" data-track-category=\"Link no Texto\" data-track-links=\"\">O DF Legal afirmou, em nota, que j\u00e1 realizou 511 vistorias nos estabelecimentos na primeira semana de dezembro, o que resultou na interdi\u00e7\u00e3o de 21 deles. Ainda de acordo com a pasta, a fiscaliza\u00e7\u00e3o ocorre todos os dias, das 8h \u00e0s 3h<\/p>\n<div class=\"mc-column content-text active-extra-styles \" style=\"text-align: justify;\" data-block-type=\"unstyled\" data-block-weight=\"31\" data-block-id=\"13\">\n<p class=\"content-text__container \" data-track-category=\"Link no Texto\" data-track-links=\"\">J\u00e1 a administra\u00e7\u00e3o regional do Guar\u00e1 informou que realiza campanhas para conscientizar os moradores das medidas sanit\u00e1rias e de preven\u00e7\u00e3o contra a Covid-19, al\u00e9m do fornecimento de equipamentos de prote\u00e7\u00e3o.<\/p>\n<\/div>\n<div class=\"mc-column content-text active-extra-styles \" data-block-type=\"unstyled\" data-block-weight=\"25\" data-block-id=\"14\">\n<p class=\"content-text__container \" style=\"text-align: justify;\" data-track-category=\"Link no Texto\" data-track-links=\"\">&#8220;J\u00e1 foram distribu\u00eddas mais de 12 mil m\u00e1scaras. Al\u00e9m disso, [a administra\u00e7\u00e3o] trabalha em apoio nas a\u00e7\u00f5es do DF Legal&#8221;, afirma a administra\u00e7\u00e3o.<\/p>\n<div class=\"mc-column content-text active-extra-styles\" style=\"text-align: justify;\" data-block-type=\"raw\" data-block-weight=\"5\" data-block-id=\"17\">\n<div class=\"content-intertitle\">\n<h2>Agress\u00e3o em bar do Sudoeste<\/h2>\n<\/div>\n<\/div>\n<div class=\"mc-column content-text active-extra-styles \" style=\"text-align: justify;\" data-block-type=\"unstyled\" data-block-weight=\"50\" data-block-id=\"18\">\n<p class=\"content-text__container \" data-track-category=\"Link no Texto\" data-track-links=\"\">O MPDFT informou, ainda, que os integrantes da for\u00e7a-tarefa presenciaram uma<a href=\"https:\/\/g1.globo.com\/df\/distrito-federal\/noticia\/2020\/12\/06\/fiscal-do-df-legal-e-agredido-durante-operacao-em-bar-no-sudoeste.ghtml\">\u00a0agress\u00e3o contra um auditor do DF Legal,<\/a>\u00a0que ocorreu em um bar do Sudoeste, no s\u00e1bado (5). A confus\u00e3o aconteceu na quadra CLSW 105, por volta de 23h30, ap\u00f3s o hor\u00e1rio em que os estabelecimentos devem estar fechados.<\/p>\n<\/div>\n<div class=\"mc-column content-text active-extra-styles \" style=\"text-align: justify;\" data-block-type=\"unstyled\" data-block-weight=\"49\" data-block-id=\"19\">\n<p class=\"content-text__container \" data-track-category=\"Link no Texto\" data-track-links=\"\">Segundo a Pol\u00edcia Civil, o fiscal monitorava uma &#8220;aparente aglomera\u00e7\u00e3o&#8221; em um bar. Em nota, o DF Legal disse que o servidor foi agredido por um cliente e que os respons\u00e1veis pelo com\u00e9rcio &#8220;se recusaram a fechar o estabelecimento&#8221;.\u00a0<span class=\"highlight highlighted\">Na delegacia, nenhum dos envolvidos quis comentar o caso.<\/span><\/p>\n<\/div>\n<div class=\"mc-column content-text active-extra-styles\" style=\"text-align: justify;\" data-block-type=\"raw\" data-block-weight=\"7\" data-block-id=\"20\">\n<div class=\"content-intertitle\">\n<h2>Decreto limita hor\u00e1rio de bares e restaurantes<\/h2>\n<\/div>\n<\/div>\n<div class=\"mc-column content-text active-extra-styles \" data-block-type=\"unstyled\" data-block-weight=\"29\" data-block-id=\"21\">\n<p class=\"content-text__container \" style=\"text-align: justify;\" data-track-category=\"Link no Texto\" data-track-links=\"\">As novas restri\u00e7\u00f5es ao hor\u00e1rio de funcionamento de bares e restaurantes come\u00e7aram a valer em 1\u00b0 de dezembro, com a publica\u00e7\u00e3o de um decreto pelo governador\u00a0<a href=\"https:\/\/g1.globo.com\/politica\/politico\/ibaneis-rocha\/\">Ibaneis Rocha<\/a>\u00a0(MDB).<\/p>\n<div class=\"mc-column content-text active-extra-styles \" style=\"text-align: justify;\" data-block-type=\"unstyled\" data-block-weight=\"39\" data-block-id=\"23\">\n<p class=\"content-text__container \" data-track-category=\"Link no Texto\" data-track-links=\"\">Ap\u00f3s flexibilizar as medidas de preven\u00e7\u00e3o ao novo coronav\u00edrus, essa foi a primeira a\u00e7\u00e3o do Executivo a retomar restri\u00e7\u00f5es.\u00a0<a href=\"https:\/\/g1.globo.com\/df\/distrito-federal\/noticia\/2020\/11\/30\/coronavirus-com-alta-na-taxa-de-transmissao-no-df-governo-alerta-para-2a-onda.ghtml\">O an\u00fancio foi feito um dia ap\u00f3s a Secretaria de Sa\u00fade fazer alerta sobre uma poss\u00edvel segunda onda de Covid-19.<\/a><\/p>\n<\/div>\n<div class=\"mc-column content-text active-extra-styles\" style=\"text-align: justify;\" data-block-type=\"raw\" data-block-weight=\"13\" data-block-id=\"24\">\n<blockquote class=\"content-blockquote theme-border-color-primary-before\"><p>&#8220;Temos que manter a aten\u00e7\u00e3o e evitar o pior&#8221;, disse Ibaneis \u00e0 \u00e9poca.<\/p><\/blockquote>\n<\/div>\n<div class=\"mc-column content-text active-extra-styles\" style=\"text-align: justify;\" data-block-type=\"raw\" data-block-weight=\"6\" data-block-id=\"25\">\n<div class=\"content-intertitle\">\n<h2>O que diz o DF Legal<\/h2>\n<\/div>\n<\/div>\n<div class=\"mc-column content-text active-extra-styles \" style=\"text-align: justify;\" data-block-type=\"unstyled\" data-block-weight=\"70\" data-block-id=\"26\">\n<p class=\"content-text__container \" data-track-category=\"Link no Texto\" data-track-links=\"\"><em>A Secretaria DF Legal esclarece que ainda n\u00e3o consta em seu sistema o referido of\u00edcio do Minist\u00e9rio P\u00fablico do Distrito Federal e Territ\u00f3rios (MPDFT). Entre 1\u00ba e 6 de dezembro, foram realizadas 511 vistorias a com\u00e9rcios de 22 regi\u00f5es administrativas \u2013 algumas mais de uma vez. Ao todo, foram lavrados 28 notifica\u00e7\u00f5es, aplicados 28 autos de infra\u00e7\u00e3o e interditados 21 estabelecimentos por descumprimento de normas sanit\u00e1rias, aglomera\u00e7\u00e3o, entre outras demandas.<\/em><\/p>\n<\/div>\n<div class=\"mc-column content-text active-extra-styles \" style=\"text-align: justify;\" data-block-type=\"unstyled\" data-block-weight=\"64\" data-block-id=\"28\">\n<p class=\"content-text__container \" data-track-category=\"Link no Texto\" data-track-links=\"\"><em>A Secretaria DF Legal destaca, ainda, que trabalha todos os dias, de domingo a domingo, com cinco equipes, das 8h \u00e0s 3h. De 23 de mar\u00e7o at\u00e9 6 de dezembro, foram realizadas quase 540 mil vistorias aos com\u00e9rcios referente aos protocolos de combate \u00e0 Covid-19. Mais de 24 mil foram fechados compulsoriamente, 1.707 foram interditados e 423 foram multados por descumprimento de normas.<\/em><\/p>\n<\/div>\n<div class=\"mc-column content-text active-extra-styles \" data-block-type=\"unstyled\" data-block-weight=\"55\" data-block-id=\"29\">\n<p class=\"content-text__container \" style=\"text-align: justify;\" data-track-category=\"Link no Texto\" data-track-links=\"\"><em>A Administra\u00e7\u00e3o Regional do Guar\u00e1 informa que continua com a campanha de conscientiza\u00e7\u00e3o da popula\u00e7\u00e3o quanto ao distanciamento social e o uso da m\u00e1scara de prote\u00e7\u00e3o facial por meio de site, m\u00eddias sociais e em a\u00e7\u00f5es externas. J\u00e1 foram distribu\u00eddas mais de 12 mil m\u00e1scaras. Al\u00e9m disso, trabalha em apoio nas a\u00e7\u00f5es do DF Legal.<\/em><\/p>\n<p data-track-category=\"Link no Texto\" data-track-links=\"\">Fonte : G1<\/p>\n<\/div>\n<\/div>\n<\/div>\n<\/div>\n<\/div>\n","protected":false},"excerpt":{"rendered":"<p>For\u00e7a-tarefa do \u00f3rg\u00e3o percorreu dez locais em tr\u00eas regi\u00f5es, entre 4 e 7 de dezembro. De acordo com MP, durante a\u00e7\u00e3o foram encontradas &#8216;irregularidades de todos os tipos&#8217;. Equipes do Minist\u00e9rio P\u00fablico do Distrito Federal e Territ\u00f3rios (MPDFT) flagraram desrespeito aos protocolos de seguran\u00e7a estabelecidos contra a\u00a0Covid-19\u00a0em bares da capital. Entre 4 e 7 de [&hellip;]<\/p>\n","protected":false},"author":2,"featured_media":22789,"comment_status":"open","ping_status":"open","sticky":false,"template":"","format":"standard","meta":{"footnotes":""},"categories":[21],"tags":[],"class_list":{"0":"post-22787","1":"post","2":"type-post","3":"status-publish","4":"format-standard","5":"has-post-thumbnail","7":"category-brasilia"},"yoast_head":"<!-- This site is optimized with the Yoast SEO Premium plugin v24.5 (Yoast SEO v27.5) - https:\/\/yoast.com\/product\/yoast-seo-premium-wordpress\/ -->\n<title>Covid-19: Minist\u00e9rio P\u00fablico identifica aglomera\u00e7\u00f5es e clientes sem m\u00e1scaras em bares do DF - P31<\/title>\n<meta name=\"robots\" content=\"index, follow, max-snippet:-1, max-image-preview:large, max-video-preview:-1\" \/>\n<link rel=\"canonical\" href=\"https:\/\/www.p31noticias.com.br\/?p=22787\" \/>\n<meta property=\"og:locale\" content=\"pt_BR\" \/>\n<meta property=\"og:type\" content=\"article\" \/>\n<meta property=\"og:title\" content=\"Covid-19: Minist\u00e9rio P\u00fablico identifica aglomera\u00e7\u00f5es e clientes sem m\u00e1scaras em bares do DF\" \/>\n<meta property=\"og:description\" content=\"For\u00e7a-tarefa do \u00f3rg\u00e3o percorreu dez locais em tr\u00eas regi\u00f5es, entre 4 e 7 de dezembro. De acordo com MP, durante a\u00e7\u00e3o foram encontradas &#8216;irregularidades de todos os tipos&#8217;. Equipes do Minist\u00e9rio P\u00fablico do Distrito Federal e Territ\u00f3rios (MPDFT) flagraram desrespeito aos protocolos de seguran\u00e7a estabelecidos contra a\u00a0Covid-19\u00a0em bares da capital. Entre 4 e 7 de [&hellip;]\" \/>\n<meta property=\"og:url\" content=\"https:\/\/www.p31noticias.com.br\/?p=22787\" \/>\n<meta property=\"og:site_name\" content=\"P31\" \/>\n<meta property=\"article:published_time\" content=\"2020-12-10T21:05:22+00:00\" \/>\n<meta property=\"article:modified_time\" content=\"2020-12-11T00:58:53+00:00\" \/>\n<meta property=\"og:image\" content=\"https:\/\/www.p31noticias.com.br\/wp-content\/uploads\/2020\/12\/images-6.jpg\" \/>\n\t<meta property=\"og:image:width\" content=\"270\" \/>\n\t<meta property=\"og:image:height\" content=\"187\" \/>\n\t<meta property=\"og:image:type\" content=\"image\/jpeg\" \/>\n<meta name=\"author\" content=\"Gon\u00e7alves Junior\" \/>\n<meta name=\"twitter:card\" content=\"summary_large_image\" \/>\n<meta name=\"twitter:label1\" content=\"Escrito por\" \/>\n\t<meta name=\"twitter:data1\" content=\"Gon\u00e7alves Junior\" \/>\n\t<meta name=\"twitter:label2\" content=\"Est. tempo de leitura\" \/>\n\t<meta name=\"twitter:data2\" content=\"4 minutos\" \/>\n<script type=\"application\/ld+json\" class=\"yoast-schema-graph\">{\"@context\":\"https:\\\/\\\/schema.org\",\"@graph\":[{\"@type\":\"Article\",\"@id\":\"https:\\\/\\\/www.p31noticias.com.br\\\/?p=22787#article\",\"isPartOf\":{\"@id\":\"https:\\\/\\\/www.p31noticias.com.br\\\/?p=22787\"},\"author\":{\"name\":\"Gon\u00e7alves Junior\",\"@id\":\"https:\\\/\\\/www.p31noticias.com.br\\\/#\\\/schema\\\/person\\\/95f2ece30e3b4132065b915150cd0f94\"},\"headline\":\"Covid-19: Minist\u00e9rio P\u00fablico identifica aglomera\u00e7\u00f5es e clientes sem m\u00e1scaras em bares do DF\",\"datePublished\":\"2020-12-10T21:05:22+00:00\",\"dateModified\":\"2020-12-11T00:58:53+00:00\",\"mainEntityOfPage\":{\"@id\":\"https:\\\/\\\/www.p31noticias.com.br\\\/?p=22787\"},\"wordCount\":839,\"commentCount\":0,\"image\":{\"@id\":\"https:\\\/\\\/www.p31noticias.com.br\\\/?p=22787#primaryimage\"},\"thumbnailUrl\":\"https:\\\/\\\/www.p31noticias.com.br\\\/wp-content\\\/uploads\\\/2020\\\/12\\\/images-6.jpg\",\"articleSection\":[\"Bras\u00edlia\"],\"inLanguage\":\"pt-BR\",\"potentialAction\":[{\"@type\":\"CommentAction\",\"name\":\"Comment\",\"target\":[\"https:\\\/\\\/www.p31noticias.com.br\\\/?p=22787#respond\"]}],\"copyrightYear\":\"2020\",\"copyrightHolder\":{\"@id\":\"https:\\\/\\\/www.p31noticias.com.br\\\/#organization\"}},{\"@type\":\"WebPage\",\"@id\":\"https:\\\/\\\/www.p31noticias.com.br\\\/?p=22787\",\"url\":\"https:\\\/\\\/www.p31noticias.com.br\\\/?p=22787\",\"name\":\"Covid-19: Minist\u00e9rio P\u00fablico identifica aglomera\u00e7\u00f5es e clientes sem m\u00e1scaras em bares do DF - P31\",\"isPartOf\":{\"@id\":\"https:\\\/\\\/www.p31noticias.com.br\\\/#website\"},\"primaryImageOfPage\":{\"@id\":\"https:\\\/\\\/www.p31noticias.com.br\\\/?p=22787#primaryimage\"},\"image\":{\"@id\":\"https:\\\/\\\/www.p31noticias.com.br\\\/?p=22787#primaryimage\"},\"thumbnailUrl\":\"https:\\\/\\\/www.p31noticias.com.br\\\/wp-content\\\/uploads\\\/2020\\\/12\\\/images-6.jpg\",\"datePublished\":\"2020-12-10T21:05:22+00:00\",\"dateModified\":\"2020-12-11T00:58:53+00:00\",\"author\":{\"@id\":\"https:\\\/\\\/www.p31noticias.com.br\\\/#\\\/schema\\\/person\\\/95f2ece30e3b4132065b915150cd0f94\"},\"breadcrumb\":{\"@id\":\"https:\\\/\\\/www.p31noticias.com.br\\\/?p=22787#breadcrumb\"},\"inLanguage\":\"pt-BR\",\"potentialAction\":[{\"@type\":\"ReadAction\",\"target\":[\"https:\\\/\\\/www.p31noticias.com.br\\\/?p=22787\"]}]},{\"@type\":\"ImageObject\",\"inLanguage\":\"pt-BR\",\"@id\":\"https:\\\/\\\/www.p31noticias.com.br\\\/?p=22787#primaryimage\",\"url\":\"https:\\\/\\\/www.p31noticias.com.br\\\/wp-content\\\/uploads\\\/2020\\\/12\\\/images-6.jpg\",\"contentUrl\":\"https:\\\/\\\/www.p31noticias.com.br\\\/wp-content\\\/uploads\\\/2020\\\/12\\\/images-6.jpg\",\"width\":270,\"height\":187},{\"@type\":\"BreadcrumbList\",\"@id\":\"https:\\\/\\\/www.p31noticias.com.br\\\/?p=22787#breadcrumb\",\"itemListElement\":[{\"@type\":\"ListItem\",\"position\":1,\"name\":\"In\u00edcio\",\"item\":\"https:\\\/\\\/www.p31noticias.com.br\\\/\"},{\"@type\":\"ListItem\",\"position\":2,\"name\":\"Covid-19: Minist\u00e9rio P\u00fablico identifica aglomera\u00e7\u00f5es e clientes sem m\u00e1scaras em bares do DF\"}]},{\"@type\":\"WebSite\",\"@id\":\"https:\\\/\\\/www.p31noticias.com.br\\\/#website\",\"url\":\"https:\\\/\\\/www.p31noticias.com.br\\\/\",\"name\":\"P31\",\"description\":\"NOT\u00cdCIAS\",\"potentialAction\":[{\"@type\":\"SearchAction\",\"target\":{\"@type\":\"EntryPoint\",\"urlTemplate\":\"https:\\\/\\\/www.p31noticias.com.br\\\/?s={search_term_string}\"},\"query-input\":{\"@type\":\"PropertyValueSpecification\",\"valueRequired\":true,\"valueName\":\"search_term_string\"}}],\"inLanguage\":\"pt-BR\"},{\"@type\":\"Person\",\"@id\":\"https:\\\/\\\/www.p31noticias.com.br\\\/#\\\/schema\\\/person\\\/95f2ece30e3b4132065b915150cd0f94\",\"name\":\"Gon\u00e7alves Junior\",\"image\":{\"@type\":\"ImageObject\",\"inLanguage\":\"pt-BR\",\"@id\":\"https:\\\/\\\/secure.gravatar.com\\\/avatar\\\/6711f350116a89762687a48d66f723c799e5438a5b7578508d4294cd7a5d0800?s=96&d=mm&r=g\",\"url\":\"https:\\\/\\\/secure.gravatar.com\\\/avatar\\\/6711f350116a89762687a48d66f723c799e5438a5b7578508d4294cd7a5d0800?s=96&d=mm&r=g\",\"contentUrl\":\"https:\\\/\\\/secure.gravatar.com\\\/avatar\\\/6711f350116a89762687a48d66f723c799e5438a5b7578508d4294cd7a5d0800?s=96&d=mm&r=g\",\"caption\":\"Gon\u00e7alves Junior\"},\"url\":\"https:\\\/\\\/www.p31noticias.com.br\\\/?author=2\"}]}<\/script>\n<!-- \/ Yoast SEO Premium plugin. -->","yoast_head_json":{"title":"Covid-19: Minist\u00e9rio P\u00fablico identifica aglomera\u00e7\u00f5es e clientes sem m\u00e1scaras em bares do DF - P31","robots":{"index":"index","follow":"follow","max-snippet":"max-snippet:-1","max-image-preview":"max-image-preview:large","max-video-preview":"max-video-preview:-1"},"canonical":"https:\/\/www.p31noticias.com.br\/?p=22787","og_locale":"pt_BR","og_type":"article","og_title":"Covid-19: Minist\u00e9rio P\u00fablico identifica aglomera\u00e7\u00f5es e clientes sem m\u00e1scaras em bares do DF","og_description":"For\u00e7a-tarefa do \u00f3rg\u00e3o percorreu dez locais em tr\u00eas regi\u00f5es, entre 4 e 7 de dezembro. De acordo com MP, durante a\u00e7\u00e3o foram encontradas &#8216;irregularidades de todos os tipos&#8217;. Equipes do Minist\u00e9rio P\u00fablico do Distrito Federal e Territ\u00f3rios (MPDFT) flagraram desrespeito aos protocolos de seguran\u00e7a estabelecidos contra a\u00a0Covid-19\u00a0em bares da capital. Entre 4 e 7 de [&hellip;]","og_url":"https:\/\/www.p31noticias.com.br\/?p=22787","og_site_name":"P31","article_published_time":"2020-12-10T21:05:22+00:00","article_modified_time":"2020-12-11T00:58:53+00:00","og_image":[{"width":270,"height":187,"url":"https:\/\/www.p31noticias.com.br\/wp-content\/uploads\/2020\/12\/images-6.jpg","type":"image\/jpeg"}],"author":"Gon\u00e7alves Junior","twitter_card":"summary_large_image","twitter_misc":{"Escrito por":"Gon\u00e7alves Junior","Est. tempo de leitura":"4 minutos"},"schema":{"@context":"https:\/\/schema.org","@graph":[{"@type":"Article","@id":"https:\/\/www.p31noticias.com.br\/?p=22787#article","isPartOf":{"@id":"https:\/\/www.p31noticias.com.br\/?p=22787"},"author":{"name":"Gon\u00e7alves Junior","@id":"https:\/\/www.p31noticias.com.br\/#\/schema\/person\/95f2ece30e3b4132065b915150cd0f94"},"headline":"Covid-19: Minist\u00e9rio P\u00fablico identifica aglomera\u00e7\u00f5es e clientes sem m\u00e1scaras em bares do DF","datePublished":"2020-12-10T21:05:22+00:00","dateModified":"2020-12-11T00:58:53+00:00","mainEntityOfPage":{"@id":"https:\/\/www.p31noticias.com.br\/?p=22787"},"wordCount":839,"commentCount":0,"image":{"@id":"https:\/\/www.p31noticias.com.br\/?p=22787#primaryimage"},"thumbnailUrl":"https:\/\/www.p31noticias.com.br\/wp-content\/uploads\/2020\/12\/images-6.jpg","articleSection":["Bras\u00edlia"],"inLanguage":"pt-BR","potentialAction":[{"@type":"CommentAction","name":"Comment","target":["https:\/\/www.p31noticias.com.br\/?p=22787#respond"]}],"copyrightYear":"2020","copyrightHolder":{"@id":"https:\/\/www.p31noticias.com.br\/#organization"}},{"@type":"WebPage","@id":"https:\/\/www.p31noticias.com.br\/?p=22787","url":"https:\/\/www.p31noticias.com.br\/?p=22787","name":"Covid-19: Minist\u00e9rio P\u00fablico identifica aglomera\u00e7\u00f5es e clientes sem m\u00e1scaras em bares do DF - P31","isPartOf":{"@id":"https:\/\/www.p31noticias.com.br\/#website"},"primaryImageOfPage":{"@id":"https:\/\/www.p31noticias.com.br\/?p=22787#primaryimage"},"image":{"@id":"https:\/\/www.p31noticias.com.br\/?p=22787#primaryimage"},"thumbnailUrl":"https:\/\/www.p31noticias.com.br\/wp-content\/uploads\/2020\/12\/images-6.jpg","datePublished":"2020-12-10T21:05:22+00:00","dateModified":"2020-12-11T00:58:53+00:00","author":{"@id":"https:\/\/www.p31noticias.com.br\/#\/schema\/person\/95f2ece30e3b4132065b915150cd0f94"},"breadcrumb":{"@id":"https:\/\/www.p31noticias.com.br\/?p=22787#breadcrumb"},"inLanguage":"pt-BR","potentialAction":[{"@type":"ReadAction","target":["https:\/\/www.p31noticias.com.br\/?p=22787"]}]},{"@type":"ImageObject","inLanguage":"pt-BR","@id":"https:\/\/www.p31noticias.com.br\/?p=22787#primaryimage","url":"https:\/\/www.p31noticias.com.br\/wp-content\/uploads\/2020\/12\/images-6.jpg","contentUrl":"https:\/\/www.p31noticias.com.br\/wp-content\/uploads\/2020\/12\/images-6.jpg","width":270,"height":187},{"@type":"BreadcrumbList","@id":"https:\/\/www.p31noticias.com.br\/?p=22787#breadcrumb","itemListElement":[{"@type":"ListItem","position":1,"name":"In\u00edcio","item":"https:\/\/www.p31noticias.com.br\/"},{"@type":"ListItem","position":2,"name":"Covid-19: Minist\u00e9rio P\u00fablico identifica aglomera\u00e7\u00f5es e clientes sem m\u00e1scaras em bares do DF"}]},{"@type":"WebSite","@id":"https:\/\/www.p31noticias.com.br\/#website","url":"https:\/\/www.p31noticias.com.br\/","name":"P31","description":"NOT\u00cdCIAS","potentialAction":[{"@type":"SearchAction","target":{"@type":"EntryPoint","urlTemplate":"https:\/\/www.p31noticias.com.br\/?s={search_term_string}"},"query-input":{"@type":"PropertyValueSpecification","valueRequired":true,"valueName":"search_term_string"}}],"inLanguage":"pt-BR"},{"@type":"Person","@id":"https:\/\/www.p31noticias.com.br\/#\/schema\/person\/95f2ece30e3b4132065b915150cd0f94","name":"Gon\u00e7alves Junior","image":{"@type":"ImageObject","inLanguage":"pt-BR","@id":"https:\/\/secure.gravatar.com\/avatar\/6711f350116a89762687a48d66f723c799e5438a5b7578508d4294cd7a5d0800?s=96&d=mm&r=g","url":"https:\/\/secure.gravatar.com\/avatar\/6711f350116a89762687a48d66f723c799e5438a5b7578508d4294cd7a5d0800?s=96&d=mm&r=g","contentUrl":"https:\/\/secure.gravatar.com\/avatar\/6711f350116a89762687a48d66f723c799e5438a5b7578508d4294cd7a5d0800?s=96&d=mm&r=g","caption":"Gon\u00e7alves Junior"},"url":"https:\/\/www.p31noticias.com.br\/?author=2"}]}},"amp_enabled":true,"_links":{"self":[{"href":"https:\/\/www.p31noticias.com.br\/index.php?rest_route=\/wp\/v2\/posts\/22787","targetHints":{"allow":["GET"]}}],"collection":[{"href":"https:\/\/www.p31noticias.com.br\/index.php?rest_route=\/wp\/v2\/posts"}],"about":[{"href":"https:\/\/www.p31noticias.com.br\/index.php?rest_route=\/wp\/v2\/types\/post"}],"author":[{"embeddable":true,"href":"https:\/\/www.p31noticias.com.br\/index.php?rest_route=\/wp\/v2\/users\/2"}],"replies":[{"embeddable":true,"href":"https:\/\/www.p31noticias.com.br\/index.php?rest_route=%2Fwp%2Fv2%2Fcomments&post=22787"}],"version-history":[{"count":1,"href":"https:\/\/www.p31noticias.com.br\/index.php?rest_route=\/wp\/v2\/posts\/22787\/revisions"}],"predecessor-version":[{"id":22788,"href":"https:\/\/www.p31noticias.com.br\/index.php?rest_route=\/wp\/v2\/posts\/22787\/revisions\/22788"}],"wp:featuredmedia":[{"embeddable":true,"href":"https:\/\/www.p31noticias.com.br\/index.php?rest_route=\/wp\/v2\/media\/22789"}],"wp:attachment":[{"href":"https:\/\/www.p31noticias.com.br\/index.php?rest_route=%2Fwp%2Fv2%2Fmedia&parent=22787"}],"wp:term":[{"taxonomy":"category","embeddable":true,"href":"https:\/\/www.p31noticias.com.br\/index.php?rest_route=%2Fwp%2Fv2%2Fcategories&post=22787"},{"taxonomy":"post_tag","embeddable":true,"href":"https:\/\/www.p31noticias.com.br\/index.php?rest_route=%2Fwp%2Fv2%2Ftags&post=22787"}],"curies":[{"name":"wp","href":"https:\/\/api.w.org\/{rel}","templated":true}]}}